{"id":428470,"date":"2026-03-31T19:32:29","date_gmt":"2026-03-31T22:32:29","guid":{"rendered":"https:\/\/portaltela.pt\/noticias\/2026\/03\/31\/governo-dos-acores-avanca-com-plano-pioneiro-de-gestao-de-secas\/"},"modified":"2026-03-31T19:32:29","modified_gmt":"2026-03-31T22:32:29","slug":"governo-dos-acores-avanca-com-plano-pioneiro-de-gestao-de-secas","status":"publish","type":"post","link":"https:\/\/portaltela.pt\/noticias\/2026\/03\/31\/governo-dos-acores-avanca-com-plano-pioneiro-de-gestao-de-secas\/","title":{"rendered":"Governo dos A\u00e7ores avan\u00e7a com plano pioneiro de gest\u00e3o de secas"},"content":{"rendered":"<p>O Governo Regional dos A\u00e7ores anunciou o lan\u00e7amento de um Plano de Gest\u00e3o de Secas e Escassez dos A\u00e7ores (PSE-A\u00e7ores), pioneiro em Portugal. O objetivo \u00e9 preparar a regi\u00e3o para enfrentar situa\u00e7\u00f5es de escassez h\u00eddrica de forma organizada, preventiva e eficaz. A iniciativa foi apresentada pelo secret\u00e1rio regional do Ambiente.<\/p>\n<p>Alonso Miguel destacou que o plano \u00e9 um instrumento estrat\u00e9gico de planeamento, \u00fanico no pa\u00eds, cuja finalidade \u00e9 proteger os a\u00e7orianos, o equil\u00edbrio dos ecossistemas e as atividades econ\u00f3micas. O governante sublinhou ainda que a regi\u00e3o tem dado especial aten\u00e7\u00e3o aos fen\u00f3menos meteorol\u00f3gicos extremos e \u00e0s amea\u00e7as associadas.<\/p>\n<p>Para al\u00e9m das tempestades, o respons\u00e1vel mencionou impactos das altera\u00e7\u00f5es clim\u00e1ticas como eros\u00e3o costeira, subida do n\u00edvel do mar, acidifica\u00e7\u00e3o dos oceanos e saliniza\u00e7\u00e3o de solos e aqu\u00edferos. A escassez de \u00e1gua \u00e9 encarada como um risco a exigir atua\u00e7\u00e3o integrada.<\/p>\n<p>Nos A\u00e7ores, cerca de 98% da \u00e1gua prov\u00e9m de origem subterr\u00e2nea, o que refor\u00e7a a necessidade de captar e armazenar recursos h\u00eddricos de forma coordenada. Miguel aponta que a disponibilidade h\u00eddrica global \u00e9 favor\u00e1vel, mas o risco de escassez persiste devido \u00e0 distribui\u00e7\u00e3o irregular da chuva.<\/p>\n<h3>Estrutura e objetivos<\/h3>\n<p>O PSE-A\u00e7ores articula-se com o Plano de Gest\u00e3o da Regi\u00e3o Hidrogr\u00e1fica e o Programa Regional para as Altera\u00e7\u00f5es Clim\u00e1ticas. O plano assenta em tr\u00eas eixos: adapta\u00e7\u00e3o, prepara\u00e7\u00e3o e preven\u00e7\u00e3o, e conting\u00eancia.<\/p>\n<h3>Implementa\u00e7\u00e3o e coopera\u00e7\u00e3o<\/h3>\n<p>A iniciativa prev\u00ea uma atua\u00e7\u00e3o coordenada entre entidades regionais, locais e agentes econ\u00f3micos. O documento estabelece mecanismos de monitoriza\u00e7\u00e3o, gest\u00e3o de recursos e resposta a eventos de seca para reduzir impactos na popula\u00e7\u00e3o e nas atividades econ\u00f3micas.<\/p>\n","protected":false},"excerpt":{"rendered":"<ul>\n<li>O Governo Regional dos A\u00e7ores criou o Plano de Gest\u00e3o de Secas e Escassez dos A\u00e7ores (PSE-A\u00e7ores), o primeiro do pa\u00eds neste \u00e2mbito, para enfrentar situa\u00e7\u00f5es de escassez h\u00eddrica.<\/li>\n<li>O objetivo \u00e9 preparar a regi\u00e3o de forma organizada, preventiva e eficaz, com um instrumento estrat\u00e9gico de planeamento pioneiro a n\u00edvel nacional.<\/li>\n<li>O plano ser\u00e1 desenvolvido em articula\u00e7\u00e3o com o Plano de Gest\u00e3o da Regi\u00e3o Hidrogr\u00e1fica e o Programa Regional para as Altera\u00e7\u00f5es Clim\u00e1ticas, apoiado em tr\u00eas eixos: adapta\u00e7\u00e3o, prepara\u00e7\u00e3o e preven\u00e7\u00e3o, e conting\u00eancia.<\/li>\n<li>Alonso Miguel sublinhou que, apesar de dados apontarem disponibilidade h\u00eddrica globalmente positiva nos A\u00e7ores, o risco de escassez persiste devido a altera\u00e7\u00f5es na precipita\u00e7\u00e3o e a limita\u00e7\u00f5es dos sistemas de abastecimento.<\/li>\n<li>Nos A\u00e7ores, cerca de 98% da \u00e1gua \u00e9 de origem subterr\u00e2nea, o que imp\u00f5e uma atua\u00e7\u00e3o integrada para capta\u00e7\u00e3o, armazenamento e mitiga\u00e7\u00e3o de impactos de fen\u00f3menos clim\u00e1ticos extremos.<\/li>\n<\/ul>\n","protected":false},"author":2,"featured_media":428479,"comment_status":"closed","ping_status":"closed","sticky":false,"template":"","format":"standard","meta":{"footnotes":""},"categories":[7380,1],"tags":[822,1090,2665,4880,3147,45],"class_list":["post-428470","post","type-post","status-publish","format-standard","has-post-thumbnail","hentry","category-clima","category-noticias","tag-acores","tag-agua","tag-alteracoes-climaticas","tag-conservacao-ambiental","tag-gestao-de-recursos-hidricos","tag-meio-ambiente"],"yoast_head":"<!-- This site is optimized with the Yoast SEO plugin v27.2 - https:\/\/yoast.com\/product\/yoast-seo-wordpress\/ -->\n<title>Governo dos A\u00e7ores avan\u00e7a com plano pioneiro de gest\u00e3o de secas - Portal Tela Portugal<\/title>\n<meta name=\"robots\" content=\"index, follow, max-snippet:-1, max-image-preview:large, max-video-preview:-1\" \/>\n<meta property=\"og:locale\" content=\"pt_PT\" \/>\n<meta property=\"og:type\" content=\"article\" \/>\n<meta property=\"og:title\" content=\"Governo dos A\u00e7ores avan\u00e7a com plano pioneiro de gest\u00e3o de secas - Portal Tela Portugal\" \/>\n<meta property=\"og:description\" content=\"O Governo Regional dos A\u00e7ores criou o Plano de Gest\u00e3o de Secas e Escassez dos A\u00e7ores (PSE-A\u00e7ores), o primeiro do pa\u00eds neste \u00e2mbito, para enfrentar situa\u00e7\u00f5es de escassez h\u00eddrica. O objetivo \u00e9 preparar a regi\u00e3o de forma organizada, preventiva e eficaz, com um instrumento estrat\u00e9gico de planeamento pioneiro a n\u00edvel nacional. O plano ser\u00e1 desenvolvido em articula\u00e7\u00e3o com o Plano de Gest\u00e3o da Regi\u00e3o Hidrogr\u00e1fica e o Programa Regional para as Altera\u00e7\u00f5es Clim\u00e1ticas, apoiado em tr\u00eas eixos: adapta\u00e7\u00e3o, prepara\u00e7\u00e3o e preven\u00e7\u00e3o, e conting\u00eancia. Alonso Miguel sublinhou que, apesar de dados apontarem disponibilidade h\u00eddrica globalmente positiva nos A\u00e7ores, o risco de escassez persiste devido a altera\u00e7\u00f5es na precipita\u00e7\u00e3o e a limita\u00e7\u00f5es dos sistemas de abastecimento. Nos A\u00e7ores, cerca de 98% da \u00e1gua \u00e9 de origem subterr\u00e2nea, o que imp\u00f5e uma atua\u00e7\u00e3o integrada para capta\u00e7\u00e3o, armazenamento e mitiga\u00e7\u00e3o de impactos de fen\u00f3menos clim\u00e1ticos extremos.\" \/>\n<meta property=\"og:url\" content=\"https:\/\/portaltela.pt\/noticias\/2026\/03\/31\/governo-dos-acores-avanca-com-plano-pioneiro-de-gestao-de-secas\/\" \/>\n<meta property=\"og:site_name\" content=\"Portal Tela Portugal\" \/>\n<meta property=\"article:published_time\" content=\"2026-03-31T22:32:29+00:00\" \/>\n<meta name=\"author\" content=\"Telinha\" \/>\n<meta name=\"twitter:card\" content=\"summary_large_image\" \/>\n<meta name=\"twitter:label1\" content=\"Escrito por\" \/>\n\t<meta name=\"twitter:data1\" content=\"Telinha\" \/>\n\t<meta name=\"twitter:label2\" content=\"Tempo estimado de leitura\" \/>\n\t<meta name=\"twitter:data2\" content=\"2 minutos\" \/>\n<script type=\"application\/ld+json\" class=\"yoast-schema-graph\">{\"@context\":\"https:\/\/schema.org\",\"@graph\":[{\"@type\":\"Article\",\"@id\":\"https:\/\/portaltela.pt\/noticias\/2026\/03\/31\/governo-dos-acores-avanca-com-plano-pioneiro-de-gestao-de-secas\/#article\",\"isPartOf\":{\"@id\":\"https:\/\/portaltela.pt\/noticias\/2026\/03\/31\/governo-dos-acores-avanca-com-plano-pioneiro-de-gestao-de-secas\/\"},\"author\":{\"name\":\"Telinha\",\"@id\":\"https:\/\/portaltela.pt\/#\/schema\/person\/c4278d4a6028830caff9ee44b42d32ed\"},\"headline\":\"Governo dos A\u00e7ores avan\u00e7a com plano pioneiro de gest\u00e3o de secas\",\"datePublished\":\"2026-03-31T22:32:29+00:00\",\"mainEntityOfPage\":{\"@id\":\"https:\/\/portaltela.pt\/noticias\/2026\/03\/31\/governo-dos-acores-avanca-com-plano-pioneiro-de-gestao-de-secas\/\"},\"wordCount\":322,\"image\":{\"@id\":\"https:\/\/portaltela.pt\/noticias\/2026\/03\/31\/governo-dos-acores-avanca-com-plano-pioneiro-de-gestao-de-secas\/#primaryimage\"},\"thumbnailUrl\":\"https:\/\/portaltela.pt\/s.01k8rhncp4jt1\/2026\/03\/img_1500x1000uu2024-10-15-23-18-21-1770190.jpg\",\"keywords\":[\"A\u00e7ores\",\"\u00e1gua\",\"Altera\u00e7\u00f5es Clim\u00e1ticas\",\"conserva\u00e7\u00e3o ambiental\",\"Gest\u00e3o de Recursos H\u00eddricos\",\"meio-ambiente\"],\"articleSection\":[\"Clima\",\"Not\u00edcias\"],\"inLanguage\":\"pt-PT\"},{\"@type\":\"WebPage\",\"@id\":\"https:\/\/portaltela.pt\/noticias\/2026\/03\/31\/governo-dos-acores-avanca-com-plano-pioneiro-de-gestao-de-secas\/\",\"url\":\"https:\/\/portaltela.pt\/noticias\/2026\/03\/31\/governo-dos-acores-avanca-com-plano-pioneiro-de-gestao-de-secas\/\",\"name\":\"Governo dos A\u00e7ores avan\u00e7a com plano pioneiro de gest\u00e3o de secas - Portal Tela Portugal\",\"isPartOf\":{\"@id\":\"https:\/\/portaltela.pt\/#website\"},\"primaryImageOfPage\":{\"@id\":\"https:\/\/portaltela.pt\/noticias\/2026\/03\/31\/governo-dos-acores-avanca-com-plano-pioneiro-de-gestao-de-secas\/#primaryimage\"},\"image\":{\"@id\":\"https:\/\/portaltela.pt\/noticias\/2026\/03\/31\/governo-dos-acores-avanca-com-plano-pioneiro-de-gestao-de-secas\/#primaryimage\"},\"thumbnailUrl\":\"https:\/\/portaltela.pt\/s.01k8rhncp4jt1\/2026\/03\/img_1500x1000uu2024-10-15-23-18-21-1770190.jpg\",\"datePublished\":\"2026-03-31T22:32:29+00:00\",\"author\":{\"@id\":\"https:\/\/portaltela.pt\/#\/schema\/person\/c4278d4a6028830caff9ee44b42d32ed\"},\"breadcrumb\":{\"@id\":\"https:\/\/portaltela.pt\/noticias\/2026\/03\/31\/governo-dos-acores-avanca-com-plano-pioneiro-de-gestao-de-secas\/#breadcrumb\"},\"inLanguage\":\"pt-PT\",\"potentialAction\":[{\"@type\":\"ReadAction\",\"target\":[\"https:\/\/portaltela.pt\/noticias\/2026\/03\/31\/governo-dos-acores-avanca-com-plano-pioneiro-de-gestao-de-secas\/\"]}]},{\"@type\":\"ImageObject\",\"inLanguage\":\"pt-PT\",\"@id\":\"https:\/\/portaltela.pt\/noticias\/2026\/03\/31\/governo-dos-acores-avanca-com-plano-pioneiro-de-gestao-de-secas\/#primaryimage\",\"url\":\"https:\/\/portaltela.pt\/s.01k8rhncp4jt1\/2026\/03\/img_1500x1000uu2024-10-15-23-18-21-1770190.jpg\",\"contentUrl\":\"https:\/\/portaltela.pt\/s.01k8rhncp4jt1\/2026\/03\/img_1500x1000uu2024-10-15-23-18-21-1770190.jpg\",\"width\":796,\"height\":448,\"caption\":\"A\u00e7ores\"},{\"@type\":\"BreadcrumbList\",\"@id\":\"https:\/\/portaltela.pt\/noticias\/2026\/03\/31\/governo-dos-acores-avanca-com-plano-pioneiro-de-gestao-de-secas\/#breadcrumb\",\"itemListElement\":[{\"@type\":\"ListItem\",\"position\":1,\"name\":\"In\u00edcio\",\"item\":\"https:\/\/portaltela.pt\/\"},{\"@type\":\"ListItem\",\"position\":2,\"name\":\"Governo dos A\u00e7ores avan\u00e7a com plano pioneiro de gest\u00e3o de secas\"}]},{\"@type\":\"WebSite\",\"@id\":\"https:\/\/portaltela.pt\/#website\",\"url\":\"https:\/\/portaltela.pt\/\",\"name\":\"Portal Tela Portugal\",\"description\":\"\",\"potentialAction\":[{\"@type\":\"SearchAction\",\"target\":{\"@type\":\"EntryPoint\",\"urlTemplate\":\"https:\/\/portaltela.pt\/?s={search_term_string}\"},\"query-input\":{\"@type\":\"PropertyValueSpecification\",\"valueRequired\":true,\"valueName\":\"search_term_string\"}}],\"inLanguage\":\"pt-PT\"},{\"@type\":\"Person\",\"@id\":\"https:\/\/portaltela.pt\/#\/schema\/person\/c4278d4a6028830caff9ee44b42d32ed\",\"name\":\"Telinha\",\"image\":{\"@type\":\"ImageObject\",\"inLanguage\":\"pt-PT\",\"@id\":\"https:\/\/portaltela.pt\/s.01k8rhncp4jt1\/2025\/11\/talking-bot-125x125.png\",\"url\":\"https:\/\/portaltela.pt\/s.01k8rhncp4jt1\/2025\/11\/talking-bot-125x125.png\",\"contentUrl\":\"https:\/\/portaltela.pt\/s.01k8rhncp4jt1\/2025\/11\/talking-bot-125x125.png\",\"caption\":\"Telinha\"},\"sameAs\":[\"https:\/\/portaltela.pt\/\"],\"url\":\"https:\/\/portaltela.pt\/por\/367410592786\/\"}]}<\/script>\n<!-- \/ Yoast SEO plugin. -->","yoast_head_json":{"title":"Governo dos A\u00e7ores avan\u00e7a com plano pioneiro de gest\u00e3o de secas - Portal Tela Portugal","robots":{"index":"index","follow":"follow","max-snippet":"max-snippet:-1","max-image-preview":"max-image-preview:large","max-video-preview":"max-video-preview:-1"},"og_locale":"pt_PT","og_type":"article","og_title":"Governo dos A\u00e7ores avan\u00e7a com plano pioneiro de gest\u00e3o de secas - Portal Tela Portugal","og_description":"O Governo Regional dos A\u00e7ores criou o Plano de Gest\u00e3o de Secas e Escassez dos A\u00e7ores (PSE-A\u00e7ores), o primeiro do pa\u00eds neste \u00e2mbito, para enfrentar situa\u00e7\u00f5es de escassez h\u00eddrica. O objetivo \u00e9 preparar a regi\u00e3o de forma organizada, preventiva e eficaz, com um instrumento estrat\u00e9gico de planeamento pioneiro a n\u00edvel nacional. O plano ser\u00e1 desenvolvido em articula\u00e7\u00e3o com o Plano de Gest\u00e3o da Regi\u00e3o Hidrogr\u00e1fica e o Programa Regional para as Altera\u00e7\u00f5es Clim\u00e1ticas, apoiado em tr\u00eas eixos: adapta\u00e7\u00e3o, prepara\u00e7\u00e3o e preven\u00e7\u00e3o, e conting\u00eancia. Alonso Miguel sublinhou que, apesar de dados apontarem disponibilidade h\u00eddrica globalmente positiva nos A\u00e7ores, o risco de escassez persiste devido a altera\u00e7\u00f5es na precipita\u00e7\u00e3o e a limita\u00e7\u00f5es dos sistemas de abastecimento. Nos A\u00e7ores, cerca de 98% da \u00e1gua \u00e9 de origem subterr\u00e2nea, o que imp\u00f5e uma atua\u00e7\u00e3o integrada para capta\u00e7\u00e3o, armazenamento e mitiga\u00e7\u00e3o de impactos de fen\u00f3menos clim\u00e1ticos extremos.","og_url":"https:\/\/portaltela.pt\/noticias\/2026\/03\/31\/governo-dos-acores-avanca-com-plano-pioneiro-de-gestao-de-secas\/","og_site_name":"Portal Tela Portugal","article_published_time":"2026-03-31T22:32:29+00:00","author":"Telinha","twitter_card":"summary_large_image","twitter_misc":{"Escrito por":"Telinha","Tempo estimado de leitura":"2 minutos"},"schema":{"@context":"https:\/\/schema.org","@graph":[{"@type":"Article","@id":"https:\/\/portaltela.pt\/noticias\/2026\/03\/31\/governo-dos-acores-avanca-com-plano-pioneiro-de-gestao-de-secas\/#article","isPartOf":{"@id":"https:\/\/portaltela.pt\/noticias\/2026\/03\/31\/governo-dos-acores-avanca-com-plano-pioneiro-de-gestao-de-secas\/"},"author":{"name":"Telinha","@id":"https:\/\/portaltela.pt\/#\/schema\/person\/c4278d4a6028830caff9ee44b42d32ed"},"headline":"Governo dos A\u00e7ores avan\u00e7a com plano pioneiro de gest\u00e3o de secas","datePublished":"2026-03-31T22:32:29+00:00","mainEntityOfPage":{"@id":"https:\/\/portaltela.pt\/noticias\/2026\/03\/31\/governo-dos-acores-avanca-com-plano-pioneiro-de-gestao-de-secas\/"},"wordCount":322,"image":{"@id":"https:\/\/portaltela.pt\/noticias\/2026\/03\/31\/governo-dos-acores-avanca-com-plano-pioneiro-de-gestao-de-secas\/#primaryimage"},"thumbnailUrl":"https:\/\/portaltela.pt\/s.01k8rhncp4jt1\/2026\/03\/img_1500x1000uu2024-10-15-23-18-21-1770190.jpg","keywords":["A\u00e7ores","\u00e1gua","Altera\u00e7\u00f5es Clim\u00e1ticas","conserva\u00e7\u00e3o ambiental","Gest\u00e3o de Recursos H\u00eddricos","meio-ambiente"],"articleSection":["Clima","Not\u00edcias"],"inLanguage":"pt-PT"},{"@type":"WebPage","@id":"https:\/\/portaltela.pt\/noticias\/2026\/03\/31\/governo-dos-acores-avanca-com-plano-pioneiro-de-gestao-de-secas\/","url":"https:\/\/portaltela.pt\/noticias\/2026\/03\/31\/governo-dos-acores-avanca-com-plano-pioneiro-de-gestao-de-secas\/","name":"Governo dos A\u00e7ores avan\u00e7a com plano pioneiro de gest\u00e3o de secas - Portal Tela Portugal","isPartOf":{"@id":"https:\/\/portaltela.pt\/#website"},"primaryImageOfPage":{"@id":"https:\/\/portaltela.pt\/noticias\/2026\/03\/31\/governo-dos-acores-avanca-com-plano-pioneiro-de-gestao-de-secas\/#primaryimage"},"image":{"@id":"https:\/\/portaltela.pt\/noticias\/2026\/03\/31\/governo-dos-acores-avanca-com-plano-pioneiro-de-gestao-de-secas\/#primaryimage"},"thumbnailUrl":"https:\/\/portaltela.pt\/s.01k8rhncp4jt1\/2026\/03\/img_1500x1000uu2024-10-15-23-18-21-1770190.jpg","datePublished":"2026-03-31T22:32:29+00:00","author":{"@id":"https:\/\/portaltela.pt\/#\/schema\/person\/c4278d4a6028830caff9ee44b42d32ed"},"breadcrumb":{"@id":"https:\/\/portaltela.pt\/noticias\/2026\/03\/31\/governo-dos-acores-avanca-com-plano-pioneiro-de-gestao-de-secas\/#breadcrumb"},"inLanguage":"pt-PT","potentialAction":[{"@type":"ReadAction","target":["https:\/\/portaltela.pt\/noticias\/2026\/03\/31\/governo-dos-acores-avanca-com-plano-pioneiro-de-gestao-de-secas\/"]}]},{"@type":"ImageObject","inLanguage":"pt-PT","@id":"https:\/\/portaltela.pt\/noticias\/2026\/03\/31\/governo-dos-acores-avanca-com-plano-pioneiro-de-gestao-de-secas\/#primaryimage","url":"https:\/\/portaltela.pt\/s.01k8rhncp4jt1\/2026\/03\/img_1500x1000uu2024-10-15-23-18-21-1770190.jpg","contentUrl":"https:\/\/portaltela.pt\/s.01k8rhncp4jt1\/2026\/03\/img_1500x1000uu2024-10-15-23-18-21-1770190.jpg","width":796,"height":448,"caption":"A\u00e7ores"},{"@type":"BreadcrumbList","@id":"https:\/\/portaltela.pt\/noticias\/2026\/03\/31\/governo-dos-acores-avanca-com-plano-pioneiro-de-gestao-de-secas\/#breadcrumb","itemListElement":[{"@type":"ListItem","position":1,"name":"In\u00edcio","item":"https:\/\/portaltela.pt\/"},{"@type":"ListItem","position":2,"name":"Governo dos A\u00e7ores avan\u00e7a com plano pioneiro de gest\u00e3o de secas"}]},{"@type":"WebSite","@id":"https:\/\/portaltela.pt\/#website","url":"https:\/\/portaltela.pt\/","name":"Portal Tela Portugal","description":"","potentialAction":[{"@type":"SearchAction","target":{"@type":"EntryPoint","urlTemplate":"https:\/\/portaltela.pt\/?s={search_term_string}"},"query-input":{"@type":"PropertyValueSpecification","valueRequired":true,"valueName":"search_term_string"}}],"inLanguage":"pt-PT"},{"@type":"Person","@id":"https:\/\/portaltela.pt\/#\/schema\/person\/c4278d4a6028830caff9ee44b42d32ed","name":"Telinha","image":{"@type":"ImageObject","inLanguage":"pt-PT","@id":"https:\/\/portaltela.pt\/s.01k8rhncp4jt1\/2025\/11\/talking-bot-125x125.png","url":"https:\/\/portaltela.pt\/s.01k8rhncp4jt1\/2025\/11\/talking-bot-125x125.png","contentUrl":"https:\/\/portaltela.pt\/s.01k8rhncp4jt1\/2025\/11\/talking-bot-125x125.png","caption":"Telinha"},"sameAs":["https:\/\/portaltela.pt\/"],"url":"https:\/\/portaltela.pt\/por\/367410592786\/"}]}},"_links":{"self":[{"href":"https:\/\/portaltela.pt\/api\/wp\/v2\/posts\/428470","targetHints":{"allow":["GET"]}}],"collection":[{"href":"https:\/\/portaltela.pt\/api\/wp\/v2\/posts"}],"about":[{"href":"https:\/\/portaltela.pt\/api\/wp\/v2\/types\/post"}],"author":[{"embeddable":true,"href":"https:\/\/portaltela.pt\/api\/wp\/v2\/users\/2"}],"replies":[{"embeddable":true,"href":"https:\/\/portaltela.pt\/api\/wp\/v2\/comments?post=428470"}],"version-history":[{"count":0,"href":"https:\/\/portaltela.pt\/api\/wp\/v2\/posts\/428470\/revisions"}],"wp:featuredmedia":[{"embeddable":true,"href":"https:\/\/portaltela.pt\/api\/wp\/v2\/media\/428479"}],"wp:attachment":[{"href":"https:\/\/portaltela.pt\/api\/wp\/v2\/media?parent=428470"}],"wp:term":[{"taxonomy":"category","embeddable":true,"href":"https:\/\/portaltela.pt\/api\/wp\/v2\/categories?post=428470"},{"taxonomy":"post_tag","embeddable":true,"href":"https:\/\/portaltela.pt\/api\/wp\/v2\/tags?post=428470"}],"curies":[{"name":"wp","href":"https:\/\/api.w.org\/{rel}","templated":true}]}}