{"id":428464,"date":"2026-03-31T19:17:15","date_gmt":"2026-03-31T22:17:15","guid":{"rendered":"https:\/\/portaltela.pt\/noticias\/2026\/03\/31\/festa-internacional-na-italia-envolve-suecos-bosnios-turcos-e-checos\/"},"modified":"2026-03-31T19:17:15","modified_gmt":"2026-03-31T22:17:15","slug":"festa-internacional-na-italia-envolve-suecos-bosnios-turcos-e-checos","status":"publish","type":"post","link":"https:\/\/portaltela.pt\/desporto\/futebol\/2026\/03\/31\/festa-internacional-na-italia-envolve-suecos-bosnios-turcos-e-checos\/","title":{"rendered":"Festa internacional na It\u00e1lia envolve suecos, b\u00f3snios, turcos e checos"},"content":{"rendered":"<p>A \u00faltima ronda de play-offs europeus revelou uma nova realidade no futebol mundial. A It\u00e1lia falhou o apuramento para o Mundial pela terceira vez consecutiva, ao perder nos penalties frente \u00e0 B\u00f3snia-Herzegovina. A Rep\u00fablica Checa eliminou a Dinamarca no desempate, enquanto a Su\u00e9cia bateu a Pol\u00f3nia no tempo regulamentar e a Turquia afastou o Kosovo para o mesmo objetivo.<\/p>\n<p>Na cidade de Solna, a Su\u00e9cia garantiu o passaporte ao vencer a Pol\u00f3nia por 3-2, com o golo decisivo do avan\u00e7ado Viktor Gyokeres aos 88 minutos. Os polacos, que tiveram Bednarek, Kiwior e Pietrzewski ao servi\u00e7o, responderam com golos de Zalewski e Swiderski, mas n\u00e3o conseguiram evitar a derrota no final.<\/p>\n<p>J\u00e1 em Pristina, a Turquia confirmou o favoritismo ao vencer o Kosovo, carimbando o passaporte para o Mundial das Am\u00e9ricas com um golo de Kerem Akt\u00fcrko\u011flu, antigo jogador do Benfica.<\/p>\n<p>Em Zenica, a It\u00e1lia abriu o marcador com Kean aos 15 minutos, mas Bastoni acabou expulso antes do intervalo, deixando a equipa ainda mais longe do objetivo. Tabakovi\u0107 empatou a 11 minutos do fim e a B\u00f3snia-Herzegovina seguiu para os penalties, onde venceu por 4-1.<\/p>\n<p>Em Praga, a Dinamarca ficou a meio do caminho ap\u00f3s o desempate por penalties frente \u00e0 Ch\u00e9quia. O tempo regulamentar terminou 1-1, com golos de Sulc para os checos e Krejci. Na lotaria, apenas Eriksen converteu para os dinamarqueses, garantindo a passagem dos checos.<\/p>\n","protected":false},"excerpt":{"rendered":"<ul>\n<li>A It\u00e1lia falha o Mundial pela terceira edi\u00e7\u00e3o consecutiva, ao perder com a B\u00f3snia-Herzegovina nos pen\u00e1ltis em Zenica.<\/li>\n<li>A Ch\u00e9quia eliminou a Dinamarca nos pen\u00e1ltis em Praga, carimbando o passaporte para o Mundial.<\/li>\n<li>A Su\u00e9cia venceu a Pol\u00f3nia por 3-2 no tempo regulamentar, com Viktor Gy\u00f6keres a marcar aos 88 minutos e garantir o apuramento.<\/li>\n<li>A Turquia confirmou o favoritismo e passou aos Mundiais \u00e0 custa do Kosovo, com Kerem Akt\u00fcrko\u011flu a decidir em Pristina.<\/li>\n<li>A It\u00e1lia come\u00e7ou a vencer com golo de Kean, mas Bastoni foi expulso antes do intervalo e o encontro acabou por fugir aos azuis e brancos nos pen\u00e1ltis.<\/li>\n<\/ul>\n","protected":false},"author":2,"featured_media":428465,"comment_status":"closed","ping_status":"closed","sticky":false,"template":"","format":"standard","meta":{"footnotes":""},"categories":[21,24],"tags":[1544,32,1857,2535,5903,3212],"class_list":["post-428464","post","type-post","status-publish","format-standard","has-post-thumbnail","hentry","category-desporto","category-futebol","tag-bosnia-herzegovina","tag-futebol","tag-italia","tag-kosovo","tag-republica-checa","tag-selecoes-internacionais"],"yoast_head":"<!-- This site is optimized with the Yoast SEO plugin v27.2 - https:\/\/yoast.com\/product\/yoast-seo-wordpress\/ -->\n<title>Festa internacional na It\u00e1lia envolve suecos, b\u00f3snios, turcos e checos - Portal Tela Portugal<\/title>\n<meta name=\"robots\" content=\"index, follow, max-snippet:-1, max-image-preview:large, max-video-preview:-1\" \/>\n<meta property=\"og:locale\" content=\"pt_PT\" \/>\n<meta property=\"og:type\" content=\"article\" \/>\n<meta property=\"og:title\" content=\"Festa internacional na It\u00e1lia envolve suecos, b\u00f3snios, turcos e checos - Portal Tela Portugal\" \/>\n<meta property=\"og:description\" content=\"A It\u00e1lia falha o Mundial pela terceira edi\u00e7\u00e3o consecutiva, ao perder com a B\u00f3snia-Herzegovina nos pen\u00e1ltis em Zenica. A Ch\u00e9quia eliminou a Dinamarca nos pen\u00e1ltis em Praga, carimbando o passaporte para o Mundial. A Su\u00e9cia venceu a Pol\u00f3nia por 3-2 no tempo regulamentar, com Viktor Gy\u00f6keres a marcar aos 88 minutos e garantir o apuramento. A Turquia confirmou o favoritismo e passou aos Mundiais \u00e0 custa do Kosovo, com Kerem Akt\u00fcrko\u011flu a decidir em Pristina. A It\u00e1lia come\u00e7ou a vencer com golo de Kean, mas Bastoni foi expulso antes do intervalo e o encontro acabou por fugir aos azuis e brancos nos pen\u00e1ltis.\" \/>\n<meta property=\"og:url\" content=\"https:\/\/portaltela.pt\/noticias\/2026\/03\/31\/festa-internacional-na-italia-envolve-suecos-bosnios-turcos-e-checos\/\" \/>\n<meta property=\"og:site_name\" content=\"Portal Tela Portugal\" \/>\n<meta property=\"article:published_time\" content=\"2026-03-31T22:17:15+00:00\" \/>\n<meta name=\"author\" content=\"Telinha\" \/>\n<meta name=\"twitter:card\" content=\"summary_large_image\" \/>\n<meta name=\"twitter:label1\" content=\"Escrito por\" \/>\n\t<meta name=\"twitter:data1\" content=\"Telinha\" \/>\n\t<meta name=\"twitter:label2\" content=\"Tempo estimado de leitura\" \/>\n\t<meta name=\"twitter:data2\" content=\"1 minuto\" \/>\n<script type=\"application\/ld+json\" class=\"yoast-schema-graph\">{\"@context\":\"https:\/\/schema.org\",\"@graph\":[{\"@type\":\"Article\",\"@id\":\"https:\/\/portaltela.pt\/noticias\/2026\/03\/31\/festa-internacional-na-italia-envolve-suecos-bosnios-turcos-e-checos\/#article\",\"isPartOf\":{\"@id\":\"https:\/\/portaltela.pt\/noticias\/2026\/03\/31\/festa-internacional-na-italia-envolve-suecos-bosnios-turcos-e-checos\/\"},\"author\":{\"name\":\"Telinha\",\"@id\":\"https:\/\/portaltela.pt\/#\/schema\/person\/c4278d4a6028830caff9ee44b42d32ed\"},\"headline\":\"Festa internacional na It\u00e1lia envolve suecos, b\u00f3snios, turcos e checos\",\"datePublished\":\"2026-03-31T22:17:15+00:00\",\"mainEntityOfPage\":{\"@id\":\"https:\/\/portaltela.pt\/noticias\/2026\/03\/31\/festa-internacional-na-italia-envolve-suecos-bosnios-turcos-e-checos\/\"},\"wordCount\":253,\"image\":{\"@id\":\"https:\/\/portaltela.pt\/noticias\/2026\/03\/31\/festa-internacional-na-italia-envolve-suecos-bosnios-turcos-e-checos\/#primaryimage\"},\"thumbnailUrl\":\"https:\/\/portaltela.pt\/s.01k8rhncp4jt1\/2026\/03\/image-1908.jpg\",\"keywords\":[\"B\u00f3snia-Herzeg\u00f3vina\",\"futebol\",\"It\u00e1lia\",\"Kosovo\",\"Rep\u00fablica Checa\",\"sele\u00e7\u00f5es internacionais\"],\"articleSection\":[\"Desporto\",\"Futebol\"],\"inLanguage\":\"pt-PT\"},{\"@type\":\"WebPage\",\"@id\":\"https:\/\/portaltela.pt\/noticias\/2026\/03\/31\/festa-internacional-na-italia-envolve-suecos-bosnios-turcos-e-checos\/\",\"url\":\"https:\/\/portaltela.pt\/noticias\/2026\/03\/31\/festa-internacional-na-italia-envolve-suecos-bosnios-turcos-e-checos\/\",\"name\":\"Festa internacional na It\u00e1lia envolve suecos, b\u00f3snios, turcos e checos - Portal Tela Portugal\",\"isPartOf\":{\"@id\":\"https:\/\/portaltela.pt\/#website\"},\"primaryImageOfPage\":{\"@id\":\"https:\/\/portaltela.pt\/noticias\/2026\/03\/31\/festa-internacional-na-italia-envolve-suecos-bosnios-turcos-e-checos\/#primaryimage\"},\"image\":{\"@id\":\"https:\/\/portaltela.pt\/noticias\/2026\/03\/31\/festa-internacional-na-italia-envolve-suecos-bosnios-turcos-e-checos\/#primaryimage\"},\"thumbnailUrl\":\"https:\/\/portaltela.pt\/s.01k8rhncp4jt1\/2026\/03\/image-1908.jpg\",\"datePublished\":\"2026-03-31T22:17:15+00:00\",\"author\":{\"@id\":\"https:\/\/portaltela.pt\/#\/schema\/person\/c4278d4a6028830caff9ee44b42d32ed\"},\"breadcrumb\":{\"@id\":\"https:\/\/portaltela.pt\/noticias\/2026\/03\/31\/festa-internacional-na-italia-envolve-suecos-bosnios-turcos-e-checos\/#breadcrumb\"},\"inLanguage\":\"pt-PT\",\"potentialAction\":[{\"@type\":\"ReadAction\",\"target\":[\"https:\/\/portaltela.pt\/noticias\/2026\/03\/31\/festa-internacional-na-italia-envolve-suecos-bosnios-turcos-e-checos\/\"]}]},{\"@type\":\"ImageObject\",\"inLanguage\":\"pt-PT\",\"@id\":\"https:\/\/portaltela.pt\/noticias\/2026\/03\/31\/festa-internacional-na-italia-envolve-suecos-bosnios-turcos-e-checos\/#primaryimage\",\"url\":\"https:\/\/portaltela.pt\/s.01k8rhncp4jt1\/2026\/03\/image-1908.jpg\",\"contentUrl\":\"https:\/\/portaltela.pt\/s.01k8rhncp4jt1\/2026\/03\/image-1908.jpg\",\"width\":796,\"height\":448,\"caption\":\"O desespero de Donnarumma diz tudo: a It\u00e1lia falha o terceiro mundial consecutivo\"},{\"@type\":\"BreadcrumbList\",\"@id\":\"https:\/\/portaltela.pt\/noticias\/2026\/03\/31\/festa-internacional-na-italia-envolve-suecos-bosnios-turcos-e-checos\/#breadcrumb\",\"itemListElement\":[{\"@type\":\"ListItem\",\"position\":1,\"name\":\"In\u00edcio\",\"item\":\"https:\/\/portaltela.pt\/\"},{\"@type\":\"ListItem\",\"position\":2,\"name\":\"Festa internacional na It\u00e1lia envolve suecos, b\u00f3snios, turcos e checos\"}]},{\"@type\":\"WebSite\",\"@id\":\"https:\/\/portaltela.pt\/#website\",\"url\":\"https:\/\/portaltela.pt\/\",\"name\":\"Portal Tela Portugal\",\"description\":\"\",\"potentialAction\":[{\"@type\":\"SearchAction\",\"target\":{\"@type\":\"EntryPoint\",\"urlTemplate\":\"https:\/\/portaltela.pt\/?s={search_term_string}\"},\"query-input\":{\"@type\":\"PropertyValueSpecification\",\"valueRequired\":true,\"valueName\":\"search_term_string\"}}],\"inLanguage\":\"pt-PT\"},{\"@type\":\"Person\",\"@id\":\"https:\/\/portaltela.pt\/#\/schema\/person\/c4278d4a6028830caff9ee44b42d32ed\",\"name\":\"Telinha\",\"image\":{\"@type\":\"ImageObject\",\"inLanguage\":\"pt-PT\",\"@id\":\"https:\/\/portaltela.pt\/s.01k8rhncp4jt1\/2025\/11\/talking-bot-125x125.png\",\"url\":\"https:\/\/portaltela.pt\/s.01k8rhncp4jt1\/2025\/11\/talking-bot-125x125.png\",\"contentUrl\":\"https:\/\/portaltela.pt\/s.01k8rhncp4jt1\/2025\/11\/talking-bot-125x125.png\",\"caption\":\"Telinha\"},\"sameAs\":[\"https:\/\/portaltela.pt\/\"],\"url\":\"https:\/\/portaltela.pt\/por\/367410592786\/\"}]}<\/script>\n<!-- \/ Yoast SEO plugin. -->","yoast_head_json":{"title":"Festa internacional na It\u00e1lia envolve suecos, b\u00f3snios, turcos e checos - Portal Tela Portugal","robots":{"index":"index","follow":"follow","max-snippet":"max-snippet:-1","max-image-preview":"max-image-preview:large","max-video-preview":"max-video-preview:-1"},"og_locale":"pt_PT","og_type":"article","og_title":"Festa internacional na It\u00e1lia envolve suecos, b\u00f3snios, turcos e checos - Portal Tela Portugal","og_description":"A It\u00e1lia falha o Mundial pela terceira edi\u00e7\u00e3o consecutiva, ao perder com a B\u00f3snia-Herzegovina nos pen\u00e1ltis em Zenica. A Ch\u00e9quia eliminou a Dinamarca nos pen\u00e1ltis em Praga, carimbando o passaporte para o Mundial. A Su\u00e9cia venceu a Pol\u00f3nia por 3-2 no tempo regulamentar, com Viktor Gy\u00f6keres a marcar aos 88 minutos e garantir o apuramento. A Turquia confirmou o favoritismo e passou aos Mundiais \u00e0 custa do Kosovo, com Kerem Akt\u00fcrko\u011flu a decidir em Pristina. A It\u00e1lia come\u00e7ou a vencer com golo de Kean, mas Bastoni foi expulso antes do intervalo e o encontro acabou por fugir aos azuis e brancos nos pen\u00e1ltis.","og_url":"https:\/\/portaltela.pt\/noticias\/2026\/03\/31\/festa-internacional-na-italia-envolve-suecos-bosnios-turcos-e-checos\/","og_site_name":"Portal Tela Portugal","article_published_time":"2026-03-31T22:17:15+00:00","author":"Telinha","twitter_card":"summary_large_image","twitter_misc":{"Escrito por":"Telinha","Tempo estimado de leitura":"1 minuto"},"schema":{"@context":"https:\/\/schema.org","@graph":[{"@type":"Article","@id":"https:\/\/portaltela.pt\/noticias\/2026\/03\/31\/festa-internacional-na-italia-envolve-suecos-bosnios-turcos-e-checos\/#article","isPartOf":{"@id":"https:\/\/portaltela.pt\/noticias\/2026\/03\/31\/festa-internacional-na-italia-envolve-suecos-bosnios-turcos-e-checos\/"},"author":{"name":"Telinha","@id":"https:\/\/portaltela.pt\/#\/schema\/person\/c4278d4a6028830caff9ee44b42d32ed"},"headline":"Festa internacional na It\u00e1lia envolve suecos, b\u00f3snios, turcos e checos","datePublished":"2026-03-31T22:17:15+00:00","mainEntityOfPage":{"@id":"https:\/\/portaltela.pt\/noticias\/2026\/03\/31\/festa-internacional-na-italia-envolve-suecos-bosnios-turcos-e-checos\/"},"wordCount":253,"image":{"@id":"https:\/\/portaltela.pt\/noticias\/2026\/03\/31\/festa-internacional-na-italia-envolve-suecos-bosnios-turcos-e-checos\/#primaryimage"},"thumbnailUrl":"https:\/\/portaltela.pt\/s.01k8rhncp4jt1\/2026\/03\/image-1908.jpg","keywords":["B\u00f3snia-Herzeg\u00f3vina","futebol","It\u00e1lia","Kosovo","Rep\u00fablica Checa","sele\u00e7\u00f5es internacionais"],"articleSection":["Desporto","Futebol"],"inLanguage":"pt-PT"},{"@type":"WebPage","@id":"https:\/\/portaltela.pt\/noticias\/2026\/03\/31\/festa-internacional-na-italia-envolve-suecos-bosnios-turcos-e-checos\/","url":"https:\/\/portaltela.pt\/noticias\/2026\/03\/31\/festa-internacional-na-italia-envolve-suecos-bosnios-turcos-e-checos\/","name":"Festa internacional na It\u00e1lia envolve suecos, b\u00f3snios, turcos e checos - Portal Tela Portugal","isPartOf":{"@id":"https:\/\/portaltela.pt\/#website"},"primaryImageOfPage":{"@id":"https:\/\/portaltela.pt\/noticias\/2026\/03\/31\/festa-internacional-na-italia-envolve-suecos-bosnios-turcos-e-checos\/#primaryimage"},"image":{"@id":"https:\/\/portaltela.pt\/noticias\/2026\/03\/31\/festa-internacional-na-italia-envolve-suecos-bosnios-turcos-e-checos\/#primaryimage"},"thumbnailUrl":"https:\/\/portaltela.pt\/s.01k8rhncp4jt1\/2026\/03\/image-1908.jpg","datePublished":"2026-03-31T22:17:15+00:00","author":{"@id":"https:\/\/portaltela.pt\/#\/schema\/person\/c4278d4a6028830caff9ee44b42d32ed"},"breadcrumb":{"@id":"https:\/\/portaltela.pt\/noticias\/2026\/03\/31\/festa-internacional-na-italia-envolve-suecos-bosnios-turcos-e-checos\/#breadcrumb"},"inLanguage":"pt-PT","potentialAction":[{"@type":"ReadAction","target":["https:\/\/portaltela.pt\/noticias\/2026\/03\/31\/festa-internacional-na-italia-envolve-suecos-bosnios-turcos-e-checos\/"]}]},{"@type":"ImageObject","inLanguage":"pt-PT","@id":"https:\/\/portaltela.pt\/noticias\/2026\/03\/31\/festa-internacional-na-italia-envolve-suecos-bosnios-turcos-e-checos\/#primaryimage","url":"https:\/\/portaltela.pt\/s.01k8rhncp4jt1\/2026\/03\/image-1908.jpg","contentUrl":"https:\/\/portaltela.pt\/s.01k8rhncp4jt1\/2026\/03\/image-1908.jpg","width":796,"height":448,"caption":"O desespero de Donnarumma diz tudo: a It\u00e1lia falha o terceiro mundial consecutivo"},{"@type":"BreadcrumbList","@id":"https:\/\/portaltela.pt\/noticias\/2026\/03\/31\/festa-internacional-na-italia-envolve-suecos-bosnios-turcos-e-checos\/#breadcrumb","itemListElement":[{"@type":"ListItem","position":1,"name":"In\u00edcio","item":"https:\/\/portaltela.pt\/"},{"@type":"ListItem","position":2,"name":"Festa internacional na It\u00e1lia envolve suecos, b\u00f3snios, turcos e checos"}]},{"@type":"WebSite","@id":"https:\/\/portaltela.pt\/#website","url":"https:\/\/portaltela.pt\/","name":"Portal Tela Portugal","description":"","potentialAction":[{"@type":"SearchAction","target":{"@type":"EntryPoint","urlTemplate":"https:\/\/portaltela.pt\/?s={search_term_string}"},"query-input":{"@type":"PropertyValueSpecification","valueRequired":true,"valueName":"search_term_string"}}],"inLanguage":"pt-PT"},{"@type":"Person","@id":"https:\/\/portaltela.pt\/#\/schema\/person\/c4278d4a6028830caff9ee44b42d32ed","name":"Telinha","image":{"@type":"ImageObject","inLanguage":"pt-PT","@id":"https:\/\/portaltela.pt\/s.01k8rhncp4jt1\/2025\/11\/talking-bot-125x125.png","url":"https:\/\/portaltela.pt\/s.01k8rhncp4jt1\/2025\/11\/talking-bot-125x125.png","contentUrl":"https:\/\/portaltela.pt\/s.01k8rhncp4jt1\/2025\/11\/talking-bot-125x125.png","caption":"Telinha"},"sameAs":["https:\/\/portaltela.pt\/"],"url":"https:\/\/portaltela.pt\/por\/367410592786\/"}]}},"_links":{"self":[{"href":"https:\/\/portaltela.pt\/api\/wp\/v2\/posts\/428464","targetHints":{"allow":["GET"]}}],"collection":[{"href":"https:\/\/portaltela.pt\/api\/wp\/v2\/posts"}],"about":[{"href":"https:\/\/portaltela.pt\/api\/wp\/v2\/types\/post"}],"author":[{"embeddable":true,"href":"https:\/\/portaltela.pt\/api\/wp\/v2\/users\/2"}],"replies":[{"embeddable":true,"href":"https:\/\/portaltela.pt\/api\/wp\/v2\/comments?post=428464"}],"version-history":[{"count":0,"href":"https:\/\/portaltela.pt\/api\/wp\/v2\/posts\/428464\/revisions"}],"wp:featuredmedia":[{"embeddable":true,"href":"https:\/\/portaltela.pt\/api\/wp\/v2\/media\/428465"}],"wp:attachment":[{"href":"https:\/\/portaltela.pt\/api\/wp\/v2\/media?parent=428464"}],"wp:term":[{"taxonomy":"category","embeddable":true,"href":"https:\/\/portaltela.pt\/api\/wp\/v2\/categories?post=428464"},{"taxonomy":"post_tag","embeddable":true,"href":"https:\/\/portaltela.pt\/api\/wp\/v2\/tags?post=428464"}],"curies":[{"name":"wp","href":"https:\/\/api.w.org\/{rel}","templated":true}]}}