{"id":428459,"date":"2026-03-31T19:02:25","date_gmt":"2026-03-31T22:02:25","guid":{"rendered":"https:\/\/portaltela.pt\/noticias\/2026\/03\/31\/benfica-e-sporting-batem-recordes-nacionais-nos-4x100m-estilos\/"},"modified":"2026-03-31T19:02:25","modified_gmt":"2026-03-31T22:02:25","slug":"benfica-e-sporting-batem-recordes-nacionais-nos-4x100m-estilos","status":"publish","type":"post","link":"https:\/\/portaltela.pt\/desporto\/futebol\/2026\/03\/31\/benfica-e-sporting-batem-recordes-nacionais-nos-4x100m-estilos\/","title":{"rendered":"Benfica e Sporting batem recordes nacionais nos 4x100m estilos"},"content":{"rendered":"<p>Benfica e Sporting alcan\u00e7aram novos recordes nacionais absolutos nos 4&#215;100 metros estilos, em masculinos e femininos, durante os Nacionais de Nata\u00e7\u00e3o realizados em Coimbra, na \u00faltima ter\u00e7a-feira. A estafeta masculina do Benfica assinou 3m41,31s, reduzindo dois cent\u00e9simos ao anterior recorde.<\/p>\n<p>No setor feminino, o quartet do Sporting marcou 4m12,94s, batendo o recorde anterior de 4m14,70s que pertencia ao Alg\u00e9s de Dafundo desde 2019. As marcas surgem numa edi\u00e7\u00e3o que destacou v\u00e1rias vit\u00f3rias individuais e coletivas.<\/p>\n<p>Diogo Ribeiro, que j\u00e1 detinha o recorde nacional dos 100 metros livres, completou a prova em 48,38 segundos, ainda aqu\u00e9m do seu melhor tempo de 47,98s. Anna Fomina venceu os 100 metros livres femininos com 56,27s, perto do recorde de 55,88s.<\/p>\n<p>Nos 200 metros bru\u00e7os, Gabriel Lopes (Louzan) ganhou com 2m16,60s, enquanto Madalena Cerdeira (Sporting) triunfou em 2m30,71s. Camila Rebelo (Louzan) venceu os 400 metros estilos com 4m49,63s, e Ricardo Santos (Sporting\/Louzan) conquistou os 200 costas em 2m00,88s.<\/p>\n<p>Outras provas individuais mostraram-se competitivas, com Rui Pereira (ADRCCI Monte Maior) destacando-se nos 800 metros livres em 8m14,89s. Maria Pessanha (CN Funchal) venceu os 200 costas, com 2m17,39s, ampliando o palmar\u00e9s do evento.<\/p>\n","protected":false},"excerpt":{"rendered":"<ul>\n<li>Benfica e Sporting estabeleceram, nos Nacionais de nata\u00e7\u00e3o em Coimbra, novos recordes nacionais absolutos na estafeta de 4&#215;100 metros estilos, masculino e feminino, respetivamente.<\/li>\n<li>A estafeta masculina, composta por Tom\u00e1s Janu\u00e1rio, Diogo Ribeiro, Carlos Nunes e Gustavo Ribeiro, completou em 3m41,31s, dois cent\u00e9simos abaixo do anterior.<\/li>\n<li>A estafeta feminina, com Maria Moura, Laura Barbeito, Madalena Cerdeira e Anna Fomina, terminou em 4m12,94s, batendo o recorde anterior de 4m14,70s.<\/li>\n<li>Destaques individuais: Diogo Ribeiro venceu os 100 metros livres em 48,38s; Anna Fomina triunfou nos 100 metros costas com 56,27s.<\/li>\n<li>Outras vit\u00f3rias relevantes: Gabriel Lopes ganhou os 200 metros bru\u00e7os em 2m16,60s; Madalena Cerdeira venceu os 200m bru\u00e7os em 2m30,71s; Camila Rebelo venceu os 400m estilos em 4m49,63s; Ricardo Santos venceu os 200m costas em 2m00,88s; Rui Pereira venceu os 800m livres em 8m14,89s; Maria Pessanha venceu os 200m costas em 2m17,39s.<\/li>\n<\/ul>\n","protected":false},"author":2,"featured_media":428461,"comment_status":"closed","ping_status":"closed","sticky":false,"template":"","format":"standard","meta":{"footnotes":""},"categories":[21,24],"tags":[1946,1070,152,209,63,1652],"class_list":["post-428459","post","type-post","status-publish","format-standard","has-post-thumbnail","hentry","category-desporto","category-futebol","tag-benfica","tag-coimbra","tag-desporto","tag-natacao","tag-resultados","tag-sporting"],"yoast_head":"<!-- This site is optimized with the Yoast SEO plugin v27.2 - https:\/\/yoast.com\/product\/yoast-seo-wordpress\/ -->\n<title>Benfica e Sporting batem recordes nacionais nos 4x100m estilos - Portal Tela Portugal<\/title>\n<meta name=\"robots\" content=\"index, follow, max-snippet:-1, max-image-preview:large, max-video-preview:-1\" \/>\n<meta property=\"og:locale\" content=\"pt_PT\" \/>\n<meta property=\"og:type\" content=\"article\" \/>\n<meta property=\"og:title\" content=\"Benfica e Sporting batem recordes nacionais nos 4x100m estilos - Portal Tela Portugal\" \/>\n<meta property=\"og:description\" content=\"Benfica e Sporting estabeleceram, nos Nacionais de nata\u00e7\u00e3o em Coimbra, novos recordes nacionais absolutos na estafeta de 4x100 metros estilos, masculino e feminino, respetivamente. A estafeta masculina, composta por Tom\u00e1s Janu\u00e1rio, Diogo Ribeiro, Carlos Nunes e Gustavo Ribeiro, completou em 3m41,31s, dois cent\u00e9simos abaixo do anterior. A estafeta feminina, com Maria Moura, Laura Barbeito, Madalena Cerdeira e Anna Fomina, terminou em 4m12,94s, batendo o recorde anterior de 4m14,70s. Destaques individuais: Diogo Ribeiro venceu os 100 metros livres em 48,38s; Anna Fomina triunfou nos 100 metros costas com 56,27s. Outras vit\u00f3rias relevantes: Gabriel Lopes ganhou os 200 metros bru\u00e7os em 2m16,60s; Madalena Cerdeira venceu os 200m bru\u00e7os em 2m30,71s; Camila Rebelo venceu os 400m estilos em 4m49,63s; Ricardo Santos venceu os 200m costas em 2m00,88s; Rui Pereira venceu os 800m livres em 8m14,89s; Maria Pessanha venceu os 200m costas em 2m17,39s.\" \/>\n<meta property=\"og:url\" content=\"https:\/\/portaltela.pt\/noticias\/2026\/03\/31\/benfica-e-sporting-batem-recordes-nacionais-nos-4x100m-estilos\/\" \/>\n<meta property=\"og:site_name\" content=\"Portal Tela Portugal\" \/>\n<meta property=\"article:published_time\" content=\"2026-03-31T22:02:25+00:00\" \/>\n<meta name=\"author\" content=\"Telinha\" \/>\n<meta name=\"twitter:card\" content=\"summary_large_image\" \/>\n<meta name=\"twitter:label1\" content=\"Escrito por\" \/>\n\t<meta name=\"twitter:data1\" content=\"Telinha\" \/>\n\t<meta name=\"twitter:label2\" content=\"Tempo estimado de leitura\" \/>\n\t<meta name=\"twitter:data2\" content=\"1 minuto\" \/>\n<script type=\"application\/ld+json\" class=\"yoast-schema-graph\">{\"@context\":\"https:\/\/schema.org\",\"@graph\":[{\"@type\":\"Article\",\"@id\":\"https:\/\/portaltela.pt\/noticias\/2026\/03\/31\/benfica-e-sporting-batem-recordes-nacionais-nos-4x100m-estilos\/#article\",\"isPartOf\":{\"@id\":\"https:\/\/portaltela.pt\/noticias\/2026\/03\/31\/benfica-e-sporting-batem-recordes-nacionais-nos-4x100m-estilos\/\"},\"author\":{\"name\":\"Telinha\",\"@id\":\"https:\/\/portaltela.pt\/#\/schema\/person\/c4278d4a6028830caff9ee44b42d32ed\"},\"headline\":\"Benfica e Sporting batem recordes nacionais nos 4x100m estilos\",\"datePublished\":\"2026-03-31T22:02:25+00:00\",\"mainEntityOfPage\":{\"@id\":\"https:\/\/portaltela.pt\/noticias\/2026\/03\/31\/benfica-e-sporting-batem-recordes-nacionais-nos-4x100m-estilos\/\"},\"wordCount\":208,\"image\":{\"@id\":\"https:\/\/portaltela.pt\/noticias\/2026\/03\/31\/benfica-e-sporting-batem-recordes-nacionais-nos-4x100m-estilos\/#primaryimage\"},\"thumbnailUrl\":\"https:\/\/portaltela.pt\/s.01k8rhncp4jt1\/2026\/03\/2078386.jpg\",\"keywords\":[\"Benfica\",\"Coimbra\",\"desporto\",\"nata\u00e7\u00e3o\",\"resultados\",\"Sporting\"],\"articleSection\":[\"Desporto\",\"Futebol\"],\"inLanguage\":\"pt-PT\"},{\"@type\":\"WebPage\",\"@id\":\"https:\/\/portaltela.pt\/noticias\/2026\/03\/31\/benfica-e-sporting-batem-recordes-nacionais-nos-4x100m-estilos\/\",\"url\":\"https:\/\/portaltela.pt\/noticias\/2026\/03\/31\/benfica-e-sporting-batem-recordes-nacionais-nos-4x100m-estilos\/\",\"name\":\"Benfica e Sporting batem recordes nacionais nos 4x100m estilos - Portal Tela Portugal\",\"isPartOf\":{\"@id\":\"https:\/\/portaltela.pt\/#website\"},\"primaryImageOfPage\":{\"@id\":\"https:\/\/portaltela.pt\/noticias\/2026\/03\/31\/benfica-e-sporting-batem-recordes-nacionais-nos-4x100m-estilos\/#primaryimage\"},\"image\":{\"@id\":\"https:\/\/portaltela.pt\/noticias\/2026\/03\/31\/benfica-e-sporting-batem-recordes-nacionais-nos-4x100m-estilos\/#primaryimage\"},\"thumbnailUrl\":\"https:\/\/portaltela.pt\/s.01k8rhncp4jt1\/2026\/03\/2078386.jpg\",\"datePublished\":\"2026-03-31T22:02:25+00:00\",\"author\":{\"@id\":\"https:\/\/portaltela.pt\/#\/schema\/person\/c4278d4a6028830caff9ee44b42d32ed\"},\"breadcrumb\":{\"@id\":\"https:\/\/portaltela.pt\/noticias\/2026\/03\/31\/benfica-e-sporting-batem-recordes-nacionais-nos-4x100m-estilos\/#breadcrumb\"},\"inLanguage\":\"pt-PT\",\"potentialAction\":[{\"@type\":\"ReadAction\",\"target\":[\"https:\/\/portaltela.pt\/noticias\/2026\/03\/31\/benfica-e-sporting-batem-recordes-nacionais-nos-4x100m-estilos\/\"]}]},{\"@type\":\"ImageObject\",\"inLanguage\":\"pt-PT\",\"@id\":\"https:\/\/portaltela.pt\/noticias\/2026\/03\/31\/benfica-e-sporting-batem-recordes-nacionais-nos-4x100m-estilos\/#primaryimage\",\"url\":\"https:\/\/portaltela.pt\/s.01k8rhncp4jt1\/2026\/03\/2078386.jpg\",\"contentUrl\":\"https:\/\/portaltela.pt\/s.01k8rhncp4jt1\/2026\/03\/2078386.jpg\",\"width\":796,\"height\":448,\"caption\":\"A estafeta masculina do Benfica fixou um recorde nos 4x100m estilos\"},{\"@type\":\"BreadcrumbList\",\"@id\":\"https:\/\/portaltela.pt\/noticias\/2026\/03\/31\/benfica-e-sporting-batem-recordes-nacionais-nos-4x100m-estilos\/#breadcrumb\",\"itemListElement\":[{\"@type\":\"ListItem\",\"position\":1,\"name\":\"In\u00edcio\",\"item\":\"https:\/\/portaltela.pt\/\"},{\"@type\":\"ListItem\",\"position\":2,\"name\":\"Benfica e Sporting batem recordes nacionais nos 4x100m estilos\"}]},{\"@type\":\"WebSite\",\"@id\":\"https:\/\/portaltela.pt\/#website\",\"url\":\"https:\/\/portaltela.pt\/\",\"name\":\"Portal Tela Portugal\",\"description\":\"\",\"potentialAction\":[{\"@type\":\"SearchAction\",\"target\":{\"@type\":\"EntryPoint\",\"urlTemplate\":\"https:\/\/portaltela.pt\/?s={search_term_string}\"},\"query-input\":{\"@type\":\"PropertyValueSpecification\",\"valueRequired\":true,\"valueName\":\"search_term_string\"}}],\"inLanguage\":\"pt-PT\"},{\"@type\":\"Person\",\"@id\":\"https:\/\/portaltela.pt\/#\/schema\/person\/c4278d4a6028830caff9ee44b42d32ed\",\"name\":\"Telinha\",\"image\":{\"@type\":\"ImageObject\",\"inLanguage\":\"pt-PT\",\"@id\":\"https:\/\/portaltela.pt\/s.01k8rhncp4jt1\/2025\/11\/talking-bot-125x125.png\",\"url\":\"https:\/\/portaltela.pt\/s.01k8rhncp4jt1\/2025\/11\/talking-bot-125x125.png\",\"contentUrl\":\"https:\/\/portaltela.pt\/s.01k8rhncp4jt1\/2025\/11\/talking-bot-125x125.png\",\"caption\":\"Telinha\"},\"sameAs\":[\"https:\/\/portaltela.pt\/\"],\"url\":\"https:\/\/portaltela.pt\/por\/367410592786\/\"}]}<\/script>\n<!-- \/ Yoast SEO plugin. -->","yoast_head_json":{"title":"Benfica e Sporting batem recordes nacionais nos 4x100m estilos - Portal Tela Portugal","robots":{"index":"index","follow":"follow","max-snippet":"max-snippet:-1","max-image-preview":"max-image-preview:large","max-video-preview":"max-video-preview:-1"},"og_locale":"pt_PT","og_type":"article","og_title":"Benfica e Sporting batem recordes nacionais nos 4x100m estilos - Portal Tela Portugal","og_description":"Benfica e Sporting estabeleceram, nos Nacionais de nata\u00e7\u00e3o em Coimbra, novos recordes nacionais absolutos na estafeta de 4x100 metros estilos, masculino e feminino, respetivamente. A estafeta masculina, composta por Tom\u00e1s Janu\u00e1rio, Diogo Ribeiro, Carlos Nunes e Gustavo Ribeiro, completou em 3m41,31s, dois cent\u00e9simos abaixo do anterior. A estafeta feminina, com Maria Moura, Laura Barbeito, Madalena Cerdeira e Anna Fomina, terminou em 4m12,94s, batendo o recorde anterior de 4m14,70s. Destaques individuais: Diogo Ribeiro venceu os 100 metros livres em 48,38s; Anna Fomina triunfou nos 100 metros costas com 56,27s. Outras vit\u00f3rias relevantes: Gabriel Lopes ganhou os 200 metros bru\u00e7os em 2m16,60s; Madalena Cerdeira venceu os 200m bru\u00e7os em 2m30,71s; Camila Rebelo venceu os 400m estilos em 4m49,63s; Ricardo Santos venceu os 200m costas em 2m00,88s; Rui Pereira venceu os 800m livres em 8m14,89s; Maria Pessanha venceu os 200m costas em 2m17,39s.","og_url":"https:\/\/portaltela.pt\/noticias\/2026\/03\/31\/benfica-e-sporting-batem-recordes-nacionais-nos-4x100m-estilos\/","og_site_name":"Portal Tela Portugal","article_published_time":"2026-03-31T22:02:25+00:00","author":"Telinha","twitter_card":"summary_large_image","twitter_misc":{"Escrito por":"Telinha","Tempo estimado de leitura":"1 minuto"},"schema":{"@context":"https:\/\/schema.org","@graph":[{"@type":"Article","@id":"https:\/\/portaltela.pt\/noticias\/2026\/03\/31\/benfica-e-sporting-batem-recordes-nacionais-nos-4x100m-estilos\/#article","isPartOf":{"@id":"https:\/\/portaltela.pt\/noticias\/2026\/03\/31\/benfica-e-sporting-batem-recordes-nacionais-nos-4x100m-estilos\/"},"author":{"name":"Telinha","@id":"https:\/\/portaltela.pt\/#\/schema\/person\/c4278d4a6028830caff9ee44b42d32ed"},"headline":"Benfica e Sporting batem recordes nacionais nos 4x100m estilos","datePublished":"2026-03-31T22:02:25+00:00","mainEntityOfPage":{"@id":"https:\/\/portaltela.pt\/noticias\/2026\/03\/31\/benfica-e-sporting-batem-recordes-nacionais-nos-4x100m-estilos\/"},"wordCount":208,"image":{"@id":"https:\/\/portaltela.pt\/noticias\/2026\/03\/31\/benfica-e-sporting-batem-recordes-nacionais-nos-4x100m-estilos\/#primaryimage"},"thumbnailUrl":"https:\/\/portaltela.pt\/s.01k8rhncp4jt1\/2026\/03\/2078386.jpg","keywords":["Benfica","Coimbra","desporto","nata\u00e7\u00e3o","resultados","Sporting"],"articleSection":["Desporto","Futebol"],"inLanguage":"pt-PT"},{"@type":"WebPage","@id":"https:\/\/portaltela.pt\/noticias\/2026\/03\/31\/benfica-e-sporting-batem-recordes-nacionais-nos-4x100m-estilos\/","url":"https:\/\/portaltela.pt\/noticias\/2026\/03\/31\/benfica-e-sporting-batem-recordes-nacionais-nos-4x100m-estilos\/","name":"Benfica e Sporting batem recordes nacionais nos 4x100m estilos - Portal Tela Portugal","isPartOf":{"@id":"https:\/\/portaltela.pt\/#website"},"primaryImageOfPage":{"@id":"https:\/\/portaltela.pt\/noticias\/2026\/03\/31\/benfica-e-sporting-batem-recordes-nacionais-nos-4x100m-estilos\/#primaryimage"},"image":{"@id":"https:\/\/portaltela.pt\/noticias\/2026\/03\/31\/benfica-e-sporting-batem-recordes-nacionais-nos-4x100m-estilos\/#primaryimage"},"thumbnailUrl":"https:\/\/portaltela.pt\/s.01k8rhncp4jt1\/2026\/03\/2078386.jpg","datePublished":"2026-03-31T22:02:25+00:00","author":{"@id":"https:\/\/portaltela.pt\/#\/schema\/person\/c4278d4a6028830caff9ee44b42d32ed"},"breadcrumb":{"@id":"https:\/\/portaltela.pt\/noticias\/2026\/03\/31\/benfica-e-sporting-batem-recordes-nacionais-nos-4x100m-estilos\/#breadcrumb"},"inLanguage":"pt-PT","potentialAction":[{"@type":"ReadAction","target":["https:\/\/portaltela.pt\/noticias\/2026\/03\/31\/benfica-e-sporting-batem-recordes-nacionais-nos-4x100m-estilos\/"]}]},{"@type":"ImageObject","inLanguage":"pt-PT","@id":"https:\/\/portaltela.pt\/noticias\/2026\/03\/31\/benfica-e-sporting-batem-recordes-nacionais-nos-4x100m-estilos\/#primaryimage","url":"https:\/\/portaltela.pt\/s.01k8rhncp4jt1\/2026\/03\/2078386.jpg","contentUrl":"https:\/\/portaltela.pt\/s.01k8rhncp4jt1\/2026\/03\/2078386.jpg","width":796,"height":448,"caption":"A estafeta masculina do Benfica fixou um recorde nos 4x100m estilos"},{"@type":"BreadcrumbList","@id":"https:\/\/portaltela.pt\/noticias\/2026\/03\/31\/benfica-e-sporting-batem-recordes-nacionais-nos-4x100m-estilos\/#breadcrumb","itemListElement":[{"@type":"ListItem","position":1,"name":"In\u00edcio","item":"https:\/\/portaltela.pt\/"},{"@type":"ListItem","position":2,"name":"Benfica e Sporting batem recordes nacionais nos 4x100m estilos"}]},{"@type":"WebSite","@id":"https:\/\/portaltela.pt\/#website","url":"https:\/\/portaltela.pt\/","name":"Portal Tela Portugal","description":"","potentialAction":[{"@type":"SearchAction","target":{"@type":"EntryPoint","urlTemplate":"https:\/\/portaltela.pt\/?s={search_term_string}"},"query-input":{"@type":"PropertyValueSpecification","valueRequired":true,"valueName":"search_term_string"}}],"inLanguage":"pt-PT"},{"@type":"Person","@id":"https:\/\/portaltela.pt\/#\/schema\/person\/c4278d4a6028830caff9ee44b42d32ed","name":"Telinha","image":{"@type":"ImageObject","inLanguage":"pt-PT","@id":"https:\/\/portaltela.pt\/s.01k8rhncp4jt1\/2025\/11\/talking-bot-125x125.png","url":"https:\/\/portaltela.pt\/s.01k8rhncp4jt1\/2025\/11\/talking-bot-125x125.png","contentUrl":"https:\/\/portaltela.pt\/s.01k8rhncp4jt1\/2025\/11\/talking-bot-125x125.png","caption":"Telinha"},"sameAs":["https:\/\/portaltela.pt\/"],"url":"https:\/\/portaltela.pt\/por\/367410592786\/"}]}},"_links":{"self":[{"href":"https:\/\/portaltela.pt\/api\/wp\/v2\/posts\/428459","targetHints":{"allow":["GET"]}}],"collection":[{"href":"https:\/\/portaltela.pt\/api\/wp\/v2\/posts"}],"about":[{"href":"https:\/\/portaltela.pt\/api\/wp\/v2\/types\/post"}],"author":[{"embeddable":true,"href":"https:\/\/portaltela.pt\/api\/wp\/v2\/users\/2"}],"replies":[{"embeddable":true,"href":"https:\/\/portaltela.pt\/api\/wp\/v2\/comments?post=428459"}],"version-history":[{"count":0,"href":"https:\/\/portaltela.pt\/api\/wp\/v2\/posts\/428459\/revisions"}],"wp:featuredmedia":[{"embeddable":true,"href":"https:\/\/portaltela.pt\/api\/wp\/v2\/media\/428461"}],"wp:attachment":[{"href":"https:\/\/portaltela.pt\/api\/wp\/v2\/media?parent=428459"}],"wp:term":[{"taxonomy":"category","embeddable":true,"href":"https:\/\/portaltela.pt\/api\/wp\/v2\/categories?post=428459"},{"taxonomy":"post_tag","embeddable":true,"href":"https:\/\/portaltela.pt\/api\/wp\/v2\/tags?post=428459"}],"curies":[{"name":"wp","href":"https:\/\/api.w.org\/{rel}","templated":true}]}}