{"id":428439,"date":"2026-03-31T18:46:56","date_gmt":"2026-03-31T21:46:56","guid":{"rendered":"https:\/\/portaltela.pt\/noticias\/2026\/03\/31\/saha-diz-que-o-manchester-united-devia-contratar-bellingham\/"},"modified":"2026-03-31T18:46:56","modified_gmt":"2026-03-31T21:46:56","slug":"saha-diz-que-o-manchester-united-devia-contratar-bellingham","status":"publish","type":"post","link":"https:\/\/portaltela.pt\/desporto\/futebol\/2026\/03\/31\/saha-diz-que-o-manchester-united-devia-contratar-bellingham\/","title":{"rendered":"Saha diz que o Manchester United devia contratar Bellingham"},"content":{"rendered":"<p>Louis Saha, ex-jogador do Manchester United, voltou a colocar no centro das aten\u00e7\u00f5es uma poss\u00edvel contrata\u00e7\u00e3o para o clube de Old Trafford. Em declara\u00e7\u00f5es \u00e0 imprensa inglesa, o antigo defesa-avan\u00e7ado disse acreditar que Jude Bellingham encaixaria no projeto do United.<\/p>\n<p>Saha afirmou que Bellingham re\u00fane as qualidades ideais para a equipa, destacando a sua condi\u00e7\u00e3o f\u00edsica, versatilidade para jogar em v\u00e1rias posi\u00e7\u00f5es e o perfil de lideran\u00e7a. O coment\u00e1rio surge numa altura de rumores sobre refor\u00e7os para a pr\u00f3xima \u00e9poca.<\/p>\n<p>Questionado sobre a disponibilidade do jogador de 22 anos em regressar \u00e0 Inglaterra, o ex-international manteve a esperan\u00e7a de ver Bellingham na Premier League, deixando impl\u00edcita a possibilidade de uma mudan\u00e7a de ares para o clube brit\u00e2nico.<\/p>\n<h3>Interesse de Saha<\/h3>\n<p>A opini\u00e3o de Saha, que j\u00e1 vestiu a camisola do United, ganha relev\u00e2ncia pela liga\u00e7\u00e3o hist\u00f3rica com o clube. N\u00e3o h\u00e1 confirma\u00e7\u00e3o oficial sobre negocia\u00e7\u00f5es em curso entre o Manchester United e o Borussia Dortmund, atual detentor de Bellingham.<\/p>\n","protected":false},"excerpt":{"rendered":"<ul>\n<li>Louis Saha, antigo jogador do Manchester United, pediu \u00e0 dire\u00e7\u00e3o do clube para contratar Jude Bellingham no ver\u00e3o.<\/li>\n<li>Saha diz que Bellingham tem tudo o que a equipa precisa e descreve-o como uma ideia audaz, mas vi\u00e1vel.<\/li>\n<li>A vertente atl\u00e9tica de Bellingham \u00e9, para ele, a melhor do mundo, e pode atuar em v\u00e1rias posi\u00e7\u00f5es, incluindo m\u00e9dio de liga\u00e7\u00e3o (n\u00famero oito) e n\u00famero dez.<\/li>\n<li>O ex-jogador destaca ainda a lideran\u00e7a de Bellingham e acredita que seria o patr\u00e3o da equipa.<\/li>\n<li>Sobre a hip\u00f3tese de regressar \u00e0 Inglaterra, Saha afirma que Bellingham adoraria regressar e jogar na Premier League, para ele seria um sonho.<\/li>\n<\/ul>\n","protected":false},"author":2,"featured_media":428443,"comment_status":"closed","ping_status":"closed","sticky":false,"template":"","format":"standard","meta":{"footnotes":""},"categories":[21,24],"tags":[4811,32,3338,2967,3187,3369],"class_list":["post-428439","post","type-post","status-publish","format-standard","has-post-thumbnail","hentry","category-desporto","category-futebol","tag-borussia-dortmund","tag-futebol","tag-futebol-internacional","tag-jude-bellingham","tag-manchester-united","tag-premier-league"],"yoast_head":"<!-- This site is optimized with the Yoast SEO plugin v27.2 - https:\/\/yoast.com\/product\/yoast-seo-wordpress\/ -->\n<title>Saha diz que o Manchester United devia contratar Bellingham - Portal Tela Portugal<\/title>\n<meta name=\"robots\" content=\"index, follow, max-snippet:-1, max-image-preview:large, max-video-preview:-1\" \/>\n<meta property=\"og:locale\" content=\"pt_PT\" \/>\n<meta property=\"og:type\" content=\"article\" \/>\n<meta property=\"og:title\" content=\"Saha diz que o Manchester United devia contratar Bellingham - Portal Tela Portugal\" \/>\n<meta property=\"og:description\" content=\"Louis Saha, antigo jogador do Manchester United, pediu \u00e0 dire\u00e7\u00e3o do clube para contratar Jude Bellingham no ver\u00e3o. Saha diz que Bellingham tem tudo o que a equipa precisa e descreve-o como uma ideia audaz, mas vi\u00e1vel. A vertente atl\u00e9tica de Bellingham \u00e9, para ele, a melhor do mundo, e pode atuar em v\u00e1rias posi\u00e7\u00f5es, incluindo m\u00e9dio de liga\u00e7\u00e3o (n\u00famero oito) e n\u00famero dez. O ex-jogador destaca ainda a lideran\u00e7a de Bellingham e acredita que seria o patr\u00e3o da equipa. Sobre a hip\u00f3tese de regressar \u00e0 Inglaterra, Saha afirma que Bellingham adoraria regressar e jogar na Premier League, para ele seria um sonho.\" \/>\n<meta property=\"og:url\" content=\"https:\/\/portaltela.pt\/noticias\/2026\/03\/31\/saha-diz-que-o-manchester-united-devia-contratar-bellingham\/\" \/>\n<meta property=\"og:site_name\" content=\"Portal Tela Portugal\" \/>\n<meta property=\"article:published_time\" content=\"2026-03-31T21:46:56+00:00\" \/>\n<meta name=\"author\" content=\"Telinha\" \/>\n<meta name=\"twitter:card\" content=\"summary_large_image\" \/>\n<meta name=\"twitter:label1\" content=\"Escrito por\" \/>\n\t<meta name=\"twitter:data1\" content=\"Telinha\" \/>\n\t<meta name=\"twitter:label2\" content=\"Tempo estimado de leitura\" \/>\n\t<meta name=\"twitter:data2\" content=\"1 minuto\" \/>\n<script type=\"application\/ld+json\" class=\"yoast-schema-graph\">{\"@context\":\"https:\/\/schema.org\",\"@graph\":[{\"@type\":\"Article\",\"@id\":\"https:\/\/portaltela.pt\/noticias\/2026\/03\/31\/saha-diz-que-o-manchester-united-devia-contratar-bellingham\/#article\",\"isPartOf\":{\"@id\":\"https:\/\/portaltela.pt\/noticias\/2026\/03\/31\/saha-diz-que-o-manchester-united-devia-contratar-bellingham\/\"},\"author\":{\"name\":\"Telinha\",\"@id\":\"https:\/\/portaltela.pt\/#\/schema\/person\/c4278d4a6028830caff9ee44b42d32ed\"},\"headline\":\"Saha diz que o Manchester United devia contratar Bellingham\",\"datePublished\":\"2026-03-31T21:46:56+00:00\",\"mainEntityOfPage\":{\"@id\":\"https:\/\/portaltela.pt\/noticias\/2026\/03\/31\/saha-diz-que-o-manchester-united-devia-contratar-bellingham\/\"},\"wordCount\":190,\"image\":{\"@id\":\"https:\/\/portaltela.pt\/noticias\/2026\/03\/31\/saha-diz-que-o-manchester-united-devia-contratar-bellingham\/#primaryimage\"},\"thumbnailUrl\":\"https:\/\/portaltela.pt\/s.01k8rhncp4jt1\/2026\/03\/img_920x518uu2026-03-31-22-44-03-2430378.jpg\",\"keywords\":[\"Borussia Dortmund\",\"futebol\",\"futebol internacional\",\"Jude Bellingham\",\"Manchester United\",\"Premier League\"],\"articleSection\":[\"Desporto\",\"Futebol\"],\"inLanguage\":\"pt-PT\"},{\"@type\":\"WebPage\",\"@id\":\"https:\/\/portaltela.pt\/noticias\/2026\/03\/31\/saha-diz-que-o-manchester-united-devia-contratar-bellingham\/\",\"url\":\"https:\/\/portaltela.pt\/noticias\/2026\/03\/31\/saha-diz-que-o-manchester-united-devia-contratar-bellingham\/\",\"name\":\"Saha diz que o Manchester United devia contratar Bellingham - Portal Tela Portugal\",\"isPartOf\":{\"@id\":\"https:\/\/portaltela.pt\/#website\"},\"primaryImageOfPage\":{\"@id\":\"https:\/\/portaltela.pt\/noticias\/2026\/03\/31\/saha-diz-que-o-manchester-united-devia-contratar-bellingham\/#primaryimage\"},\"image\":{\"@id\":\"https:\/\/portaltela.pt\/noticias\/2026\/03\/31\/saha-diz-que-o-manchester-united-devia-contratar-bellingham\/#primaryimage\"},\"thumbnailUrl\":\"https:\/\/portaltela.pt\/s.01k8rhncp4jt1\/2026\/03\/img_920x518uu2026-03-31-22-44-03-2430378.jpg\",\"datePublished\":\"2026-03-31T21:46:56+00:00\",\"author\":{\"@id\":\"https:\/\/portaltela.pt\/#\/schema\/person\/c4278d4a6028830caff9ee44b42d32ed\"},\"breadcrumb\":{\"@id\":\"https:\/\/portaltela.pt\/noticias\/2026\/03\/31\/saha-diz-que-o-manchester-united-devia-contratar-bellingham\/#breadcrumb\"},\"inLanguage\":\"pt-PT\",\"potentialAction\":[{\"@type\":\"ReadAction\",\"target\":[\"https:\/\/portaltela.pt\/noticias\/2026\/03\/31\/saha-diz-que-o-manchester-united-devia-contratar-bellingham\/\"]}]},{\"@type\":\"ImageObject\",\"inLanguage\":\"pt-PT\",\"@id\":\"https:\/\/portaltela.pt\/noticias\/2026\/03\/31\/saha-diz-que-o-manchester-united-devia-contratar-bellingham\/#primaryimage\",\"url\":\"https:\/\/portaltela.pt\/s.01k8rhncp4jt1\/2026\/03\/img_920x518uu2026-03-31-22-44-03-2430378.jpg\",\"contentUrl\":\"https:\/\/portaltela.pt\/s.01k8rhncp4jt1\/2026\/03\/img_920x518uu2026-03-31-22-44-03-2430378.jpg\",\"width\":796,\"height\":448,\"caption\":\"Saha insiste na contrata\u00e7\u00e3o de Bellingham para o Manchester United\"},{\"@type\":\"BreadcrumbList\",\"@id\":\"https:\/\/portaltela.pt\/noticias\/2026\/03\/31\/saha-diz-que-o-manchester-united-devia-contratar-bellingham\/#breadcrumb\",\"itemListElement\":[{\"@type\":\"ListItem\",\"position\":1,\"name\":\"In\u00edcio\",\"item\":\"https:\/\/portaltela.pt\/\"},{\"@type\":\"ListItem\",\"position\":2,\"name\":\"Saha diz que o Manchester United devia contratar Bellingham\"}]},{\"@type\":\"WebSite\",\"@id\":\"https:\/\/portaltela.pt\/#website\",\"url\":\"https:\/\/portaltela.pt\/\",\"name\":\"Portal Tela Portugal\",\"description\":\"\",\"potentialAction\":[{\"@type\":\"SearchAction\",\"target\":{\"@type\":\"EntryPoint\",\"urlTemplate\":\"https:\/\/portaltela.pt\/?s={search_term_string}\"},\"query-input\":{\"@type\":\"PropertyValueSpecification\",\"valueRequired\":true,\"valueName\":\"search_term_string\"}}],\"inLanguage\":\"pt-PT\"},{\"@type\":\"Person\",\"@id\":\"https:\/\/portaltela.pt\/#\/schema\/person\/c4278d4a6028830caff9ee44b42d32ed\",\"name\":\"Telinha\",\"image\":{\"@type\":\"ImageObject\",\"inLanguage\":\"pt-PT\",\"@id\":\"https:\/\/portaltela.pt\/s.01k8rhncp4jt1\/2025\/11\/talking-bot-125x125.png\",\"url\":\"https:\/\/portaltela.pt\/s.01k8rhncp4jt1\/2025\/11\/talking-bot-125x125.png\",\"contentUrl\":\"https:\/\/portaltela.pt\/s.01k8rhncp4jt1\/2025\/11\/talking-bot-125x125.png\",\"caption\":\"Telinha\"},\"sameAs\":[\"https:\/\/portaltela.pt\/\"],\"url\":\"https:\/\/portaltela.pt\/por\/367410592786\/\"}]}<\/script>\n<!-- \/ Yoast SEO plugin. -->","yoast_head_json":{"title":"Saha diz que o Manchester United devia contratar Bellingham - Portal Tela Portugal","robots":{"index":"index","follow":"follow","max-snippet":"max-snippet:-1","max-image-preview":"max-image-preview:large","max-video-preview":"max-video-preview:-1"},"og_locale":"pt_PT","og_type":"article","og_title":"Saha diz que o Manchester United devia contratar Bellingham - Portal Tela Portugal","og_description":"Louis Saha, antigo jogador do Manchester United, pediu \u00e0 dire\u00e7\u00e3o do clube para contratar Jude Bellingham no ver\u00e3o. Saha diz que Bellingham tem tudo o que a equipa precisa e descreve-o como uma ideia audaz, mas vi\u00e1vel. A vertente atl\u00e9tica de Bellingham \u00e9, para ele, a melhor do mundo, e pode atuar em v\u00e1rias posi\u00e7\u00f5es, incluindo m\u00e9dio de liga\u00e7\u00e3o (n\u00famero oito) e n\u00famero dez. O ex-jogador destaca ainda a lideran\u00e7a de Bellingham e acredita que seria o patr\u00e3o da equipa. Sobre a hip\u00f3tese de regressar \u00e0 Inglaterra, Saha afirma que Bellingham adoraria regressar e jogar na Premier League, para ele seria um sonho.","og_url":"https:\/\/portaltela.pt\/noticias\/2026\/03\/31\/saha-diz-que-o-manchester-united-devia-contratar-bellingham\/","og_site_name":"Portal Tela Portugal","article_published_time":"2026-03-31T21:46:56+00:00","author":"Telinha","twitter_card":"summary_large_image","twitter_misc":{"Escrito por":"Telinha","Tempo estimado de leitura":"1 minuto"},"schema":{"@context":"https:\/\/schema.org","@graph":[{"@type":"Article","@id":"https:\/\/portaltela.pt\/noticias\/2026\/03\/31\/saha-diz-que-o-manchester-united-devia-contratar-bellingham\/#article","isPartOf":{"@id":"https:\/\/portaltela.pt\/noticias\/2026\/03\/31\/saha-diz-que-o-manchester-united-devia-contratar-bellingham\/"},"author":{"name":"Telinha","@id":"https:\/\/portaltela.pt\/#\/schema\/person\/c4278d4a6028830caff9ee44b42d32ed"},"headline":"Saha diz que o Manchester United devia contratar Bellingham","datePublished":"2026-03-31T21:46:56+00:00","mainEntityOfPage":{"@id":"https:\/\/portaltela.pt\/noticias\/2026\/03\/31\/saha-diz-que-o-manchester-united-devia-contratar-bellingham\/"},"wordCount":190,"image":{"@id":"https:\/\/portaltela.pt\/noticias\/2026\/03\/31\/saha-diz-que-o-manchester-united-devia-contratar-bellingham\/#primaryimage"},"thumbnailUrl":"https:\/\/portaltela.pt\/s.01k8rhncp4jt1\/2026\/03\/img_920x518uu2026-03-31-22-44-03-2430378.jpg","keywords":["Borussia Dortmund","futebol","futebol internacional","Jude Bellingham","Manchester United","Premier League"],"articleSection":["Desporto","Futebol"],"inLanguage":"pt-PT"},{"@type":"WebPage","@id":"https:\/\/portaltela.pt\/noticias\/2026\/03\/31\/saha-diz-que-o-manchester-united-devia-contratar-bellingham\/","url":"https:\/\/portaltela.pt\/noticias\/2026\/03\/31\/saha-diz-que-o-manchester-united-devia-contratar-bellingham\/","name":"Saha diz que o Manchester United devia contratar Bellingham - Portal Tela Portugal","isPartOf":{"@id":"https:\/\/portaltela.pt\/#website"},"primaryImageOfPage":{"@id":"https:\/\/portaltela.pt\/noticias\/2026\/03\/31\/saha-diz-que-o-manchester-united-devia-contratar-bellingham\/#primaryimage"},"image":{"@id":"https:\/\/portaltela.pt\/noticias\/2026\/03\/31\/saha-diz-que-o-manchester-united-devia-contratar-bellingham\/#primaryimage"},"thumbnailUrl":"https:\/\/portaltela.pt\/s.01k8rhncp4jt1\/2026\/03\/img_920x518uu2026-03-31-22-44-03-2430378.jpg","datePublished":"2026-03-31T21:46:56+00:00","author":{"@id":"https:\/\/portaltela.pt\/#\/schema\/person\/c4278d4a6028830caff9ee44b42d32ed"},"breadcrumb":{"@id":"https:\/\/portaltela.pt\/noticias\/2026\/03\/31\/saha-diz-que-o-manchester-united-devia-contratar-bellingham\/#breadcrumb"},"inLanguage":"pt-PT","potentialAction":[{"@type":"ReadAction","target":["https:\/\/portaltela.pt\/noticias\/2026\/03\/31\/saha-diz-que-o-manchester-united-devia-contratar-bellingham\/"]}]},{"@type":"ImageObject","inLanguage":"pt-PT","@id":"https:\/\/portaltela.pt\/noticias\/2026\/03\/31\/saha-diz-que-o-manchester-united-devia-contratar-bellingham\/#primaryimage","url":"https:\/\/portaltela.pt\/s.01k8rhncp4jt1\/2026\/03\/img_920x518uu2026-03-31-22-44-03-2430378.jpg","contentUrl":"https:\/\/portaltela.pt\/s.01k8rhncp4jt1\/2026\/03\/img_920x518uu2026-03-31-22-44-03-2430378.jpg","width":796,"height":448,"caption":"Saha insiste na contrata\u00e7\u00e3o de Bellingham para o Manchester United"},{"@type":"BreadcrumbList","@id":"https:\/\/portaltela.pt\/noticias\/2026\/03\/31\/saha-diz-que-o-manchester-united-devia-contratar-bellingham\/#breadcrumb","itemListElement":[{"@type":"ListItem","position":1,"name":"In\u00edcio","item":"https:\/\/portaltela.pt\/"},{"@type":"ListItem","position":2,"name":"Saha diz que o Manchester United devia contratar Bellingham"}]},{"@type":"WebSite","@id":"https:\/\/portaltela.pt\/#website","url":"https:\/\/portaltela.pt\/","name":"Portal Tela Portugal","description":"","potentialAction":[{"@type":"SearchAction","target":{"@type":"EntryPoint","urlTemplate":"https:\/\/portaltela.pt\/?s={search_term_string}"},"query-input":{"@type":"PropertyValueSpecification","valueRequired":true,"valueName":"search_term_string"}}],"inLanguage":"pt-PT"},{"@type":"Person","@id":"https:\/\/portaltela.pt\/#\/schema\/person\/c4278d4a6028830caff9ee44b42d32ed","name":"Telinha","image":{"@type":"ImageObject","inLanguage":"pt-PT","@id":"https:\/\/portaltela.pt\/s.01k8rhncp4jt1\/2025\/11\/talking-bot-125x125.png","url":"https:\/\/portaltela.pt\/s.01k8rhncp4jt1\/2025\/11\/talking-bot-125x125.png","contentUrl":"https:\/\/portaltela.pt\/s.01k8rhncp4jt1\/2025\/11\/talking-bot-125x125.png","caption":"Telinha"},"sameAs":["https:\/\/portaltela.pt\/"],"url":"https:\/\/portaltela.pt\/por\/367410592786\/"}]}},"_links":{"self":[{"href":"https:\/\/portaltela.pt\/api\/wp\/v2\/posts\/428439","targetHints":{"allow":["GET"]}}],"collection":[{"href":"https:\/\/portaltela.pt\/api\/wp\/v2\/posts"}],"about":[{"href":"https:\/\/portaltela.pt\/api\/wp\/v2\/types\/post"}],"author":[{"embeddable":true,"href":"https:\/\/portaltela.pt\/api\/wp\/v2\/users\/2"}],"replies":[{"embeddable":true,"href":"https:\/\/portaltela.pt\/api\/wp\/v2\/comments?post=428439"}],"version-history":[{"count":0,"href":"https:\/\/portaltela.pt\/api\/wp\/v2\/posts\/428439\/revisions"}],"wp:featuredmedia":[{"embeddable":true,"href":"https:\/\/portaltela.pt\/api\/wp\/v2\/media\/428443"}],"wp:attachment":[{"href":"https:\/\/portaltela.pt\/api\/wp\/v2\/media?parent=428439"}],"wp:term":[{"taxonomy":"category","embeddable":true,"href":"https:\/\/portaltela.pt\/api\/wp\/v2\/categories?post=428439"},{"taxonomy":"post_tag","embeddable":true,"href":"https:\/\/portaltela.pt\/api\/wp\/v2\/tags?post=428439"}],"curies":[{"name":"wp","href":"https:\/\/api.w.org\/{rel}","templated":true}]}}