{"id":428433,"date":"2026-03-31T18:32:27","date_gmt":"2026-03-31T21:32:27","guid":{"rendered":"https:\/\/portaltela.pt\/noticias\/2026\/03\/31\/investidores-interessados-em-transformar-clube-num-novo-santa-clara\/"},"modified":"2026-03-31T18:32:27","modified_gmt":"2026-03-31T21:32:27","slug":"investidores-interessados-em-transformar-clube-num-novo-santa-clara","status":"publish","type":"post","link":"https:\/\/portaltela.pt\/desporto\/futebol\/2026\/03\/31\/investidores-interessados-em-transformar-clube-num-novo-santa-clara\/","title":{"rendered":"Investidores interessados em transformar clube num novo Santa Clara"},"content":{"rendered":"<p>Duas entidades desportivas da Regi\u00e3o Aut\u00f3noma dos A\u00e7ores anunciaram uma parceria de interesse recente. A liga\u00e7\u00e3o envolve uma filial do Vit\u00f3ria Futebol Clube (V. Set\u00fabal) em S\u00e3o Miguel e a firma Brands Capital Sports, com o objetivo de explorar oportunidades no mercado do desporto regional.<\/p>\n<p>O Vit\u00f3ria Clube Pico da Pedra, do Campeonato de Ponta Delgada, fechou um acordo exclusivo com a Brands Capital Sports. A assinatura ocorreu no \u00e2mbito de uma parceria estrat\u00e9gica com o empres\u00e1rio S\u00e9rgio Duarte.<\/p>\n<p>Na cerim\u00f3nia de assinatura, estiveram presentes Ricardo Estrela, presidente do clube a\u00e7oriano, e Rita Viana, a vice-presidente. O ato ocorreu no m\u00eas de novembro passado, segundo o registo dispon\u00edvel.<\/p>\n<h3>Parcerias estrat\u00e9gicas e implica\u00e7\u00f5es<\/h3>\n<p>A parceria visa captar investimentos e potencialmente transformar o perfil do clube, procurando sintonizar-se com outras entidades desportivas de refer\u00eancia. N\u00e3o foram avan\u00e7ados detalhes financeiros do acordo nem prazos de implementa\u00e7\u00e3o.<\/p>\n<p>A iniciativa insere-se num contexto de maior colabora\u00e7\u00e3o entre clubes da regi\u00e3o e agentes ligados ao desporto, com foco em renova\u00e7\u00e3o de estruturas, patroc\u00ednios e oportunidades de crescimento institucional.<\/p>\n","protected":false},"excerpt":{"rendered":"<ul>\n<li>Existem investidores interessados em transformar o Vit\u00f3ria Clube Pico da Pedra noutro Santa Clara.<\/li>\n<li>A filial do Vit\u00f3ria de Set\u00fabal em S\u00e3o Miguel assinou uma parceria com a Brands Capital Sports.<\/li>\n<li>O Vit\u00f3ria Clube Pico da Pedra, do Campeonato de Ponta Delgada, firmou uma parceria exclusiva com a empresa de S\u00e9rgio Duarte.<\/li>\n<li>Na foto da assinatura, aparecem Ricardo Estrela, presidente, e Rita Viana, verea (vice-presidente) do clube a\u00e7oriano, em novembro passado.<\/li>\n<\/ul>\n","protected":false},"author":2,"featured_media":428435,"comment_status":"closed","ping_status":"closed","sticky":false,"template":"","format":"standard","meta":{"footnotes":""},"categories":[21,24],"tags":[822,152,316,1996,2783],"class_list":["post-428433","post","type-post","status-publish","format-standard","has-post-thumbnail","hentry","category-desporto","category-futebol","tag-acores","tag-desporto","tag-investimento","tag-parcerias-internacionais","tag-patrocinio"],"yoast_head":"<!-- This site is optimized with the Yoast SEO plugin v27.2 - https:\/\/yoast.com\/product\/yoast-seo-wordpress\/ -->\n<title>Investidores interessados em transformar clube num novo Santa Clara - Portal Tela Portugal<\/title>\n<meta name=\"robots\" content=\"index, follow, max-snippet:-1, max-image-preview:large, max-video-preview:-1\" \/>\n<meta property=\"og:locale\" content=\"pt_PT\" \/>\n<meta property=\"og:type\" content=\"article\" \/>\n<meta property=\"og:title\" content=\"Investidores interessados em transformar clube num novo Santa Clara - Portal Tela Portugal\" \/>\n<meta property=\"og:description\" content=\"Existem investidores interessados em transformar o Vit\u00f3ria Clube Pico da Pedra noutro Santa Clara. A filial do Vit\u00f3ria de Set\u00fabal em S\u00e3o Miguel assinou uma parceria com a Brands Capital Sports. O Vit\u00f3ria Clube Pico da Pedra, do Campeonato de Ponta Delgada, firmou uma parceria exclusiva com a empresa de S\u00e9rgio Duarte. Na foto da assinatura, aparecem Ricardo Estrela, presidente, e Rita Viana, verea (vice-presidente) do clube a\u00e7oriano, em novembro passado.\" \/>\n<meta property=\"og:url\" content=\"https:\/\/portaltela.pt\/noticias\/2026\/03\/31\/investidores-interessados-em-transformar-clube-num-novo-santa-clara\/\" \/>\n<meta property=\"og:site_name\" content=\"Portal Tela Portugal\" \/>\n<meta property=\"article:published_time\" content=\"2026-03-31T21:32:27+00:00\" \/>\n<meta name=\"author\" content=\"Telinha\" \/>\n<meta name=\"twitter:card\" content=\"summary_large_image\" \/>\n<meta name=\"twitter:label1\" content=\"Escrito por\" \/>\n\t<meta name=\"twitter:data1\" content=\"Telinha\" \/>\n\t<meta name=\"twitter:label2\" content=\"Tempo estimado de leitura\" \/>\n\t<meta name=\"twitter:data2\" content=\"1 minuto\" \/>\n<script type=\"application\/ld+json\" class=\"yoast-schema-graph\">{\"@context\":\"https:\/\/schema.org\",\"@graph\":[{\"@type\":\"Article\",\"@id\":\"https:\/\/portaltela.pt\/noticias\/2026\/03\/31\/investidores-interessados-em-transformar-clube-num-novo-santa-clara\/#article\",\"isPartOf\":{\"@id\":\"https:\/\/portaltela.pt\/noticias\/2026\/03\/31\/investidores-interessados-em-transformar-clube-num-novo-santa-clara\/\"},\"author\":{\"name\":\"Telinha\",\"@id\":\"https:\/\/portaltela.pt\/#\/schema\/person\/c4278d4a6028830caff9ee44b42d32ed\"},\"headline\":\"Investidores interessados em transformar clube num novo Santa Clara\",\"datePublished\":\"2026-03-31T21:32:27+00:00\",\"mainEntityOfPage\":{\"@id\":\"https:\/\/portaltela.pt\/noticias\/2026\/03\/31\/investidores-interessados-em-transformar-clube-num-novo-santa-clara\/\"},\"wordCount\":206,\"image\":{\"@id\":\"https:\/\/portaltela.pt\/noticias\/2026\/03\/31\/investidores-interessados-em-transformar-clube-num-novo-santa-clara\/#primaryimage\"},\"thumbnailUrl\":\"https:\/\/portaltela.pt\/s.01k8rhncp4jt1\/2026\/03\/img_920x518uu2026-03-31-00-41-17-2430218-im-639105689826823521.jpg\",\"keywords\":[\"A\u00e7ores\",\"desporto\",\"investimento\",\"parcerias internacionais\",\"patroc\u00ednio\"],\"articleSection\":[\"Desporto\",\"Futebol\"],\"inLanguage\":\"pt-PT\"},{\"@type\":\"WebPage\",\"@id\":\"https:\/\/portaltela.pt\/noticias\/2026\/03\/31\/investidores-interessados-em-transformar-clube-num-novo-santa-clara\/\",\"url\":\"https:\/\/portaltela.pt\/noticias\/2026\/03\/31\/investidores-interessados-em-transformar-clube-num-novo-santa-clara\/\",\"name\":\"Investidores interessados em transformar clube num novo Santa Clara - Portal Tela Portugal\",\"isPartOf\":{\"@id\":\"https:\/\/portaltela.pt\/#website\"},\"primaryImageOfPage\":{\"@id\":\"https:\/\/portaltela.pt\/noticias\/2026\/03\/31\/investidores-interessados-em-transformar-clube-num-novo-santa-clara\/#primaryimage\"},\"image\":{\"@id\":\"https:\/\/portaltela.pt\/noticias\/2026\/03\/31\/investidores-interessados-em-transformar-clube-num-novo-santa-clara\/#primaryimage\"},\"thumbnailUrl\":\"https:\/\/portaltela.pt\/s.01k8rhncp4jt1\/2026\/03\/img_920x518uu2026-03-31-00-41-17-2430218-im-639105689826823521.jpg\",\"datePublished\":\"2026-03-31T21:32:27+00:00\",\"author\":{\"@id\":\"https:\/\/portaltela.pt\/#\/schema\/person\/c4278d4a6028830caff9ee44b42d32ed\"},\"breadcrumb\":{\"@id\":\"https:\/\/portaltela.pt\/noticias\/2026\/03\/31\/investidores-interessados-em-transformar-clube-num-novo-santa-clara\/#breadcrumb\"},\"inLanguage\":\"pt-PT\",\"potentialAction\":[{\"@type\":\"ReadAction\",\"target\":[\"https:\/\/portaltela.pt\/noticias\/2026\/03\/31\/investidores-interessados-em-transformar-clube-num-novo-santa-clara\/\"]}]},{\"@type\":\"ImageObject\",\"inLanguage\":\"pt-PT\",\"@id\":\"https:\/\/portaltela.pt\/noticias\/2026\/03\/31\/investidores-interessados-em-transformar-clube-num-novo-santa-clara\/#primaryimage\",\"url\":\"https:\/\/portaltela.pt\/s.01k8rhncp4jt1\/2026\/03\/img_920x518uu2026-03-31-00-41-17-2430218-im-639105689826823521.jpg\",\"contentUrl\":\"https:\/\/portaltela.pt\/s.01k8rhncp4jt1\/2026\/03\/img_920x518uu2026-03-31-00-41-17-2430218-im-639105689826823521.jpg\",\"width\":796,\"height\":448,\"caption\":\"S\u00e9rgio Duarte (esq.) com Ricardo Estrela e Rita Viana, presidente e \u2018vice\u2019 do emblema a\u00e7oriano, respetivamente\"},{\"@type\":\"BreadcrumbList\",\"@id\":\"https:\/\/portaltela.pt\/noticias\/2026\/03\/31\/investidores-interessados-em-transformar-clube-num-novo-santa-clara\/#breadcrumb\",\"itemListElement\":[{\"@type\":\"ListItem\",\"position\":1,\"name\":\"In\u00edcio\",\"item\":\"https:\/\/portaltela.pt\/\"},{\"@type\":\"ListItem\",\"position\":2,\"name\":\"Investidores interessados em transformar clube num novo Santa Clara\"}]},{\"@type\":\"WebSite\",\"@id\":\"https:\/\/portaltela.pt\/#website\",\"url\":\"https:\/\/portaltela.pt\/\",\"name\":\"Portal Tela Portugal\",\"description\":\"\",\"potentialAction\":[{\"@type\":\"SearchAction\",\"target\":{\"@type\":\"EntryPoint\",\"urlTemplate\":\"https:\/\/portaltela.pt\/?s={search_term_string}\"},\"query-input\":{\"@type\":\"PropertyValueSpecification\",\"valueRequired\":true,\"valueName\":\"search_term_string\"}}],\"inLanguage\":\"pt-PT\"},{\"@type\":\"Person\",\"@id\":\"https:\/\/portaltela.pt\/#\/schema\/person\/c4278d4a6028830caff9ee44b42d32ed\",\"name\":\"Telinha\",\"image\":{\"@type\":\"ImageObject\",\"inLanguage\":\"pt-PT\",\"@id\":\"https:\/\/portaltela.pt\/s.01k8rhncp4jt1\/2025\/11\/talking-bot-125x125.png\",\"url\":\"https:\/\/portaltela.pt\/s.01k8rhncp4jt1\/2025\/11\/talking-bot-125x125.png\",\"contentUrl\":\"https:\/\/portaltela.pt\/s.01k8rhncp4jt1\/2025\/11\/talking-bot-125x125.png\",\"caption\":\"Telinha\"},\"sameAs\":[\"https:\/\/portaltela.pt\/\"],\"url\":\"https:\/\/portaltela.pt\/por\/367410592786\/\"}]}<\/script>\n<!-- \/ Yoast SEO plugin. -->","yoast_head_json":{"title":"Investidores interessados em transformar clube num novo Santa Clara - Portal Tela Portugal","robots":{"index":"index","follow":"follow","max-snippet":"max-snippet:-1","max-image-preview":"max-image-preview:large","max-video-preview":"max-video-preview:-1"},"og_locale":"pt_PT","og_type":"article","og_title":"Investidores interessados em transformar clube num novo Santa Clara - Portal Tela Portugal","og_description":"Existem investidores interessados em transformar o Vit\u00f3ria Clube Pico da Pedra noutro Santa Clara. A filial do Vit\u00f3ria de Set\u00fabal em S\u00e3o Miguel assinou uma parceria com a Brands Capital Sports. O Vit\u00f3ria Clube Pico da Pedra, do Campeonato de Ponta Delgada, firmou uma parceria exclusiva com a empresa de S\u00e9rgio Duarte. Na foto da assinatura, aparecem Ricardo Estrela, presidente, e Rita Viana, verea (vice-presidente) do clube a\u00e7oriano, em novembro passado.","og_url":"https:\/\/portaltela.pt\/noticias\/2026\/03\/31\/investidores-interessados-em-transformar-clube-num-novo-santa-clara\/","og_site_name":"Portal Tela Portugal","article_published_time":"2026-03-31T21:32:27+00:00","author":"Telinha","twitter_card":"summary_large_image","twitter_misc":{"Escrito por":"Telinha","Tempo estimado de leitura":"1 minuto"},"schema":{"@context":"https:\/\/schema.org","@graph":[{"@type":"Article","@id":"https:\/\/portaltela.pt\/noticias\/2026\/03\/31\/investidores-interessados-em-transformar-clube-num-novo-santa-clara\/#article","isPartOf":{"@id":"https:\/\/portaltela.pt\/noticias\/2026\/03\/31\/investidores-interessados-em-transformar-clube-num-novo-santa-clara\/"},"author":{"name":"Telinha","@id":"https:\/\/portaltela.pt\/#\/schema\/person\/c4278d4a6028830caff9ee44b42d32ed"},"headline":"Investidores interessados em transformar clube num novo Santa Clara","datePublished":"2026-03-31T21:32:27+00:00","mainEntityOfPage":{"@id":"https:\/\/portaltela.pt\/noticias\/2026\/03\/31\/investidores-interessados-em-transformar-clube-num-novo-santa-clara\/"},"wordCount":206,"image":{"@id":"https:\/\/portaltela.pt\/noticias\/2026\/03\/31\/investidores-interessados-em-transformar-clube-num-novo-santa-clara\/#primaryimage"},"thumbnailUrl":"https:\/\/portaltela.pt\/s.01k8rhncp4jt1\/2026\/03\/img_920x518uu2026-03-31-00-41-17-2430218-im-639105689826823521.jpg","keywords":["A\u00e7ores","desporto","investimento","parcerias internacionais","patroc\u00ednio"],"articleSection":["Desporto","Futebol"],"inLanguage":"pt-PT"},{"@type":"WebPage","@id":"https:\/\/portaltela.pt\/noticias\/2026\/03\/31\/investidores-interessados-em-transformar-clube-num-novo-santa-clara\/","url":"https:\/\/portaltela.pt\/noticias\/2026\/03\/31\/investidores-interessados-em-transformar-clube-num-novo-santa-clara\/","name":"Investidores interessados em transformar clube num novo Santa Clara - Portal Tela Portugal","isPartOf":{"@id":"https:\/\/portaltela.pt\/#website"},"primaryImageOfPage":{"@id":"https:\/\/portaltela.pt\/noticias\/2026\/03\/31\/investidores-interessados-em-transformar-clube-num-novo-santa-clara\/#primaryimage"},"image":{"@id":"https:\/\/portaltela.pt\/noticias\/2026\/03\/31\/investidores-interessados-em-transformar-clube-num-novo-santa-clara\/#primaryimage"},"thumbnailUrl":"https:\/\/portaltela.pt\/s.01k8rhncp4jt1\/2026\/03\/img_920x518uu2026-03-31-00-41-17-2430218-im-639105689826823521.jpg","datePublished":"2026-03-31T21:32:27+00:00","author":{"@id":"https:\/\/portaltela.pt\/#\/schema\/person\/c4278d4a6028830caff9ee44b42d32ed"},"breadcrumb":{"@id":"https:\/\/portaltela.pt\/noticias\/2026\/03\/31\/investidores-interessados-em-transformar-clube-num-novo-santa-clara\/#breadcrumb"},"inLanguage":"pt-PT","potentialAction":[{"@type":"ReadAction","target":["https:\/\/portaltela.pt\/noticias\/2026\/03\/31\/investidores-interessados-em-transformar-clube-num-novo-santa-clara\/"]}]},{"@type":"ImageObject","inLanguage":"pt-PT","@id":"https:\/\/portaltela.pt\/noticias\/2026\/03\/31\/investidores-interessados-em-transformar-clube-num-novo-santa-clara\/#primaryimage","url":"https:\/\/portaltela.pt\/s.01k8rhncp4jt1\/2026\/03\/img_920x518uu2026-03-31-00-41-17-2430218-im-639105689826823521.jpg","contentUrl":"https:\/\/portaltela.pt\/s.01k8rhncp4jt1\/2026\/03\/img_920x518uu2026-03-31-00-41-17-2430218-im-639105689826823521.jpg","width":796,"height":448,"caption":"S\u00e9rgio Duarte (esq.) com Ricardo Estrela e Rita Viana, presidente e \u2018vice\u2019 do emblema a\u00e7oriano, respetivamente"},{"@type":"BreadcrumbList","@id":"https:\/\/portaltela.pt\/noticias\/2026\/03\/31\/investidores-interessados-em-transformar-clube-num-novo-santa-clara\/#breadcrumb","itemListElement":[{"@type":"ListItem","position":1,"name":"In\u00edcio","item":"https:\/\/portaltela.pt\/"},{"@type":"ListItem","position":2,"name":"Investidores interessados em transformar clube num novo Santa Clara"}]},{"@type":"WebSite","@id":"https:\/\/portaltela.pt\/#website","url":"https:\/\/portaltela.pt\/","name":"Portal Tela Portugal","description":"","potentialAction":[{"@type":"SearchAction","target":{"@type":"EntryPoint","urlTemplate":"https:\/\/portaltela.pt\/?s={search_term_string}"},"query-input":{"@type":"PropertyValueSpecification","valueRequired":true,"valueName":"search_term_string"}}],"inLanguage":"pt-PT"},{"@type":"Person","@id":"https:\/\/portaltela.pt\/#\/schema\/person\/c4278d4a6028830caff9ee44b42d32ed","name":"Telinha","image":{"@type":"ImageObject","inLanguage":"pt-PT","@id":"https:\/\/portaltela.pt\/s.01k8rhncp4jt1\/2025\/11\/talking-bot-125x125.png","url":"https:\/\/portaltela.pt\/s.01k8rhncp4jt1\/2025\/11\/talking-bot-125x125.png","contentUrl":"https:\/\/portaltela.pt\/s.01k8rhncp4jt1\/2025\/11\/talking-bot-125x125.png","caption":"Telinha"},"sameAs":["https:\/\/portaltela.pt\/"],"url":"https:\/\/portaltela.pt\/por\/367410592786\/"}]}},"_links":{"self":[{"href":"https:\/\/portaltela.pt\/api\/wp\/v2\/posts\/428433","targetHints":{"allow":["GET"]}}],"collection":[{"href":"https:\/\/portaltela.pt\/api\/wp\/v2\/posts"}],"about":[{"href":"https:\/\/portaltela.pt\/api\/wp\/v2\/types\/post"}],"author":[{"embeddable":true,"href":"https:\/\/portaltela.pt\/api\/wp\/v2\/users\/2"}],"replies":[{"embeddable":true,"href":"https:\/\/portaltela.pt\/api\/wp\/v2\/comments?post=428433"}],"version-history":[{"count":0,"href":"https:\/\/portaltela.pt\/api\/wp\/v2\/posts\/428433\/revisions"}],"wp:featuredmedia":[{"embeddable":true,"href":"https:\/\/portaltela.pt\/api\/wp\/v2\/media\/428435"}],"wp:attachment":[{"href":"https:\/\/portaltela.pt\/api\/wp\/v2\/media?parent=428433"}],"wp:term":[{"taxonomy":"category","embeddable":true,"href":"https:\/\/portaltela.pt\/api\/wp\/v2\/categories?post=428433"},{"taxonomy":"post_tag","embeddable":true,"href":"https:\/\/portaltela.pt\/api\/wp\/v2\/tags?post=428433"}],"curies":[{"name":"wp","href":"https:\/\/api.w.org\/{rel}","templated":true}]}}