{"id":428415,"date":"2026-03-31T18:17:15","date_gmt":"2026-03-31T21:17:15","guid":{"rendered":"https:\/\/portaltela.pt\/noticias\/2026\/03\/31\/concurso-para-200-tecnicos-do-inem-tem-apenas-68-aprovados\/"},"modified":"2026-03-31T18:17:15","modified_gmt":"2026-03-31T21:17:15","slug":"concurso-para-200-tecnicos-do-inem-tem-apenas-68-aprovados","status":"publish","type":"post","link":"https:\/\/portaltela.pt\/saude\/2026\/03\/31\/concurso-para-200-tecnicos-do-inem-tem-apenas-68-aprovados\/","title":{"rendered":"Concurso para 200 t\u00e9cnicos do INEM tem apenas 68 aprovados"},"content":{"rendered":"<p>O concurso para 200 t\u00e9cnicos de emerg\u00eancia pr\u00e9-hospitalar do INEM na regi\u00e3o de Lisboa, que j\u00e1 contava com 200 vagas, reduz-se a 68 candidaturas restantes. Ainda h\u00e1 possibilidade de reprova\u00e7\u00e3o na forma\u00e7\u00e3o durante o per\u00edodo experimental, o que pode alterar o n\u00famero final de contratados.<\/p>\n<p>A prioridade do instituto \u00e9 assegurar resposta suficiente para a rede de ambul\u00e2ncias da capital, independentemente do estado de conclus\u00e3o do processo seletivo. A dire\u00e7\u00e3o decidiu avan\u00e7ar com a contrata\u00e7\u00e3o de meios dispon\u00edveis junto dos bombeiros.<\/p>\n<p>Lisboa dever\u00e1 ganhar 18 ambul\u00e2ncias novas dos bombeiros at\u00e9 ao final de abril, num refor\u00e7o da frota para atendimento de emerg\u00eancias. O concurso para renova\u00e7\u00e3o da frota est\u00e1 pendente de vistos e documentos oficiais.<\/p>\n<p>Segundo o presidente do INEM, n\u00e3o ter\u00e1 que aguardar pela conclus\u00e3o integral do concurso para colocar meios ao servi\u00e7o. A administra\u00e7\u00e3o optou por contratar, de imediato, com os bombeiros todos os recursos que estiverem dispon\u00edveis.<\/p>\n<p>A avalia\u00e7\u00e3o do processo decorre com uma forma\u00e7\u00e3o em curso, durante o per\u00edodo experimental dos candidatos. A Administra\u00e7\u00e3o oferece uma solu\u00e7\u00e3o r\u00e1pida para manter o ritmo de atendimento na rede de emerg\u00eancia da regi\u00e3o.<\/p>\n","protected":false},"excerpt":{"rendered":"<ul>\n<li>O concurso para 200 t\u00e9cnicos de emerg\u00eancia pr\u00e9-hospitalar do INEM para Lisboa e Vale do Tejo e Alentejo ficou com apenas 68 vagas, com alguns candidatos ainda a poder chumbar na forma\u00e7\u00e3o.<\/li>\n<li>O presidente do INEM afirmou que n\u00e3o vai esperar por t\u00e9cnicos para tripular as ambul\u00e2ncias em Lisboa e contratualizou com os bombeiros todos os meios dispon\u00edveis.<\/li>\n<li>Lisboa vai ter 18 ambul\u00e2ncias dos bombeiros at\u00e9 ao final de abril.<\/li>\n<li>A forma\u00e7\u00e3o est\u00e1 a decorrer no per\u00edodo experimental, o que pode levar a reprova\u00e7\u00f5es durante esse processo.<\/li>\n<li>A medida refor\u00e7a os meios de emerg\u00eancia pr\u00e9-hospitalar com recursos dos bombeiros locais.<\/li>\n<\/ul>\n","protected":false},"author":2,"featured_media":428417,"comment_status":"closed","ping_status":"closed","sticky":false,"template":"","format":"standard","meta":{"footnotes":""},"categories":[6745],"tags":[3656,971,5928,960,1006,981],"class_list":["post-428415","post","type-post","status-publish","format-standard","has-post-thumbnail","hentry","category-saude","tag-ambulancias","tag-bombeiros","tag-emergencia","tag-emergencia-pre-hospitalar","tag-emprego","tag-lisboa"],"yoast_head":"<!-- This site is optimized with the Yoast SEO plugin v27.2 - https:\/\/yoast.com\/product\/yoast-seo-wordpress\/ -->\n<title>Concurso para 200 t\u00e9cnicos do INEM tem apenas 68 aprovados - Portal Tela Portugal<\/title>\n<meta name=\"robots\" content=\"index, follow, max-snippet:-1, max-image-preview:large, max-video-preview:-1\" \/>\n<meta property=\"og:locale\" content=\"pt_PT\" \/>\n<meta property=\"og:type\" content=\"article\" \/>\n<meta property=\"og:title\" content=\"Concurso para 200 t\u00e9cnicos do INEM tem apenas 68 aprovados - Portal Tela Portugal\" \/>\n<meta property=\"og:description\" content=\"O concurso para 200 t\u00e9cnicos de emerg\u00eancia pr\u00e9-hospitalar do INEM para Lisboa e Vale do Tejo e Alentejo ficou com apenas 68 vagas, com alguns candidatos ainda a poder chumbar na forma\u00e7\u00e3o. O presidente do INEM afirmou que n\u00e3o vai esperar por t\u00e9cnicos para tripular as ambul\u00e2ncias em Lisboa e contratualizou com os bombeiros todos os meios dispon\u00edveis. Lisboa vai ter 18 ambul\u00e2ncias dos bombeiros at\u00e9 ao final de abril. A forma\u00e7\u00e3o est\u00e1 a decorrer no per\u00edodo experimental, o que pode levar a reprova\u00e7\u00f5es durante esse processo. A medida refor\u00e7a os meios de emerg\u00eancia pr\u00e9-hospitalar com recursos dos bombeiros locais.\" \/>\n<meta property=\"og:url\" content=\"https:\/\/portaltela.pt\/noticias\/2026\/03\/31\/concurso-para-200-tecnicos-do-inem-tem-apenas-68-aprovados\/\" \/>\n<meta property=\"og:site_name\" content=\"Portal Tela Portugal\" \/>\n<meta property=\"article:published_time\" content=\"2026-03-31T21:17:15+00:00\" \/>\n<meta name=\"author\" content=\"Telinha\" \/>\n<meta name=\"twitter:card\" content=\"summary_large_image\" \/>\n<meta name=\"twitter:label1\" content=\"Escrito por\" \/>\n\t<meta name=\"twitter:data1\" content=\"Telinha\" \/>\n\t<meta name=\"twitter:label2\" content=\"Tempo estimado de leitura\" \/>\n\t<meta name=\"twitter:data2\" content=\"1 minuto\" \/>\n<script type=\"application\/ld+json\" class=\"yoast-schema-graph\">{\"@context\":\"https:\/\/schema.org\",\"@graph\":[{\"@type\":\"Article\",\"@id\":\"https:\/\/portaltela.pt\/noticias\/2026\/03\/31\/concurso-para-200-tecnicos-do-inem-tem-apenas-68-aprovados\/#article\",\"isPartOf\":{\"@id\":\"https:\/\/portaltela.pt\/noticias\/2026\/03\/31\/concurso-para-200-tecnicos-do-inem-tem-apenas-68-aprovados\/\"},\"author\":{\"name\":\"Telinha\",\"@id\":\"https:\/\/portaltela.pt\/#\/schema\/person\/c4278d4a6028830caff9ee44b42d32ed\"},\"headline\":\"Concurso para 200 t\u00e9cnicos do INEM tem apenas 68 aprovados\",\"datePublished\":\"2026-03-31T21:17:15+00:00\",\"mainEntityOfPage\":{\"@id\":\"https:\/\/portaltela.pt\/noticias\/2026\/03\/31\/concurso-para-200-tecnicos-do-inem-tem-apenas-68-aprovados\/\"},\"wordCount\":219,\"image\":{\"@id\":\"https:\/\/portaltela.pt\/noticias\/2026\/03\/31\/concurso-para-200-tecnicos-do-inem-tem-apenas-68-aprovados\/#primaryimage\"},\"thumbnailUrl\":\"https:\/\/portaltela.pt\/s.01k8rhncp4jt1\/2026\/03\/2078372.jpg\",\"keywords\":[\"ambul\u00e2ncias\",\"bombeiros\",\"emerg\u00eancia\",\"emerg\u00eancia pr\u00e9-hospitalar\",\"emprego\",\"Lisboa\"],\"articleSection\":[\"Sa\u00fade\"],\"inLanguage\":\"pt-PT\"},{\"@type\":\"WebPage\",\"@id\":\"https:\/\/portaltela.pt\/noticias\/2026\/03\/31\/concurso-para-200-tecnicos-do-inem-tem-apenas-68-aprovados\/\",\"url\":\"https:\/\/portaltela.pt\/noticias\/2026\/03\/31\/concurso-para-200-tecnicos-do-inem-tem-apenas-68-aprovados\/\",\"name\":\"Concurso para 200 t\u00e9cnicos do INEM tem apenas 68 aprovados - Portal Tela Portugal\",\"isPartOf\":{\"@id\":\"https:\/\/portaltela.pt\/#website\"},\"primaryImageOfPage\":{\"@id\":\"https:\/\/portaltela.pt\/noticias\/2026\/03\/31\/concurso-para-200-tecnicos-do-inem-tem-apenas-68-aprovados\/#primaryimage\"},\"image\":{\"@id\":\"https:\/\/portaltela.pt\/noticias\/2026\/03\/31\/concurso-para-200-tecnicos-do-inem-tem-apenas-68-aprovados\/#primaryimage\"},\"thumbnailUrl\":\"https:\/\/portaltela.pt\/s.01k8rhncp4jt1\/2026\/03\/2078372.jpg\",\"datePublished\":\"2026-03-31T21:17:15+00:00\",\"author\":{\"@id\":\"https:\/\/portaltela.pt\/#\/schema\/person\/c4278d4a6028830caff9ee44b42d32ed\"},\"breadcrumb\":{\"@id\":\"https:\/\/portaltela.pt\/noticias\/2026\/03\/31\/concurso-para-200-tecnicos-do-inem-tem-apenas-68-aprovados\/#breadcrumb\"},\"inLanguage\":\"pt-PT\",\"potentialAction\":[{\"@type\":\"ReadAction\",\"target\":[\"https:\/\/portaltela.pt\/noticias\/2026\/03\/31\/concurso-para-200-tecnicos-do-inem-tem-apenas-68-aprovados\/\"]}]},{\"@type\":\"ImageObject\",\"inLanguage\":\"pt-PT\",\"@id\":\"https:\/\/portaltela.pt\/noticias\/2026\/03\/31\/concurso-para-200-tecnicos-do-inem-tem-apenas-68-aprovados\/#primaryimage\",\"url\":\"https:\/\/portaltela.pt\/s.01k8rhncp4jt1\/2026\/03\/2078372.jpg\",\"contentUrl\":\"https:\/\/portaltela.pt\/s.01k8rhncp4jt1\/2026\/03\/2078372.jpg\",\"width\":796,\"height\":448,\"caption\":\"Presidente do INEM, Lu\u00eds Cabral, garante que n\u00e3o h\u00e1 inten\u00e7\u00e3o de ter um sistema sem t\u00e9cnicos de emerg\u00eancia pr\u00e9-hospitalar\"},{\"@type\":\"BreadcrumbList\",\"@id\":\"https:\/\/portaltela.pt\/noticias\/2026\/03\/31\/concurso-para-200-tecnicos-do-inem-tem-apenas-68-aprovados\/#breadcrumb\",\"itemListElement\":[{\"@type\":\"ListItem\",\"position\":1,\"name\":\"In\u00edcio\",\"item\":\"https:\/\/portaltela.pt\/\"},{\"@type\":\"ListItem\",\"position\":2,\"name\":\"Concurso para 200 t\u00e9cnicos do INEM tem apenas 68 aprovados\"}]},{\"@type\":\"WebSite\",\"@id\":\"https:\/\/portaltela.pt\/#website\",\"url\":\"https:\/\/portaltela.pt\/\",\"name\":\"Portal Tela Portugal\",\"description\":\"\",\"potentialAction\":[{\"@type\":\"SearchAction\",\"target\":{\"@type\":\"EntryPoint\",\"urlTemplate\":\"https:\/\/portaltela.pt\/?s={search_term_string}\"},\"query-input\":{\"@type\":\"PropertyValueSpecification\",\"valueRequired\":true,\"valueName\":\"search_term_string\"}}],\"inLanguage\":\"pt-PT\"},{\"@type\":\"Person\",\"@id\":\"https:\/\/portaltela.pt\/#\/schema\/person\/c4278d4a6028830caff9ee44b42d32ed\",\"name\":\"Telinha\",\"image\":{\"@type\":\"ImageObject\",\"inLanguage\":\"pt-PT\",\"@id\":\"https:\/\/portaltela.pt\/s.01k8rhncp4jt1\/2025\/11\/talking-bot-125x125.png\",\"url\":\"https:\/\/portaltela.pt\/s.01k8rhncp4jt1\/2025\/11\/talking-bot-125x125.png\",\"contentUrl\":\"https:\/\/portaltela.pt\/s.01k8rhncp4jt1\/2025\/11\/talking-bot-125x125.png\",\"caption\":\"Telinha\"},\"sameAs\":[\"https:\/\/portaltela.pt\/\"],\"url\":\"https:\/\/portaltela.pt\/por\/367410592786\/\"}]}<\/script>\n<!-- \/ Yoast SEO plugin. -->","yoast_head_json":{"title":"Concurso para 200 t\u00e9cnicos do INEM tem apenas 68 aprovados - Portal Tela Portugal","robots":{"index":"index","follow":"follow","max-snippet":"max-snippet:-1","max-image-preview":"max-image-preview:large","max-video-preview":"max-video-preview:-1"},"og_locale":"pt_PT","og_type":"article","og_title":"Concurso para 200 t\u00e9cnicos do INEM tem apenas 68 aprovados - Portal Tela Portugal","og_description":"O concurso para 200 t\u00e9cnicos de emerg\u00eancia pr\u00e9-hospitalar do INEM para Lisboa e Vale do Tejo e Alentejo ficou com apenas 68 vagas, com alguns candidatos ainda a poder chumbar na forma\u00e7\u00e3o. O presidente do INEM afirmou que n\u00e3o vai esperar por t\u00e9cnicos para tripular as ambul\u00e2ncias em Lisboa e contratualizou com os bombeiros todos os meios dispon\u00edveis. Lisboa vai ter 18 ambul\u00e2ncias dos bombeiros at\u00e9 ao final de abril. A forma\u00e7\u00e3o est\u00e1 a decorrer no per\u00edodo experimental, o que pode levar a reprova\u00e7\u00f5es durante esse processo. A medida refor\u00e7a os meios de emerg\u00eancia pr\u00e9-hospitalar com recursos dos bombeiros locais.","og_url":"https:\/\/portaltela.pt\/noticias\/2026\/03\/31\/concurso-para-200-tecnicos-do-inem-tem-apenas-68-aprovados\/","og_site_name":"Portal Tela Portugal","article_published_time":"2026-03-31T21:17:15+00:00","author":"Telinha","twitter_card":"summary_large_image","twitter_misc":{"Escrito por":"Telinha","Tempo estimado de leitura":"1 minuto"},"schema":{"@context":"https:\/\/schema.org","@graph":[{"@type":"Article","@id":"https:\/\/portaltela.pt\/noticias\/2026\/03\/31\/concurso-para-200-tecnicos-do-inem-tem-apenas-68-aprovados\/#article","isPartOf":{"@id":"https:\/\/portaltela.pt\/noticias\/2026\/03\/31\/concurso-para-200-tecnicos-do-inem-tem-apenas-68-aprovados\/"},"author":{"name":"Telinha","@id":"https:\/\/portaltela.pt\/#\/schema\/person\/c4278d4a6028830caff9ee44b42d32ed"},"headline":"Concurso para 200 t\u00e9cnicos do INEM tem apenas 68 aprovados","datePublished":"2026-03-31T21:17:15+00:00","mainEntityOfPage":{"@id":"https:\/\/portaltela.pt\/noticias\/2026\/03\/31\/concurso-para-200-tecnicos-do-inem-tem-apenas-68-aprovados\/"},"wordCount":219,"image":{"@id":"https:\/\/portaltela.pt\/noticias\/2026\/03\/31\/concurso-para-200-tecnicos-do-inem-tem-apenas-68-aprovados\/#primaryimage"},"thumbnailUrl":"https:\/\/portaltela.pt\/s.01k8rhncp4jt1\/2026\/03\/2078372.jpg","keywords":["ambul\u00e2ncias","bombeiros","emerg\u00eancia","emerg\u00eancia pr\u00e9-hospitalar","emprego","Lisboa"],"articleSection":["Sa\u00fade"],"inLanguage":"pt-PT"},{"@type":"WebPage","@id":"https:\/\/portaltela.pt\/noticias\/2026\/03\/31\/concurso-para-200-tecnicos-do-inem-tem-apenas-68-aprovados\/","url":"https:\/\/portaltela.pt\/noticias\/2026\/03\/31\/concurso-para-200-tecnicos-do-inem-tem-apenas-68-aprovados\/","name":"Concurso para 200 t\u00e9cnicos do INEM tem apenas 68 aprovados - Portal Tela Portugal","isPartOf":{"@id":"https:\/\/portaltela.pt\/#website"},"primaryImageOfPage":{"@id":"https:\/\/portaltela.pt\/noticias\/2026\/03\/31\/concurso-para-200-tecnicos-do-inem-tem-apenas-68-aprovados\/#primaryimage"},"image":{"@id":"https:\/\/portaltela.pt\/noticias\/2026\/03\/31\/concurso-para-200-tecnicos-do-inem-tem-apenas-68-aprovados\/#primaryimage"},"thumbnailUrl":"https:\/\/portaltela.pt\/s.01k8rhncp4jt1\/2026\/03\/2078372.jpg","datePublished":"2026-03-31T21:17:15+00:00","author":{"@id":"https:\/\/portaltela.pt\/#\/schema\/person\/c4278d4a6028830caff9ee44b42d32ed"},"breadcrumb":{"@id":"https:\/\/portaltela.pt\/noticias\/2026\/03\/31\/concurso-para-200-tecnicos-do-inem-tem-apenas-68-aprovados\/#breadcrumb"},"inLanguage":"pt-PT","potentialAction":[{"@type":"ReadAction","target":["https:\/\/portaltela.pt\/noticias\/2026\/03\/31\/concurso-para-200-tecnicos-do-inem-tem-apenas-68-aprovados\/"]}]},{"@type":"ImageObject","inLanguage":"pt-PT","@id":"https:\/\/portaltela.pt\/noticias\/2026\/03\/31\/concurso-para-200-tecnicos-do-inem-tem-apenas-68-aprovados\/#primaryimage","url":"https:\/\/portaltela.pt\/s.01k8rhncp4jt1\/2026\/03\/2078372.jpg","contentUrl":"https:\/\/portaltela.pt\/s.01k8rhncp4jt1\/2026\/03\/2078372.jpg","width":796,"height":448,"caption":"Presidente do INEM, Lu\u00eds Cabral, garante que n\u00e3o h\u00e1 inten\u00e7\u00e3o de ter um sistema sem t\u00e9cnicos de emerg\u00eancia pr\u00e9-hospitalar"},{"@type":"BreadcrumbList","@id":"https:\/\/portaltela.pt\/noticias\/2026\/03\/31\/concurso-para-200-tecnicos-do-inem-tem-apenas-68-aprovados\/#breadcrumb","itemListElement":[{"@type":"ListItem","position":1,"name":"In\u00edcio","item":"https:\/\/portaltela.pt\/"},{"@type":"ListItem","position":2,"name":"Concurso para 200 t\u00e9cnicos do INEM tem apenas 68 aprovados"}]},{"@type":"WebSite","@id":"https:\/\/portaltela.pt\/#website","url":"https:\/\/portaltela.pt\/","name":"Portal Tela Portugal","description":"","potentialAction":[{"@type":"SearchAction","target":{"@type":"EntryPoint","urlTemplate":"https:\/\/portaltela.pt\/?s={search_term_string}"},"query-input":{"@type":"PropertyValueSpecification","valueRequired":true,"valueName":"search_term_string"}}],"inLanguage":"pt-PT"},{"@type":"Person","@id":"https:\/\/portaltela.pt\/#\/schema\/person\/c4278d4a6028830caff9ee44b42d32ed","name":"Telinha","image":{"@type":"ImageObject","inLanguage":"pt-PT","@id":"https:\/\/portaltela.pt\/s.01k8rhncp4jt1\/2025\/11\/talking-bot-125x125.png","url":"https:\/\/portaltela.pt\/s.01k8rhncp4jt1\/2025\/11\/talking-bot-125x125.png","contentUrl":"https:\/\/portaltela.pt\/s.01k8rhncp4jt1\/2025\/11\/talking-bot-125x125.png","caption":"Telinha"},"sameAs":["https:\/\/portaltela.pt\/"],"url":"https:\/\/portaltela.pt\/por\/367410592786\/"}]}},"_links":{"self":[{"href":"https:\/\/portaltela.pt\/api\/wp\/v2\/posts\/428415","targetHints":{"allow":["GET"]}}],"collection":[{"href":"https:\/\/portaltela.pt\/api\/wp\/v2\/posts"}],"about":[{"href":"https:\/\/portaltela.pt\/api\/wp\/v2\/types\/post"}],"author":[{"embeddable":true,"href":"https:\/\/portaltela.pt\/api\/wp\/v2\/users\/2"}],"replies":[{"embeddable":true,"href":"https:\/\/portaltela.pt\/api\/wp\/v2\/comments?post=428415"}],"version-history":[{"count":0,"href":"https:\/\/portaltela.pt\/api\/wp\/v2\/posts\/428415\/revisions"}],"wp:featuredmedia":[{"embeddable":true,"href":"https:\/\/portaltela.pt\/api\/wp\/v2\/media\/428417"}],"wp:attachment":[{"href":"https:\/\/portaltela.pt\/api\/wp\/v2\/media?parent=428415"}],"wp:term":[{"taxonomy":"category","embeddable":true,"href":"https:\/\/portaltela.pt\/api\/wp\/v2\/categories?post=428415"},{"taxonomy":"post_tag","embeddable":true,"href":"https:\/\/portaltela.pt\/api\/wp\/v2\/tags?post=428415"}],"curies":[{"name":"wp","href":"https:\/\/api.w.org\/{rel}","templated":true}]}}