{"id":428414,"date":"2026-03-31T18:17:12","date_gmt":"2026-03-31T21:17:12","guid":{"rendered":"https:\/\/portaltela.pt\/noticias\/2026\/03\/31\/euribor-sobe-e-encarece-prestacoes-da-casa\/"},"modified":"2026-03-31T18:17:12","modified_gmt":"2026-03-31T21:17:12","slug":"euribor-sobe-e-encarece-prestacoes-da-casa","status":"publish","type":"post","link":"https:\/\/portaltela.pt\/noticias\/economia\/2026\/03\/31\/euribor-sobe-e-encarece-prestacoes-da-casa\/","title":{"rendered":"Euribor sobe e encarece presta\u00e7\u00f5es da casa"},"content":{"rendered":"<p>A Euribor a 12 meses vai aumentar as presta\u00e7\u00f5es associadas a cr\u00e9ditos \u00e0 habita\u00e7\u00e3o com revis\u00e3o em Abril, marcando o primeiro agravamento em dois anos. O aumento previsto \u00e9 de cerca de 13 euros num empr\u00e9stimo de 150 mil euros. O contexto inclui oscila\u00e7\u00f5es nos mercados de swaps e de futuros sobre taxas de juro.<\/p>\n<p>A subida est\u00e1 ligada a novos padr\u00f5es de refer\u00eancia ap\u00f3s o que ocorreu a 28 de Fevereiro, com impacto em contratos de vari\u00e1veis e em swaps. As altera\u00e7\u00f5es afetam tanto cr\u00e9ditos j\u00e1 contratados como novos empr\u00e9stimos. O efeito estende-se \u00e0s modalidades com taxas mistas, que come\u00e7am fixas e progridem para vari\u00e1veis.<\/p>\n<p>Segundo analistas, a decis\u00e3o de revis\u00e3o pode influenciar a decis\u00e3o de consumidores e institui\u00e7\u00f5es na renova\u00e7\u00e3o de contratos. O cen\u00e1rio financeiro atual traz maior incerteza sobre custos de financiamento, com impactos em poupan\u00e7as e or\u00e7amento familiar.<\/p>\n<p>Para quem planifica contratar cr\u00e9dito, as taxas de refer\u00eancia em alta significam custos maiores ao longo do tempo. Em contratos com revis\u00e3o peri\u00f3dica, o cen\u00e1rio de subida pode traduzir-se em presta\u00e7\u00f5es progressivas. As entidades financeiras j\u00e1 adaptam ofertas \u00e0s novas condi\u00e7\u00f5es de mercado.<\/p>\n<p>\u00c9 igualmente relevante notar que altera\u00e7\u00f5es recentes nos mercados podem afetar a dura\u00e7\u00e3o de empr\u00e9stimos. Os bancos mant\u00eam o foco na gest\u00e3o de riscos associados a varia\u00e7\u00f5es de juros, procurando equilibrar solu\u00e7\u00f5es para clientes e rentabilidade.<\/p>\n","protected":false},"excerpt":{"rendered":"<ul>\n<li>A partir de 28 de fevereiro, com o in\u00edcio da ofensiva militar, as taxas Euribor variaram e afetam empr\u00e9stimos com taxa vari\u00e1vel.<\/li>\n<li>A presta\u00e7\u00e3o dos cr\u00e9ditos associados \u00e0 Euribor a 12 meses com revis\u00e3o em abril ter\u00e1 o primeiro agravamento em dois anos.<\/li>\n<li>Em um empr\u00e9stimo de 150 mil euros, o aumento mensal previsto \u00e9 de 13 euros.<\/li>\n<li>O impacto estende\u2011se a contratos de swaps e de futuros sobre taxas de juro, bem como a novos empr\u00e9stimos, mesmo com taxas mistas.<\/li>\n<li>As subidas influenciam cr\u00e9ditos j\u00e1 contratados e futuros, independentemente da op\u00e7\u00e3o por taxa fixa no in\u00edcio.<\/li>\n<\/ul>\n","protected":false},"author":2,"featured_media":428416,"comment_status":"closed","ping_status":"closed","sticky":false,"template":"","format":"standard","meta":{"footnotes":""},"categories":[2,6850],"tags":[6115,1960,2323,28,2584,150],"class_list":["post-428414","post","type-post","status-publish","format-standard","has-post-thumbnail","hentry","category-economia","category-financas","tag-_economia","tag-credito","tag-credito-habitacao","tag-economia","tag-financas","tag-habitacao"],"yoast_head":"<!-- This site is optimized with the Yoast SEO plugin v27.2 - https:\/\/yoast.com\/product\/yoast-seo-wordpress\/ -->\n<title>Euribor sobe e encarece presta\u00e7\u00f5es da casa - Portal Tela Portugal<\/title>\n<meta name=\"robots\" content=\"index, follow, max-snippet:-1, max-image-preview:large, max-video-preview:-1\" \/>\n<meta property=\"og:locale\" content=\"pt_PT\" \/>\n<meta property=\"og:type\" content=\"article\" \/>\n<meta property=\"og:title\" content=\"Euribor sobe e encarece presta\u00e7\u00f5es da casa - Portal Tela Portugal\" \/>\n<meta property=\"og:description\" content=\"A partir de 28 de fevereiro, com o in\u00edcio da ofensiva militar, as taxas Euribor variaram e afetam empr\u00e9stimos com taxa vari\u00e1vel. A presta\u00e7\u00e3o dos cr\u00e9ditos associados \u00e0 Euribor a 12 meses com revis\u00e3o em abril ter\u00e1 o primeiro agravamento em dois anos. Em um empr\u00e9stimo de 150 mil euros, o aumento mensal previsto \u00e9 de 13 euros. O impacto estende\u2011se a contratos de swaps e de futuros sobre taxas de juro, bem como a novos empr\u00e9stimos, mesmo com taxas mistas. As subidas influenciam cr\u00e9ditos j\u00e1 contratados e futuros, independentemente da op\u00e7\u00e3o por taxa fixa no in\u00edcio.\" \/>\n<meta property=\"og:url\" content=\"https:\/\/portaltela.pt\/noticias\/2026\/03\/31\/euribor-sobe-e-encarece-prestacoes-da-casa\/\" \/>\n<meta property=\"og:site_name\" content=\"Portal Tela Portugal\" \/>\n<meta property=\"article:published_time\" content=\"2026-03-31T21:17:12+00:00\" \/>\n<meta name=\"author\" content=\"Telinha\" \/>\n<meta name=\"twitter:card\" content=\"summary_large_image\" \/>\n<meta name=\"twitter:label1\" content=\"Escrito por\" \/>\n\t<meta name=\"twitter:data1\" content=\"Telinha\" \/>\n\t<meta name=\"twitter:label2\" content=\"Tempo estimado de leitura\" \/>\n\t<meta name=\"twitter:data2\" content=\"1 minuto\" \/>\n<script type=\"application\/ld+json\" class=\"yoast-schema-graph\">{\"@context\":\"https:\/\/schema.org\",\"@graph\":[{\"@type\":\"Article\",\"@id\":\"https:\/\/portaltela.pt\/noticias\/2026\/03\/31\/euribor-sobe-e-encarece-prestacoes-da-casa\/#article\",\"isPartOf\":{\"@id\":\"https:\/\/portaltela.pt\/noticias\/2026\/03\/31\/euribor-sobe-e-encarece-prestacoes-da-casa\/\"},\"author\":{\"name\":\"Telinha\",\"@id\":\"https:\/\/portaltela.pt\/#\/schema\/person\/c4278d4a6028830caff9ee44b42d32ed\"},\"headline\":\"Euribor sobe e encarece presta\u00e7\u00f5es da casa\",\"datePublished\":\"2026-03-31T21:17:12+00:00\",\"mainEntityOfPage\":{\"@id\":\"https:\/\/portaltela.pt\/noticias\/2026\/03\/31\/euribor-sobe-e-encarece-prestacoes-da-casa\/\"},\"wordCount\":259,\"image\":{\"@id\":\"https:\/\/portaltela.pt\/noticias\/2026\/03\/31\/euribor-sobe-e-encarece-prestacoes-da-casa\/#primaryimage\"},\"thumbnailUrl\":\"https:\/\/portaltela.pt\/s.01k8rhncp4jt1\/2026\/03\/2078312.jpg\",\"keywords\":[\"_economia\",\"cr\u00e9dito\",\"Cr\u00e9dito Habita\u00e7\u00e3o\",\"economia\",\"finan\u00e7as\",\"habita\u00e7\u00e3o\"],\"articleSection\":[\"Economia\",\"Finan\u00e7as\"],\"inLanguage\":\"pt-PT\"},{\"@type\":\"WebPage\",\"@id\":\"https:\/\/portaltela.pt\/noticias\/2026\/03\/31\/euribor-sobe-e-encarece-prestacoes-da-casa\/\",\"url\":\"https:\/\/portaltela.pt\/noticias\/2026\/03\/31\/euribor-sobe-e-encarece-prestacoes-da-casa\/\",\"name\":\"Euribor sobe e encarece presta\u00e7\u00f5es da casa - Portal Tela Portugal\",\"isPartOf\":{\"@id\":\"https:\/\/portaltela.pt\/#website\"},\"primaryImageOfPage\":{\"@id\":\"https:\/\/portaltela.pt\/noticias\/2026\/03\/31\/euribor-sobe-e-encarece-prestacoes-da-casa\/#primaryimage\"},\"image\":{\"@id\":\"https:\/\/portaltela.pt\/noticias\/2026\/03\/31\/euribor-sobe-e-encarece-prestacoes-da-casa\/#primaryimage\"},\"thumbnailUrl\":\"https:\/\/portaltela.pt\/s.01k8rhncp4jt1\/2026\/03\/2078312.jpg\",\"datePublished\":\"2026-03-31T21:17:12+00:00\",\"author\":{\"@id\":\"https:\/\/portaltela.pt\/#\/schema\/person\/c4278d4a6028830caff9ee44b42d32ed\"},\"breadcrumb\":{\"@id\":\"https:\/\/portaltela.pt\/noticias\/2026\/03\/31\/euribor-sobe-e-encarece-prestacoes-da-casa\/#breadcrumb\"},\"inLanguage\":\"pt-PT\",\"potentialAction\":[{\"@type\":\"ReadAction\",\"target\":[\"https:\/\/portaltela.pt\/noticias\/2026\/03\/31\/euribor-sobe-e-encarece-prestacoes-da-casa\/\"]}]},{\"@type\":\"ImageObject\",\"inLanguage\":\"pt-PT\",\"@id\":\"https:\/\/portaltela.pt\/noticias\/2026\/03\/31\/euribor-sobe-e-encarece-prestacoes-da-casa\/#primaryimage\",\"url\":\"https:\/\/portaltela.pt\/s.01k8rhncp4jt1\/2026\/03\/2078312.jpg\",\"contentUrl\":\"https:\/\/portaltela.pt\/s.01k8rhncp4jt1\/2026\/03\/2078312.jpg\",\"width\":796,\"height\":448,\"caption\":\"Photo\"},{\"@type\":\"BreadcrumbList\",\"@id\":\"https:\/\/portaltela.pt\/noticias\/2026\/03\/31\/euribor-sobe-e-encarece-prestacoes-da-casa\/#breadcrumb\",\"itemListElement\":[{\"@type\":\"ListItem\",\"position\":1,\"name\":\"In\u00edcio\",\"item\":\"https:\/\/portaltela.pt\/\"},{\"@type\":\"ListItem\",\"position\":2,\"name\":\"Euribor sobe e encarece presta\u00e7\u00f5es da casa\"}]},{\"@type\":\"WebSite\",\"@id\":\"https:\/\/portaltela.pt\/#website\",\"url\":\"https:\/\/portaltela.pt\/\",\"name\":\"Portal Tela Portugal\",\"description\":\"\",\"potentialAction\":[{\"@type\":\"SearchAction\",\"target\":{\"@type\":\"EntryPoint\",\"urlTemplate\":\"https:\/\/portaltela.pt\/?s={search_term_string}\"},\"query-input\":{\"@type\":\"PropertyValueSpecification\",\"valueRequired\":true,\"valueName\":\"search_term_string\"}}],\"inLanguage\":\"pt-PT\"},{\"@type\":\"Person\",\"@id\":\"https:\/\/portaltela.pt\/#\/schema\/person\/c4278d4a6028830caff9ee44b42d32ed\",\"name\":\"Telinha\",\"image\":{\"@type\":\"ImageObject\",\"inLanguage\":\"pt-PT\",\"@id\":\"https:\/\/portaltela.pt\/s.01k8rhncp4jt1\/2025\/11\/talking-bot-125x125.png\",\"url\":\"https:\/\/portaltela.pt\/s.01k8rhncp4jt1\/2025\/11\/talking-bot-125x125.png\",\"contentUrl\":\"https:\/\/portaltela.pt\/s.01k8rhncp4jt1\/2025\/11\/talking-bot-125x125.png\",\"caption\":\"Telinha\"},\"sameAs\":[\"https:\/\/portaltela.pt\/\"],\"url\":\"https:\/\/portaltela.pt\/por\/367410592786\/\"}]}<\/script>\n<!-- \/ Yoast SEO plugin. -->","yoast_head_json":{"title":"Euribor sobe e encarece presta\u00e7\u00f5es da casa - Portal Tela Portugal","robots":{"index":"index","follow":"follow","max-snippet":"max-snippet:-1","max-image-preview":"max-image-preview:large","max-video-preview":"max-video-preview:-1"},"og_locale":"pt_PT","og_type":"article","og_title":"Euribor sobe e encarece presta\u00e7\u00f5es da casa - Portal Tela Portugal","og_description":"A partir de 28 de fevereiro, com o in\u00edcio da ofensiva militar, as taxas Euribor variaram e afetam empr\u00e9stimos com taxa vari\u00e1vel. A presta\u00e7\u00e3o dos cr\u00e9ditos associados \u00e0 Euribor a 12 meses com revis\u00e3o em abril ter\u00e1 o primeiro agravamento em dois anos. Em um empr\u00e9stimo de 150 mil euros, o aumento mensal previsto \u00e9 de 13 euros. O impacto estende\u2011se a contratos de swaps e de futuros sobre taxas de juro, bem como a novos empr\u00e9stimos, mesmo com taxas mistas. As subidas influenciam cr\u00e9ditos j\u00e1 contratados e futuros, independentemente da op\u00e7\u00e3o por taxa fixa no in\u00edcio.","og_url":"https:\/\/portaltela.pt\/noticias\/2026\/03\/31\/euribor-sobe-e-encarece-prestacoes-da-casa\/","og_site_name":"Portal Tela Portugal","article_published_time":"2026-03-31T21:17:12+00:00","author":"Telinha","twitter_card":"summary_large_image","twitter_misc":{"Escrito por":"Telinha","Tempo estimado de leitura":"1 minuto"},"schema":{"@context":"https:\/\/schema.org","@graph":[{"@type":"Article","@id":"https:\/\/portaltela.pt\/noticias\/2026\/03\/31\/euribor-sobe-e-encarece-prestacoes-da-casa\/#article","isPartOf":{"@id":"https:\/\/portaltela.pt\/noticias\/2026\/03\/31\/euribor-sobe-e-encarece-prestacoes-da-casa\/"},"author":{"name":"Telinha","@id":"https:\/\/portaltela.pt\/#\/schema\/person\/c4278d4a6028830caff9ee44b42d32ed"},"headline":"Euribor sobe e encarece presta\u00e7\u00f5es da casa","datePublished":"2026-03-31T21:17:12+00:00","mainEntityOfPage":{"@id":"https:\/\/portaltela.pt\/noticias\/2026\/03\/31\/euribor-sobe-e-encarece-prestacoes-da-casa\/"},"wordCount":259,"image":{"@id":"https:\/\/portaltela.pt\/noticias\/2026\/03\/31\/euribor-sobe-e-encarece-prestacoes-da-casa\/#primaryimage"},"thumbnailUrl":"https:\/\/portaltela.pt\/s.01k8rhncp4jt1\/2026\/03\/2078312.jpg","keywords":["_economia","cr\u00e9dito","Cr\u00e9dito Habita\u00e7\u00e3o","economia","finan\u00e7as","habita\u00e7\u00e3o"],"articleSection":["Economia","Finan\u00e7as"],"inLanguage":"pt-PT"},{"@type":"WebPage","@id":"https:\/\/portaltela.pt\/noticias\/2026\/03\/31\/euribor-sobe-e-encarece-prestacoes-da-casa\/","url":"https:\/\/portaltela.pt\/noticias\/2026\/03\/31\/euribor-sobe-e-encarece-prestacoes-da-casa\/","name":"Euribor sobe e encarece presta\u00e7\u00f5es da casa - Portal Tela Portugal","isPartOf":{"@id":"https:\/\/portaltela.pt\/#website"},"primaryImageOfPage":{"@id":"https:\/\/portaltela.pt\/noticias\/2026\/03\/31\/euribor-sobe-e-encarece-prestacoes-da-casa\/#primaryimage"},"image":{"@id":"https:\/\/portaltela.pt\/noticias\/2026\/03\/31\/euribor-sobe-e-encarece-prestacoes-da-casa\/#primaryimage"},"thumbnailUrl":"https:\/\/portaltela.pt\/s.01k8rhncp4jt1\/2026\/03\/2078312.jpg","datePublished":"2026-03-31T21:17:12+00:00","author":{"@id":"https:\/\/portaltela.pt\/#\/schema\/person\/c4278d4a6028830caff9ee44b42d32ed"},"breadcrumb":{"@id":"https:\/\/portaltela.pt\/noticias\/2026\/03\/31\/euribor-sobe-e-encarece-prestacoes-da-casa\/#breadcrumb"},"inLanguage":"pt-PT","potentialAction":[{"@type":"ReadAction","target":["https:\/\/portaltela.pt\/noticias\/2026\/03\/31\/euribor-sobe-e-encarece-prestacoes-da-casa\/"]}]},{"@type":"ImageObject","inLanguage":"pt-PT","@id":"https:\/\/portaltela.pt\/noticias\/2026\/03\/31\/euribor-sobe-e-encarece-prestacoes-da-casa\/#primaryimage","url":"https:\/\/portaltela.pt\/s.01k8rhncp4jt1\/2026\/03\/2078312.jpg","contentUrl":"https:\/\/portaltela.pt\/s.01k8rhncp4jt1\/2026\/03\/2078312.jpg","width":796,"height":448,"caption":"Photo"},{"@type":"BreadcrumbList","@id":"https:\/\/portaltela.pt\/noticias\/2026\/03\/31\/euribor-sobe-e-encarece-prestacoes-da-casa\/#breadcrumb","itemListElement":[{"@type":"ListItem","position":1,"name":"In\u00edcio","item":"https:\/\/portaltela.pt\/"},{"@type":"ListItem","position":2,"name":"Euribor sobe e encarece presta\u00e7\u00f5es da casa"}]},{"@type":"WebSite","@id":"https:\/\/portaltela.pt\/#website","url":"https:\/\/portaltela.pt\/","name":"Portal Tela Portugal","description":"","potentialAction":[{"@type":"SearchAction","target":{"@type":"EntryPoint","urlTemplate":"https:\/\/portaltela.pt\/?s={search_term_string}"},"query-input":{"@type":"PropertyValueSpecification","valueRequired":true,"valueName":"search_term_string"}}],"inLanguage":"pt-PT"},{"@type":"Person","@id":"https:\/\/portaltela.pt\/#\/schema\/person\/c4278d4a6028830caff9ee44b42d32ed","name":"Telinha","image":{"@type":"ImageObject","inLanguage":"pt-PT","@id":"https:\/\/portaltela.pt\/s.01k8rhncp4jt1\/2025\/11\/talking-bot-125x125.png","url":"https:\/\/portaltela.pt\/s.01k8rhncp4jt1\/2025\/11\/talking-bot-125x125.png","contentUrl":"https:\/\/portaltela.pt\/s.01k8rhncp4jt1\/2025\/11\/talking-bot-125x125.png","caption":"Telinha"},"sameAs":["https:\/\/portaltela.pt\/"],"url":"https:\/\/portaltela.pt\/por\/367410592786\/"}]}},"_links":{"self":[{"href":"https:\/\/portaltela.pt\/api\/wp\/v2\/posts\/428414","targetHints":{"allow":["GET"]}}],"collection":[{"href":"https:\/\/portaltela.pt\/api\/wp\/v2\/posts"}],"about":[{"href":"https:\/\/portaltela.pt\/api\/wp\/v2\/types\/post"}],"author":[{"embeddable":true,"href":"https:\/\/portaltela.pt\/api\/wp\/v2\/users\/2"}],"replies":[{"embeddable":true,"href":"https:\/\/portaltela.pt\/api\/wp\/v2\/comments?post=428414"}],"version-history":[{"count":0,"href":"https:\/\/portaltela.pt\/api\/wp\/v2\/posts\/428414\/revisions"}],"wp:featuredmedia":[{"embeddable":true,"href":"https:\/\/portaltela.pt\/api\/wp\/v2\/media\/428416"}],"wp:attachment":[{"href":"https:\/\/portaltela.pt\/api\/wp\/v2\/media?parent=428414"}],"wp:term":[{"taxonomy":"category","embeddable":true,"href":"https:\/\/portaltela.pt\/api\/wp\/v2\/categories?post=428414"},{"taxonomy":"post_tag","embeddable":true,"href":"https:\/\/portaltela.pt\/api\/wp\/v2\/tags?post=428414"}],"curies":[{"name":"wp","href":"https:\/\/api.w.org\/{rel}","templated":true}]}}