{"id":428412,"date":"2026-03-31T18:03:05","date_gmt":"2026-03-31T21:03:05","guid":{"rendered":"https:\/\/portaltela.pt\/noticias\/2026\/03\/31\/metro-de-lisboa-reconhece-falhas-na-manutencao-de-escadas-rolantes-e-elevadores\/"},"modified":"2026-03-31T18:03:05","modified_gmt":"2026-03-31T21:03:05","slug":"metro-de-lisboa-reconhece-falhas-na-manutencao-de-escadas-rolantes-e-elevadores","status":"publish","type":"post","link":"https:\/\/portaltela.pt\/noticias\/politica\/2026\/03\/31\/metro-de-lisboa-reconhece-falhas-na-manutencao-de-escadas-rolantes-e-elevadores\/","title":{"rendered":"Metro de Lisboa reconhece falhas na manuten\u00e7\u00e3o de escadas rolantes e elevadores"},"content":{"rendered":"<p>O Metropolitano de Lisboa reconheceu ter uma manuten\u00e7\u00e3o de escadas rolantes e elevadores com n\u00edveis cr\u00edticos. Ao longo de cinco anos, o registo de avarias aumentou sem solu\u00e7\u00e3o anunciada.<\/p>\n<p>Na comiss\u00e3o de Infraestruturas da Assembleia da Rep\u00fablica, Cristina Vaz Tom\u00e9, presidente do conselho de administra\u00e7\u00e3o, indicou que, desde que assumiu o cargo, houve aumento substancial de falhas em elevadores e escadas.<\/p>\n<p>Entre 2019 e 2024, as taxas de avaria subiram de 4% para 14% nas escadas e 24% nos elevadores, mostrando uma tend\u00eancia de deteriora\u00e7\u00e3o n\u00e3o corrigida pela gest\u00e3o anterior, segundo a respons\u00e1vel.<\/p>\n<h3>Medidas e perspetivas<\/h3>\n<p>Atila a tese de que a externaliza\u00e7\u00e3o total n\u00e3o seria solu\u00e7\u00e3o; models mistos podem evitar falhas repetidas, afirmou. Contratos sem n\u00edveis de servi\u00e7o n\u00e3o penalizavam falhas.<\/p>\n<p>Segundo Cristina Vaz Tom\u00e9, havia falta de di\u00e1logo entre quem compra e quem mant\u00e9m, o que dificultava escolher solu\u00e7\u00f5es compat\u00edveis com pe\u00e7as e capacidade interna.<\/p>\n<p>O Metropolitano come\u00e7ou a revogar contratos e lan\u00e7ou um processo em que a compra est\u00e1 ligada \u00e0 manuten\u00e7\u00e3o, para assegurar responsabilidade entre fornecedor e necessidade de servi\u00e7o.<\/p>\n<p>Em 2024, o uso de escadas mec\u00e2nicas e elevadores gerou 525 queixas e 420 queixas, n\u00fameros acima do ano anterior, com a justificativa de maior n\u00famero de equipamentos inoperacionais durante interven\u00e7\u00f5es.<\/p>\n<p>O \u00edndice de disponibilidade dos elevadores situou-se em 85% em 2024, segundo a empresa, que aponta interven\u00e7\u00f5es de substitui\u00e7\u00e3o e moderniza\u00e7\u00e3o como fatores.<\/p>\n<p>Com as obras conclu\u00eddas nas esta\u00e7\u00f5es Campo Pequeno e Picoas, em 2025 o sistema passou a ter 46 esta\u00e7\u00f5es com elevadores e acessibilidade, cerca de 82% da rede.<\/p>\n","protected":false},"excerpt":{"rendered":"<ul>\n<li>O Metropolitano de Lisboa admitiu que a manuten\u00e7\u00e3o das escadas rolantes e dos elevadores \u00e9 \u201cbastante cr\u00edtica\u201d, apontando um aumento das avarias nos \u00faltimos cinco anos sem solu\u00e7\u00e3o encontrada.<\/li>\n<li>Em fevereiro, na Comiss\u00e3o de Infraestruturas, Mobilidade e Habita\u00e7\u00e3o da Assembleia da Rep\u00fablica, Cristina Vaz Tom\u00e9 informou que a taxa de avaria passou de 4% em 2019 para cerca de 14% nas escadas e 24% nos elevadores em 2024.<\/li>\n<li>A respons\u00e1vel afirmou que a solu\u00e7\u00e3o pode passar por modelos mistos, e n\u00e3o apenas pela externaliza\u00e7\u00e3o, uma vez que os contratos antigos n\u00e3o punhavam falhas nem tinham n\u00edveis de servi\u00e7o obrigat\u00f3rios.<\/li>\n<li>Tamb\u00e9m destacou a falta de di\u00e1logo entre quem compra e quem mant\u00e9m, levando \u00e0 revoga\u00e7\u00e3o do contrato existente e ao lan\u00e7amento de um processo que pretende associar compra \u00e0 manuten\u00e7\u00e3o.<\/li>\n<li>Em 2024, a rede recebeu 525 queixas sobre escadas e 420 sobre elevadores; a disponibilidade m\u00e9dia dos elevadores manteve-se em 85%, com o fim de obras em Campo Pequeno e Picoas a aumentar para 46 esta\u00e7\u00f5es com elevadores, \u224882% da rede, em 2025.<\/li>\n<\/ul>\n","protected":false},"author":2,"featured_media":428413,"comment_status":"closed","ping_status":"closed","sticky":false,"template":"","format":"standard","meta":{"footnotes":""},"categories":[1,5],"tags":[3772,1615,981,2110,5691,4535],"class_list":["post-428412","post","type-post","status-publish","format-standard","has-post-thumbnail","hentry","category-noticias","category-politica","tag-acessibilidade","tag-infraestrutura","tag-lisboa","tag-mobilidade","tag-obras","tag-transporte-publico"],"yoast_head":"<!-- This site is optimized with the Yoast SEO plugin v27.2 - https:\/\/yoast.com\/product\/yoast-seo-wordpress\/ -->\n<title>Metro de Lisboa reconhece falhas na manuten\u00e7\u00e3o de escadas rolantes e elevadores - Portal Tela Portugal<\/title>\n<meta name=\"robots\" content=\"index, follow, max-snippet:-1, max-image-preview:large, max-video-preview:-1\" \/>\n<meta property=\"og:locale\" content=\"pt_PT\" \/>\n<meta property=\"og:type\" content=\"article\" \/>\n<meta property=\"og:title\" content=\"Metro de Lisboa reconhece falhas na manuten\u00e7\u00e3o de escadas rolantes e elevadores - Portal Tela Portugal\" \/>\n<meta property=\"og:description\" content=\"O Metropolitano de Lisboa admitiu que a manuten\u00e7\u00e3o das escadas rolantes e dos elevadores \u00e9 \u201cbastante cr\u00edtica\u201d, apontando um aumento das avarias nos \u00faltimos cinco anos sem solu\u00e7\u00e3o encontrada. Em fevereiro, na Comiss\u00e3o de Infraestruturas, Mobilidade e Habita\u00e7\u00e3o da Assembleia da Rep\u00fablica, Cristina Vaz Tom\u00e9 informou que a taxa de avaria passou de 4% em 2019 para cerca de 14% nas escadas e 24% nos elevadores em 2024. A respons\u00e1vel afirmou que a solu\u00e7\u00e3o pode passar por modelos mistos, e n\u00e3o apenas pela externaliza\u00e7\u00e3o, uma vez que os contratos antigos n\u00e3o punhavam falhas nem tinham n\u00edveis de servi\u00e7o obrigat\u00f3rios. Tamb\u00e9m destacou a falta de di\u00e1logo entre quem compra e quem mant\u00e9m, levando \u00e0 revoga\u00e7\u00e3o do contrato existente e ao lan\u00e7amento de um processo que pretende associar compra \u00e0 manuten\u00e7\u00e3o. Em 2024, a rede recebeu 525 queixas sobre escadas e 420 sobre elevadores; a disponibilidade m\u00e9dia dos elevadores manteve-se em 85%, com o fim de obras em Campo Pequeno e Picoas a aumentar para 46 esta\u00e7\u00f5es com elevadores, \u224882% da rede, em 2025.\" \/>\n<meta property=\"og:url\" content=\"https:\/\/portaltela.pt\/noticias\/2026\/03\/31\/metro-de-lisboa-reconhece-falhas-na-manutencao-de-escadas-rolantes-e-elevadores\/\" \/>\n<meta property=\"og:site_name\" content=\"Portal Tela Portugal\" \/>\n<meta property=\"article:published_time\" content=\"2026-03-31T21:03:05+00:00\" \/>\n<meta name=\"author\" content=\"Telinha\" \/>\n<meta name=\"twitter:card\" content=\"summary_large_image\" \/>\n<meta name=\"twitter:label1\" content=\"Escrito por\" \/>\n\t<meta name=\"twitter:data1\" content=\"Telinha\" \/>\n\t<meta name=\"twitter:label2\" content=\"Tempo estimado de leitura\" \/>\n\t<meta name=\"twitter:data2\" content=\"1 minuto\" \/>\n<script type=\"application\/ld+json\" class=\"yoast-schema-graph\">{\"@context\":\"https:\/\/schema.org\",\"@graph\":[{\"@type\":\"Article\",\"@id\":\"https:\/\/portaltela.pt\/noticias\/2026\/03\/31\/metro-de-lisboa-reconhece-falhas-na-manutencao-de-escadas-rolantes-e-elevadores\/#article\",\"isPartOf\":{\"@id\":\"https:\/\/portaltela.pt\/noticias\/2026\/03\/31\/metro-de-lisboa-reconhece-falhas-na-manutencao-de-escadas-rolantes-e-elevadores\/\"},\"author\":{\"name\":\"Telinha\",\"@id\":\"https:\/\/portaltela.pt\/#\/schema\/person\/c4278d4a6028830caff9ee44b42d32ed\"},\"headline\":\"Metro de Lisboa reconhece falhas na manuten\u00e7\u00e3o de escadas rolantes e elevadores\",\"datePublished\":\"2026-03-31T21:03:05+00:00\",\"mainEntityOfPage\":{\"@id\":\"https:\/\/portaltela.pt\/noticias\/2026\/03\/31\/metro-de-lisboa-reconhece-falhas-na-manutencao-de-escadas-rolantes-e-elevadores\/\"},\"wordCount\":292,\"image\":{\"@id\":\"https:\/\/portaltela.pt\/noticias\/2026\/03\/31\/metro-de-lisboa-reconhece-falhas-na-manutencao-de-escadas-rolantes-e-elevadores\/#primaryimage\"},\"thumbnailUrl\":\"https:\/\/portaltela.pt\/s.01k8rhncp4jt1\/2026\/03\/img_1500x1000uu2024-12-06-08-16-12-2181313.jpg\",\"keywords\":[\"acessibilidade\",\"infraestrutura\",\"Lisboa\",\"mobilidade\",\"obras\",\"transporte p\u00fablico\"],\"articleSection\":[\"Not\u00edcias\",\"Pol\u00edtica\"],\"inLanguage\":\"pt-PT\"},{\"@type\":\"WebPage\",\"@id\":\"https:\/\/portaltela.pt\/noticias\/2026\/03\/31\/metro-de-lisboa-reconhece-falhas-na-manutencao-de-escadas-rolantes-e-elevadores\/\",\"url\":\"https:\/\/portaltela.pt\/noticias\/2026\/03\/31\/metro-de-lisboa-reconhece-falhas-na-manutencao-de-escadas-rolantes-e-elevadores\/\",\"name\":\"Metro de Lisboa reconhece falhas na manuten\u00e7\u00e3o de escadas rolantes e elevadores - Portal Tela Portugal\",\"isPartOf\":{\"@id\":\"https:\/\/portaltela.pt\/#website\"},\"primaryImageOfPage\":{\"@id\":\"https:\/\/portaltela.pt\/noticias\/2026\/03\/31\/metro-de-lisboa-reconhece-falhas-na-manutencao-de-escadas-rolantes-e-elevadores\/#primaryimage\"},\"image\":{\"@id\":\"https:\/\/portaltela.pt\/noticias\/2026\/03\/31\/metro-de-lisboa-reconhece-falhas-na-manutencao-de-escadas-rolantes-e-elevadores\/#primaryimage\"},\"thumbnailUrl\":\"https:\/\/portaltela.pt\/s.01k8rhncp4jt1\/2026\/03\/img_1500x1000uu2024-12-06-08-16-12-2181313.jpg\",\"datePublished\":\"2026-03-31T21:03:05+00:00\",\"author\":{\"@id\":\"https:\/\/portaltela.pt\/#\/schema\/person\/c4278d4a6028830caff9ee44b42d32ed\"},\"breadcrumb\":{\"@id\":\"https:\/\/portaltela.pt\/noticias\/2026\/03\/31\/metro-de-lisboa-reconhece-falhas-na-manutencao-de-escadas-rolantes-e-elevadores\/#breadcrumb\"},\"inLanguage\":\"pt-PT\",\"potentialAction\":[{\"@type\":\"ReadAction\",\"target\":[\"https:\/\/portaltela.pt\/noticias\/2026\/03\/31\/metro-de-lisboa-reconhece-falhas-na-manutencao-de-escadas-rolantes-e-elevadores\/\"]}]},{\"@type\":\"ImageObject\",\"inLanguage\":\"pt-PT\",\"@id\":\"https:\/\/portaltela.pt\/noticias\/2026\/03\/31\/metro-de-lisboa-reconhece-falhas-na-manutencao-de-escadas-rolantes-e-elevadores\/#primaryimage\",\"url\":\"https:\/\/portaltela.pt\/s.01k8rhncp4jt1\/2026\/03\/img_1500x1000uu2024-12-06-08-16-12-2181313.jpg\",\"contentUrl\":\"https:\/\/portaltela.pt\/s.01k8rhncp4jt1\/2026\/03\/img_1500x1000uu2024-12-06-08-16-12-2181313.jpg\",\"width\":796,\"height\":448,\"caption\":\"Metro de Lisboa\"},{\"@type\":\"BreadcrumbList\",\"@id\":\"https:\/\/portaltela.pt\/noticias\/2026\/03\/31\/metro-de-lisboa-reconhece-falhas-na-manutencao-de-escadas-rolantes-e-elevadores\/#breadcrumb\",\"itemListElement\":[{\"@type\":\"ListItem\",\"position\":1,\"name\":\"In\u00edcio\",\"item\":\"https:\/\/portaltela.pt\/\"},{\"@type\":\"ListItem\",\"position\":2,\"name\":\"Metro de Lisboa reconhece falhas na manuten\u00e7\u00e3o de escadas rolantes e elevadores\"}]},{\"@type\":\"WebSite\",\"@id\":\"https:\/\/portaltela.pt\/#website\",\"url\":\"https:\/\/portaltela.pt\/\",\"name\":\"Portal Tela Portugal\",\"description\":\"\",\"potentialAction\":[{\"@type\":\"SearchAction\",\"target\":{\"@type\":\"EntryPoint\",\"urlTemplate\":\"https:\/\/portaltela.pt\/?s={search_term_string}\"},\"query-input\":{\"@type\":\"PropertyValueSpecification\",\"valueRequired\":true,\"valueName\":\"search_term_string\"}}],\"inLanguage\":\"pt-PT\"},{\"@type\":\"Person\",\"@id\":\"https:\/\/portaltela.pt\/#\/schema\/person\/c4278d4a6028830caff9ee44b42d32ed\",\"name\":\"Telinha\",\"image\":{\"@type\":\"ImageObject\",\"inLanguage\":\"pt-PT\",\"@id\":\"https:\/\/portaltela.pt\/s.01k8rhncp4jt1\/2025\/11\/talking-bot-125x125.png\",\"url\":\"https:\/\/portaltela.pt\/s.01k8rhncp4jt1\/2025\/11\/talking-bot-125x125.png\",\"contentUrl\":\"https:\/\/portaltela.pt\/s.01k8rhncp4jt1\/2025\/11\/talking-bot-125x125.png\",\"caption\":\"Telinha\"},\"sameAs\":[\"https:\/\/portaltela.pt\/\"],\"url\":\"https:\/\/portaltela.pt\/por\/367410592786\/\"}]}<\/script>\n<!-- \/ Yoast SEO plugin. -->","yoast_head_json":{"title":"Metro de Lisboa reconhece falhas na manuten\u00e7\u00e3o de escadas rolantes e elevadores - Portal Tela Portugal","robots":{"index":"index","follow":"follow","max-snippet":"max-snippet:-1","max-image-preview":"max-image-preview:large","max-video-preview":"max-video-preview:-1"},"og_locale":"pt_PT","og_type":"article","og_title":"Metro de Lisboa reconhece falhas na manuten\u00e7\u00e3o de escadas rolantes e elevadores - Portal Tela Portugal","og_description":"O Metropolitano de Lisboa admitiu que a manuten\u00e7\u00e3o das escadas rolantes e dos elevadores \u00e9 \u201cbastante cr\u00edtica\u201d, apontando um aumento das avarias nos \u00faltimos cinco anos sem solu\u00e7\u00e3o encontrada. Em fevereiro, na Comiss\u00e3o de Infraestruturas, Mobilidade e Habita\u00e7\u00e3o da Assembleia da Rep\u00fablica, Cristina Vaz Tom\u00e9 informou que a taxa de avaria passou de 4% em 2019 para cerca de 14% nas escadas e 24% nos elevadores em 2024. A respons\u00e1vel afirmou que a solu\u00e7\u00e3o pode passar por modelos mistos, e n\u00e3o apenas pela externaliza\u00e7\u00e3o, uma vez que os contratos antigos n\u00e3o punhavam falhas nem tinham n\u00edveis de servi\u00e7o obrigat\u00f3rios. Tamb\u00e9m destacou a falta de di\u00e1logo entre quem compra e quem mant\u00e9m, levando \u00e0 revoga\u00e7\u00e3o do contrato existente e ao lan\u00e7amento de um processo que pretende associar compra \u00e0 manuten\u00e7\u00e3o. Em 2024, a rede recebeu 525 queixas sobre escadas e 420 sobre elevadores; a disponibilidade m\u00e9dia dos elevadores manteve-se em 85%, com o fim de obras em Campo Pequeno e Picoas a aumentar para 46 esta\u00e7\u00f5es com elevadores, \u224882% da rede, em 2025.","og_url":"https:\/\/portaltela.pt\/noticias\/2026\/03\/31\/metro-de-lisboa-reconhece-falhas-na-manutencao-de-escadas-rolantes-e-elevadores\/","og_site_name":"Portal Tela Portugal","article_published_time":"2026-03-31T21:03:05+00:00","author":"Telinha","twitter_card":"summary_large_image","twitter_misc":{"Escrito por":"Telinha","Tempo estimado de leitura":"1 minuto"},"schema":{"@context":"https:\/\/schema.org","@graph":[{"@type":"Article","@id":"https:\/\/portaltela.pt\/noticias\/2026\/03\/31\/metro-de-lisboa-reconhece-falhas-na-manutencao-de-escadas-rolantes-e-elevadores\/#article","isPartOf":{"@id":"https:\/\/portaltela.pt\/noticias\/2026\/03\/31\/metro-de-lisboa-reconhece-falhas-na-manutencao-de-escadas-rolantes-e-elevadores\/"},"author":{"name":"Telinha","@id":"https:\/\/portaltela.pt\/#\/schema\/person\/c4278d4a6028830caff9ee44b42d32ed"},"headline":"Metro de Lisboa reconhece falhas na manuten\u00e7\u00e3o de escadas rolantes e elevadores","datePublished":"2026-03-31T21:03:05+00:00","mainEntityOfPage":{"@id":"https:\/\/portaltela.pt\/noticias\/2026\/03\/31\/metro-de-lisboa-reconhece-falhas-na-manutencao-de-escadas-rolantes-e-elevadores\/"},"wordCount":292,"image":{"@id":"https:\/\/portaltela.pt\/noticias\/2026\/03\/31\/metro-de-lisboa-reconhece-falhas-na-manutencao-de-escadas-rolantes-e-elevadores\/#primaryimage"},"thumbnailUrl":"https:\/\/portaltela.pt\/s.01k8rhncp4jt1\/2026\/03\/img_1500x1000uu2024-12-06-08-16-12-2181313.jpg","keywords":["acessibilidade","infraestrutura","Lisboa","mobilidade","obras","transporte p\u00fablico"],"articleSection":["Not\u00edcias","Pol\u00edtica"],"inLanguage":"pt-PT"},{"@type":"WebPage","@id":"https:\/\/portaltela.pt\/noticias\/2026\/03\/31\/metro-de-lisboa-reconhece-falhas-na-manutencao-de-escadas-rolantes-e-elevadores\/","url":"https:\/\/portaltela.pt\/noticias\/2026\/03\/31\/metro-de-lisboa-reconhece-falhas-na-manutencao-de-escadas-rolantes-e-elevadores\/","name":"Metro de Lisboa reconhece falhas na manuten\u00e7\u00e3o de escadas rolantes e elevadores - Portal Tela Portugal","isPartOf":{"@id":"https:\/\/portaltela.pt\/#website"},"primaryImageOfPage":{"@id":"https:\/\/portaltela.pt\/noticias\/2026\/03\/31\/metro-de-lisboa-reconhece-falhas-na-manutencao-de-escadas-rolantes-e-elevadores\/#primaryimage"},"image":{"@id":"https:\/\/portaltela.pt\/noticias\/2026\/03\/31\/metro-de-lisboa-reconhece-falhas-na-manutencao-de-escadas-rolantes-e-elevadores\/#primaryimage"},"thumbnailUrl":"https:\/\/portaltela.pt\/s.01k8rhncp4jt1\/2026\/03\/img_1500x1000uu2024-12-06-08-16-12-2181313.jpg","datePublished":"2026-03-31T21:03:05+00:00","author":{"@id":"https:\/\/portaltela.pt\/#\/schema\/person\/c4278d4a6028830caff9ee44b42d32ed"},"breadcrumb":{"@id":"https:\/\/portaltela.pt\/noticias\/2026\/03\/31\/metro-de-lisboa-reconhece-falhas-na-manutencao-de-escadas-rolantes-e-elevadores\/#breadcrumb"},"inLanguage":"pt-PT","potentialAction":[{"@type":"ReadAction","target":["https:\/\/portaltela.pt\/noticias\/2026\/03\/31\/metro-de-lisboa-reconhece-falhas-na-manutencao-de-escadas-rolantes-e-elevadores\/"]}]},{"@type":"ImageObject","inLanguage":"pt-PT","@id":"https:\/\/portaltela.pt\/noticias\/2026\/03\/31\/metro-de-lisboa-reconhece-falhas-na-manutencao-de-escadas-rolantes-e-elevadores\/#primaryimage","url":"https:\/\/portaltela.pt\/s.01k8rhncp4jt1\/2026\/03\/img_1500x1000uu2024-12-06-08-16-12-2181313.jpg","contentUrl":"https:\/\/portaltela.pt\/s.01k8rhncp4jt1\/2026\/03\/img_1500x1000uu2024-12-06-08-16-12-2181313.jpg","width":796,"height":448,"caption":"Metro de Lisboa"},{"@type":"BreadcrumbList","@id":"https:\/\/portaltela.pt\/noticias\/2026\/03\/31\/metro-de-lisboa-reconhece-falhas-na-manutencao-de-escadas-rolantes-e-elevadores\/#breadcrumb","itemListElement":[{"@type":"ListItem","position":1,"name":"In\u00edcio","item":"https:\/\/portaltela.pt\/"},{"@type":"ListItem","position":2,"name":"Metro de Lisboa reconhece falhas na manuten\u00e7\u00e3o de escadas rolantes e elevadores"}]},{"@type":"WebSite","@id":"https:\/\/portaltela.pt\/#website","url":"https:\/\/portaltela.pt\/","name":"Portal Tela Portugal","description":"","potentialAction":[{"@type":"SearchAction","target":{"@type":"EntryPoint","urlTemplate":"https:\/\/portaltela.pt\/?s={search_term_string}"},"query-input":{"@type":"PropertyValueSpecification","valueRequired":true,"valueName":"search_term_string"}}],"inLanguage":"pt-PT"},{"@type":"Person","@id":"https:\/\/portaltela.pt\/#\/schema\/person\/c4278d4a6028830caff9ee44b42d32ed","name":"Telinha","image":{"@type":"ImageObject","inLanguage":"pt-PT","@id":"https:\/\/portaltela.pt\/s.01k8rhncp4jt1\/2025\/11\/talking-bot-125x125.png","url":"https:\/\/portaltela.pt\/s.01k8rhncp4jt1\/2025\/11\/talking-bot-125x125.png","contentUrl":"https:\/\/portaltela.pt\/s.01k8rhncp4jt1\/2025\/11\/talking-bot-125x125.png","caption":"Telinha"},"sameAs":["https:\/\/portaltela.pt\/"],"url":"https:\/\/portaltela.pt\/por\/367410592786\/"}]}},"_links":{"self":[{"href":"https:\/\/portaltela.pt\/api\/wp\/v2\/posts\/428412","targetHints":{"allow":["GET"]}}],"collection":[{"href":"https:\/\/portaltela.pt\/api\/wp\/v2\/posts"}],"about":[{"href":"https:\/\/portaltela.pt\/api\/wp\/v2\/types\/post"}],"author":[{"embeddable":true,"href":"https:\/\/portaltela.pt\/api\/wp\/v2\/users\/2"}],"replies":[{"embeddable":true,"href":"https:\/\/portaltela.pt\/api\/wp\/v2\/comments?post=428412"}],"version-history":[{"count":0,"href":"https:\/\/portaltela.pt\/api\/wp\/v2\/posts\/428412\/revisions"}],"wp:featuredmedia":[{"embeddable":true,"href":"https:\/\/portaltela.pt\/api\/wp\/v2\/media\/428413"}],"wp:attachment":[{"href":"https:\/\/portaltela.pt\/api\/wp\/v2\/media?parent=428412"}],"wp:term":[{"taxonomy":"category","embeddable":true,"href":"https:\/\/portaltela.pt\/api\/wp\/v2\/categories?post=428412"},{"taxonomy":"post_tag","embeddable":true,"href":"https:\/\/portaltela.pt\/api\/wp\/v2\/tags?post=428412"}],"curies":[{"name":"wp","href":"https:\/\/api.w.org\/{rel}","templated":true}]}}