{"id":428399,"date":"2026-03-31T17:47:32","date_gmt":"2026-03-31T20:47:32","guid":{"rendered":"https:\/\/portaltela.pt\/noticias\/2026\/03\/31\/crimes-de-odio-aumentam-e-jovens-radicalizam-online-em-2025\/"},"modified":"2026-03-31T17:47:32","modified_gmt":"2026-03-31T20:47:32","slug":"crimes-de-odio-aumentam-e-jovens-radicalizam-online-em-2025","status":"publish","type":"post","link":"https:\/\/portaltela.pt\/seguranca\/2026\/03\/31\/crimes-de-odio-aumentam-e-jovens-radicalizam-online-em-2025\/","title":{"rendered":"Crimes de \u00f3dio aumentam e jovens radicalizam online em 2025"},"content":{"rendered":"<p>Em 2025, as autoridades registaram 449 participa\u00e7\u00f5es por crimes de \u00f3dio, um aumento de 6,7% face a 2024. O relat\u00f3rio anual de Seguran\u00e7a Interna (RASI) aponta para a r\u00e1dio de recrutamento online de jovens para radicaliza\u00e7\u00e3o.<\/p>\n<p>O documento sublinha o uso da internet e das redes sociais para partilhar conte\u00fados que incitam \u00e0 viol\u00eancia, amea\u00e7am ou difamam pessoas por ra\u00e7a, religi\u00e3o, orienta\u00e7\u00e3o sexual ou origem. A maioria dos suspeitos s\u00e3o jovens, alguns com idade que impede responsabilidade penal.<\/p>\n<p>Foram registadas tr\u00eas participa\u00e7\u00f5es por crimes de tortura ou tratamentos desumanos e 27 por outros crimes contra a identidade cultural. Havendo investiga\u00e7\u00f5es de crimes promovidos pela internet, com v\u00e1rias den\u00fancias que deram origem a inqu\u00e9ritos.<\/p>\n<p>O RASI sustenta que o recrutamento se faz com promessas de perten\u00e7a a grupos organizados, usando t\u00e9cnicas de doutrina\u00e7\u00e3o para moldar o pensamento e afastar valores sociais comuns. A distor\u00e7\u00e3o da realidade \u00e9 frequente e favorece teorias conspirat\u00f3rias.<\/p>\n<p>Conforme o relat\u00f3rio, os jovens vulner\u00e1veis cedem a uma ret\u00f3rica antissistema que pode levar \u00e0 ades\u00e3o a movimentos radicais. O documento tamb\u00e9m alerta para o aumento da desinforma\u00e7\u00e3o e da polariza\u00e7\u00e3o no pa\u00eds.<\/p>\n<p>Lisboa representa a maior incid\u00eancia, com cerca de 30% dos casos, seguida pelo Porto com 15%, Set\u00fabal com 9% e Faro com 8%. O conjunto de dados mostra uma maior atividade em grandes \u00e1reas urbanas.<\/p>\n<p>Segundo o RASI, o quadro de polariza\u00e7\u00e3o pol\u00edtica, racial e religiosa tem contribu\u00eddo para uma crispa\u00e7\u00e3o social que se reflete em confrontos p\u00fablicos e protestos n\u00e3o autorizados. Em alguns casos, h\u00e1 viol\u00eancia verbal ou f\u00edsica dirigida a minorias.<\/p>\n<p>O relat\u00f3rio assinala ainda a dificuldade de prova da motiva\u00e7\u00e3o discriminat\u00f3ria, o que explica o reduzido n\u00famero de deten\u00e7\u00f5es face ao volume de ocorr\u00eancias. O documento foi divulgado pelo Conselho Superior de Seguran\u00e7a Interna e entregue ao parlamento.<\/p>\n","protected":false},"excerpt":{"rendered":"<ul>\n<li>Pol\u00edcias registaram 449 participa\u00e7\u00f5es por crimes de \u00f3dio em 2025, um aumento de 6,7% face a 2024.<\/li>\n<li>O Relat\u00f3rio Anual de Seguran\u00e7a Interna aponta o uso da internet e de redes sociais para incitar viol\u00eancia, amea\u00e7ar, injuriar ou difamar, bem como o recrutamento online de jovens para radicaliza\u00e7\u00e3o.<\/li>\n<li>Jovens, alguns inimput\u00e1veis por idade, s\u00e3o atra\u00eddos por grupos que promovem doutrina\u00e7\u00e3o, radicaliza\u00e7\u00e3o e teorias da conspira\u00e7\u00e3o.<\/li>\n<li>Lisboa (30%), Porto (15%), Set\u00fabal (9%) e Faro (8%) concentram a maioria destas ocorr\u00eancias.<\/li>\n<li>O documento alerta para a necessidade de estrat\u00e9gias preventivas devido \u00e0 polariza\u00e7\u00e3o e ao impacto na vida social e nas institui\u00e7\u00f5es democr\u00e1ticas.<\/li>\n<\/ul>\n","protected":false},"author":2,"featured_media":428401,"comment_status":"closed","ping_status":"closed","sticky":false,"template":"","format":"standard","meta":{"footnotes":""},"categories":[7374,6779],"tags":[3598,1469,39,2844,88,4536],"class_list":["post-428399","post","type-post","status-publish","format-standard","has-post-thumbnail","hentry","category-criminalidade","category-seguranca","tag-crimes-de-odio","tag-desinformacao","tag-internet","tag-jovens","tag-redes-sociais","tag-seguranca"],"yoast_head":"<!-- This site is optimized with the Yoast SEO plugin v27.2 - https:\/\/yoast.com\/product\/yoast-seo-wordpress\/ -->\n<title>Crimes de \u00f3dio aumentam e jovens radicalizam online em 2025 - Portal Tela Portugal<\/title>\n<meta name=\"robots\" content=\"index, follow, max-snippet:-1, max-image-preview:large, max-video-preview:-1\" \/>\n<meta property=\"og:locale\" content=\"pt_PT\" \/>\n<meta property=\"og:type\" content=\"article\" \/>\n<meta property=\"og:title\" content=\"Crimes de \u00f3dio aumentam e jovens radicalizam online em 2025 - Portal Tela Portugal\" \/>\n<meta property=\"og:description\" content=\"Pol\u00edcias registaram 449 participa\u00e7\u00f5es por crimes de \u00f3dio em 2025, um aumento de 6,7% face a 2024. O Relat\u00f3rio Anual de Seguran\u00e7a Interna aponta o uso da internet e de redes sociais para incitar viol\u00eancia, amea\u00e7ar, injuriar ou difamar, bem como o recrutamento online de jovens para radicaliza\u00e7\u00e3o. Jovens, alguns inimput\u00e1veis por idade, s\u00e3o atra\u00eddos por grupos que promovem doutrina\u00e7\u00e3o, radicaliza\u00e7\u00e3o e teorias da conspira\u00e7\u00e3o. Lisboa (30%), Porto (15%), Set\u00fabal (9%) e Faro (8%) concentram a maioria destas ocorr\u00eancias. O documento alerta para a necessidade de estrat\u00e9gias preventivas devido \u00e0 polariza\u00e7\u00e3o e ao impacto na vida social e nas institui\u00e7\u00f5es democr\u00e1ticas.\" \/>\n<meta property=\"og:url\" content=\"https:\/\/portaltela.pt\/noticias\/2026\/03\/31\/crimes-de-odio-aumentam-e-jovens-radicalizam-online-em-2025\/\" \/>\n<meta property=\"og:site_name\" content=\"Portal Tela Portugal\" \/>\n<meta property=\"article:published_time\" content=\"2026-03-31T20:47:32+00:00\" \/>\n<meta name=\"author\" content=\"Telinha\" \/>\n<meta name=\"twitter:card\" content=\"summary_large_image\" \/>\n<meta name=\"twitter:label1\" content=\"Escrito por\" \/>\n\t<meta name=\"twitter:data1\" content=\"Telinha\" \/>\n\t<meta name=\"twitter:label2\" content=\"Tempo estimado de leitura\" \/>\n\t<meta name=\"twitter:data2\" content=\"2 minutos\" \/>\n<script type=\"application\/ld+json\" class=\"yoast-schema-graph\">{\"@context\":\"https:\/\/schema.org\",\"@graph\":[{\"@type\":\"Article\",\"@id\":\"https:\/\/portaltela.pt\/noticias\/2026\/03\/31\/crimes-de-odio-aumentam-e-jovens-radicalizam-online-em-2025\/#article\",\"isPartOf\":{\"@id\":\"https:\/\/portaltela.pt\/noticias\/2026\/03\/31\/crimes-de-odio-aumentam-e-jovens-radicalizam-online-em-2025\/\"},\"author\":{\"name\":\"Telinha\",\"@id\":\"https:\/\/portaltela.pt\/#\/schema\/person\/c4278d4a6028830caff9ee44b42d32ed\"},\"headline\":\"Crimes de \u00f3dio aumentam e jovens radicalizam online em 2025\",\"datePublished\":\"2026-03-31T20:47:32+00:00\",\"mainEntityOfPage\":{\"@id\":\"https:\/\/portaltela.pt\/noticias\/2026\/03\/31\/crimes-de-odio-aumentam-e-jovens-radicalizam-online-em-2025\/\"},\"wordCount\":340,\"image\":{\"@id\":\"https:\/\/portaltela.pt\/noticias\/2026\/03\/31\/crimes-de-odio-aumentam-e-jovens-radicalizam-online-em-2025\/#primaryimage\"},\"thumbnailUrl\":\"https:\/\/portaltela.pt\/s.01k8rhncp4jt1\/2026\/03\/img_1280x721uu2024-06-10-14-20-00-1677056-1.jpg\",\"keywords\":[\"crimes de \u00f3dio\",\"desinforma\u00e7\u00e3o\",\"internet\",\"jovens\",\"redes sociais\",\"seguran\u00e7a\"],\"articleSection\":[\"Criminalidade\",\"Seguran\u00e7a\"],\"inLanguage\":\"pt-PT\"},{\"@type\":\"WebPage\",\"@id\":\"https:\/\/portaltela.pt\/noticias\/2026\/03\/31\/crimes-de-odio-aumentam-e-jovens-radicalizam-online-em-2025\/\",\"url\":\"https:\/\/portaltela.pt\/noticias\/2026\/03\/31\/crimes-de-odio-aumentam-e-jovens-radicalizam-online-em-2025\/\",\"name\":\"Crimes de \u00f3dio aumentam e jovens radicalizam online em 2025 - Portal Tela Portugal\",\"isPartOf\":{\"@id\":\"https:\/\/portaltela.pt\/#website\"},\"primaryImageOfPage\":{\"@id\":\"https:\/\/portaltela.pt\/noticias\/2026\/03\/31\/crimes-de-odio-aumentam-e-jovens-radicalizam-online-em-2025\/#primaryimage\"},\"image\":{\"@id\":\"https:\/\/portaltela.pt\/noticias\/2026\/03\/31\/crimes-de-odio-aumentam-e-jovens-radicalizam-online-em-2025\/#primaryimage\"},\"thumbnailUrl\":\"https:\/\/portaltela.pt\/s.01k8rhncp4jt1\/2026\/03\/img_1280x721uu2024-06-10-14-20-00-1677056-1.jpg\",\"datePublished\":\"2026-03-31T20:47:32+00:00\",\"author\":{\"@id\":\"https:\/\/portaltela.pt\/#\/schema\/person\/c4278d4a6028830caff9ee44b42d32ed\"},\"breadcrumb\":{\"@id\":\"https:\/\/portaltela.pt\/noticias\/2026\/03\/31\/crimes-de-odio-aumentam-e-jovens-radicalizam-online-em-2025\/#breadcrumb\"},\"inLanguage\":\"pt-PT\",\"potentialAction\":[{\"@type\":\"ReadAction\",\"target\":[\"https:\/\/portaltela.pt\/noticias\/2026\/03\/31\/crimes-de-odio-aumentam-e-jovens-radicalizam-online-em-2025\/\"]}]},{\"@type\":\"ImageObject\",\"inLanguage\":\"pt-PT\",\"@id\":\"https:\/\/portaltela.pt\/noticias\/2026\/03\/31\/crimes-de-odio-aumentam-e-jovens-radicalizam-online-em-2025\/#primaryimage\",\"url\":\"https:\/\/portaltela.pt\/s.01k8rhncp4jt1\/2026\/03\/img_1280x721uu2024-06-10-14-20-00-1677056-1.jpg\",\"contentUrl\":\"https:\/\/portaltela.pt\/s.01k8rhncp4jt1\/2026\/03\/img_1280x721uu2024-06-10-14-20-00-1677056-1.jpg\",\"width\":796,\"height\":448,\"caption\":\"Photo\"},{\"@type\":\"BreadcrumbList\",\"@id\":\"https:\/\/portaltela.pt\/noticias\/2026\/03\/31\/crimes-de-odio-aumentam-e-jovens-radicalizam-online-em-2025\/#breadcrumb\",\"itemListElement\":[{\"@type\":\"ListItem\",\"position\":1,\"name\":\"In\u00edcio\",\"item\":\"https:\/\/portaltela.pt\/\"},{\"@type\":\"ListItem\",\"position\":2,\"name\":\"Crimes de \u00f3dio aumentam e jovens radicalizam online em 2025\"}]},{\"@type\":\"WebSite\",\"@id\":\"https:\/\/portaltela.pt\/#website\",\"url\":\"https:\/\/portaltela.pt\/\",\"name\":\"Portal Tela Portugal\",\"description\":\"\",\"potentialAction\":[{\"@type\":\"SearchAction\",\"target\":{\"@type\":\"EntryPoint\",\"urlTemplate\":\"https:\/\/portaltela.pt\/?s={search_term_string}\"},\"query-input\":{\"@type\":\"PropertyValueSpecification\",\"valueRequired\":true,\"valueName\":\"search_term_string\"}}],\"inLanguage\":\"pt-PT\"},{\"@type\":\"Person\",\"@id\":\"https:\/\/portaltela.pt\/#\/schema\/person\/c4278d4a6028830caff9ee44b42d32ed\",\"name\":\"Telinha\",\"image\":{\"@type\":\"ImageObject\",\"inLanguage\":\"pt-PT\",\"@id\":\"https:\/\/portaltela.pt\/s.01k8rhncp4jt1\/2025\/11\/talking-bot-125x125.png\",\"url\":\"https:\/\/portaltela.pt\/s.01k8rhncp4jt1\/2025\/11\/talking-bot-125x125.png\",\"contentUrl\":\"https:\/\/portaltela.pt\/s.01k8rhncp4jt1\/2025\/11\/talking-bot-125x125.png\",\"caption\":\"Telinha\"},\"sameAs\":[\"https:\/\/portaltela.pt\/\"],\"url\":\"https:\/\/portaltela.pt\/por\/367410592786\/\"}]}<\/script>\n<!-- \/ Yoast SEO plugin. -->","yoast_head_json":{"title":"Crimes de \u00f3dio aumentam e jovens radicalizam online em 2025 - Portal Tela Portugal","robots":{"index":"index","follow":"follow","max-snippet":"max-snippet:-1","max-image-preview":"max-image-preview:large","max-video-preview":"max-video-preview:-1"},"og_locale":"pt_PT","og_type":"article","og_title":"Crimes de \u00f3dio aumentam e jovens radicalizam online em 2025 - Portal Tela Portugal","og_description":"Pol\u00edcias registaram 449 participa\u00e7\u00f5es por crimes de \u00f3dio em 2025, um aumento de 6,7% face a 2024. O Relat\u00f3rio Anual de Seguran\u00e7a Interna aponta o uso da internet e de redes sociais para incitar viol\u00eancia, amea\u00e7ar, injuriar ou difamar, bem como o recrutamento online de jovens para radicaliza\u00e7\u00e3o. Jovens, alguns inimput\u00e1veis por idade, s\u00e3o atra\u00eddos por grupos que promovem doutrina\u00e7\u00e3o, radicaliza\u00e7\u00e3o e teorias da conspira\u00e7\u00e3o. Lisboa (30%), Porto (15%), Set\u00fabal (9%) e Faro (8%) concentram a maioria destas ocorr\u00eancias. O documento alerta para a necessidade de estrat\u00e9gias preventivas devido \u00e0 polariza\u00e7\u00e3o e ao impacto na vida social e nas institui\u00e7\u00f5es democr\u00e1ticas.","og_url":"https:\/\/portaltela.pt\/noticias\/2026\/03\/31\/crimes-de-odio-aumentam-e-jovens-radicalizam-online-em-2025\/","og_site_name":"Portal Tela Portugal","article_published_time":"2026-03-31T20:47:32+00:00","author":"Telinha","twitter_card":"summary_large_image","twitter_misc":{"Escrito por":"Telinha","Tempo estimado de leitura":"2 minutos"},"schema":{"@context":"https:\/\/schema.org","@graph":[{"@type":"Article","@id":"https:\/\/portaltela.pt\/noticias\/2026\/03\/31\/crimes-de-odio-aumentam-e-jovens-radicalizam-online-em-2025\/#article","isPartOf":{"@id":"https:\/\/portaltela.pt\/noticias\/2026\/03\/31\/crimes-de-odio-aumentam-e-jovens-radicalizam-online-em-2025\/"},"author":{"name":"Telinha","@id":"https:\/\/portaltela.pt\/#\/schema\/person\/c4278d4a6028830caff9ee44b42d32ed"},"headline":"Crimes de \u00f3dio aumentam e jovens radicalizam online em 2025","datePublished":"2026-03-31T20:47:32+00:00","mainEntityOfPage":{"@id":"https:\/\/portaltela.pt\/noticias\/2026\/03\/31\/crimes-de-odio-aumentam-e-jovens-radicalizam-online-em-2025\/"},"wordCount":340,"image":{"@id":"https:\/\/portaltela.pt\/noticias\/2026\/03\/31\/crimes-de-odio-aumentam-e-jovens-radicalizam-online-em-2025\/#primaryimage"},"thumbnailUrl":"https:\/\/portaltela.pt\/s.01k8rhncp4jt1\/2026\/03\/img_1280x721uu2024-06-10-14-20-00-1677056-1.jpg","keywords":["crimes de \u00f3dio","desinforma\u00e7\u00e3o","internet","jovens","redes sociais","seguran\u00e7a"],"articleSection":["Criminalidade","Seguran\u00e7a"],"inLanguage":"pt-PT"},{"@type":"WebPage","@id":"https:\/\/portaltela.pt\/noticias\/2026\/03\/31\/crimes-de-odio-aumentam-e-jovens-radicalizam-online-em-2025\/","url":"https:\/\/portaltela.pt\/noticias\/2026\/03\/31\/crimes-de-odio-aumentam-e-jovens-radicalizam-online-em-2025\/","name":"Crimes de \u00f3dio aumentam e jovens radicalizam online em 2025 - Portal Tela Portugal","isPartOf":{"@id":"https:\/\/portaltela.pt\/#website"},"primaryImageOfPage":{"@id":"https:\/\/portaltela.pt\/noticias\/2026\/03\/31\/crimes-de-odio-aumentam-e-jovens-radicalizam-online-em-2025\/#primaryimage"},"image":{"@id":"https:\/\/portaltela.pt\/noticias\/2026\/03\/31\/crimes-de-odio-aumentam-e-jovens-radicalizam-online-em-2025\/#primaryimage"},"thumbnailUrl":"https:\/\/portaltela.pt\/s.01k8rhncp4jt1\/2026\/03\/img_1280x721uu2024-06-10-14-20-00-1677056-1.jpg","datePublished":"2026-03-31T20:47:32+00:00","author":{"@id":"https:\/\/portaltela.pt\/#\/schema\/person\/c4278d4a6028830caff9ee44b42d32ed"},"breadcrumb":{"@id":"https:\/\/portaltela.pt\/noticias\/2026\/03\/31\/crimes-de-odio-aumentam-e-jovens-radicalizam-online-em-2025\/#breadcrumb"},"inLanguage":"pt-PT","potentialAction":[{"@type":"ReadAction","target":["https:\/\/portaltela.pt\/noticias\/2026\/03\/31\/crimes-de-odio-aumentam-e-jovens-radicalizam-online-em-2025\/"]}]},{"@type":"ImageObject","inLanguage":"pt-PT","@id":"https:\/\/portaltela.pt\/noticias\/2026\/03\/31\/crimes-de-odio-aumentam-e-jovens-radicalizam-online-em-2025\/#primaryimage","url":"https:\/\/portaltela.pt\/s.01k8rhncp4jt1\/2026\/03\/img_1280x721uu2024-06-10-14-20-00-1677056-1.jpg","contentUrl":"https:\/\/portaltela.pt\/s.01k8rhncp4jt1\/2026\/03\/img_1280x721uu2024-06-10-14-20-00-1677056-1.jpg","width":796,"height":448,"caption":"Photo"},{"@type":"BreadcrumbList","@id":"https:\/\/portaltela.pt\/noticias\/2026\/03\/31\/crimes-de-odio-aumentam-e-jovens-radicalizam-online-em-2025\/#breadcrumb","itemListElement":[{"@type":"ListItem","position":1,"name":"In\u00edcio","item":"https:\/\/portaltela.pt\/"},{"@type":"ListItem","position":2,"name":"Crimes de \u00f3dio aumentam e jovens radicalizam online em 2025"}]},{"@type":"WebSite","@id":"https:\/\/portaltela.pt\/#website","url":"https:\/\/portaltela.pt\/","name":"Portal Tela Portugal","description":"","potentialAction":[{"@type":"SearchAction","target":{"@type":"EntryPoint","urlTemplate":"https:\/\/portaltela.pt\/?s={search_term_string}"},"query-input":{"@type":"PropertyValueSpecification","valueRequired":true,"valueName":"search_term_string"}}],"inLanguage":"pt-PT"},{"@type":"Person","@id":"https:\/\/portaltela.pt\/#\/schema\/person\/c4278d4a6028830caff9ee44b42d32ed","name":"Telinha","image":{"@type":"ImageObject","inLanguage":"pt-PT","@id":"https:\/\/portaltela.pt\/s.01k8rhncp4jt1\/2025\/11\/talking-bot-125x125.png","url":"https:\/\/portaltela.pt\/s.01k8rhncp4jt1\/2025\/11\/talking-bot-125x125.png","contentUrl":"https:\/\/portaltela.pt\/s.01k8rhncp4jt1\/2025\/11\/talking-bot-125x125.png","caption":"Telinha"},"sameAs":["https:\/\/portaltela.pt\/"],"url":"https:\/\/portaltela.pt\/por\/367410592786\/"}]}},"_links":{"self":[{"href":"https:\/\/portaltela.pt\/api\/wp\/v2\/posts\/428399","targetHints":{"allow":["GET"]}}],"collection":[{"href":"https:\/\/portaltela.pt\/api\/wp\/v2\/posts"}],"about":[{"href":"https:\/\/portaltela.pt\/api\/wp\/v2\/types\/post"}],"author":[{"embeddable":true,"href":"https:\/\/portaltela.pt\/api\/wp\/v2\/users\/2"}],"replies":[{"embeddable":true,"href":"https:\/\/portaltela.pt\/api\/wp\/v2\/comments?post=428399"}],"version-history":[{"count":0,"href":"https:\/\/portaltela.pt\/api\/wp\/v2\/posts\/428399\/revisions"}],"wp:featuredmedia":[{"embeddable":true,"href":"https:\/\/portaltela.pt\/api\/wp\/v2\/media\/428401"}],"wp:attachment":[{"href":"https:\/\/portaltela.pt\/api\/wp\/v2\/media?parent=428399"}],"wp:term":[{"taxonomy":"category","embeddable":true,"href":"https:\/\/portaltela.pt\/api\/wp\/v2\/categories?post=428399"},{"taxonomy":"post_tag","embeddable":true,"href":"https:\/\/portaltela.pt\/api\/wp\/v2\/tags?post=428399"}],"curies":[{"name":"wp","href":"https:\/\/api.w.org\/{rel}","templated":true}]}}