{"id":428392,"date":"2026-03-31T17:47:27","date_gmt":"2026-03-31T20:47:27","guid":{"rendered":"https:\/\/portaltela.pt\/noticias\/2026\/03\/31\/edtech-explorar-o-futuro-da-educacao-tecnologica\/"},"modified":"2026-03-31T17:47:27","modified_gmt":"2026-03-31T20:47:27","slug":"edtech-explorar-o-futuro-da-educacao-tecnologica","status":"publish","type":"post","link":"https:\/\/portaltela.pt\/tecnologia\/2026\/03\/31\/edtech-explorar-o-futuro-da-educacao-tecnologica\/","title":{"rendered":"EdTech: explorar o futuro da educa\u00e7\u00e3o tecnol\u00f3gica"},"content":{"rendered":"<p>O debate sobre a ado\u00e7\u00e3o de EdTech assenta na necessidade de alinhar a pedagogia \u00e0 l\u00f3gica do mercado. Imaginemos uma escola prim\u00e1ria onde alunos usam uma fita na cabe\u00e7a para monitorizar ondas cerebrais com EEG. O objetivo \u00e9 medir a aten\u00e7\u00e3o durante as aulas.<\/p>\n<p>As fitas FocusEDU foram testadas numa escola na China em 2019, segundo o Digital Education Outlook da OCDE, publicado em 2021. A not\u00edcia mostra que estas tecnologias j\u00e1 existem e t\u00eam impacto na sala de aula real, n\u00e3o apenas na fic\u00e7\u00e3o.<\/p>\n<p>No dia 11 de mar\u00e7o, o ministro da Educa\u00e7\u00e3o, Fernando Alexandre, participou na abertura da TECH_EDU, feira organizada em paralelo com a Futur\u00e1lia. O evento foi apresentado como o primeiro Nacional dedicado \u00e0 transforma\u00e7\u00e3o digital da educa\u00e7\u00e3o em Portugal.<\/p>\n<h3>Privacidade e \u00e9tica<\/h3>\n<p>Durante a mesma semana, uma escola privada em Lisboa revelou ter usado um sistema de reconhecimento facial para marcar presen\u00e7as de crian\u00e7as. O caso acendeu o debate sobre privacidade, seguran\u00e7a de dados e falhas t\u00e9cnicas associadas a estas solu\u00e7\u00f5es.<\/p>\n<p>Al\u00e9m disso, na TECH_EDU foi demonstrado um caderno com c\u00f3digo QR que transfere apontamentos manuscritos para uma vers\u00e3o digital, ligada a IA que resume textos e gera quest\u00f5es. O recurso levanta quest\u00f5es sobre utilidade educativa versus custos operacionais.<\/p>\n<h3>Inova\u00e7\u00e3o pedag\u00f3gica e condi\u00e7\u00f5es de implementa\u00e7\u00e3o<\/h3>\n<p>As grandes empresas de tecnologia e as EdTech criaram um ecossistema cujo valor cresce com a expans\u00e3o da aprendizagem online. A IoT e a IA aparecem como pilares, independentemente da evid\u00eancia de utilidade pr\u00e1tica para cada contexto escolar.<\/p>\n<p>A ado\u00e7\u00e3o destas ferramentas deve seguir princ\u00edpios pedag\u00f3gicos, n\u00e3o apenas estrat\u00e9gias de mercado. Investir recursos em solu\u00e7\u00f5es que n\u00e3o resolvem problemas reais pode comprometer o que j\u00e1 funciona nas comunidades educativas.<\/p>\n","protected":false},"excerpt":{"rendered":"<ul>\n<li>Fita na cabe\u00e7a que, com uma plataforma de software, monitoriza ondas cerebrais para medir a aten\u00e7\u00e3o dos alunos; testada na China em 2019, citada no Digital Education Outlook da OCDE de 2021.<\/li>\n<li>No dia 11 de mar\u00e7o, o ministro da Educa\u00e7\u00e3o, Fernando Alexandre, abriu a TECH_EDU, maior feira nacional dedicada \u00e0 transforma\u00e7\u00e3o digital da educa\u00e7\u00e3o em Portugal, em paralelo com a Futur\u00e1lia.<\/li>\n<li>Dois dias depois, uma escola privada em Lisboa usou um sistema de reconhecimento facial para marcar presen\u00e7as, levantando quest\u00f5es de privacidade.<\/li>\n<li>Na feira, houve apresenta\u00e7\u00e3o de ferramentas como um caderno com c\u00f3digo QR que transfere apontamentos manuscritos para uma vers\u00e3o digital e, com IA, gera resumos e coloca quest\u00f5es.<\/li>\n<li>A ado\u00e7\u00e3o de tecnologias deve seguir a pedagogia, n\u00e3o a l\u00f3gica do mercado, sob pena de desperdi\u00e7ar recursos ou abrir portas \u00e0 vigil\u00e2ncia; o ecossistema de grandes empresas de tecnologia e EdTech domina o setor, impulsionado pela pandemia.<\/li>\n<\/ul>\n","protected":false},"author":2,"featured_media":428396,"comment_status":"closed","ping_status":"closed","sticky":false,"template":"","format":"standard","meta":{"footnotes":""},"categories":[6716],"tags":[163,2917,51,3562,6641,153],"class_list":["post-428392","post","type-post","status-publish","format-standard","has-post-thumbnail","hentry","category-tecnologia","tag-educacao","tag-educacao-digital","tag-inteligencia-artificial","tag-privacidade","tag-protecao-de-dados","tag-tecnologia"],"yoast_head":"<!-- This site is optimized with the Yoast SEO plugin v27.2 - https:\/\/yoast.com\/product\/yoast-seo-wordpress\/ -->\n<title>EdTech: explorar o futuro da educa\u00e7\u00e3o tecnol\u00f3gica - Portal Tela Portugal<\/title>\n<meta name=\"robots\" content=\"index, follow, max-snippet:-1, max-image-preview:large, max-video-preview:-1\" \/>\n<meta property=\"og:locale\" content=\"pt_PT\" \/>\n<meta property=\"og:type\" content=\"article\" \/>\n<meta property=\"og:title\" content=\"EdTech: explorar o futuro da educa\u00e7\u00e3o tecnol\u00f3gica - Portal Tela Portugal\" \/>\n<meta property=\"og:description\" content=\"Fita na cabe\u00e7a que, com uma plataforma de software, monitoriza ondas cerebrais para medir a aten\u00e7\u00e3o dos alunos; testada na China em 2019, citada no Digital Education Outlook da OCDE de 2021. No dia 11 de mar\u00e7o, o ministro da Educa\u00e7\u00e3o, Fernando Alexandre, abriu a TECH_EDU, maior feira nacional dedicada \u00e0 transforma\u00e7\u00e3o digital da educa\u00e7\u00e3o em Portugal, em paralelo com a Futur\u00e1lia. Dois dias depois, uma escola privada em Lisboa usou um sistema de reconhecimento facial para marcar presen\u00e7as, levantando quest\u00f5es de privacidade. Na feira, houve apresenta\u00e7\u00e3o de ferramentas como um caderno com c\u00f3digo QR que transfere apontamentos manuscritos para uma vers\u00e3o digital e, com IA, gera resumos e coloca quest\u00f5es. A ado\u00e7\u00e3o de tecnologias deve seguir a pedagogia, n\u00e3o a l\u00f3gica do mercado, sob pena de desperdi\u00e7ar recursos ou abrir portas \u00e0 vigil\u00e2ncia; o ecossistema de grandes empresas de tecnologia e EdTech domina o setor, impulsionado pela pandemia.\" \/>\n<meta property=\"og:url\" content=\"https:\/\/portaltela.pt\/noticias\/2026\/03\/31\/edtech-explorar-o-futuro-da-educacao-tecnologica\/\" \/>\n<meta property=\"og:site_name\" content=\"Portal Tela Portugal\" \/>\n<meta property=\"article:published_time\" content=\"2026-03-31T20:47:27+00:00\" \/>\n<meta name=\"author\" content=\"Telinha\" \/>\n<meta name=\"twitter:card\" content=\"summary_large_image\" \/>\n<meta name=\"twitter:label1\" content=\"Escrito por\" \/>\n\t<meta name=\"twitter:data1\" content=\"Telinha\" \/>\n\t<meta name=\"twitter:label2\" content=\"Tempo estimado de leitura\" \/>\n\t<meta name=\"twitter:data2\" content=\"2 minutos\" \/>\n<script type=\"application\/ld+json\" class=\"yoast-schema-graph\">{\"@context\":\"https:\/\/schema.org\",\"@graph\":[{\"@type\":\"Article\",\"@id\":\"https:\/\/portaltela.pt\/noticias\/2026\/03\/31\/edtech-explorar-o-futuro-da-educacao-tecnologica\/#article\",\"isPartOf\":{\"@id\":\"https:\/\/portaltela.pt\/noticias\/2026\/03\/31\/edtech-explorar-o-futuro-da-educacao-tecnologica\/\"},\"author\":{\"name\":\"Telinha\",\"@id\":\"https:\/\/portaltela.pt\/#\/schema\/person\/c4278d4a6028830caff9ee44b42d32ed\"},\"headline\":\"EdTech: explorar o futuro da educa\u00e7\u00e3o tecnol\u00f3gica\",\"datePublished\":\"2026-03-31T20:47:27+00:00\",\"mainEntityOfPage\":{\"@id\":\"https:\/\/portaltela.pt\/noticias\/2026\/03\/31\/edtech-explorar-o-futuro-da-educacao-tecnologica\/\"},\"wordCount\":322,\"image\":{\"@id\":\"https:\/\/portaltela.pt\/noticias\/2026\/03\/31\/edtech-explorar-o-futuro-da-educacao-tecnologica\/#primaryimage\"},\"thumbnailUrl\":\"https:\/\/portaltela.pt\/s.01k8rhncp4jt1\/2026\/03\/1954199.jpg\",\"keywords\":[\"educa\u00e7\u00e3o\",\"educa\u00e7\u00e3o digital\",\"intelig\u00eancia artificial\",\"privacidade\",\"prote\u00e7\u00e3o de dados\",\"tecnologia\"],\"articleSection\":[\"Tecnologia\"],\"inLanguage\":\"pt-PT\"},{\"@type\":\"WebPage\",\"@id\":\"https:\/\/portaltela.pt\/noticias\/2026\/03\/31\/edtech-explorar-o-futuro-da-educacao-tecnologica\/\",\"url\":\"https:\/\/portaltela.pt\/noticias\/2026\/03\/31\/edtech-explorar-o-futuro-da-educacao-tecnologica\/\",\"name\":\"EdTech: explorar o futuro da educa\u00e7\u00e3o tecnol\u00f3gica - Portal Tela Portugal\",\"isPartOf\":{\"@id\":\"https:\/\/portaltela.pt\/#website\"},\"primaryImageOfPage\":{\"@id\":\"https:\/\/portaltela.pt\/noticias\/2026\/03\/31\/edtech-explorar-o-futuro-da-educacao-tecnologica\/#primaryimage\"},\"image\":{\"@id\":\"https:\/\/portaltela.pt\/noticias\/2026\/03\/31\/edtech-explorar-o-futuro-da-educacao-tecnologica\/#primaryimage\"},\"thumbnailUrl\":\"https:\/\/portaltela.pt\/s.01k8rhncp4jt1\/2026\/03\/1954199.jpg\",\"datePublished\":\"2026-03-31T20:47:27+00:00\",\"author\":{\"@id\":\"https:\/\/portaltela.pt\/#\/schema\/person\/c4278d4a6028830caff9ee44b42d32ed\"},\"breadcrumb\":{\"@id\":\"https:\/\/portaltela.pt\/noticias\/2026\/03\/31\/edtech-explorar-o-futuro-da-educacao-tecnologica\/#breadcrumb\"},\"inLanguage\":\"pt-PT\",\"potentialAction\":[{\"@type\":\"ReadAction\",\"target\":[\"https:\/\/portaltela.pt\/noticias\/2026\/03\/31\/edtech-explorar-o-futuro-da-educacao-tecnologica\/\"]}]},{\"@type\":\"ImageObject\",\"inLanguage\":\"pt-PT\",\"@id\":\"https:\/\/portaltela.pt\/noticias\/2026\/03\/31\/edtech-explorar-o-futuro-da-educacao-tecnologica\/#primaryimage\",\"url\":\"https:\/\/portaltela.pt\/s.01k8rhncp4jt1\/2026\/03\/1954199.jpg\",\"contentUrl\":\"https:\/\/portaltela.pt\/s.01k8rhncp4jt1\/2026\/03\/1954199.jpg\",\"width\":796,\"height\":448,\"caption\":\"A inova\u00e7\u00e3o na educa\u00e7\u00e3o n\u00e3o deve estar ref\u00e9m da inova\u00e7\u00e3o tecnol\u00f3gica\"},{\"@type\":\"BreadcrumbList\",\"@id\":\"https:\/\/portaltela.pt\/noticias\/2026\/03\/31\/edtech-explorar-o-futuro-da-educacao-tecnologica\/#breadcrumb\",\"itemListElement\":[{\"@type\":\"ListItem\",\"position\":1,\"name\":\"In\u00edcio\",\"item\":\"https:\/\/portaltela.pt\/\"},{\"@type\":\"ListItem\",\"position\":2,\"name\":\"EdTech: explorar o futuro da educa\u00e7\u00e3o tecnol\u00f3gica\"}]},{\"@type\":\"WebSite\",\"@id\":\"https:\/\/portaltela.pt\/#website\",\"url\":\"https:\/\/portaltela.pt\/\",\"name\":\"Portal Tela Portugal\",\"description\":\"\",\"potentialAction\":[{\"@type\":\"SearchAction\",\"target\":{\"@type\":\"EntryPoint\",\"urlTemplate\":\"https:\/\/portaltela.pt\/?s={search_term_string}\"},\"query-input\":{\"@type\":\"PropertyValueSpecification\",\"valueRequired\":true,\"valueName\":\"search_term_string\"}}],\"inLanguage\":\"pt-PT\"},{\"@type\":\"Person\",\"@id\":\"https:\/\/portaltela.pt\/#\/schema\/person\/c4278d4a6028830caff9ee44b42d32ed\",\"name\":\"Telinha\",\"image\":{\"@type\":\"ImageObject\",\"inLanguage\":\"pt-PT\",\"@id\":\"https:\/\/portaltela.pt\/s.01k8rhncp4jt1\/2025\/11\/talking-bot-125x125.png\",\"url\":\"https:\/\/portaltela.pt\/s.01k8rhncp4jt1\/2025\/11\/talking-bot-125x125.png\",\"contentUrl\":\"https:\/\/portaltela.pt\/s.01k8rhncp4jt1\/2025\/11\/talking-bot-125x125.png\",\"caption\":\"Telinha\"},\"sameAs\":[\"https:\/\/portaltela.pt\/\"],\"url\":\"https:\/\/portaltela.pt\/por\/367410592786\/\"}]}<\/script>\n<!-- \/ Yoast SEO plugin. -->","yoast_head_json":{"title":"EdTech: explorar o futuro da educa\u00e7\u00e3o tecnol\u00f3gica - Portal Tela Portugal","robots":{"index":"index","follow":"follow","max-snippet":"max-snippet:-1","max-image-preview":"max-image-preview:large","max-video-preview":"max-video-preview:-1"},"og_locale":"pt_PT","og_type":"article","og_title":"EdTech: explorar o futuro da educa\u00e7\u00e3o tecnol\u00f3gica - Portal Tela Portugal","og_description":"Fita na cabe\u00e7a que, com uma plataforma de software, monitoriza ondas cerebrais para medir a aten\u00e7\u00e3o dos alunos; testada na China em 2019, citada no Digital Education Outlook da OCDE de 2021. No dia 11 de mar\u00e7o, o ministro da Educa\u00e7\u00e3o, Fernando Alexandre, abriu a TECH_EDU, maior feira nacional dedicada \u00e0 transforma\u00e7\u00e3o digital da educa\u00e7\u00e3o em Portugal, em paralelo com a Futur\u00e1lia. Dois dias depois, uma escola privada em Lisboa usou um sistema de reconhecimento facial para marcar presen\u00e7as, levantando quest\u00f5es de privacidade. Na feira, houve apresenta\u00e7\u00e3o de ferramentas como um caderno com c\u00f3digo QR que transfere apontamentos manuscritos para uma vers\u00e3o digital e, com IA, gera resumos e coloca quest\u00f5es. A ado\u00e7\u00e3o de tecnologias deve seguir a pedagogia, n\u00e3o a l\u00f3gica do mercado, sob pena de desperdi\u00e7ar recursos ou abrir portas \u00e0 vigil\u00e2ncia; o ecossistema de grandes empresas de tecnologia e EdTech domina o setor, impulsionado pela pandemia.","og_url":"https:\/\/portaltela.pt\/noticias\/2026\/03\/31\/edtech-explorar-o-futuro-da-educacao-tecnologica\/","og_site_name":"Portal Tela Portugal","article_published_time":"2026-03-31T20:47:27+00:00","author":"Telinha","twitter_card":"summary_large_image","twitter_misc":{"Escrito por":"Telinha","Tempo estimado de leitura":"2 minutos"},"schema":{"@context":"https:\/\/schema.org","@graph":[{"@type":"Article","@id":"https:\/\/portaltela.pt\/noticias\/2026\/03\/31\/edtech-explorar-o-futuro-da-educacao-tecnologica\/#article","isPartOf":{"@id":"https:\/\/portaltela.pt\/noticias\/2026\/03\/31\/edtech-explorar-o-futuro-da-educacao-tecnologica\/"},"author":{"name":"Telinha","@id":"https:\/\/portaltela.pt\/#\/schema\/person\/c4278d4a6028830caff9ee44b42d32ed"},"headline":"EdTech: explorar o futuro da educa\u00e7\u00e3o tecnol\u00f3gica","datePublished":"2026-03-31T20:47:27+00:00","mainEntityOfPage":{"@id":"https:\/\/portaltela.pt\/noticias\/2026\/03\/31\/edtech-explorar-o-futuro-da-educacao-tecnologica\/"},"wordCount":322,"image":{"@id":"https:\/\/portaltela.pt\/noticias\/2026\/03\/31\/edtech-explorar-o-futuro-da-educacao-tecnologica\/#primaryimage"},"thumbnailUrl":"https:\/\/portaltela.pt\/s.01k8rhncp4jt1\/2026\/03\/1954199.jpg","keywords":["educa\u00e7\u00e3o","educa\u00e7\u00e3o digital","intelig\u00eancia artificial","privacidade","prote\u00e7\u00e3o de dados","tecnologia"],"articleSection":["Tecnologia"],"inLanguage":"pt-PT"},{"@type":"WebPage","@id":"https:\/\/portaltela.pt\/noticias\/2026\/03\/31\/edtech-explorar-o-futuro-da-educacao-tecnologica\/","url":"https:\/\/portaltela.pt\/noticias\/2026\/03\/31\/edtech-explorar-o-futuro-da-educacao-tecnologica\/","name":"EdTech: explorar o futuro da educa\u00e7\u00e3o tecnol\u00f3gica - Portal Tela Portugal","isPartOf":{"@id":"https:\/\/portaltela.pt\/#website"},"primaryImageOfPage":{"@id":"https:\/\/portaltela.pt\/noticias\/2026\/03\/31\/edtech-explorar-o-futuro-da-educacao-tecnologica\/#primaryimage"},"image":{"@id":"https:\/\/portaltela.pt\/noticias\/2026\/03\/31\/edtech-explorar-o-futuro-da-educacao-tecnologica\/#primaryimage"},"thumbnailUrl":"https:\/\/portaltela.pt\/s.01k8rhncp4jt1\/2026\/03\/1954199.jpg","datePublished":"2026-03-31T20:47:27+00:00","author":{"@id":"https:\/\/portaltela.pt\/#\/schema\/person\/c4278d4a6028830caff9ee44b42d32ed"},"breadcrumb":{"@id":"https:\/\/portaltela.pt\/noticias\/2026\/03\/31\/edtech-explorar-o-futuro-da-educacao-tecnologica\/#breadcrumb"},"inLanguage":"pt-PT","potentialAction":[{"@type":"ReadAction","target":["https:\/\/portaltela.pt\/noticias\/2026\/03\/31\/edtech-explorar-o-futuro-da-educacao-tecnologica\/"]}]},{"@type":"ImageObject","inLanguage":"pt-PT","@id":"https:\/\/portaltela.pt\/noticias\/2026\/03\/31\/edtech-explorar-o-futuro-da-educacao-tecnologica\/#primaryimage","url":"https:\/\/portaltela.pt\/s.01k8rhncp4jt1\/2026\/03\/1954199.jpg","contentUrl":"https:\/\/portaltela.pt\/s.01k8rhncp4jt1\/2026\/03\/1954199.jpg","width":796,"height":448,"caption":"A inova\u00e7\u00e3o na educa\u00e7\u00e3o n\u00e3o deve estar ref\u00e9m da inova\u00e7\u00e3o tecnol\u00f3gica"},{"@type":"BreadcrumbList","@id":"https:\/\/portaltela.pt\/noticias\/2026\/03\/31\/edtech-explorar-o-futuro-da-educacao-tecnologica\/#breadcrumb","itemListElement":[{"@type":"ListItem","position":1,"name":"In\u00edcio","item":"https:\/\/portaltela.pt\/"},{"@type":"ListItem","position":2,"name":"EdTech: explorar o futuro da educa\u00e7\u00e3o tecnol\u00f3gica"}]},{"@type":"WebSite","@id":"https:\/\/portaltela.pt\/#website","url":"https:\/\/portaltela.pt\/","name":"Portal Tela Portugal","description":"","potentialAction":[{"@type":"SearchAction","target":{"@type":"EntryPoint","urlTemplate":"https:\/\/portaltela.pt\/?s={search_term_string}"},"query-input":{"@type":"PropertyValueSpecification","valueRequired":true,"valueName":"search_term_string"}}],"inLanguage":"pt-PT"},{"@type":"Person","@id":"https:\/\/portaltela.pt\/#\/schema\/person\/c4278d4a6028830caff9ee44b42d32ed","name":"Telinha","image":{"@type":"ImageObject","inLanguage":"pt-PT","@id":"https:\/\/portaltela.pt\/s.01k8rhncp4jt1\/2025\/11\/talking-bot-125x125.png","url":"https:\/\/portaltela.pt\/s.01k8rhncp4jt1\/2025\/11\/talking-bot-125x125.png","contentUrl":"https:\/\/portaltela.pt\/s.01k8rhncp4jt1\/2025\/11\/talking-bot-125x125.png","caption":"Telinha"},"sameAs":["https:\/\/portaltela.pt\/"],"url":"https:\/\/portaltela.pt\/por\/367410592786\/"}]}},"_links":{"self":[{"href":"https:\/\/portaltela.pt\/api\/wp\/v2\/posts\/428392","targetHints":{"allow":["GET"]}}],"collection":[{"href":"https:\/\/portaltela.pt\/api\/wp\/v2\/posts"}],"about":[{"href":"https:\/\/portaltela.pt\/api\/wp\/v2\/types\/post"}],"author":[{"embeddable":true,"href":"https:\/\/portaltela.pt\/api\/wp\/v2\/users\/2"}],"replies":[{"embeddable":true,"href":"https:\/\/portaltela.pt\/api\/wp\/v2\/comments?post=428392"}],"version-history":[{"count":0,"href":"https:\/\/portaltela.pt\/api\/wp\/v2\/posts\/428392\/revisions"}],"wp:featuredmedia":[{"embeddable":true,"href":"https:\/\/portaltela.pt\/api\/wp\/v2\/media\/428396"}],"wp:attachment":[{"href":"https:\/\/portaltela.pt\/api\/wp\/v2\/media?parent=428392"}],"wp:term":[{"taxonomy":"category","embeddable":true,"href":"https:\/\/portaltela.pt\/api\/wp\/v2\/categories?post=428392"},{"taxonomy":"post_tag","embeddable":true,"href":"https:\/\/portaltela.pt\/api\/wp\/v2\/tags?post=428392"}],"curies":[{"name":"wp","href":"https:\/\/api.w.org\/{rel}","templated":true}]}}