{"id":428384,"date":"2026-03-31T17:47:16","date_gmt":"2026-03-31T20:47:16","guid":{"rendered":"https:\/\/portaltela.pt\/noticias\/2026\/03\/31\/humanidade-regressa-a-lua-mas-missao-e-breve-e-com-sucesso-limitado\/"},"modified":"2026-03-31T17:47:16","modified_gmt":"2026-03-31T20:47:16","slug":"humanidade-regressa-a-lua-mas-missao-e-breve-e-com-sucesso-limitado","status":"publish","type":"post","link":"https:\/\/portaltela.pt\/noticias\/internacional\/2026\/03\/31\/humanidade-regressa-a-lua-mas-missao-e-breve-e-com-sucesso-limitado\/","title":{"rendered":"Humanidade regressa \u00e0 Lua, mas miss\u00e3o \u00e9 breve e com sucesso limitado"},"content":{"rendered":"<p>Na quarta-feira, a NASA lan\u00e7a uma miss\u00e3o para orbitar a Lua, marcando a volta da humanidade ao regresso ao sat\u00e9lite. A viagem n\u00e3o prev\u00ea aterragem, apenas um sobrevoo em \u00f3rbita lunar.<\/p>\n<p>A miss\u00e3o envolve a tripula\u00e7\u00e3o que incluir\u00e1 a primeira mulher, a primeira pessoa negra e a primeira n\u00e3o norte-americana neste tipo de miss\u00e3o. O objetivo \u00e9 demonstrar capacidades e tecnologias para futuras opera\u00e7\u00f5es, sem desembarcar na superf\u00edcie.<\/p>\n<p>O lan\u00e7amento ocorre num contexto de previs\u00f5es meteorol\u00f3gicas, com nuvens e ventos fortes \u00e0 superf\u00edcie da \u00e1rea de lan\u00e7amento. A equipa acompanha as condi\u00e7\u00f5es para definir a janela de lan\u00e7amento.<\/p>\n<h3>Condi\u00e7\u00f5es e Perspetivas<\/h3>\n<p>Segundo previs\u00f5es, o dia poder\u00e1 ser desafiador para opera\u00e7\u00f5es, mas a ag\u00eancia mant\u00e9m planos alternativos caso as condi\u00e7\u00f5es mudem. O evento \u00e9 apresentado como um marco hist\u00f3rico para a explora\u00e7\u00e3o espacial.<\/p>\n<p>O que se sabe \u00e9 que o foco est\u00e1 no sobrevoo lunar e na valida\u00e7\u00e3o de sistemas, preparando etapas subsequentes da explora\u00e7\u00e3o humana. O objetivo final \u00e9 ampliar a capacidade de futuras miss\u00f5es de longo alcance.<\/p>\n","protected":false},"excerpt":{"rendered":"<ul>\n<li>A miss\u00e3o da National Aeronautics and Space Administration (NASA) planeia enviar, para a \u00f3rbita da Lua, a primeira mulher, a primeira pessoa negra e o primeiro n\u00e3o americano.<\/li>\n<li>O objetivo n\u00e3o \u00e9 alunar: o foguete far\u00e1 apenas um contorno ao redor do sat\u00e9lite natural, marcando o regresso da humanidade \u00e0 Lua ap\u00f3s mais de cinquenta anos.<\/li>\n<li>A viagem ocorre numa quarta-feira, com previs\u00e3o de nuvens e ventos fortes na superf\u00edcie, segundo previs\u00f5es vindas dos Estados Unidos.<\/li>\n<li>O lan\u00e7amento ressalta um passo hist\u00f3rico na explora\u00e7\u00e3o espacial, centrado numa miss\u00e3o de passagem em vez de pouso.<\/li>\n<li>A iniciativa refor\u00e7a capacidades internacionais na explora\u00e7\u00e3o lunar, mantendo o foco na demonstra\u00e7\u00e3o tecnol\u00f3gica e na diversidade de equipes envolvidas.<\/li>\n<\/ul>\n","protected":false},"author":2,"featured_media":428386,"comment_status":"closed","ping_status":"closed","sticky":false,"template":"","format":"standard","meta":{"footnotes":""},"categories":[4,1],"tags":[1992,2701,6232,5146,7598,153],"class_list":["post-428384","post","type-post","status-publish","format-standard","has-post-thumbnail","hentry","category-internacional","category-noticias","tag-ciencia","tag-mulheres","tag-nasa","tag-pessoas-internacionais","tag-space-publico","tag-tecnologia"],"yoast_head":"<!-- This site is optimized with the Yoast SEO plugin v27.2 - https:\/\/yoast.com\/product\/yoast-seo-wordpress\/ -->\n<title>Humanidade regressa \u00e0 Lua, mas miss\u00e3o \u00e9 breve e com sucesso limitado - Portal Tela Portugal<\/title>\n<meta name=\"robots\" content=\"index, follow, max-snippet:-1, max-image-preview:large, max-video-preview:-1\" \/>\n<meta property=\"og:locale\" content=\"pt_PT\" \/>\n<meta property=\"og:type\" content=\"article\" \/>\n<meta property=\"og:title\" content=\"Humanidade regressa \u00e0 Lua, mas miss\u00e3o \u00e9 breve e com sucesso limitado - Portal Tela Portugal\" \/>\n<meta property=\"og:description\" content=\"A miss\u00e3o da National Aeronautics and Space Administration (NASA) planeia enviar, para a \u00f3rbita da Lua, a primeira mulher, a primeira pessoa negra e o primeiro n\u00e3o americano. O objetivo n\u00e3o \u00e9 alunar: o foguete far\u00e1 apenas um contorno ao redor do sat\u00e9lite natural, marcando o regresso da humanidade \u00e0 Lua ap\u00f3s mais de cinquenta anos. A viagem ocorre numa quarta-feira, com previs\u00e3o de nuvens e ventos fortes na superf\u00edcie, segundo previs\u00f5es vindas dos Estados Unidos. O lan\u00e7amento ressalta um passo hist\u00f3rico na explora\u00e7\u00e3o espacial, centrado numa miss\u00e3o de passagem em vez de pouso. A iniciativa refor\u00e7a capacidades internacionais na explora\u00e7\u00e3o lunar, mantendo o foco na demonstra\u00e7\u00e3o tecnol\u00f3gica e na diversidade de equipes envolvidas.\" \/>\n<meta property=\"og:url\" content=\"https:\/\/portaltela.pt\/noticias\/2026\/03\/31\/humanidade-regressa-a-lua-mas-missao-e-breve-e-com-sucesso-limitado\/\" \/>\n<meta property=\"og:site_name\" content=\"Portal Tela Portugal\" \/>\n<meta property=\"article:published_time\" content=\"2026-03-31T20:47:16+00:00\" \/>\n<meta name=\"author\" content=\"Telinha\" \/>\n<meta name=\"twitter:card\" content=\"summary_large_image\" \/>\n<meta name=\"twitter:label1\" content=\"Escrito por\" \/>\n\t<meta name=\"twitter:data1\" content=\"Telinha\" \/>\n\t<meta name=\"twitter:label2\" content=\"Tempo estimado de leitura\" \/>\n\t<meta name=\"twitter:data2\" content=\"1 minuto\" \/>\n<script type=\"application\/ld+json\" class=\"yoast-schema-graph\">{\"@context\":\"https:\/\/schema.org\",\"@graph\":[{\"@type\":\"Article\",\"@id\":\"https:\/\/portaltela.pt\/noticias\/2026\/03\/31\/humanidade-regressa-a-lua-mas-missao-e-breve-e-com-sucesso-limitado\/#article\",\"isPartOf\":{\"@id\":\"https:\/\/portaltela.pt\/noticias\/2026\/03\/31\/humanidade-regressa-a-lua-mas-missao-e-breve-e-com-sucesso-limitado\/\"},\"author\":{\"name\":\"Telinha\",\"@id\":\"https:\/\/portaltela.pt\/#\/schema\/person\/c4278d4a6028830caff9ee44b42d32ed\"},\"headline\":\"Humanidade regressa \u00e0 Lua, mas miss\u00e3o \u00e9 breve e com sucesso limitado\",\"datePublished\":\"2026-03-31T20:47:16+00:00\",\"mainEntityOfPage\":{\"@id\":\"https:\/\/portaltela.pt\/noticias\/2026\/03\/31\/humanidade-regressa-a-lua-mas-missao-e-breve-e-com-sucesso-limitado\/\"},\"wordCount\":202,\"image\":{\"@id\":\"https:\/\/portaltela.pt\/noticias\/2026\/03\/31\/humanidade-regressa-a-lua-mas-missao-e-breve-e-com-sucesso-limitado\/#primaryimage\"},\"thumbnailUrl\":\"https:\/\/portaltela.pt\/s.01k8rhncp4jt1\/2026\/03\/image-1903.jpg\",\"keywords\":[\"ci\u00eancia\",\"Mulheres\",\"NASA\",\"pessoas internacionais\",\"space p\u00fablico\",\"tecnologia\"],\"articleSection\":[\"Internacional\",\"Not\u00edcias\"],\"inLanguage\":\"pt-PT\"},{\"@type\":\"WebPage\",\"@id\":\"https:\/\/portaltela.pt\/noticias\/2026\/03\/31\/humanidade-regressa-a-lua-mas-missao-e-breve-e-com-sucesso-limitado\/\",\"url\":\"https:\/\/portaltela.pt\/noticias\/2026\/03\/31\/humanidade-regressa-a-lua-mas-missao-e-breve-e-com-sucesso-limitado\/\",\"name\":\"Humanidade regressa \u00e0 Lua, mas miss\u00e3o \u00e9 breve e com sucesso limitado - Portal Tela Portugal\",\"isPartOf\":{\"@id\":\"https:\/\/portaltela.pt\/#website\"},\"primaryImageOfPage\":{\"@id\":\"https:\/\/portaltela.pt\/noticias\/2026\/03\/31\/humanidade-regressa-a-lua-mas-missao-e-breve-e-com-sucesso-limitado\/#primaryimage\"},\"image\":{\"@id\":\"https:\/\/portaltela.pt\/noticias\/2026\/03\/31\/humanidade-regressa-a-lua-mas-missao-e-breve-e-com-sucesso-limitado\/#primaryimage\"},\"thumbnailUrl\":\"https:\/\/portaltela.pt\/s.01k8rhncp4jt1\/2026\/03\/image-1903.jpg\",\"datePublished\":\"2026-03-31T20:47:16+00:00\",\"author\":{\"@id\":\"https:\/\/portaltela.pt\/#\/schema\/person\/c4278d4a6028830caff9ee44b42d32ed\"},\"breadcrumb\":{\"@id\":\"https:\/\/portaltela.pt\/noticias\/2026\/03\/31\/humanidade-regressa-a-lua-mas-missao-e-breve-e-com-sucesso-limitado\/#breadcrumb\"},\"inLanguage\":\"pt-PT\",\"potentialAction\":[{\"@type\":\"ReadAction\",\"target\":[\"https:\/\/portaltela.pt\/noticias\/2026\/03\/31\/humanidade-regressa-a-lua-mas-missao-e-breve-e-com-sucesso-limitado\/\"]}]},{\"@type\":\"ImageObject\",\"inLanguage\":\"pt-PT\",\"@id\":\"https:\/\/portaltela.pt\/noticias\/2026\/03\/31\/humanidade-regressa-a-lua-mas-missao-e-breve-e-com-sucesso-limitado\/#primaryimage\",\"url\":\"https:\/\/portaltela.pt\/s.01k8rhncp4jt1\/2026\/03\/image-1903.jpg\",\"contentUrl\":\"https:\/\/portaltela.pt\/s.01k8rhncp4jt1\/2026\/03\/image-1903.jpg\",\"width\":796,\"height\":448,\"caption\":\"Os quatro tripulantes v\u00e3o jantar com as fam\u00edlias antes do voo\"},{\"@type\":\"BreadcrumbList\",\"@id\":\"https:\/\/portaltela.pt\/noticias\/2026\/03\/31\/humanidade-regressa-a-lua-mas-missao-e-breve-e-com-sucesso-limitado\/#breadcrumb\",\"itemListElement\":[{\"@type\":\"ListItem\",\"position\":1,\"name\":\"In\u00edcio\",\"item\":\"https:\/\/portaltela.pt\/\"},{\"@type\":\"ListItem\",\"position\":2,\"name\":\"Humanidade regressa \u00e0 Lua, mas miss\u00e3o \u00e9 breve e com sucesso limitado\"}]},{\"@type\":\"WebSite\",\"@id\":\"https:\/\/portaltela.pt\/#website\",\"url\":\"https:\/\/portaltela.pt\/\",\"name\":\"Portal Tela Portugal\",\"description\":\"\",\"potentialAction\":[{\"@type\":\"SearchAction\",\"target\":{\"@type\":\"EntryPoint\",\"urlTemplate\":\"https:\/\/portaltela.pt\/?s={search_term_string}\"},\"query-input\":{\"@type\":\"PropertyValueSpecification\",\"valueRequired\":true,\"valueName\":\"search_term_string\"}}],\"inLanguage\":\"pt-PT\"},{\"@type\":\"Person\",\"@id\":\"https:\/\/portaltela.pt\/#\/schema\/person\/c4278d4a6028830caff9ee44b42d32ed\",\"name\":\"Telinha\",\"image\":{\"@type\":\"ImageObject\",\"inLanguage\":\"pt-PT\",\"@id\":\"https:\/\/portaltela.pt\/s.01k8rhncp4jt1\/2025\/11\/talking-bot-125x125.png\",\"url\":\"https:\/\/portaltela.pt\/s.01k8rhncp4jt1\/2025\/11\/talking-bot-125x125.png\",\"contentUrl\":\"https:\/\/portaltela.pt\/s.01k8rhncp4jt1\/2025\/11\/talking-bot-125x125.png\",\"caption\":\"Telinha\"},\"sameAs\":[\"https:\/\/portaltela.pt\/\"],\"url\":\"https:\/\/portaltela.pt\/por\/367410592786\/\"}]}<\/script>\n<!-- \/ Yoast SEO plugin. -->","yoast_head_json":{"title":"Humanidade regressa \u00e0 Lua, mas miss\u00e3o \u00e9 breve e com sucesso limitado - Portal Tela Portugal","robots":{"index":"index","follow":"follow","max-snippet":"max-snippet:-1","max-image-preview":"max-image-preview:large","max-video-preview":"max-video-preview:-1"},"og_locale":"pt_PT","og_type":"article","og_title":"Humanidade regressa \u00e0 Lua, mas miss\u00e3o \u00e9 breve e com sucesso limitado - Portal Tela Portugal","og_description":"A miss\u00e3o da National Aeronautics and Space Administration (NASA) planeia enviar, para a \u00f3rbita da Lua, a primeira mulher, a primeira pessoa negra e o primeiro n\u00e3o americano. O objetivo n\u00e3o \u00e9 alunar: o foguete far\u00e1 apenas um contorno ao redor do sat\u00e9lite natural, marcando o regresso da humanidade \u00e0 Lua ap\u00f3s mais de cinquenta anos. A viagem ocorre numa quarta-feira, com previs\u00e3o de nuvens e ventos fortes na superf\u00edcie, segundo previs\u00f5es vindas dos Estados Unidos. O lan\u00e7amento ressalta um passo hist\u00f3rico na explora\u00e7\u00e3o espacial, centrado numa miss\u00e3o de passagem em vez de pouso. A iniciativa refor\u00e7a capacidades internacionais na explora\u00e7\u00e3o lunar, mantendo o foco na demonstra\u00e7\u00e3o tecnol\u00f3gica e na diversidade de equipes envolvidas.","og_url":"https:\/\/portaltela.pt\/noticias\/2026\/03\/31\/humanidade-regressa-a-lua-mas-missao-e-breve-e-com-sucesso-limitado\/","og_site_name":"Portal Tela Portugal","article_published_time":"2026-03-31T20:47:16+00:00","author":"Telinha","twitter_card":"summary_large_image","twitter_misc":{"Escrito por":"Telinha","Tempo estimado de leitura":"1 minuto"},"schema":{"@context":"https:\/\/schema.org","@graph":[{"@type":"Article","@id":"https:\/\/portaltela.pt\/noticias\/2026\/03\/31\/humanidade-regressa-a-lua-mas-missao-e-breve-e-com-sucesso-limitado\/#article","isPartOf":{"@id":"https:\/\/portaltela.pt\/noticias\/2026\/03\/31\/humanidade-regressa-a-lua-mas-missao-e-breve-e-com-sucesso-limitado\/"},"author":{"name":"Telinha","@id":"https:\/\/portaltela.pt\/#\/schema\/person\/c4278d4a6028830caff9ee44b42d32ed"},"headline":"Humanidade regressa \u00e0 Lua, mas miss\u00e3o \u00e9 breve e com sucesso limitado","datePublished":"2026-03-31T20:47:16+00:00","mainEntityOfPage":{"@id":"https:\/\/portaltela.pt\/noticias\/2026\/03\/31\/humanidade-regressa-a-lua-mas-missao-e-breve-e-com-sucesso-limitado\/"},"wordCount":202,"image":{"@id":"https:\/\/portaltela.pt\/noticias\/2026\/03\/31\/humanidade-regressa-a-lua-mas-missao-e-breve-e-com-sucesso-limitado\/#primaryimage"},"thumbnailUrl":"https:\/\/portaltela.pt\/s.01k8rhncp4jt1\/2026\/03\/image-1903.jpg","keywords":["ci\u00eancia","Mulheres","NASA","pessoas internacionais","space p\u00fablico","tecnologia"],"articleSection":["Internacional","Not\u00edcias"],"inLanguage":"pt-PT"},{"@type":"WebPage","@id":"https:\/\/portaltela.pt\/noticias\/2026\/03\/31\/humanidade-regressa-a-lua-mas-missao-e-breve-e-com-sucesso-limitado\/","url":"https:\/\/portaltela.pt\/noticias\/2026\/03\/31\/humanidade-regressa-a-lua-mas-missao-e-breve-e-com-sucesso-limitado\/","name":"Humanidade regressa \u00e0 Lua, mas miss\u00e3o \u00e9 breve e com sucesso limitado - Portal Tela Portugal","isPartOf":{"@id":"https:\/\/portaltela.pt\/#website"},"primaryImageOfPage":{"@id":"https:\/\/portaltela.pt\/noticias\/2026\/03\/31\/humanidade-regressa-a-lua-mas-missao-e-breve-e-com-sucesso-limitado\/#primaryimage"},"image":{"@id":"https:\/\/portaltela.pt\/noticias\/2026\/03\/31\/humanidade-regressa-a-lua-mas-missao-e-breve-e-com-sucesso-limitado\/#primaryimage"},"thumbnailUrl":"https:\/\/portaltela.pt\/s.01k8rhncp4jt1\/2026\/03\/image-1903.jpg","datePublished":"2026-03-31T20:47:16+00:00","author":{"@id":"https:\/\/portaltela.pt\/#\/schema\/person\/c4278d4a6028830caff9ee44b42d32ed"},"breadcrumb":{"@id":"https:\/\/portaltela.pt\/noticias\/2026\/03\/31\/humanidade-regressa-a-lua-mas-missao-e-breve-e-com-sucesso-limitado\/#breadcrumb"},"inLanguage":"pt-PT","potentialAction":[{"@type":"ReadAction","target":["https:\/\/portaltela.pt\/noticias\/2026\/03\/31\/humanidade-regressa-a-lua-mas-missao-e-breve-e-com-sucesso-limitado\/"]}]},{"@type":"ImageObject","inLanguage":"pt-PT","@id":"https:\/\/portaltela.pt\/noticias\/2026\/03\/31\/humanidade-regressa-a-lua-mas-missao-e-breve-e-com-sucesso-limitado\/#primaryimage","url":"https:\/\/portaltela.pt\/s.01k8rhncp4jt1\/2026\/03\/image-1903.jpg","contentUrl":"https:\/\/portaltela.pt\/s.01k8rhncp4jt1\/2026\/03\/image-1903.jpg","width":796,"height":448,"caption":"Os quatro tripulantes v\u00e3o jantar com as fam\u00edlias antes do voo"},{"@type":"BreadcrumbList","@id":"https:\/\/portaltela.pt\/noticias\/2026\/03\/31\/humanidade-regressa-a-lua-mas-missao-e-breve-e-com-sucesso-limitado\/#breadcrumb","itemListElement":[{"@type":"ListItem","position":1,"name":"In\u00edcio","item":"https:\/\/portaltela.pt\/"},{"@type":"ListItem","position":2,"name":"Humanidade regressa \u00e0 Lua, mas miss\u00e3o \u00e9 breve e com sucesso limitado"}]},{"@type":"WebSite","@id":"https:\/\/portaltela.pt\/#website","url":"https:\/\/portaltela.pt\/","name":"Portal Tela Portugal","description":"","potentialAction":[{"@type":"SearchAction","target":{"@type":"EntryPoint","urlTemplate":"https:\/\/portaltela.pt\/?s={search_term_string}"},"query-input":{"@type":"PropertyValueSpecification","valueRequired":true,"valueName":"search_term_string"}}],"inLanguage":"pt-PT"},{"@type":"Person","@id":"https:\/\/portaltela.pt\/#\/schema\/person\/c4278d4a6028830caff9ee44b42d32ed","name":"Telinha","image":{"@type":"ImageObject","inLanguage":"pt-PT","@id":"https:\/\/portaltela.pt\/s.01k8rhncp4jt1\/2025\/11\/talking-bot-125x125.png","url":"https:\/\/portaltela.pt\/s.01k8rhncp4jt1\/2025\/11\/talking-bot-125x125.png","contentUrl":"https:\/\/portaltela.pt\/s.01k8rhncp4jt1\/2025\/11\/talking-bot-125x125.png","caption":"Telinha"},"sameAs":["https:\/\/portaltela.pt\/"],"url":"https:\/\/portaltela.pt\/por\/367410592786\/"}]}},"_links":{"self":[{"href":"https:\/\/portaltela.pt\/api\/wp\/v2\/posts\/428384","targetHints":{"allow":["GET"]}}],"collection":[{"href":"https:\/\/portaltela.pt\/api\/wp\/v2\/posts"}],"about":[{"href":"https:\/\/portaltela.pt\/api\/wp\/v2\/types\/post"}],"author":[{"embeddable":true,"href":"https:\/\/portaltela.pt\/api\/wp\/v2\/users\/2"}],"replies":[{"embeddable":true,"href":"https:\/\/portaltela.pt\/api\/wp\/v2\/comments?post=428384"}],"version-history":[{"count":0,"href":"https:\/\/portaltela.pt\/api\/wp\/v2\/posts\/428384\/revisions"}],"wp:featuredmedia":[{"embeddable":true,"href":"https:\/\/portaltela.pt\/api\/wp\/v2\/media\/428386"}],"wp:attachment":[{"href":"https:\/\/portaltela.pt\/api\/wp\/v2\/media?parent=428384"}],"wp:term":[{"taxonomy":"category","embeddable":true,"href":"https:\/\/portaltela.pt\/api\/wp\/v2\/categories?post=428384"},{"taxonomy":"post_tag","embeddable":true,"href":"https:\/\/portaltela.pt\/api\/wp\/v2\/tags?post=428384"}],"curies":[{"name":"wp","href":"https:\/\/api.w.org\/{rel}","templated":true}]}}