{"id":428382,"date":"2026-03-31T17:34:16","date_gmt":"2026-03-31T20:34:16","guid":{"rendered":"https:\/\/portaltela.pt\/noticias\/2026\/03\/31\/trump-diz-que-guerra-no-irao-nao-devera-durar-muito-mais\/"},"modified":"2026-03-31T17:34:16","modified_gmt":"2026-03-31T20:34:16","slug":"trump-diz-que-guerra-no-irao-nao-devera-durar-muito-mais","status":"publish","type":"post","link":"https:\/\/portaltela.pt\/noticias\/politica\/2026\/03\/31\/trump-diz-que-guerra-no-irao-nao-devera-durar-muito-mais\/","title":{"rendered":"Trump diz que guerra no Ir\u00e3o n\u00e3o dever\u00e1 durar muito mais"},"content":{"rendered":"<p>Donald Trump afirmou numa entrevista por telefone ao The New York Post que a guerra contra o Ir\u00e3o n\u00e3o durar\u00e1 muito tempo e que o Estreito de Ormuz se abrir\u00e1 automaticamente ap\u00f3s o conflito. A declara\u00e7\u00e3o chegou numa escala de tempo de quatro a seis semanas para alcan\u00e7ar objetivos militares, segundo a Casa Branca.<\/p>\n<p>O Presidente disse ainda que os Estados Unidos n\u00e3o dever\u00e3o permanecer no Ir\u00e3o por muito tempo, embora haja trabalho a fazer para eliminar capacidades ofensivas remanescentes. Ressalvou que a ofensiva norte-americana e israelita devastou o pa\u00eds e que Teer\u00e3o j\u00e1 n\u00e3o tem for\u00e7as.<\/p>\n<p>Trump sustentou que a interven\u00e7\u00e3o visa impedir uma amea\u00e7a militar e nuclear, mantendo o objetivo de desfazer a capacidade iraniana. Tamb\u00e9m afirmou que, assim que as hostilidades terminarem, o estreito reabrir\u00e1 automaticamente, facilitando a navega\u00e7\u00e3o global.<\/p>\n<h3>Desfecho militar e diplom\u00e1tico<\/h3>\n<p>A Casa Branca comunicou que a previs\u00e3o de quatro a seis semanas mant\u00e9m-se para cumprir os objetivos, incluindo o desmantelamento do programa nuclear iraniano e a destrui\u00e7\u00e3o de capacidades bal\u00edsticas e navais. Os relatos enfatizam avan\u00e7os declarados pelo Governo.<\/p>\n<p>Trump, o secret\u00e1rio da Defesa e membros do executivo republicano reiteraram a vit\u00f3ria no cerne da opera\u00e7\u00e3o, sem apresentar detalhes operacionais, mas mantendo o tom de que os objetivos estrat\u00e9gicos est\u00e3o pr\u00f3ximos de ser alcan\u00e7ados.<\/p>\n<p>O Presidente tamb\u00e9m mencionou negocia\u00e7\u00f5es com um regime iraniano mais favor\u00e1vel, ao passo que advertiu sobre ataques a infraestruturas el\u00e9tricas e petrol\u00edferas caso n\u00e3o haja acordo em breve, numa linha de posi\u00e7\u00f5es j\u00e1 indicadas.<\/p>\n<h3>Rea\u00e7\u00e3o iraniana e cen\u00e1rio regional<\/h3>\n<p>A Guarda Revolucion\u00e1ria iraniana anunciou que vai atacar escrit\u00f3rios de empresas tecnol\u00f3gicas norte-americanas no M\u00e9dio Oriente a partir de quarta-feira, classificando-as como entidades de espionagem. O repto agrava a tens\u00e3o na regi\u00e3o.<\/p>\n<p>Paralelamente, estados produtores de petr\u00f3leo na regi\u00e3o veem o com\u00e9rcio interrompido pelo encerramento do Estreito de Ormuz, com impacto direto nas exporta\u00e7\u00f5es de hidrocarburetos. A ofensiva tamb\u00e9m molda o fluxo de energia global.<\/p>\n<p>A pauta diplom\u00e1tica ganhou f\u00f4lego com uma proposta de cessar-fogo apresentada por Paquist\u00e3o e China, visando reabrir o estreito e iniciar negocia\u00e7\u00f5es de paz. A iniciativa surgiu durante visita de Ishaq Dar a Pequim, marcada por cinco pontos.<\/p>\n<p>O Paquist\u00e3o tem aprofundado o papel de media\u00e7\u00e3o ap\u00f3s encontros com ministros da Ar\u00e1bia Saudita, do Egito e da Turquia, apontando para a possibilidade de acolher conversa\u00e7\u00f5es entre Washington e Teer\u00e3o nos pr\u00f3ximos dias.<\/p>\n","protected":false},"excerpt":{"rendered":"<ul>\n<li>Trump afirmou que a guerra contra o Ir\u00e3o n\u00e3o durar\u00e1 muito tempo e que o Estreito de Ormuz reabrir\u00e1 automaticamente depois do conflito.<\/li>\n<li>O presidente disse que os EUA est\u00e3o a ganhar e que h\u00e1 ainda trabalho para eliminar capacidades ofensivas do Ir\u00e3o, que segundo ele j\u00e1 n\u00e3o tem for\u00e7as.<\/li>\n<li>A Guarda Revolucion\u00e1ria iraniana anunciou que vai atacar escrit\u00f3rios de grandes tecnol\u00f3gicas norte-americanas no M\u00e9dio Oriente a partir de quarta-feira.<\/li>\n<li>Paquist\u00e3o e China apresentaram uma proposta de cessar-fogo de cinco pontos para reabrir o Estreito de Ormuz e iniciar negocia\u00e7\u00f5es de paz; o Paquist\u00e3o intensifica esfor\u00e7os diplom\u00e1ticos.<\/li>\n<li>A Casa Branca mant\u00e9m a previs\u00e3o de quatro a seis semanas para as opera\u00e7\u00f5es, com objetivo de neutralizar o programa nuclear iraniano e desmantelar capacidades militares, enquanto surgem negocia\u00e7\u00f5es com um regime mais razo\u00e1vel.<\/li>\n<\/ul>\n","protected":false},"author":2,"featured_media":428383,"comment_status":"closed","ping_status":"closed","sticky":false,"template":"","format":"standard","meta":{"footnotes":""},"categories":[6912,5],"tags":[6703,62,7675,3327,6778,6371],"class_list":["post-428382","post","type-post","status-publish","format-standard","has-post-thumbnail","hentry","category-internacionais","category-politica","tag-diplomacia-internacional","tag-guerra","tag-hidrocarburetos","tag-iran","tag-programa-nuclear","tag-sancoes"],"yoast_head":"<!-- This site is optimized with the Yoast SEO plugin v27.2 - https:\/\/yoast.com\/product\/yoast-seo-wordpress\/ -->\n<title>Trump diz que guerra no Ir\u00e3o n\u00e3o dever\u00e1 durar muito mais - Portal Tela Portugal<\/title>\n<meta name=\"robots\" content=\"index, follow, max-snippet:-1, max-image-preview:large, max-video-preview:-1\" \/>\n<meta property=\"og:locale\" content=\"pt_PT\" \/>\n<meta property=\"og:type\" content=\"article\" \/>\n<meta property=\"og:title\" content=\"Trump diz que guerra no Ir\u00e3o n\u00e3o dever\u00e1 durar muito mais - Portal Tela Portugal\" \/>\n<meta property=\"og:description\" content=\"Trump afirmou que a guerra contra o Ir\u00e3o n\u00e3o durar\u00e1 muito tempo e que o Estreito de Ormuz reabrir\u00e1 automaticamente depois do conflito. O presidente disse que os EUA est\u00e3o a ganhar e que h\u00e1 ainda trabalho para eliminar capacidades ofensivas do Ir\u00e3o, que segundo ele j\u00e1 n\u00e3o tem for\u00e7as. A Guarda Revolucion\u00e1ria iraniana anunciou que vai atacar escrit\u00f3rios de grandes tecnol\u00f3gicas norte-americanas no M\u00e9dio Oriente a partir de quarta-feira. Paquist\u00e3o e China apresentaram uma proposta de cessar-fogo de cinco pontos para reabrir o Estreito de Ormuz e iniciar negocia\u00e7\u00f5es de paz; o Paquist\u00e3o intensifica esfor\u00e7os diplom\u00e1ticos. A Casa Branca mant\u00e9m a previs\u00e3o de quatro a seis semanas para as opera\u00e7\u00f5es, com objetivo de neutralizar o programa nuclear iraniano e desmantelar capacidades militares, enquanto surgem negocia\u00e7\u00f5es com um regime mais razo\u00e1vel.\" \/>\n<meta property=\"og:url\" content=\"https:\/\/portaltela.pt\/noticias\/2026\/03\/31\/trump-diz-que-guerra-no-irao-nao-devera-durar-muito-mais\/\" \/>\n<meta property=\"og:site_name\" content=\"Portal Tela Portugal\" \/>\n<meta property=\"article:published_time\" content=\"2026-03-31T20:34:16+00:00\" \/>\n<meta name=\"author\" content=\"Telinha\" \/>\n<meta name=\"twitter:card\" content=\"summary_large_image\" \/>\n<meta name=\"twitter:label1\" content=\"Escrito por\" \/>\n\t<meta name=\"twitter:data1\" content=\"Telinha\" \/>\n\t<meta name=\"twitter:label2\" content=\"Tempo estimado de leitura\" \/>\n\t<meta name=\"twitter:data2\" content=\"2 minutos\" \/>\n<script type=\"application\/ld+json\" class=\"yoast-schema-graph\">{\"@context\":\"https:\/\/schema.org\",\"@graph\":[{\"@type\":\"Article\",\"@id\":\"https:\/\/portaltela.pt\/noticias\/2026\/03\/31\/trump-diz-que-guerra-no-irao-nao-devera-durar-muito-mais\/#article\",\"isPartOf\":{\"@id\":\"https:\/\/portaltela.pt\/noticias\/2026\/03\/31\/trump-diz-que-guerra-no-irao-nao-devera-durar-muito-mais\/\"},\"author\":{\"name\":\"Telinha\",\"@id\":\"https:\/\/portaltela.pt\/#\/schema\/person\/c4278d4a6028830caff9ee44b42d32ed\"},\"headline\":\"Trump diz que guerra no Ir\u00e3o n\u00e3o dever\u00e1 durar muito mais\",\"datePublished\":\"2026-03-31T20:34:16+00:00\",\"mainEntityOfPage\":{\"@id\":\"https:\/\/portaltela.pt\/noticias\/2026\/03\/31\/trump-diz-que-guerra-no-irao-nao-devera-durar-muito-mais\/\"},\"wordCount\":460,\"image\":{\"@id\":\"https:\/\/portaltela.pt\/noticias\/2026\/03\/31\/trump-diz-que-guerra-no-irao-nao-devera-durar-muito-mais\/#primaryimage\"},\"thumbnailUrl\":\"https:\/\/portaltela.pt\/s.01k8rhncp4jt1\/2026\/03\/image-1902.jpg\",\"keywords\":[\"diplomacia internacional\",\"guerra\",\"hidrocarburetos\",\"\u00cdr\u00e1n\",\"Programa nuclear\",\"san\u00e7\u00f5es\"],\"articleSection\":[\"Internacionais\",\"Pol\u00edtica\"],\"inLanguage\":\"pt-PT\"},{\"@type\":\"WebPage\",\"@id\":\"https:\/\/portaltela.pt\/noticias\/2026\/03\/31\/trump-diz-que-guerra-no-irao-nao-devera-durar-muito-mais\/\",\"url\":\"https:\/\/portaltela.pt\/noticias\/2026\/03\/31\/trump-diz-que-guerra-no-irao-nao-devera-durar-muito-mais\/\",\"name\":\"Trump diz que guerra no Ir\u00e3o n\u00e3o dever\u00e1 durar muito mais - Portal Tela Portugal\",\"isPartOf\":{\"@id\":\"https:\/\/portaltela.pt\/#website\"},\"primaryImageOfPage\":{\"@id\":\"https:\/\/portaltela.pt\/noticias\/2026\/03\/31\/trump-diz-que-guerra-no-irao-nao-devera-durar-muito-mais\/#primaryimage\"},\"image\":{\"@id\":\"https:\/\/portaltela.pt\/noticias\/2026\/03\/31\/trump-diz-que-guerra-no-irao-nao-devera-durar-muito-mais\/#primaryimage\"},\"thumbnailUrl\":\"https:\/\/portaltela.pt\/s.01k8rhncp4jt1\/2026\/03\/image-1902.jpg\",\"datePublished\":\"2026-03-31T20:34:16+00:00\",\"author\":{\"@id\":\"https:\/\/portaltela.pt\/#\/schema\/person\/c4278d4a6028830caff9ee44b42d32ed\"},\"breadcrumb\":{\"@id\":\"https:\/\/portaltela.pt\/noticias\/2026\/03\/31\/trump-diz-que-guerra-no-irao-nao-devera-durar-muito-mais\/#breadcrumb\"},\"inLanguage\":\"pt-PT\",\"potentialAction\":[{\"@type\":\"ReadAction\",\"target\":[\"https:\/\/portaltela.pt\/noticias\/2026\/03\/31\/trump-diz-que-guerra-no-irao-nao-devera-durar-muito-mais\/\"]}]},{\"@type\":\"ImageObject\",\"inLanguage\":\"pt-PT\",\"@id\":\"https:\/\/portaltela.pt\/noticias\/2026\/03\/31\/trump-diz-que-guerra-no-irao-nao-devera-durar-muito-mais\/#primaryimage\",\"url\":\"https:\/\/portaltela.pt\/s.01k8rhncp4jt1\/2026\/03\/image-1902.jpg\",\"contentUrl\":\"https:\/\/portaltela.pt\/s.01k8rhncp4jt1\/2026\/03\/image-1902.jpg\",\"width\":796,\"height\":448,\"caption\":\"O presidente norte-americano, Donald Trump\"},{\"@type\":\"BreadcrumbList\",\"@id\":\"https:\/\/portaltela.pt\/noticias\/2026\/03\/31\/trump-diz-que-guerra-no-irao-nao-devera-durar-muito-mais\/#breadcrumb\",\"itemListElement\":[{\"@type\":\"ListItem\",\"position\":1,\"name\":\"In\u00edcio\",\"item\":\"https:\/\/portaltela.pt\/\"},{\"@type\":\"ListItem\",\"position\":2,\"name\":\"Trump diz que guerra no Ir\u00e3o n\u00e3o dever\u00e1 durar muito mais\"}]},{\"@type\":\"WebSite\",\"@id\":\"https:\/\/portaltela.pt\/#website\",\"url\":\"https:\/\/portaltela.pt\/\",\"name\":\"Portal Tela Portugal\",\"description\":\"\",\"potentialAction\":[{\"@type\":\"SearchAction\",\"target\":{\"@type\":\"EntryPoint\",\"urlTemplate\":\"https:\/\/portaltela.pt\/?s={search_term_string}\"},\"query-input\":{\"@type\":\"PropertyValueSpecification\",\"valueRequired\":true,\"valueName\":\"search_term_string\"}}],\"inLanguage\":\"pt-PT\"},{\"@type\":\"Person\",\"@id\":\"https:\/\/portaltela.pt\/#\/schema\/person\/c4278d4a6028830caff9ee44b42d32ed\",\"name\":\"Telinha\",\"image\":{\"@type\":\"ImageObject\",\"inLanguage\":\"pt-PT\",\"@id\":\"https:\/\/portaltela.pt\/s.01k8rhncp4jt1\/2025\/11\/talking-bot-125x125.png\",\"url\":\"https:\/\/portaltela.pt\/s.01k8rhncp4jt1\/2025\/11\/talking-bot-125x125.png\",\"contentUrl\":\"https:\/\/portaltela.pt\/s.01k8rhncp4jt1\/2025\/11\/talking-bot-125x125.png\",\"caption\":\"Telinha\"},\"sameAs\":[\"https:\/\/portaltela.pt\/\"],\"url\":\"https:\/\/portaltela.pt\/por\/367410592786\/\"}]}<\/script>\n<!-- \/ Yoast SEO plugin. -->","yoast_head_json":{"title":"Trump diz que guerra no Ir\u00e3o n\u00e3o dever\u00e1 durar muito mais - Portal Tela Portugal","robots":{"index":"index","follow":"follow","max-snippet":"max-snippet:-1","max-image-preview":"max-image-preview:large","max-video-preview":"max-video-preview:-1"},"og_locale":"pt_PT","og_type":"article","og_title":"Trump diz que guerra no Ir\u00e3o n\u00e3o dever\u00e1 durar muito mais - Portal Tela Portugal","og_description":"Trump afirmou que a guerra contra o Ir\u00e3o n\u00e3o durar\u00e1 muito tempo e que o Estreito de Ormuz reabrir\u00e1 automaticamente depois do conflito. O presidente disse que os EUA est\u00e3o a ganhar e que h\u00e1 ainda trabalho para eliminar capacidades ofensivas do Ir\u00e3o, que segundo ele j\u00e1 n\u00e3o tem for\u00e7as. A Guarda Revolucion\u00e1ria iraniana anunciou que vai atacar escrit\u00f3rios de grandes tecnol\u00f3gicas norte-americanas no M\u00e9dio Oriente a partir de quarta-feira. Paquist\u00e3o e China apresentaram uma proposta de cessar-fogo de cinco pontos para reabrir o Estreito de Ormuz e iniciar negocia\u00e7\u00f5es de paz; o Paquist\u00e3o intensifica esfor\u00e7os diplom\u00e1ticos. A Casa Branca mant\u00e9m a previs\u00e3o de quatro a seis semanas para as opera\u00e7\u00f5es, com objetivo de neutralizar o programa nuclear iraniano e desmantelar capacidades militares, enquanto surgem negocia\u00e7\u00f5es com um regime mais razo\u00e1vel.","og_url":"https:\/\/portaltela.pt\/noticias\/2026\/03\/31\/trump-diz-que-guerra-no-irao-nao-devera-durar-muito-mais\/","og_site_name":"Portal Tela Portugal","article_published_time":"2026-03-31T20:34:16+00:00","author":"Telinha","twitter_card":"summary_large_image","twitter_misc":{"Escrito por":"Telinha","Tempo estimado de leitura":"2 minutos"},"schema":{"@context":"https:\/\/schema.org","@graph":[{"@type":"Article","@id":"https:\/\/portaltela.pt\/noticias\/2026\/03\/31\/trump-diz-que-guerra-no-irao-nao-devera-durar-muito-mais\/#article","isPartOf":{"@id":"https:\/\/portaltela.pt\/noticias\/2026\/03\/31\/trump-diz-que-guerra-no-irao-nao-devera-durar-muito-mais\/"},"author":{"name":"Telinha","@id":"https:\/\/portaltela.pt\/#\/schema\/person\/c4278d4a6028830caff9ee44b42d32ed"},"headline":"Trump diz que guerra no Ir\u00e3o n\u00e3o dever\u00e1 durar muito mais","datePublished":"2026-03-31T20:34:16+00:00","mainEntityOfPage":{"@id":"https:\/\/portaltela.pt\/noticias\/2026\/03\/31\/trump-diz-que-guerra-no-irao-nao-devera-durar-muito-mais\/"},"wordCount":460,"image":{"@id":"https:\/\/portaltela.pt\/noticias\/2026\/03\/31\/trump-diz-que-guerra-no-irao-nao-devera-durar-muito-mais\/#primaryimage"},"thumbnailUrl":"https:\/\/portaltela.pt\/s.01k8rhncp4jt1\/2026\/03\/image-1902.jpg","keywords":["diplomacia internacional","guerra","hidrocarburetos","\u00cdr\u00e1n","Programa nuclear","san\u00e7\u00f5es"],"articleSection":["Internacionais","Pol\u00edtica"],"inLanguage":"pt-PT"},{"@type":"WebPage","@id":"https:\/\/portaltela.pt\/noticias\/2026\/03\/31\/trump-diz-que-guerra-no-irao-nao-devera-durar-muito-mais\/","url":"https:\/\/portaltela.pt\/noticias\/2026\/03\/31\/trump-diz-que-guerra-no-irao-nao-devera-durar-muito-mais\/","name":"Trump diz que guerra no Ir\u00e3o n\u00e3o dever\u00e1 durar muito mais - Portal Tela Portugal","isPartOf":{"@id":"https:\/\/portaltela.pt\/#website"},"primaryImageOfPage":{"@id":"https:\/\/portaltela.pt\/noticias\/2026\/03\/31\/trump-diz-que-guerra-no-irao-nao-devera-durar-muito-mais\/#primaryimage"},"image":{"@id":"https:\/\/portaltela.pt\/noticias\/2026\/03\/31\/trump-diz-que-guerra-no-irao-nao-devera-durar-muito-mais\/#primaryimage"},"thumbnailUrl":"https:\/\/portaltela.pt\/s.01k8rhncp4jt1\/2026\/03\/image-1902.jpg","datePublished":"2026-03-31T20:34:16+00:00","author":{"@id":"https:\/\/portaltela.pt\/#\/schema\/person\/c4278d4a6028830caff9ee44b42d32ed"},"breadcrumb":{"@id":"https:\/\/portaltela.pt\/noticias\/2026\/03\/31\/trump-diz-que-guerra-no-irao-nao-devera-durar-muito-mais\/#breadcrumb"},"inLanguage":"pt-PT","potentialAction":[{"@type":"ReadAction","target":["https:\/\/portaltela.pt\/noticias\/2026\/03\/31\/trump-diz-que-guerra-no-irao-nao-devera-durar-muito-mais\/"]}]},{"@type":"ImageObject","inLanguage":"pt-PT","@id":"https:\/\/portaltela.pt\/noticias\/2026\/03\/31\/trump-diz-que-guerra-no-irao-nao-devera-durar-muito-mais\/#primaryimage","url":"https:\/\/portaltela.pt\/s.01k8rhncp4jt1\/2026\/03\/image-1902.jpg","contentUrl":"https:\/\/portaltela.pt\/s.01k8rhncp4jt1\/2026\/03\/image-1902.jpg","width":796,"height":448,"caption":"O presidente norte-americano, Donald Trump"},{"@type":"BreadcrumbList","@id":"https:\/\/portaltela.pt\/noticias\/2026\/03\/31\/trump-diz-que-guerra-no-irao-nao-devera-durar-muito-mais\/#breadcrumb","itemListElement":[{"@type":"ListItem","position":1,"name":"In\u00edcio","item":"https:\/\/portaltela.pt\/"},{"@type":"ListItem","position":2,"name":"Trump diz que guerra no Ir\u00e3o n\u00e3o dever\u00e1 durar muito mais"}]},{"@type":"WebSite","@id":"https:\/\/portaltela.pt\/#website","url":"https:\/\/portaltela.pt\/","name":"Portal Tela Portugal","description":"","potentialAction":[{"@type":"SearchAction","target":{"@type":"EntryPoint","urlTemplate":"https:\/\/portaltela.pt\/?s={search_term_string}"},"query-input":{"@type":"PropertyValueSpecification","valueRequired":true,"valueName":"search_term_string"}}],"inLanguage":"pt-PT"},{"@type":"Person","@id":"https:\/\/portaltela.pt\/#\/schema\/person\/c4278d4a6028830caff9ee44b42d32ed","name":"Telinha","image":{"@type":"ImageObject","inLanguage":"pt-PT","@id":"https:\/\/portaltela.pt\/s.01k8rhncp4jt1\/2025\/11\/talking-bot-125x125.png","url":"https:\/\/portaltela.pt\/s.01k8rhncp4jt1\/2025\/11\/talking-bot-125x125.png","contentUrl":"https:\/\/portaltela.pt\/s.01k8rhncp4jt1\/2025\/11\/talking-bot-125x125.png","caption":"Telinha"},"sameAs":["https:\/\/portaltela.pt\/"],"url":"https:\/\/portaltela.pt\/por\/367410592786\/"}]}},"_links":{"self":[{"href":"https:\/\/portaltela.pt\/api\/wp\/v2\/posts\/428382","targetHints":{"allow":["GET"]}}],"collection":[{"href":"https:\/\/portaltela.pt\/api\/wp\/v2\/posts"}],"about":[{"href":"https:\/\/portaltela.pt\/api\/wp\/v2\/types\/post"}],"author":[{"embeddable":true,"href":"https:\/\/portaltela.pt\/api\/wp\/v2\/users\/2"}],"replies":[{"embeddable":true,"href":"https:\/\/portaltela.pt\/api\/wp\/v2\/comments?post=428382"}],"version-history":[{"count":0,"href":"https:\/\/portaltela.pt\/api\/wp\/v2\/posts\/428382\/revisions"}],"wp:featuredmedia":[{"embeddable":true,"href":"https:\/\/portaltela.pt\/api\/wp\/v2\/media\/428383"}],"wp:attachment":[{"href":"https:\/\/portaltela.pt\/api\/wp\/v2\/media?parent=428382"}],"wp:term":[{"taxonomy":"category","embeddable":true,"href":"https:\/\/portaltela.pt\/api\/wp\/v2\/categories?post=428382"},{"taxonomy":"post_tag","embeddable":true,"href":"https:\/\/portaltela.pt\/api\/wp\/v2\/tags?post=428382"}],"curies":[{"name":"wp","href":"https:\/\/api.w.org\/{rel}","templated":true}]}}