{"id":428358,"date":"2026-03-31T17:17:17","date_gmt":"2026-03-31T20:17:17","guid":{"rendered":"https:\/\/portaltela.pt\/noticias\/2026\/03\/31\/kallas-anuncia-80-milhoes-de-euros-para-reforcar-sistema-energetico-da-ucrania\/"},"modified":"2026-03-31T17:17:17","modified_gmt":"2026-03-31T20:17:17","slug":"kallas-anuncia-80-milhoes-de-euros-para-reforcar-sistema-energetico-da-ucrania","status":"publish","type":"post","link":"https:\/\/portaltela.pt\/noticias\/2026\/03\/31\/kallas-anuncia-80-milhoes-de-euros-para-reforcar-sistema-energetico-da-ucrania\/","title":{"rendered":"Kallas anuncia 80 milh\u00f5es de euros para refor\u00e7ar sistema energ\u00e9tico da Ucr\u00e2nia"},"content":{"rendered":"<p>A chefe da diplomacia europeia anunciou em Kiev a atribui\u00e7\u00e3o de 80 milh\u00f5es de euros, provenientes dos lucros dos ativos russos congelados, para refor\u00e7ar o sistema energ\u00e9tico da Ucr\u00e2nia. O an\u00fancio foi feito durante uma reuni\u00e3o dos ministros dos Neg\u00f3cios Estrangeiros da UE.<\/p>\n<p>Kaja Kallas explicou que a Comiss\u00e3o Europeia continua a trabalhar para mobilizar mais ajuda \u00e0 Ucr\u00e2nia. O montante ser\u00e1 destinado a projetos de prote\u00e7\u00e3o e melhoria da rede el\u00e9trica ucraniana, face aos ataques recentes.<\/p>\n<p>Na abertura da reuni\u00e3o informal, o Presidente da Ucr\u00e2nia, Volodymyr Zelensky, criticou o veto do primeiro-ministro h\u00fangaro, Viktor Orb\u00e1n, que bloqueou um empr\u00e9stimo de 90 mil milh\u00f5es de euros aprovado pela UE em dezembro. O valor ainda n\u00e3o est\u00e1 dispon\u00edvel \u00e0 Ucr\u00e2nia.<\/p>\n<p>Zelensky disse ainda que a Ucr\u00e2nia perdeu um m\u00eas de prepara\u00e7\u00e3o para o pr\u00f3ximo inverno, devido \u00e0 indisponibilidade do empr\u00e9stimo de 5 mil milh\u00f5es de euros destinado a proteger infraestruturas energ\u00e9ticas. A R\u00fassia tem intensificado ataques a\u00e9reos desde in\u00edcio deste ano.<\/p>\n<p>O chefe de Estado ucraniano qualificou o veto como um pacto com Moscovo, destacando que a decis\u00e3o compromete a capacidade de defesa energ\u00e9tica do pa\u00eds. A Hungria justifica o bloqueio com preocupa\u00e7\u00f5es de seguran\u00e7a e equil\u00edbrio financeiro da UE.<\/p>\n<p>A R\u00fassia invadiu a Ucr\u00e2nia a 24 de fevereiro de 2022, sob o pretexto de proteger minorias pr\u00f3-russas e de desestabilizar o pa\u00eds vizinho. O conflito j\u00e1 deixou dezenas de milhares de mortos e danos extensos em infraestruturas.<\/p>\n<p>Diplomaticamente, a R\u00fassia continua a rejeitar um cessar-fogo prolongado. Exige a cess\u00e3o de quatro regi\u00f5es e da Crimeia para terminar o conflito, condi\u00e7\u00e3o rejeitada pela Ucr\u00e2nia, que pede garantias de seguran\u00e7a e um cessar-fogo antes de negocia\u00e7\u00f5es.<\/p>\n<p>Enquanto isso, as alian\u00e7as ocidentais mant\u00eam o foco em apoio financeiro e militar \u00e0 Ucr\u00e2nia, com monitoriza\u00e7\u00e3o de novas medidas para sustentar infraestruturas cr\u00edticas e evitar interrup\u00e7\u00f5es el\u00e9tricas no inverno. A UE refor\u00e7a, assim, o seu conjunto de respostas.<\/p>\n","protected":false},"excerpt":{"rendered":"<ul>\n<li>A chefe da diplomacia europeia anunciou em Kiev a atribui\u00e7\u00e3o de 80 milh\u00f5es de euros, provenientes dos lucros dos ativos russos congelados, para refor\u00e7ar o sistema energ\u00e9tico da Ucr\u00e2nia.<\/li>\n<li>A informa\u00e7\u00e3o foi comunicada durante a reuni\u00e3o dos ministros dos Neg\u00f3cios Estrangeiros da Uni\u00e3o Europeia em que participou Kaja Kallas.<\/li>\n<li>A Alta Representante da UE para a Pol\u00edtica Externa disse que a Comiss\u00e3o Europeia continua a mobilizar mais ajuda para a Ucr\u00e2nia.<\/li>\n<li>O Presidente ucraniano, Volodymyr Zelensky, criticou o veto do primeiro-ministro h\u00fangaro, Viktor Orb\u00e1n, ao empr\u00e9stimo de 90 mil milh\u00f5es de euros aprovado pela UE em dezembro.<\/li>\n<li>Zelensky afirmou que a Ucr\u00e2nia j\u00e1 perdeu um m\u00eas de prepara\u00e7\u00e3o para o pr\u00f3ximo inverno devido a esse bloqueio, referindo ainda o empr\u00e9stimo de cinco mil milh\u00f5es de euros para proteger infraestruturas energ\u00e9ticas.<\/li>\n<\/ul>\n","protected":false},"author":2,"featured_media":428359,"comment_status":"closed","ping_status":"closed","sticky":false,"template":"","format":"standard","meta":{"footnotes":""},"categories":[6814,1],"tags":[6384,2198,174,4549,62,2055],"class_list":["post-428358","post","type-post","status-publish","format-standard","has-post-thumbnail","hentry","category-geopolitica","category-noticias","tag-a-ucrania","tag-conflitos-internacionais","tag-energia","tag-energia-eletrica","tag-guerra","tag-uniao-europeia"],"yoast_head":"<!-- This site is optimized with the Yoast SEO plugin v27.2 - https:\/\/yoast.com\/product\/yoast-seo-wordpress\/ -->\n<title>Kallas anuncia 80 milh\u00f5es de euros para refor\u00e7ar sistema energ\u00e9tico da Ucr\u00e2nia - Portal Tela Portugal<\/title>\n<meta name=\"robots\" content=\"index, follow, max-snippet:-1, max-image-preview:large, max-video-preview:-1\" \/>\n<meta property=\"og:locale\" content=\"pt_PT\" \/>\n<meta property=\"og:type\" content=\"article\" \/>\n<meta property=\"og:title\" content=\"Kallas anuncia 80 milh\u00f5es de euros para refor\u00e7ar sistema energ\u00e9tico da Ucr\u00e2nia - Portal Tela Portugal\" \/>\n<meta property=\"og:description\" content=\"A chefe da diplomacia europeia anunciou em Kiev a atribui\u00e7\u00e3o de 80 milh\u00f5es de euros, provenientes dos lucros dos ativos russos congelados, para refor\u00e7ar o sistema energ\u00e9tico da Ucr\u00e2nia. A informa\u00e7\u00e3o foi comunicada durante a reuni\u00e3o dos ministros dos Neg\u00f3cios Estrangeiros da Uni\u00e3o Europeia em que participou Kaja Kallas. A Alta Representante da UE para a Pol\u00edtica Externa disse que a Comiss\u00e3o Europeia continua a mobilizar mais ajuda para a Ucr\u00e2nia. O Presidente ucraniano, Volodymyr Zelensky, criticou o veto do primeiro-ministro h\u00fangaro, Viktor Orb\u00e1n, ao empr\u00e9stimo de 90 mil milh\u00f5es de euros aprovado pela UE em dezembro. Zelensky afirmou que a Ucr\u00e2nia j\u00e1 perdeu um m\u00eas de prepara\u00e7\u00e3o para o pr\u00f3ximo inverno devido a esse bloqueio, referindo ainda o empr\u00e9stimo de cinco mil milh\u00f5es de euros para proteger infraestruturas energ\u00e9ticas.\" \/>\n<meta property=\"og:url\" content=\"https:\/\/portaltela.pt\/noticias\/2026\/03\/31\/kallas-anuncia-80-milhoes-de-euros-para-reforcar-sistema-energetico-da-ucrania\/\" \/>\n<meta property=\"og:site_name\" content=\"Portal Tela Portugal\" \/>\n<meta property=\"article:published_time\" content=\"2026-03-31T20:17:17+00:00\" \/>\n<meta name=\"author\" content=\"Telinha\" \/>\n<meta name=\"twitter:card\" content=\"summary_large_image\" \/>\n<meta name=\"twitter:label1\" content=\"Escrito por\" \/>\n\t<meta name=\"twitter:data1\" content=\"Telinha\" \/>\n\t<meta name=\"twitter:label2\" content=\"Tempo estimado de leitura\" \/>\n\t<meta name=\"twitter:data2\" content=\"2 minutos\" \/>\n<script type=\"application\/ld+json\" class=\"yoast-schema-graph\">{\"@context\":\"https:\/\/schema.org\",\"@graph\":[{\"@type\":\"Article\",\"@id\":\"https:\/\/portaltela.pt\/noticias\/2026\/03\/31\/kallas-anuncia-80-milhoes-de-euros-para-reforcar-sistema-energetico-da-ucrania\/#article\",\"isPartOf\":{\"@id\":\"https:\/\/portaltela.pt\/noticias\/2026\/03\/31\/kallas-anuncia-80-milhoes-de-euros-para-reforcar-sistema-energetico-da-ucrania\/\"},\"author\":{\"name\":\"Telinha\",\"@id\":\"https:\/\/portaltela.pt\/#\/schema\/person\/c4278d4a6028830caff9ee44b42d32ed\"},\"headline\":\"Kallas anuncia 80 milh\u00f5es de euros para refor\u00e7ar sistema energ\u00e9tico da Ucr\u00e2nia\",\"datePublished\":\"2026-03-31T20:17:17+00:00\",\"mainEntityOfPage\":{\"@id\":\"https:\/\/portaltela.pt\/noticias\/2026\/03\/31\/kallas-anuncia-80-milhoes-de-euros-para-reforcar-sistema-energetico-da-ucrania\/\"},\"wordCount\":375,\"image\":{\"@id\":\"https:\/\/portaltela.pt\/noticias\/2026\/03\/31\/kallas-anuncia-80-milhoes-de-euros-para-reforcar-sistema-energetico-da-ucrania\/#primaryimage\"},\"thumbnailUrl\":\"https:\/\/portaltela.pt\/s.01k8rhncp4jt1\/2026\/03\/img_1500x1000uu2026-02-23-17-28-00-2268552.jpg\",\"keywords\":[\"a Ucr\u00e2nia\",\"conflitos internacionais\",\"energia\",\"energia el\u00e9trica\",\"guerra\",\"Uni\u00e3o Europeia\"],\"articleSection\":[\"Geopol\u00edtica\",\"Not\u00edcias\"],\"inLanguage\":\"pt-PT\"},{\"@type\":\"WebPage\",\"@id\":\"https:\/\/portaltela.pt\/noticias\/2026\/03\/31\/kallas-anuncia-80-milhoes-de-euros-para-reforcar-sistema-energetico-da-ucrania\/\",\"url\":\"https:\/\/portaltela.pt\/noticias\/2026\/03\/31\/kallas-anuncia-80-milhoes-de-euros-para-reforcar-sistema-energetico-da-ucrania\/\",\"name\":\"Kallas anuncia 80 milh\u00f5es de euros para refor\u00e7ar sistema energ\u00e9tico da Ucr\u00e2nia - Portal Tela Portugal\",\"isPartOf\":{\"@id\":\"https:\/\/portaltela.pt\/#website\"},\"primaryImageOfPage\":{\"@id\":\"https:\/\/portaltela.pt\/noticias\/2026\/03\/31\/kallas-anuncia-80-milhoes-de-euros-para-reforcar-sistema-energetico-da-ucrania\/#primaryimage\"},\"image\":{\"@id\":\"https:\/\/portaltela.pt\/noticias\/2026\/03\/31\/kallas-anuncia-80-milhoes-de-euros-para-reforcar-sistema-energetico-da-ucrania\/#primaryimage\"},\"thumbnailUrl\":\"https:\/\/portaltela.pt\/s.01k8rhncp4jt1\/2026\/03\/img_1500x1000uu2026-02-23-17-28-00-2268552.jpg\",\"datePublished\":\"2026-03-31T20:17:17+00:00\",\"author\":{\"@id\":\"https:\/\/portaltela.pt\/#\/schema\/person\/c4278d4a6028830caff9ee44b42d32ed\"},\"breadcrumb\":{\"@id\":\"https:\/\/portaltela.pt\/noticias\/2026\/03\/31\/kallas-anuncia-80-milhoes-de-euros-para-reforcar-sistema-energetico-da-ucrania\/#breadcrumb\"},\"inLanguage\":\"pt-PT\",\"potentialAction\":[{\"@type\":\"ReadAction\",\"target\":[\"https:\/\/portaltela.pt\/noticias\/2026\/03\/31\/kallas-anuncia-80-milhoes-de-euros-para-reforcar-sistema-energetico-da-ucrania\/\"]}]},{\"@type\":\"ImageObject\",\"inLanguage\":\"pt-PT\",\"@id\":\"https:\/\/portaltela.pt\/noticias\/2026\/03\/31\/kallas-anuncia-80-milhoes-de-euros-para-reforcar-sistema-energetico-da-ucrania\/#primaryimage\",\"url\":\"https:\/\/portaltela.pt\/s.01k8rhncp4jt1\/2026\/03\/img_1500x1000uu2026-02-23-17-28-00-2268552.jpg\",\"contentUrl\":\"https:\/\/portaltela.pt\/s.01k8rhncp4jt1\/2026\/03\/img_1500x1000uu2026-02-23-17-28-00-2268552.jpg\",\"width\":796,\"height\":448,\"caption\":\"Kaja Kallas com Volodymyr Zelensky\"},{\"@type\":\"BreadcrumbList\",\"@id\":\"https:\/\/portaltela.pt\/noticias\/2026\/03\/31\/kallas-anuncia-80-milhoes-de-euros-para-reforcar-sistema-energetico-da-ucrania\/#breadcrumb\",\"itemListElement\":[{\"@type\":\"ListItem\",\"position\":1,\"name\":\"In\u00edcio\",\"item\":\"https:\/\/portaltela.pt\/\"},{\"@type\":\"ListItem\",\"position\":2,\"name\":\"Kallas anuncia 80 milh\u00f5es de euros para refor\u00e7ar sistema energ\u00e9tico da Ucr\u00e2nia\"}]},{\"@type\":\"WebSite\",\"@id\":\"https:\/\/portaltela.pt\/#website\",\"url\":\"https:\/\/portaltela.pt\/\",\"name\":\"Portal Tela Portugal\",\"description\":\"\",\"potentialAction\":[{\"@type\":\"SearchAction\",\"target\":{\"@type\":\"EntryPoint\",\"urlTemplate\":\"https:\/\/portaltela.pt\/?s={search_term_string}\"},\"query-input\":{\"@type\":\"PropertyValueSpecification\",\"valueRequired\":true,\"valueName\":\"search_term_string\"}}],\"inLanguage\":\"pt-PT\"},{\"@type\":\"Person\",\"@id\":\"https:\/\/portaltela.pt\/#\/schema\/person\/c4278d4a6028830caff9ee44b42d32ed\",\"name\":\"Telinha\",\"image\":{\"@type\":\"ImageObject\",\"inLanguage\":\"pt-PT\",\"@id\":\"https:\/\/portaltela.pt\/s.01k8rhncp4jt1\/2025\/11\/talking-bot-125x125.png\",\"url\":\"https:\/\/portaltela.pt\/s.01k8rhncp4jt1\/2025\/11\/talking-bot-125x125.png\",\"contentUrl\":\"https:\/\/portaltela.pt\/s.01k8rhncp4jt1\/2025\/11\/talking-bot-125x125.png\",\"caption\":\"Telinha\"},\"sameAs\":[\"https:\/\/portaltela.pt\/\"],\"url\":\"https:\/\/portaltela.pt\/por\/367410592786\/\"}]}<\/script>\n<!-- \/ Yoast SEO plugin. -->","yoast_head_json":{"title":"Kallas anuncia 80 milh\u00f5es de euros para refor\u00e7ar sistema energ\u00e9tico da Ucr\u00e2nia - Portal Tela Portugal","robots":{"index":"index","follow":"follow","max-snippet":"max-snippet:-1","max-image-preview":"max-image-preview:large","max-video-preview":"max-video-preview:-1"},"og_locale":"pt_PT","og_type":"article","og_title":"Kallas anuncia 80 milh\u00f5es de euros para refor\u00e7ar sistema energ\u00e9tico da Ucr\u00e2nia - Portal Tela Portugal","og_description":"A chefe da diplomacia europeia anunciou em Kiev a atribui\u00e7\u00e3o de 80 milh\u00f5es de euros, provenientes dos lucros dos ativos russos congelados, para refor\u00e7ar o sistema energ\u00e9tico da Ucr\u00e2nia. A informa\u00e7\u00e3o foi comunicada durante a reuni\u00e3o dos ministros dos Neg\u00f3cios Estrangeiros da Uni\u00e3o Europeia em que participou Kaja Kallas. A Alta Representante da UE para a Pol\u00edtica Externa disse que a Comiss\u00e3o Europeia continua a mobilizar mais ajuda para a Ucr\u00e2nia. O Presidente ucraniano, Volodymyr Zelensky, criticou o veto do primeiro-ministro h\u00fangaro, Viktor Orb\u00e1n, ao empr\u00e9stimo de 90 mil milh\u00f5es de euros aprovado pela UE em dezembro. Zelensky afirmou que a Ucr\u00e2nia j\u00e1 perdeu um m\u00eas de prepara\u00e7\u00e3o para o pr\u00f3ximo inverno devido a esse bloqueio, referindo ainda o empr\u00e9stimo de cinco mil milh\u00f5es de euros para proteger infraestruturas energ\u00e9ticas.","og_url":"https:\/\/portaltela.pt\/noticias\/2026\/03\/31\/kallas-anuncia-80-milhoes-de-euros-para-reforcar-sistema-energetico-da-ucrania\/","og_site_name":"Portal Tela Portugal","article_published_time":"2026-03-31T20:17:17+00:00","author":"Telinha","twitter_card":"summary_large_image","twitter_misc":{"Escrito por":"Telinha","Tempo estimado de leitura":"2 minutos"},"schema":{"@context":"https:\/\/schema.org","@graph":[{"@type":"Article","@id":"https:\/\/portaltela.pt\/noticias\/2026\/03\/31\/kallas-anuncia-80-milhoes-de-euros-para-reforcar-sistema-energetico-da-ucrania\/#article","isPartOf":{"@id":"https:\/\/portaltela.pt\/noticias\/2026\/03\/31\/kallas-anuncia-80-milhoes-de-euros-para-reforcar-sistema-energetico-da-ucrania\/"},"author":{"name":"Telinha","@id":"https:\/\/portaltela.pt\/#\/schema\/person\/c4278d4a6028830caff9ee44b42d32ed"},"headline":"Kallas anuncia 80 milh\u00f5es de euros para refor\u00e7ar sistema energ\u00e9tico da Ucr\u00e2nia","datePublished":"2026-03-31T20:17:17+00:00","mainEntityOfPage":{"@id":"https:\/\/portaltela.pt\/noticias\/2026\/03\/31\/kallas-anuncia-80-milhoes-de-euros-para-reforcar-sistema-energetico-da-ucrania\/"},"wordCount":375,"image":{"@id":"https:\/\/portaltela.pt\/noticias\/2026\/03\/31\/kallas-anuncia-80-milhoes-de-euros-para-reforcar-sistema-energetico-da-ucrania\/#primaryimage"},"thumbnailUrl":"https:\/\/portaltela.pt\/s.01k8rhncp4jt1\/2026\/03\/img_1500x1000uu2026-02-23-17-28-00-2268552.jpg","keywords":["a Ucr\u00e2nia","conflitos internacionais","energia","energia el\u00e9trica","guerra","Uni\u00e3o Europeia"],"articleSection":["Geopol\u00edtica","Not\u00edcias"],"inLanguage":"pt-PT"},{"@type":"WebPage","@id":"https:\/\/portaltela.pt\/noticias\/2026\/03\/31\/kallas-anuncia-80-milhoes-de-euros-para-reforcar-sistema-energetico-da-ucrania\/","url":"https:\/\/portaltela.pt\/noticias\/2026\/03\/31\/kallas-anuncia-80-milhoes-de-euros-para-reforcar-sistema-energetico-da-ucrania\/","name":"Kallas anuncia 80 milh\u00f5es de euros para refor\u00e7ar sistema energ\u00e9tico da Ucr\u00e2nia - Portal Tela Portugal","isPartOf":{"@id":"https:\/\/portaltela.pt\/#website"},"primaryImageOfPage":{"@id":"https:\/\/portaltela.pt\/noticias\/2026\/03\/31\/kallas-anuncia-80-milhoes-de-euros-para-reforcar-sistema-energetico-da-ucrania\/#primaryimage"},"image":{"@id":"https:\/\/portaltela.pt\/noticias\/2026\/03\/31\/kallas-anuncia-80-milhoes-de-euros-para-reforcar-sistema-energetico-da-ucrania\/#primaryimage"},"thumbnailUrl":"https:\/\/portaltela.pt\/s.01k8rhncp4jt1\/2026\/03\/img_1500x1000uu2026-02-23-17-28-00-2268552.jpg","datePublished":"2026-03-31T20:17:17+00:00","author":{"@id":"https:\/\/portaltela.pt\/#\/schema\/person\/c4278d4a6028830caff9ee44b42d32ed"},"breadcrumb":{"@id":"https:\/\/portaltela.pt\/noticias\/2026\/03\/31\/kallas-anuncia-80-milhoes-de-euros-para-reforcar-sistema-energetico-da-ucrania\/#breadcrumb"},"inLanguage":"pt-PT","potentialAction":[{"@type":"ReadAction","target":["https:\/\/portaltela.pt\/noticias\/2026\/03\/31\/kallas-anuncia-80-milhoes-de-euros-para-reforcar-sistema-energetico-da-ucrania\/"]}]},{"@type":"ImageObject","inLanguage":"pt-PT","@id":"https:\/\/portaltela.pt\/noticias\/2026\/03\/31\/kallas-anuncia-80-milhoes-de-euros-para-reforcar-sistema-energetico-da-ucrania\/#primaryimage","url":"https:\/\/portaltela.pt\/s.01k8rhncp4jt1\/2026\/03\/img_1500x1000uu2026-02-23-17-28-00-2268552.jpg","contentUrl":"https:\/\/portaltela.pt\/s.01k8rhncp4jt1\/2026\/03\/img_1500x1000uu2026-02-23-17-28-00-2268552.jpg","width":796,"height":448,"caption":"Kaja Kallas com Volodymyr Zelensky"},{"@type":"BreadcrumbList","@id":"https:\/\/portaltela.pt\/noticias\/2026\/03\/31\/kallas-anuncia-80-milhoes-de-euros-para-reforcar-sistema-energetico-da-ucrania\/#breadcrumb","itemListElement":[{"@type":"ListItem","position":1,"name":"In\u00edcio","item":"https:\/\/portaltela.pt\/"},{"@type":"ListItem","position":2,"name":"Kallas anuncia 80 milh\u00f5es de euros para refor\u00e7ar sistema energ\u00e9tico da Ucr\u00e2nia"}]},{"@type":"WebSite","@id":"https:\/\/portaltela.pt\/#website","url":"https:\/\/portaltela.pt\/","name":"Portal Tela Portugal","description":"","potentialAction":[{"@type":"SearchAction","target":{"@type":"EntryPoint","urlTemplate":"https:\/\/portaltela.pt\/?s={search_term_string}"},"query-input":{"@type":"PropertyValueSpecification","valueRequired":true,"valueName":"search_term_string"}}],"inLanguage":"pt-PT"},{"@type":"Person","@id":"https:\/\/portaltela.pt\/#\/schema\/person\/c4278d4a6028830caff9ee44b42d32ed","name":"Telinha","image":{"@type":"ImageObject","inLanguage":"pt-PT","@id":"https:\/\/portaltela.pt\/s.01k8rhncp4jt1\/2025\/11\/talking-bot-125x125.png","url":"https:\/\/portaltela.pt\/s.01k8rhncp4jt1\/2025\/11\/talking-bot-125x125.png","contentUrl":"https:\/\/portaltela.pt\/s.01k8rhncp4jt1\/2025\/11\/talking-bot-125x125.png","caption":"Telinha"},"sameAs":["https:\/\/portaltela.pt\/"],"url":"https:\/\/portaltela.pt\/por\/367410592786\/"}]}},"_links":{"self":[{"href":"https:\/\/portaltela.pt\/api\/wp\/v2\/posts\/428358","targetHints":{"allow":["GET"]}}],"collection":[{"href":"https:\/\/portaltela.pt\/api\/wp\/v2\/posts"}],"about":[{"href":"https:\/\/portaltela.pt\/api\/wp\/v2\/types\/post"}],"author":[{"embeddable":true,"href":"https:\/\/portaltela.pt\/api\/wp\/v2\/users\/2"}],"replies":[{"embeddable":true,"href":"https:\/\/portaltela.pt\/api\/wp\/v2\/comments?post=428358"}],"version-history":[{"count":0,"href":"https:\/\/portaltela.pt\/api\/wp\/v2\/posts\/428358\/revisions"}],"wp:featuredmedia":[{"embeddable":true,"href":"https:\/\/portaltela.pt\/api\/wp\/v2\/media\/428359"}],"wp:attachment":[{"href":"https:\/\/portaltela.pt\/api\/wp\/v2\/media?parent=428358"}],"wp:term":[{"taxonomy":"category","embeddable":true,"href":"https:\/\/portaltela.pt\/api\/wp\/v2\/categories?post=428358"},{"taxonomy":"post_tag","embeddable":true,"href":"https:\/\/portaltela.pt\/api\/wp\/v2\/tags?post=428358"}],"curies":[{"name":"wp","href":"https:\/\/api.w.org\/{rel}","templated":true}]}}