{"id":428355,"date":"2026-03-31T17:17:11","date_gmt":"2026-03-31T20:17:11","guid":{"rendered":"https:\/\/portaltela.pt\/noticias\/2026\/03\/31\/finlandia-investiga-drones-caidos-num-lago-congelado\/"},"modified":"2026-03-31T17:17:11","modified_gmt":"2026-03-31T20:17:11","slug":"finlandia-investiga-drones-caidos-num-lago-congelado","status":"publish","type":"post","link":"https:\/\/portaltela.pt\/geopolitica\/2026\/03\/31\/finlandia-investiga-drones-caidos-num-lago-congelado\/","title":{"rendered":"Finl\u00e2ndia investiga drones ca\u00eddos num lago congelado"},"content":{"rendered":"<p>As autoridades finlandesas est\u00e3o a investigar uma aeronave sem piloto detetada sobre um lago congelado, ap\u00f3s se ter despenhado junto da fronteira com a Federa\u00e7\u00e3o Russa, no sul da Finl\u00e2ndia. A queda ocorreu no domingo, durante uma patrulha matinal perto de Parikkala, no lago Pyhajarvi.<\/p>\n<p>O drone \u00e9 descrito como uma aeronave sem piloto com asa fixa, detectada a flutuar na superf\u00edcie gelada do lago Pyhajarvi, segundo o comandante Misa Hattunen, do distrito dos guardas-fronteiras da Car\u00e9lia do Norte.<\/p>\n<p>Paralelamente, dois drones ukrainianos ca\u00edram no sul da Finl\u00e2ndia no mesmo dia, levando Kiev a apresentar desculpas \u00e0 Finl\u00e2ndia. O porta-voz do Minist\u00e9rio dos Neg\u00f3cios Estrangeiros da Ucr\u00e2nia, Gueorgui\u00ef Tykhy, afirmou que nenhum drone ucraniano foi disparado para a Finl\u00e2ndia e que a causa prov\u00e1vel \u00e9 um desvio provocado por sistemas de guerra eletr\u00f3nica russos.<\/p>\n","protected":false},"excerpt":{"rendered":"<ul>\n<li>As autoridades finlandesas investigam uma aeronave sem piloto detetada sobre um lago gelado, ap\u00f3s se ter despenhado perto da fronteira com a Federa\u00e7\u00e3o Russa.<\/li>\n<li>A queda ocorreu no sul da Finl\u00e2ndia, durante a manh\u00e3 de domingo, no lago Pyhajarvi, em Parikkala.<\/li>\n<li>A aeronave sem piloto com asa fixa foi avistada durante a patrulha matinal, segundo o comandante Misa Hattunen, dos guardas\u2011fronteiri\u00e7os da Car\u00e9lia do Norte.<\/li>\n<li>Paralelamente, dois drones ucranianos ca\u00edram no sul da Finl\u00e2ndia, levando o Minist\u00e9rio dos Neg\u00f3cios Estrangeiros da Ucr\u00e2nia a apresentar desculpas ao pa\u00eds.<\/li>\n<li>O porta\u2011voz ucraniano disse que nenhum drone ucraniano foi disparado contra a Finl\u00e2ndia e que a hip\u00f3tese mais prov\u00e1vel \u00e9 um desvio causado por sistemas de guerra eletr\u00f3nica russos.<\/li>\n<\/ul>\n","protected":false},"author":2,"featured_media":428362,"comment_status":"closed","ping_status":"closed","sticky":false,"template":"","format":"standard","meta":{"footnotes":""},"categories":[6814],"tags":[7400,3484,4002,62,7656,3110],"class_list":["post-428355","post","type-post","status-publish","format-standard","has-post-thumbnail","hentry","category-geopolitica","tag-drones","tag-finlandia","tag-fronteiras","tag-guerra","tag-guerra-de-informacao","tag-russia"],"yoast_head":"<!-- This site is optimized with the Yoast SEO plugin v27.2 - https:\/\/yoast.com\/product\/yoast-seo-wordpress\/ -->\n<title>Finl\u00e2ndia investiga drones ca\u00eddos num lago congelado - Portal Tela Portugal<\/title>\n<meta name=\"robots\" content=\"index, follow, max-snippet:-1, max-image-preview:large, max-video-preview:-1\" \/>\n<meta property=\"og:locale\" content=\"pt_PT\" \/>\n<meta property=\"og:type\" content=\"article\" \/>\n<meta property=\"og:title\" content=\"Finl\u00e2ndia investiga drones ca\u00eddos num lago congelado - Portal Tela Portugal\" \/>\n<meta property=\"og:description\" content=\"As autoridades finlandesas investigam uma aeronave sem piloto detetada sobre um lago gelado, ap\u00f3s se ter despenhado perto da fronteira com a Federa\u00e7\u00e3o Russa. A queda ocorreu no sul da Finl\u00e2ndia, durante a manh\u00e3 de domingo, no lago Pyhajarvi, em Parikkala. A aeronave sem piloto com asa fixa foi avistada durante a patrulha matinal, segundo o comandante Misa Hattunen, dos guardas\u2011fronteiri\u00e7os da Car\u00e9lia do Norte. Paralelamente, dois drones ucranianos ca\u00edram no sul da Finl\u00e2ndia, levando o Minist\u00e9rio dos Neg\u00f3cios Estrangeiros da Ucr\u00e2nia a apresentar desculpas ao pa\u00eds. O porta\u2011voz ucraniano disse que nenhum drone ucraniano foi disparado contra a Finl\u00e2ndia e que a hip\u00f3tese mais prov\u00e1vel \u00e9 um desvio causado por sistemas de guerra eletr\u00f3nica russos.\" \/>\n<meta property=\"og:url\" content=\"https:\/\/portaltela.pt\/noticias\/2026\/03\/31\/finlandia-investiga-drones-caidos-num-lago-congelado\/\" \/>\n<meta property=\"og:site_name\" content=\"Portal Tela Portugal\" \/>\n<meta property=\"article:published_time\" content=\"2026-03-31T20:17:11+00:00\" \/>\n<meta name=\"author\" content=\"Telinha\" \/>\n<meta name=\"twitter:card\" content=\"summary_large_image\" \/>\n<meta name=\"twitter:label1\" content=\"Escrito por\" \/>\n\t<meta name=\"twitter:data1\" content=\"Telinha\" \/>\n\t<meta name=\"twitter:label2\" content=\"Tempo estimado de leitura\" \/>\n\t<meta name=\"twitter:data2\" content=\"1 minuto\" \/>\n<script type=\"application\/ld+json\" class=\"yoast-schema-graph\">{\"@context\":\"https:\/\/schema.org\",\"@graph\":[{\"@type\":\"Article\",\"@id\":\"https:\/\/portaltela.pt\/noticias\/2026\/03\/31\/finlandia-investiga-drones-caidos-num-lago-congelado\/#article\",\"isPartOf\":{\"@id\":\"https:\/\/portaltela.pt\/noticias\/2026\/03\/31\/finlandia-investiga-drones-caidos-num-lago-congelado\/\"},\"author\":{\"name\":\"Telinha\",\"@id\":\"https:\/\/portaltela.pt\/#\/schema\/person\/c4278d4a6028830caff9ee44b42d32ed\"},\"headline\":\"Finl\u00e2ndia investiga drones ca\u00eddos num lago congelado\",\"datePublished\":\"2026-03-31T20:17:11+00:00\",\"mainEntityOfPage\":{\"@id\":\"https:\/\/portaltela.pt\/noticias\/2026\/03\/31\/finlandia-investiga-drones-caidos-num-lago-congelado\/\"},\"wordCount\":155,\"image\":{\"@id\":\"https:\/\/portaltela.pt\/noticias\/2026\/03\/31\/finlandia-investiga-drones-caidos-num-lago-congelado\/#primaryimage\"},\"thumbnailUrl\":\"https:\/\/portaltela.pt\/s.01k8rhncp4jt1\/2026\/03\/image-1900.jpg\",\"keywords\":[\"drones\",\"Finl\u00e2ndia\",\"fronteiras\",\"guerra\",\"guerra de informa\u00e7\u00e3o\",\"R\u00fassia\"],\"articleSection\":[\"Geopol\u00edtica\"],\"inLanguage\":\"pt-PT\"},{\"@type\":\"WebPage\",\"@id\":\"https:\/\/portaltela.pt\/noticias\/2026\/03\/31\/finlandia-investiga-drones-caidos-num-lago-congelado\/\",\"url\":\"https:\/\/portaltela.pt\/noticias\/2026\/03\/31\/finlandia-investiga-drones-caidos-num-lago-congelado\/\",\"name\":\"Finl\u00e2ndia investiga drones ca\u00eddos num lago congelado - Portal Tela Portugal\",\"isPartOf\":{\"@id\":\"https:\/\/portaltela.pt\/#website\"},\"primaryImageOfPage\":{\"@id\":\"https:\/\/portaltela.pt\/noticias\/2026\/03\/31\/finlandia-investiga-drones-caidos-num-lago-congelado\/#primaryimage\"},\"image\":{\"@id\":\"https:\/\/portaltela.pt\/noticias\/2026\/03\/31\/finlandia-investiga-drones-caidos-num-lago-congelado\/#primaryimage\"},\"thumbnailUrl\":\"https:\/\/portaltela.pt\/s.01k8rhncp4jt1\/2026\/03\/image-1900.jpg\",\"datePublished\":\"2026-03-31T20:17:11+00:00\",\"author\":{\"@id\":\"https:\/\/portaltela.pt\/#\/schema\/person\/c4278d4a6028830caff9ee44b42d32ed\"},\"breadcrumb\":{\"@id\":\"https:\/\/portaltela.pt\/noticias\/2026\/03\/31\/finlandia-investiga-drones-caidos-num-lago-congelado\/#breadcrumb\"},\"inLanguage\":\"pt-PT\",\"potentialAction\":[{\"@type\":\"ReadAction\",\"target\":[\"https:\/\/portaltela.pt\/noticias\/2026\/03\/31\/finlandia-investiga-drones-caidos-num-lago-congelado\/\"]}]},{\"@type\":\"ImageObject\",\"inLanguage\":\"pt-PT\",\"@id\":\"https:\/\/portaltela.pt\/noticias\/2026\/03\/31\/finlandia-investiga-drones-caidos-num-lago-congelado\/#primaryimage\",\"url\":\"https:\/\/portaltela.pt\/s.01k8rhncp4jt1\/2026\/03\/image-1900.jpg\",\"contentUrl\":\"https:\/\/portaltela.pt\/s.01k8rhncp4jt1\/2026\/03\/image-1900.jpg\",\"width\":796,\"height\":448,\"caption\":\"Imagem de contexto do artigo Finl\u00e2ndia investiga drones ca\u00eddos em lago gelado\"},{\"@type\":\"BreadcrumbList\",\"@id\":\"https:\/\/portaltela.pt\/noticias\/2026\/03\/31\/finlandia-investiga-drones-caidos-num-lago-congelado\/#breadcrumb\",\"itemListElement\":[{\"@type\":\"ListItem\",\"position\":1,\"name\":\"In\u00edcio\",\"item\":\"https:\/\/portaltela.pt\/\"},{\"@type\":\"ListItem\",\"position\":2,\"name\":\"Finl\u00e2ndia investiga drones ca\u00eddos num lago congelado\"}]},{\"@type\":\"WebSite\",\"@id\":\"https:\/\/portaltela.pt\/#website\",\"url\":\"https:\/\/portaltela.pt\/\",\"name\":\"Portal Tela Portugal\",\"description\":\"\",\"potentialAction\":[{\"@type\":\"SearchAction\",\"target\":{\"@type\":\"EntryPoint\",\"urlTemplate\":\"https:\/\/portaltela.pt\/?s={search_term_string}\"},\"query-input\":{\"@type\":\"PropertyValueSpecification\",\"valueRequired\":true,\"valueName\":\"search_term_string\"}}],\"inLanguage\":\"pt-PT\"},{\"@type\":\"Person\",\"@id\":\"https:\/\/portaltela.pt\/#\/schema\/person\/c4278d4a6028830caff9ee44b42d32ed\",\"name\":\"Telinha\",\"image\":{\"@type\":\"ImageObject\",\"inLanguage\":\"pt-PT\",\"@id\":\"https:\/\/portaltela.pt\/s.01k8rhncp4jt1\/2025\/11\/talking-bot-125x125.png\",\"url\":\"https:\/\/portaltela.pt\/s.01k8rhncp4jt1\/2025\/11\/talking-bot-125x125.png\",\"contentUrl\":\"https:\/\/portaltela.pt\/s.01k8rhncp4jt1\/2025\/11\/talking-bot-125x125.png\",\"caption\":\"Telinha\"},\"sameAs\":[\"https:\/\/portaltela.pt\/\"],\"url\":\"https:\/\/portaltela.pt\/por\/367410592786\/\"}]}<\/script>\n<!-- \/ Yoast SEO plugin. -->","yoast_head_json":{"title":"Finl\u00e2ndia investiga drones ca\u00eddos num lago congelado - Portal Tela Portugal","robots":{"index":"index","follow":"follow","max-snippet":"max-snippet:-1","max-image-preview":"max-image-preview:large","max-video-preview":"max-video-preview:-1"},"og_locale":"pt_PT","og_type":"article","og_title":"Finl\u00e2ndia investiga drones ca\u00eddos num lago congelado - Portal Tela Portugal","og_description":"As autoridades finlandesas investigam uma aeronave sem piloto detetada sobre um lago gelado, ap\u00f3s se ter despenhado perto da fronteira com a Federa\u00e7\u00e3o Russa. A queda ocorreu no sul da Finl\u00e2ndia, durante a manh\u00e3 de domingo, no lago Pyhajarvi, em Parikkala. A aeronave sem piloto com asa fixa foi avistada durante a patrulha matinal, segundo o comandante Misa Hattunen, dos guardas\u2011fronteiri\u00e7os da Car\u00e9lia do Norte. Paralelamente, dois drones ucranianos ca\u00edram no sul da Finl\u00e2ndia, levando o Minist\u00e9rio dos Neg\u00f3cios Estrangeiros da Ucr\u00e2nia a apresentar desculpas ao pa\u00eds. O porta\u2011voz ucraniano disse que nenhum drone ucraniano foi disparado contra a Finl\u00e2ndia e que a hip\u00f3tese mais prov\u00e1vel \u00e9 um desvio causado por sistemas de guerra eletr\u00f3nica russos.","og_url":"https:\/\/portaltela.pt\/noticias\/2026\/03\/31\/finlandia-investiga-drones-caidos-num-lago-congelado\/","og_site_name":"Portal Tela Portugal","article_published_time":"2026-03-31T20:17:11+00:00","author":"Telinha","twitter_card":"summary_large_image","twitter_misc":{"Escrito por":"Telinha","Tempo estimado de leitura":"1 minuto"},"schema":{"@context":"https:\/\/schema.org","@graph":[{"@type":"Article","@id":"https:\/\/portaltela.pt\/noticias\/2026\/03\/31\/finlandia-investiga-drones-caidos-num-lago-congelado\/#article","isPartOf":{"@id":"https:\/\/portaltela.pt\/noticias\/2026\/03\/31\/finlandia-investiga-drones-caidos-num-lago-congelado\/"},"author":{"name":"Telinha","@id":"https:\/\/portaltela.pt\/#\/schema\/person\/c4278d4a6028830caff9ee44b42d32ed"},"headline":"Finl\u00e2ndia investiga drones ca\u00eddos num lago congelado","datePublished":"2026-03-31T20:17:11+00:00","mainEntityOfPage":{"@id":"https:\/\/portaltela.pt\/noticias\/2026\/03\/31\/finlandia-investiga-drones-caidos-num-lago-congelado\/"},"wordCount":155,"image":{"@id":"https:\/\/portaltela.pt\/noticias\/2026\/03\/31\/finlandia-investiga-drones-caidos-num-lago-congelado\/#primaryimage"},"thumbnailUrl":"https:\/\/portaltela.pt\/s.01k8rhncp4jt1\/2026\/03\/image-1900.jpg","keywords":["drones","Finl\u00e2ndia","fronteiras","guerra","guerra de informa\u00e7\u00e3o","R\u00fassia"],"articleSection":["Geopol\u00edtica"],"inLanguage":"pt-PT"},{"@type":"WebPage","@id":"https:\/\/portaltela.pt\/noticias\/2026\/03\/31\/finlandia-investiga-drones-caidos-num-lago-congelado\/","url":"https:\/\/portaltela.pt\/noticias\/2026\/03\/31\/finlandia-investiga-drones-caidos-num-lago-congelado\/","name":"Finl\u00e2ndia investiga drones ca\u00eddos num lago congelado - Portal Tela Portugal","isPartOf":{"@id":"https:\/\/portaltela.pt\/#website"},"primaryImageOfPage":{"@id":"https:\/\/portaltela.pt\/noticias\/2026\/03\/31\/finlandia-investiga-drones-caidos-num-lago-congelado\/#primaryimage"},"image":{"@id":"https:\/\/portaltela.pt\/noticias\/2026\/03\/31\/finlandia-investiga-drones-caidos-num-lago-congelado\/#primaryimage"},"thumbnailUrl":"https:\/\/portaltela.pt\/s.01k8rhncp4jt1\/2026\/03\/image-1900.jpg","datePublished":"2026-03-31T20:17:11+00:00","author":{"@id":"https:\/\/portaltela.pt\/#\/schema\/person\/c4278d4a6028830caff9ee44b42d32ed"},"breadcrumb":{"@id":"https:\/\/portaltela.pt\/noticias\/2026\/03\/31\/finlandia-investiga-drones-caidos-num-lago-congelado\/#breadcrumb"},"inLanguage":"pt-PT","potentialAction":[{"@type":"ReadAction","target":["https:\/\/portaltela.pt\/noticias\/2026\/03\/31\/finlandia-investiga-drones-caidos-num-lago-congelado\/"]}]},{"@type":"ImageObject","inLanguage":"pt-PT","@id":"https:\/\/portaltela.pt\/noticias\/2026\/03\/31\/finlandia-investiga-drones-caidos-num-lago-congelado\/#primaryimage","url":"https:\/\/portaltela.pt\/s.01k8rhncp4jt1\/2026\/03\/image-1900.jpg","contentUrl":"https:\/\/portaltela.pt\/s.01k8rhncp4jt1\/2026\/03\/image-1900.jpg","width":796,"height":448,"caption":"Imagem de contexto do artigo Finl\u00e2ndia investiga drones ca\u00eddos em lago gelado"},{"@type":"BreadcrumbList","@id":"https:\/\/portaltela.pt\/noticias\/2026\/03\/31\/finlandia-investiga-drones-caidos-num-lago-congelado\/#breadcrumb","itemListElement":[{"@type":"ListItem","position":1,"name":"In\u00edcio","item":"https:\/\/portaltela.pt\/"},{"@type":"ListItem","position":2,"name":"Finl\u00e2ndia investiga drones ca\u00eddos num lago congelado"}]},{"@type":"WebSite","@id":"https:\/\/portaltela.pt\/#website","url":"https:\/\/portaltela.pt\/","name":"Portal Tela Portugal","description":"","potentialAction":[{"@type":"SearchAction","target":{"@type":"EntryPoint","urlTemplate":"https:\/\/portaltela.pt\/?s={search_term_string}"},"query-input":{"@type":"PropertyValueSpecification","valueRequired":true,"valueName":"search_term_string"}}],"inLanguage":"pt-PT"},{"@type":"Person","@id":"https:\/\/portaltela.pt\/#\/schema\/person\/c4278d4a6028830caff9ee44b42d32ed","name":"Telinha","image":{"@type":"ImageObject","inLanguage":"pt-PT","@id":"https:\/\/portaltela.pt\/s.01k8rhncp4jt1\/2025\/11\/talking-bot-125x125.png","url":"https:\/\/portaltela.pt\/s.01k8rhncp4jt1\/2025\/11\/talking-bot-125x125.png","contentUrl":"https:\/\/portaltela.pt\/s.01k8rhncp4jt1\/2025\/11\/talking-bot-125x125.png","caption":"Telinha"},"sameAs":["https:\/\/portaltela.pt\/"],"url":"https:\/\/portaltela.pt\/por\/367410592786\/"}]}},"_links":{"self":[{"href":"https:\/\/portaltela.pt\/api\/wp\/v2\/posts\/428355","targetHints":{"allow":["GET"]}}],"collection":[{"href":"https:\/\/portaltela.pt\/api\/wp\/v2\/posts"}],"about":[{"href":"https:\/\/portaltela.pt\/api\/wp\/v2\/types\/post"}],"author":[{"embeddable":true,"href":"https:\/\/portaltela.pt\/api\/wp\/v2\/users\/2"}],"replies":[{"embeddable":true,"href":"https:\/\/portaltela.pt\/api\/wp\/v2\/comments?post=428355"}],"version-history":[{"count":0,"href":"https:\/\/portaltela.pt\/api\/wp\/v2\/posts\/428355\/revisions"}],"wp:featuredmedia":[{"embeddable":true,"href":"https:\/\/portaltela.pt\/api\/wp\/v2\/media\/428362"}],"wp:attachment":[{"href":"https:\/\/portaltela.pt\/api\/wp\/v2\/media?parent=428355"}],"wp:term":[{"taxonomy":"category","embeddable":true,"href":"https:\/\/portaltela.pt\/api\/wp\/v2\/categories?post=428355"},{"taxonomy":"post_tag","embeddable":true,"href":"https:\/\/portaltela.pt\/api\/wp\/v2\/tags?post=428355"}],"curies":[{"name":"wp","href":"https:\/\/api.w.org\/{rel}","templated":true}]}}