{"id":428342,"date":"2026-03-31T17:02:19","date_gmt":"2026-03-31T20:02:19","guid":{"rendered":"https:\/\/portaltela.pt\/noticias\/2026\/03\/31\/presidente-do-inem-acusa-falha-deontologica-grave-na-greve-de-2024\/"},"modified":"2026-03-31T17:02:19","modified_gmt":"2026-03-31T20:02:19","slug":"presidente-do-inem-acusa-falha-deontologica-grave-na-greve-de-2024","status":"publish","type":"post","link":"https:\/\/portaltela.pt\/saude\/2026\/03\/31\/presidente-do-inem-acusa-falha-deontologica-grave-na-greve-de-2024\/","title":{"rendered":"Presidente do INEM acusa falha deontol\u00f3gica grave na greve de 2024"},"content":{"rendered":"<p>Durante a greve dos t\u00e9cnicos de emerg\u00eancia pr\u00e9-hospitalar (TEPH), entre 30 de outubro e 4 de novembro de 2024, o INEM enfrentou falhas no atendimento das chamadas. O peso das paralisa\u00e7\u00f5es ficou expressamente registrado pela Inspe\u00e7\u00e3o-Geral das Atividades em Sa\u00fade (IGAS), que aponta 12 mortos, tr\u00eas deles ligados a atrasos no socorro.<\/p>\n<p>Lu\u00eds Mendes Cabral, presidente do INEM na altura, afirmou que a situa\u00e7\u00e3o decorreu de uma falha deontol\u00f3gica grave, alegando que o instituto deixou de atender chamadas naquele per\u00edodo. O respons\u00e1vel acrescentou que o problema ocorreu apesar do sistema ter funcionado antes e depois da greve, assentando a leitura numa influ\u00eancia externa ao INEM.<\/p>\n<p>A comiss\u00e3o parlamentar de inqu\u00e9rito ao INEM, com 24 deputados, investiga responsabilidades pol\u00edticas, t\u00e9cnicas e financeiras desde 2019. O foco abrange a atua\u00e7\u00e3o do INEM na greve de final de outubro e in\u00edcio de novembro de 2024 e a rela\u00e7\u00e3o entre tutelas pol\u00edticas e o instituto.<\/p>\n<h3>Desdobramentos na CPI<\/h3>\n<p>Mendes Cabral indicou que o INEM j\u00e1 operava no limite antes da paralisa\u00e7\u00e3o, e que o agravamento observado foi de natureza externa ao organismo. O presidente afirmou ainda ter acompanhado os acontecimentos com profunda tristeza, real\u00e7ando que o CODU foi fortemente afetado pelo surto de 2024.<\/p>\n<p>Segundo o dirigente, o problema n\u00e3o foi estrutural e o sistema retomou o funcionamento normal nos dias seguintes. A avalia\u00e7\u00e3o de 2024 resume-se a uma leitura pessoal do ent\u00e3o presidente, n\u00e3o refletindo necessariamente a posi\u00e7\u00e3o institucional atual do INEM.<\/p>\n","protected":false},"excerpt":{"rendered":"<ul>\n<li>O presidente do INEM, Lu\u00eds Mendes Cabral, disse, na comiss\u00e3o parlamentar de inqu\u00e9rito, que houve \u201cfalha deontol\u00f3gica grave\u201d durante a greve dos t\u00e9cnicos de emerg\u00eancia pr\u00e9-hospitalar (TEPH) entre 30 de outubro e 4 de novembro de 2024.<\/li>\n<li>Alega que a institui\u00e7\u00e3o \u201cpura e simplesmente deixou de atender as chamadas\u201d durante a greve, e que j\u00e1 tinha feito declara\u00e7\u00f5es anteriores, com leitura pessoal feita em 2024 nos A\u00e7ores.<\/li>\n<li>Durante a greve, registaram-se 12 mortes, tr\u00eas das quais associadas a atrasos no socorro, segundo a Inspe\u00e7\u00e3o-Geral das Atividades em Sa\u00fade (IGAS).<\/li>\n<li>Mendes Cabral afirmou que o problema n\u00e3o foi estrutural e que o sistema voltou a funcionar nos dias seguintes, sugerindo um fator externo determinante no dia em concreto.<\/li>\n<li>A CPI, com 24 deputados, investiga responsabilidades pol\u00edticas, t\u00e9cnicas e financeiras relacionadas ao INEM desde 2019, incluindo a atua\u00e7\u00e3o durante a greve de final de outubro e in\u00edcio de novembro de 2024.<\/li>\n<\/ul>\n","protected":false},"author":2,"featured_media":428349,"comment_status":"closed","ping_status":"closed","sticky":false,"template":"","format":"standard","meta":{"footnotes":""},"categories":[7371,6745],"tags":[168,960,2603,3680,2832,172],"class_list":["post-428342","post","type-post","status-publish","format-standard","has-post-thumbnail","hentry","category-medicina","category-saude","tag-administracao-publica","tag-emergencia-pre-hospitalar","tag-igas","tag-inspecao-geral-da-saude","tag-politica","tag-saude"],"yoast_head":"<!-- This site is optimized with the Yoast SEO plugin v27.2 - https:\/\/yoast.com\/product\/yoast-seo-wordpress\/ -->\n<title>Presidente do INEM acusa falha deontol\u00f3gica grave na greve de 2024 - Portal Tela Portugal<\/title>\n<meta name=\"robots\" content=\"index, follow, max-snippet:-1, max-image-preview:large, max-video-preview:-1\" \/>\n<meta property=\"og:locale\" content=\"pt_PT\" \/>\n<meta property=\"og:type\" content=\"article\" \/>\n<meta property=\"og:title\" content=\"Presidente do INEM acusa falha deontol\u00f3gica grave na greve de 2024 - Portal Tela Portugal\" \/>\n<meta property=\"og:description\" content=\"O presidente do INEM, Lu\u00eds Mendes Cabral, disse, na comiss\u00e3o parlamentar de inqu\u00e9rito, que houve \u201cfalha deontol\u00f3gica grave\u201d durante a greve dos t\u00e9cnicos de emerg\u00eancia pr\u00e9-hospitalar (TEPH) entre 30 de outubro e 4 de novembro de 2024. Alega que a institui\u00e7\u00e3o \u201cpura e simplesmente deixou de atender as chamadas\u201d durante a greve, e que j\u00e1 tinha feito declara\u00e7\u00f5es anteriores, com leitura pessoal feita em 2024 nos A\u00e7ores. Durante a greve, registaram-se 12 mortes, tr\u00eas das quais associadas a atrasos no socorro, segundo a Inspe\u00e7\u00e3o-Geral das Atividades em Sa\u00fade (IGAS). Mendes Cabral afirmou que o problema n\u00e3o foi estrutural e que o sistema voltou a funcionar nos dias seguintes, sugerindo um fator externo determinante no dia em concreto. A CPI, com 24 deputados, investiga responsabilidades pol\u00edticas, t\u00e9cnicas e financeiras relacionadas ao INEM desde 2019, incluindo a atua\u00e7\u00e3o durante a greve de final de outubro e in\u00edcio de novembro de 2024.\" \/>\n<meta property=\"og:url\" content=\"https:\/\/portaltela.pt\/noticias\/2026\/03\/31\/presidente-do-inem-acusa-falha-deontologica-grave-na-greve-de-2024\/\" \/>\n<meta property=\"og:site_name\" content=\"Portal Tela Portugal\" \/>\n<meta property=\"article:published_time\" content=\"2026-03-31T20:02:19+00:00\" \/>\n<meta name=\"author\" content=\"Telinha\" \/>\n<meta name=\"twitter:card\" content=\"summary_large_image\" \/>\n<meta name=\"twitter:label1\" content=\"Escrito por\" \/>\n\t<meta name=\"twitter:data1\" content=\"Telinha\" \/>\n\t<meta name=\"twitter:label2\" content=\"Tempo estimado de leitura\" \/>\n\t<meta name=\"twitter:data2\" content=\"1 minuto\" \/>\n<script type=\"application\/ld+json\" class=\"yoast-schema-graph\">{\"@context\":\"https:\/\/schema.org\",\"@graph\":[{\"@type\":\"Article\",\"@id\":\"https:\/\/portaltela.pt\/noticias\/2026\/03\/31\/presidente-do-inem-acusa-falha-deontologica-grave-na-greve-de-2024\/#article\",\"isPartOf\":{\"@id\":\"https:\/\/portaltela.pt\/noticias\/2026\/03\/31\/presidente-do-inem-acusa-falha-deontologica-grave-na-greve-de-2024\/\"},\"author\":{\"name\":\"Telinha\",\"@id\":\"https:\/\/portaltela.pt\/#\/schema\/person\/c4278d4a6028830caff9ee44b42d32ed\"},\"headline\":\"Presidente do INEM acusa falha deontol\u00f3gica grave na greve de 2024\",\"datePublished\":\"2026-03-31T20:02:19+00:00\",\"mainEntityOfPage\":{\"@id\":\"https:\/\/portaltela.pt\/noticias\/2026\/03\/31\/presidente-do-inem-acusa-falha-deontologica-grave-na-greve-de-2024\/\"},\"wordCount\":269,\"image\":{\"@id\":\"https:\/\/portaltela.pt\/noticias\/2026\/03\/31\/presidente-do-inem-acusa-falha-deontologica-grave-na-greve-de-2024\/#primaryimage\"},\"thumbnailUrl\":\"https:\/\/portaltela.pt\/s.01k8rhncp4jt1\/2026\/03\/image-1897.jpg\",\"keywords\":[\"administra\u00e7\u00e3o p\u00fablica\",\"emerg\u00eancia pr\u00e9-hospitalar\",\"IGAS\",\"Inspe\u00e7\u00e3o Geral da Sa\u00fade\",\"pol\u00edtica\",\"sa\u00fade\"],\"articleSection\":[\"Medicina\",\"Sa\u00fade\"],\"inLanguage\":\"pt-PT\"},{\"@type\":\"WebPage\",\"@id\":\"https:\/\/portaltela.pt\/noticias\/2026\/03\/31\/presidente-do-inem-acusa-falha-deontologica-grave-na-greve-de-2024\/\",\"url\":\"https:\/\/portaltela.pt\/noticias\/2026\/03\/31\/presidente-do-inem-acusa-falha-deontologica-grave-na-greve-de-2024\/\",\"name\":\"Presidente do INEM acusa falha deontol\u00f3gica grave na greve de 2024 - Portal Tela Portugal\",\"isPartOf\":{\"@id\":\"https:\/\/portaltela.pt\/#website\"},\"primaryImageOfPage\":{\"@id\":\"https:\/\/portaltela.pt\/noticias\/2026\/03\/31\/presidente-do-inem-acusa-falha-deontologica-grave-na-greve-de-2024\/#primaryimage\"},\"image\":{\"@id\":\"https:\/\/portaltela.pt\/noticias\/2026\/03\/31\/presidente-do-inem-acusa-falha-deontologica-grave-na-greve-de-2024\/#primaryimage\"},\"thumbnailUrl\":\"https:\/\/portaltela.pt\/s.01k8rhncp4jt1\/2026\/03\/image-1897.jpg\",\"datePublished\":\"2026-03-31T20:02:19+00:00\",\"author\":{\"@id\":\"https:\/\/portaltela.pt\/#\/schema\/person\/c4278d4a6028830caff9ee44b42d32ed\"},\"breadcrumb\":{\"@id\":\"https:\/\/portaltela.pt\/noticias\/2026\/03\/31\/presidente-do-inem-acusa-falha-deontologica-grave-na-greve-de-2024\/#breadcrumb\"},\"inLanguage\":\"pt-PT\",\"potentialAction\":[{\"@type\":\"ReadAction\",\"target\":[\"https:\/\/portaltela.pt\/noticias\/2026\/03\/31\/presidente-do-inem-acusa-falha-deontologica-grave-na-greve-de-2024\/\"]}]},{\"@type\":\"ImageObject\",\"inLanguage\":\"pt-PT\",\"@id\":\"https:\/\/portaltela.pt\/noticias\/2026\/03\/31\/presidente-do-inem-acusa-falha-deontologica-grave-na-greve-de-2024\/#primaryimage\",\"url\":\"https:\/\/portaltela.pt\/s.01k8rhncp4jt1\/2026\/03\/image-1897.jpg\",\"contentUrl\":\"https:\/\/portaltela.pt\/s.01k8rhncp4jt1\/2026\/03\/image-1897.jpg\",\"width\":796,\"height\":448,\"caption\":\"Lu\u00eds Mendes Cabral, presidente do INEM\"},{\"@type\":\"BreadcrumbList\",\"@id\":\"https:\/\/portaltela.pt\/noticias\/2026\/03\/31\/presidente-do-inem-acusa-falha-deontologica-grave-na-greve-de-2024\/#breadcrumb\",\"itemListElement\":[{\"@type\":\"ListItem\",\"position\":1,\"name\":\"In\u00edcio\",\"item\":\"https:\/\/portaltela.pt\/\"},{\"@type\":\"ListItem\",\"position\":2,\"name\":\"Presidente do INEM acusa falha deontol\u00f3gica grave na greve de 2024\"}]},{\"@type\":\"WebSite\",\"@id\":\"https:\/\/portaltela.pt\/#website\",\"url\":\"https:\/\/portaltela.pt\/\",\"name\":\"Portal Tela Portugal\",\"description\":\"\",\"potentialAction\":[{\"@type\":\"SearchAction\",\"target\":{\"@type\":\"EntryPoint\",\"urlTemplate\":\"https:\/\/portaltela.pt\/?s={search_term_string}\"},\"query-input\":{\"@type\":\"PropertyValueSpecification\",\"valueRequired\":true,\"valueName\":\"search_term_string\"}}],\"inLanguage\":\"pt-PT\"},{\"@type\":\"Person\",\"@id\":\"https:\/\/portaltela.pt\/#\/schema\/person\/c4278d4a6028830caff9ee44b42d32ed\",\"name\":\"Telinha\",\"image\":{\"@type\":\"ImageObject\",\"inLanguage\":\"pt-PT\",\"@id\":\"https:\/\/portaltela.pt\/s.01k8rhncp4jt1\/2025\/11\/talking-bot-125x125.png\",\"url\":\"https:\/\/portaltela.pt\/s.01k8rhncp4jt1\/2025\/11\/talking-bot-125x125.png\",\"contentUrl\":\"https:\/\/portaltela.pt\/s.01k8rhncp4jt1\/2025\/11\/talking-bot-125x125.png\",\"caption\":\"Telinha\"},\"sameAs\":[\"https:\/\/portaltela.pt\/\"],\"url\":\"https:\/\/portaltela.pt\/por\/367410592786\/\"}]}<\/script>\n<!-- \/ Yoast SEO plugin. -->","yoast_head_json":{"title":"Presidente do INEM acusa falha deontol\u00f3gica grave na greve de 2024 - Portal Tela Portugal","robots":{"index":"index","follow":"follow","max-snippet":"max-snippet:-1","max-image-preview":"max-image-preview:large","max-video-preview":"max-video-preview:-1"},"og_locale":"pt_PT","og_type":"article","og_title":"Presidente do INEM acusa falha deontol\u00f3gica grave na greve de 2024 - Portal Tela Portugal","og_description":"O presidente do INEM, Lu\u00eds Mendes Cabral, disse, na comiss\u00e3o parlamentar de inqu\u00e9rito, que houve \u201cfalha deontol\u00f3gica grave\u201d durante a greve dos t\u00e9cnicos de emerg\u00eancia pr\u00e9-hospitalar (TEPH) entre 30 de outubro e 4 de novembro de 2024. Alega que a institui\u00e7\u00e3o \u201cpura e simplesmente deixou de atender as chamadas\u201d durante a greve, e que j\u00e1 tinha feito declara\u00e7\u00f5es anteriores, com leitura pessoal feita em 2024 nos A\u00e7ores. Durante a greve, registaram-se 12 mortes, tr\u00eas das quais associadas a atrasos no socorro, segundo a Inspe\u00e7\u00e3o-Geral das Atividades em Sa\u00fade (IGAS). Mendes Cabral afirmou que o problema n\u00e3o foi estrutural e que o sistema voltou a funcionar nos dias seguintes, sugerindo um fator externo determinante no dia em concreto. A CPI, com 24 deputados, investiga responsabilidades pol\u00edticas, t\u00e9cnicas e financeiras relacionadas ao INEM desde 2019, incluindo a atua\u00e7\u00e3o durante a greve de final de outubro e in\u00edcio de novembro de 2024.","og_url":"https:\/\/portaltela.pt\/noticias\/2026\/03\/31\/presidente-do-inem-acusa-falha-deontologica-grave-na-greve-de-2024\/","og_site_name":"Portal Tela Portugal","article_published_time":"2026-03-31T20:02:19+00:00","author":"Telinha","twitter_card":"summary_large_image","twitter_misc":{"Escrito por":"Telinha","Tempo estimado de leitura":"1 minuto"},"schema":{"@context":"https:\/\/schema.org","@graph":[{"@type":"Article","@id":"https:\/\/portaltela.pt\/noticias\/2026\/03\/31\/presidente-do-inem-acusa-falha-deontologica-grave-na-greve-de-2024\/#article","isPartOf":{"@id":"https:\/\/portaltela.pt\/noticias\/2026\/03\/31\/presidente-do-inem-acusa-falha-deontologica-grave-na-greve-de-2024\/"},"author":{"name":"Telinha","@id":"https:\/\/portaltela.pt\/#\/schema\/person\/c4278d4a6028830caff9ee44b42d32ed"},"headline":"Presidente do INEM acusa falha deontol\u00f3gica grave na greve de 2024","datePublished":"2026-03-31T20:02:19+00:00","mainEntityOfPage":{"@id":"https:\/\/portaltela.pt\/noticias\/2026\/03\/31\/presidente-do-inem-acusa-falha-deontologica-grave-na-greve-de-2024\/"},"wordCount":269,"image":{"@id":"https:\/\/portaltela.pt\/noticias\/2026\/03\/31\/presidente-do-inem-acusa-falha-deontologica-grave-na-greve-de-2024\/#primaryimage"},"thumbnailUrl":"https:\/\/portaltela.pt\/s.01k8rhncp4jt1\/2026\/03\/image-1897.jpg","keywords":["administra\u00e7\u00e3o p\u00fablica","emerg\u00eancia pr\u00e9-hospitalar","IGAS","Inspe\u00e7\u00e3o Geral da Sa\u00fade","pol\u00edtica","sa\u00fade"],"articleSection":["Medicina","Sa\u00fade"],"inLanguage":"pt-PT"},{"@type":"WebPage","@id":"https:\/\/portaltela.pt\/noticias\/2026\/03\/31\/presidente-do-inem-acusa-falha-deontologica-grave-na-greve-de-2024\/","url":"https:\/\/portaltela.pt\/noticias\/2026\/03\/31\/presidente-do-inem-acusa-falha-deontologica-grave-na-greve-de-2024\/","name":"Presidente do INEM acusa falha deontol\u00f3gica grave na greve de 2024 - Portal Tela Portugal","isPartOf":{"@id":"https:\/\/portaltela.pt\/#website"},"primaryImageOfPage":{"@id":"https:\/\/portaltela.pt\/noticias\/2026\/03\/31\/presidente-do-inem-acusa-falha-deontologica-grave-na-greve-de-2024\/#primaryimage"},"image":{"@id":"https:\/\/portaltela.pt\/noticias\/2026\/03\/31\/presidente-do-inem-acusa-falha-deontologica-grave-na-greve-de-2024\/#primaryimage"},"thumbnailUrl":"https:\/\/portaltela.pt\/s.01k8rhncp4jt1\/2026\/03\/image-1897.jpg","datePublished":"2026-03-31T20:02:19+00:00","author":{"@id":"https:\/\/portaltela.pt\/#\/schema\/person\/c4278d4a6028830caff9ee44b42d32ed"},"breadcrumb":{"@id":"https:\/\/portaltela.pt\/noticias\/2026\/03\/31\/presidente-do-inem-acusa-falha-deontologica-grave-na-greve-de-2024\/#breadcrumb"},"inLanguage":"pt-PT","potentialAction":[{"@type":"ReadAction","target":["https:\/\/portaltela.pt\/noticias\/2026\/03\/31\/presidente-do-inem-acusa-falha-deontologica-grave-na-greve-de-2024\/"]}]},{"@type":"ImageObject","inLanguage":"pt-PT","@id":"https:\/\/portaltela.pt\/noticias\/2026\/03\/31\/presidente-do-inem-acusa-falha-deontologica-grave-na-greve-de-2024\/#primaryimage","url":"https:\/\/portaltela.pt\/s.01k8rhncp4jt1\/2026\/03\/image-1897.jpg","contentUrl":"https:\/\/portaltela.pt\/s.01k8rhncp4jt1\/2026\/03\/image-1897.jpg","width":796,"height":448,"caption":"Lu\u00eds Mendes Cabral, presidente do INEM"},{"@type":"BreadcrumbList","@id":"https:\/\/portaltela.pt\/noticias\/2026\/03\/31\/presidente-do-inem-acusa-falha-deontologica-grave-na-greve-de-2024\/#breadcrumb","itemListElement":[{"@type":"ListItem","position":1,"name":"In\u00edcio","item":"https:\/\/portaltela.pt\/"},{"@type":"ListItem","position":2,"name":"Presidente do INEM acusa falha deontol\u00f3gica grave na greve de 2024"}]},{"@type":"WebSite","@id":"https:\/\/portaltela.pt\/#website","url":"https:\/\/portaltela.pt\/","name":"Portal Tela Portugal","description":"","potentialAction":[{"@type":"SearchAction","target":{"@type":"EntryPoint","urlTemplate":"https:\/\/portaltela.pt\/?s={search_term_string}"},"query-input":{"@type":"PropertyValueSpecification","valueRequired":true,"valueName":"search_term_string"}}],"inLanguage":"pt-PT"},{"@type":"Person","@id":"https:\/\/portaltela.pt\/#\/schema\/person\/c4278d4a6028830caff9ee44b42d32ed","name":"Telinha","image":{"@type":"ImageObject","inLanguage":"pt-PT","@id":"https:\/\/portaltela.pt\/s.01k8rhncp4jt1\/2025\/11\/talking-bot-125x125.png","url":"https:\/\/portaltela.pt\/s.01k8rhncp4jt1\/2025\/11\/talking-bot-125x125.png","contentUrl":"https:\/\/portaltela.pt\/s.01k8rhncp4jt1\/2025\/11\/talking-bot-125x125.png","caption":"Telinha"},"sameAs":["https:\/\/portaltela.pt\/"],"url":"https:\/\/portaltela.pt\/por\/367410592786\/"}]}},"_links":{"self":[{"href":"https:\/\/portaltela.pt\/api\/wp\/v2\/posts\/428342","targetHints":{"allow":["GET"]}}],"collection":[{"href":"https:\/\/portaltela.pt\/api\/wp\/v2\/posts"}],"about":[{"href":"https:\/\/portaltela.pt\/api\/wp\/v2\/types\/post"}],"author":[{"embeddable":true,"href":"https:\/\/portaltela.pt\/api\/wp\/v2\/users\/2"}],"replies":[{"embeddable":true,"href":"https:\/\/portaltela.pt\/api\/wp\/v2\/comments?post=428342"}],"version-history":[{"count":0,"href":"https:\/\/portaltela.pt\/api\/wp\/v2\/posts\/428342\/revisions"}],"wp:featuredmedia":[{"embeddable":true,"href":"https:\/\/portaltela.pt\/api\/wp\/v2\/media\/428349"}],"wp:attachment":[{"href":"https:\/\/portaltela.pt\/api\/wp\/v2\/media?parent=428342"}],"wp:term":[{"taxonomy":"category","embeddable":true,"href":"https:\/\/portaltela.pt\/api\/wp\/v2\/categories?post=428342"},{"taxonomy":"post_tag","embeddable":true,"href":"https:\/\/portaltela.pt\/api\/wp\/v2\/tags?post=428342"}],"curies":[{"name":"wp","href":"https:\/\/api.w.org\/{rel}","templated":true}]}}