{"id":428335,"date":"2026-03-31T17:02:10","date_gmt":"2026-03-31T20:02:10","guid":{"rendered":"https:\/\/portaltela.pt\/noticias\/2026\/03\/31\/irao-pede-licenca-medica-imediata-para-libertar-nobel-da-paz-2023-da-prisao\/"},"modified":"2026-03-31T17:02:10","modified_gmt":"2026-03-31T20:02:10","slug":"irao-pede-licenca-medica-imediata-para-libertar-nobel-da-paz-2023-da-prisao","status":"publish","type":"post","link":"https:\/\/portaltela.pt\/noticias\/politica\/2026\/03\/31\/irao-pede-licenca-medica-imediata-para-libertar-nobel-da-paz-2023-da-prisao\/","title":{"rendered":"Ir\u00e3o pede licen\u00e7a m\u00e9dica imediata para libertar Nobel da Paz 2023 da pris\u00e3o"},"content":{"rendered":"<p>Uma alian\u00e7a pela liberdade da ativista iraniana Narges Mohammadi, vencedora do Pr\u00e9mio Nobel da Paz 2023, pediu \u00e0s autoridades iranianas uma licen\u00e7a m\u00e9dica imediata para libert\u00e1-la da pris\u00e3o, citando um estado de sa\u00fade considerado extremamente delicado.<\/p>\n<p>A organiza\u00e7\u00e3o sublinha que a deten\u00e7\u00e3o se encontra numa fase prolongada e afirma que a integridade f\u00edsica da laureada pode estar em risco. N\u00e3o foram divulgados detalhes m\u00e9dicos ou pormenores sobre a condi\u00e7\u00e3o de Mohammadi.<\/p>\n<p>O pedido de liberta\u00e7\u00e3o m\u00e9dica ocorre num contexto de press\u00e3o internacional para a liberta\u00e7\u00e3o da ativista, que cumpre pena no sistema prisional iraniano. As informa\u00e7\u00f5es foram comunicadas por fontes ligadas \u00e0 alian\u00e7a.<\/p>\n","protected":false},"excerpt":{"rendered":"<ul>\n<li>A alian\u00e7a pela liberdade da ativista iraniana Narges Mohammadi, Pr\u00e9mio Nobel da Paz 2023, pediu hoje \u00e0s autoridades iranianas uma licen\u00e7a m\u00e9dica imediata.<\/li>\n<li>O pedido visa retirar Mohammadi da pris\u00e3o devido ao estado de sa\u00fade considerado \u201cextremamente delicado\u201d.<\/li>\n<li>A solicita\u00e7\u00e3o pode permitir a sua transfer\u00eancia tempor\u00e1ria para tratamento m\u00e9dico fora da pris\u00e3o.<\/li>\n<li>Mohammadi recebe reconhecimento internacional pelo seu ativismo pelos direitos humanos no Ir\u00e3o.<\/li>\n<li>A not\u00edcia n\u00e3o detalha o local ou a dura\u00e7\u00e3o da eventual licen\u00e7a m\u00e9dica.<\/li>\n<\/ul>\n","protected":false},"author":2,"featured_media":428337,"comment_status":"closed","ping_status":"closed","sticky":false,"template":"","format":"standard","meta":{"footnotes":""},"categories":[6912,5],"tags":[2633,3153,2023,5698,4964,4343],"class_list":["post-428335","post","type-post","status-publish","format-standard","has-post-thumbnail","hentry","category-internacionais","category-politica","tag-direitos-humanos","tag-ira","tag-organizacoes-internacionais","tag-politica-internacional","tag-pressoes-internacionais","tag-prisoes"],"yoast_head":"<!-- This site is optimized with the Yoast SEO plugin v27.2 - https:\/\/yoast.com\/product\/yoast-seo-wordpress\/ -->\n<title>Ir\u00e3o pede licen\u00e7a m\u00e9dica imediata para libertar Nobel da Paz 2023 da pris\u00e3o - Portal Tela Portugal<\/title>\n<meta name=\"robots\" content=\"index, follow, max-snippet:-1, max-image-preview:large, max-video-preview:-1\" \/>\n<meta property=\"og:locale\" content=\"pt_PT\" \/>\n<meta property=\"og:type\" content=\"article\" \/>\n<meta property=\"og:title\" content=\"Ir\u00e3o pede licen\u00e7a m\u00e9dica imediata para libertar Nobel da Paz 2023 da pris\u00e3o - Portal Tela Portugal\" \/>\n<meta property=\"og:description\" content=\"A alian\u00e7a pela liberdade da ativista iraniana Narges Mohammadi, Pr\u00e9mio Nobel da Paz 2023, pediu hoje \u00e0s autoridades iranianas uma licen\u00e7a m\u00e9dica imediata. O pedido visa retirar Mohammadi da pris\u00e3o devido ao estado de sa\u00fade considerado \u201cextremamente delicado\u201d. A solicita\u00e7\u00e3o pode permitir a sua transfer\u00eancia tempor\u00e1ria para tratamento m\u00e9dico fora da pris\u00e3o. Mohammadi recebe reconhecimento internacional pelo seu ativismo pelos direitos humanos no Ir\u00e3o. A not\u00edcia n\u00e3o detalha o local ou a dura\u00e7\u00e3o da eventual licen\u00e7a m\u00e9dica.\" \/>\n<meta property=\"og:url\" content=\"https:\/\/portaltela.pt\/noticias\/2026\/03\/31\/irao-pede-licenca-medica-imediata-para-libertar-nobel-da-paz-2023-da-prisao\/\" \/>\n<meta property=\"og:site_name\" content=\"Portal Tela Portugal\" \/>\n<meta property=\"article:published_time\" content=\"2026-03-31T20:02:10+00:00\" \/>\n<meta name=\"author\" content=\"Telinha\" \/>\n<meta name=\"twitter:card\" content=\"summary_large_image\" \/>\n<meta name=\"twitter:label1\" content=\"Escrito por\" \/>\n\t<meta name=\"twitter:data1\" content=\"Telinha\" \/>\n\t<meta name=\"twitter:label2\" content=\"Tempo estimado de leitura\" \/>\n\t<meta name=\"twitter:data2\" content=\"1 minuto\" \/>\n<script type=\"application\/ld+json\" class=\"yoast-schema-graph\">{\"@context\":\"https:\/\/schema.org\",\"@graph\":[{\"@type\":\"Article\",\"@id\":\"https:\/\/portaltela.pt\/noticias\/2026\/03\/31\/irao-pede-licenca-medica-imediata-para-libertar-nobel-da-paz-2023-da-prisao\/#article\",\"isPartOf\":{\"@id\":\"https:\/\/portaltela.pt\/noticias\/2026\/03\/31\/irao-pede-licenca-medica-imediata-para-libertar-nobel-da-paz-2023-da-prisao\/\"},\"author\":{\"name\":\"Telinha\",\"@id\":\"https:\/\/portaltela.pt\/#\/schema\/person\/c4278d4a6028830caff9ee44b42d32ed\"},\"headline\":\"Ir\u00e3o pede licen\u00e7a m\u00e9dica imediata para libertar Nobel da Paz 2023 da pris\u00e3o\",\"datePublished\":\"2026-03-31T20:02:10+00:00\",\"mainEntityOfPage\":{\"@id\":\"https:\/\/portaltela.pt\/noticias\/2026\/03\/31\/irao-pede-licenca-medica-imediata-para-libertar-nobel-da-paz-2023-da-prisao\/\"},\"wordCount\":136,\"image\":{\"@id\":\"https:\/\/portaltela.pt\/noticias\/2026\/03\/31\/irao-pede-licenca-medica-imediata-para-libertar-nobel-da-paz-2023-da-prisao\/#primaryimage\"},\"thumbnailUrl\":\"https:\/\/portaltela.pt\/s.01k8rhncp4jt1\/2026\/03\/CACHE_780X1200_ANALOG_WATERMARKED_46192588_4548443007120.jpg\",\"keywords\":[\"direitos humanos\",\"Ir\u00e3\",\"organiza\u00e7\u00f5es internacionais\",\"pol\u00edtica internacional\",\"press\u00f5es internacionais\",\"pris\u00f5es\"],\"articleSection\":[\"Internacionais\",\"Pol\u00edtica\"],\"inLanguage\":\"pt-PT\"},{\"@type\":\"WebPage\",\"@id\":\"https:\/\/portaltela.pt\/noticias\/2026\/03\/31\/irao-pede-licenca-medica-imediata-para-libertar-nobel-da-paz-2023-da-prisao\/\",\"url\":\"https:\/\/portaltela.pt\/noticias\/2026\/03\/31\/irao-pede-licenca-medica-imediata-para-libertar-nobel-da-paz-2023-da-prisao\/\",\"name\":\"Ir\u00e3o pede licen\u00e7a m\u00e9dica imediata para libertar Nobel da Paz 2023 da pris\u00e3o - Portal Tela Portugal\",\"isPartOf\":{\"@id\":\"https:\/\/portaltela.pt\/#website\"},\"primaryImageOfPage\":{\"@id\":\"https:\/\/portaltela.pt\/noticias\/2026\/03\/31\/irao-pede-licenca-medica-imediata-para-libertar-nobel-da-paz-2023-da-prisao\/#primaryimage\"},\"image\":{\"@id\":\"https:\/\/portaltela.pt\/noticias\/2026\/03\/31\/irao-pede-licenca-medica-imediata-para-libertar-nobel-da-paz-2023-da-prisao\/#primaryimage\"},\"thumbnailUrl\":\"https:\/\/portaltela.pt\/s.01k8rhncp4jt1\/2026\/03\/CACHE_780X1200_ANALOG_WATERMARKED_46192588_4548443007120.jpg\",\"datePublished\":\"2026-03-31T20:02:10+00:00\",\"author\":{\"@id\":\"https:\/\/portaltela.pt\/#\/schema\/person\/c4278d4a6028830caff9ee44b42d32ed\"},\"breadcrumb\":{\"@id\":\"https:\/\/portaltela.pt\/noticias\/2026\/03\/31\/irao-pede-licenca-medica-imediata-para-libertar-nobel-da-paz-2023-da-prisao\/#breadcrumb\"},\"inLanguage\":\"pt-PT\",\"potentialAction\":[{\"@type\":\"ReadAction\",\"target\":[\"https:\/\/portaltela.pt\/noticias\/2026\/03\/31\/irao-pede-licenca-medica-imediata-para-libertar-nobel-da-paz-2023-da-prisao\/\"]}]},{\"@type\":\"ImageObject\",\"inLanguage\":\"pt-PT\",\"@id\":\"https:\/\/portaltela.pt\/noticias\/2026\/03\/31\/irao-pede-licenca-medica-imediata-para-libertar-nobel-da-paz-2023-da-prisao\/#primaryimage\",\"url\":\"https:\/\/portaltela.pt\/s.01k8rhncp4jt1\/2026\/03\/CACHE_780X1200_ANALOG_WATERMARKED_46192588_4548443007120.jpg\",\"contentUrl\":\"https:\/\/portaltela.pt\/s.01k8rhncp4jt1\/2026\/03\/CACHE_780X1200_ANALOG_WATERMARKED_46192588_4548443007120.jpg\",\"width\":796,\"height\":448,\"caption\":\"Photo\"},{\"@type\":\"BreadcrumbList\",\"@id\":\"https:\/\/portaltela.pt\/noticias\/2026\/03\/31\/irao-pede-licenca-medica-imediata-para-libertar-nobel-da-paz-2023-da-prisao\/#breadcrumb\",\"itemListElement\":[{\"@type\":\"ListItem\",\"position\":1,\"name\":\"In\u00edcio\",\"item\":\"https:\/\/portaltela.pt\/\"},{\"@type\":\"ListItem\",\"position\":2,\"name\":\"Ir\u00e3o pede licen\u00e7a m\u00e9dica imediata para libertar Nobel da Paz 2023 da pris\u00e3o\"}]},{\"@type\":\"WebSite\",\"@id\":\"https:\/\/portaltela.pt\/#website\",\"url\":\"https:\/\/portaltela.pt\/\",\"name\":\"Portal Tela Portugal\",\"description\":\"\",\"potentialAction\":[{\"@type\":\"SearchAction\",\"target\":{\"@type\":\"EntryPoint\",\"urlTemplate\":\"https:\/\/portaltela.pt\/?s={search_term_string}\"},\"query-input\":{\"@type\":\"PropertyValueSpecification\",\"valueRequired\":true,\"valueName\":\"search_term_string\"}}],\"inLanguage\":\"pt-PT\"},{\"@type\":\"Person\",\"@id\":\"https:\/\/portaltela.pt\/#\/schema\/person\/c4278d4a6028830caff9ee44b42d32ed\",\"name\":\"Telinha\",\"image\":{\"@type\":\"ImageObject\",\"inLanguage\":\"pt-PT\",\"@id\":\"https:\/\/portaltela.pt\/s.01k8rhncp4jt1\/2025\/11\/talking-bot-125x125.png\",\"url\":\"https:\/\/portaltela.pt\/s.01k8rhncp4jt1\/2025\/11\/talking-bot-125x125.png\",\"contentUrl\":\"https:\/\/portaltela.pt\/s.01k8rhncp4jt1\/2025\/11\/talking-bot-125x125.png\",\"caption\":\"Telinha\"},\"sameAs\":[\"https:\/\/portaltela.pt\/\"],\"url\":\"https:\/\/portaltela.pt\/por\/367410592786\/\"}]}<\/script>\n<!-- \/ Yoast SEO plugin. -->","yoast_head_json":{"title":"Ir\u00e3o pede licen\u00e7a m\u00e9dica imediata para libertar Nobel da Paz 2023 da pris\u00e3o - Portal Tela Portugal","robots":{"index":"index","follow":"follow","max-snippet":"max-snippet:-1","max-image-preview":"max-image-preview:large","max-video-preview":"max-video-preview:-1"},"og_locale":"pt_PT","og_type":"article","og_title":"Ir\u00e3o pede licen\u00e7a m\u00e9dica imediata para libertar Nobel da Paz 2023 da pris\u00e3o - Portal Tela Portugal","og_description":"A alian\u00e7a pela liberdade da ativista iraniana Narges Mohammadi, Pr\u00e9mio Nobel da Paz 2023, pediu hoje \u00e0s autoridades iranianas uma licen\u00e7a m\u00e9dica imediata. O pedido visa retirar Mohammadi da pris\u00e3o devido ao estado de sa\u00fade considerado \u201cextremamente delicado\u201d. A solicita\u00e7\u00e3o pode permitir a sua transfer\u00eancia tempor\u00e1ria para tratamento m\u00e9dico fora da pris\u00e3o. Mohammadi recebe reconhecimento internacional pelo seu ativismo pelos direitos humanos no Ir\u00e3o. A not\u00edcia n\u00e3o detalha o local ou a dura\u00e7\u00e3o da eventual licen\u00e7a m\u00e9dica.","og_url":"https:\/\/portaltela.pt\/noticias\/2026\/03\/31\/irao-pede-licenca-medica-imediata-para-libertar-nobel-da-paz-2023-da-prisao\/","og_site_name":"Portal Tela Portugal","article_published_time":"2026-03-31T20:02:10+00:00","author":"Telinha","twitter_card":"summary_large_image","twitter_misc":{"Escrito por":"Telinha","Tempo estimado de leitura":"1 minuto"},"schema":{"@context":"https:\/\/schema.org","@graph":[{"@type":"Article","@id":"https:\/\/portaltela.pt\/noticias\/2026\/03\/31\/irao-pede-licenca-medica-imediata-para-libertar-nobel-da-paz-2023-da-prisao\/#article","isPartOf":{"@id":"https:\/\/portaltela.pt\/noticias\/2026\/03\/31\/irao-pede-licenca-medica-imediata-para-libertar-nobel-da-paz-2023-da-prisao\/"},"author":{"name":"Telinha","@id":"https:\/\/portaltela.pt\/#\/schema\/person\/c4278d4a6028830caff9ee44b42d32ed"},"headline":"Ir\u00e3o pede licen\u00e7a m\u00e9dica imediata para libertar Nobel da Paz 2023 da pris\u00e3o","datePublished":"2026-03-31T20:02:10+00:00","mainEntityOfPage":{"@id":"https:\/\/portaltela.pt\/noticias\/2026\/03\/31\/irao-pede-licenca-medica-imediata-para-libertar-nobel-da-paz-2023-da-prisao\/"},"wordCount":136,"image":{"@id":"https:\/\/portaltela.pt\/noticias\/2026\/03\/31\/irao-pede-licenca-medica-imediata-para-libertar-nobel-da-paz-2023-da-prisao\/#primaryimage"},"thumbnailUrl":"https:\/\/portaltela.pt\/s.01k8rhncp4jt1\/2026\/03\/CACHE_780X1200_ANALOG_WATERMARKED_46192588_4548443007120.jpg","keywords":["direitos humanos","Ir\u00e3","organiza\u00e7\u00f5es internacionais","pol\u00edtica internacional","press\u00f5es internacionais","pris\u00f5es"],"articleSection":["Internacionais","Pol\u00edtica"],"inLanguage":"pt-PT"},{"@type":"WebPage","@id":"https:\/\/portaltela.pt\/noticias\/2026\/03\/31\/irao-pede-licenca-medica-imediata-para-libertar-nobel-da-paz-2023-da-prisao\/","url":"https:\/\/portaltela.pt\/noticias\/2026\/03\/31\/irao-pede-licenca-medica-imediata-para-libertar-nobel-da-paz-2023-da-prisao\/","name":"Ir\u00e3o pede licen\u00e7a m\u00e9dica imediata para libertar Nobel da Paz 2023 da pris\u00e3o - Portal Tela Portugal","isPartOf":{"@id":"https:\/\/portaltela.pt\/#website"},"primaryImageOfPage":{"@id":"https:\/\/portaltela.pt\/noticias\/2026\/03\/31\/irao-pede-licenca-medica-imediata-para-libertar-nobel-da-paz-2023-da-prisao\/#primaryimage"},"image":{"@id":"https:\/\/portaltela.pt\/noticias\/2026\/03\/31\/irao-pede-licenca-medica-imediata-para-libertar-nobel-da-paz-2023-da-prisao\/#primaryimage"},"thumbnailUrl":"https:\/\/portaltela.pt\/s.01k8rhncp4jt1\/2026\/03\/CACHE_780X1200_ANALOG_WATERMARKED_46192588_4548443007120.jpg","datePublished":"2026-03-31T20:02:10+00:00","author":{"@id":"https:\/\/portaltela.pt\/#\/schema\/person\/c4278d4a6028830caff9ee44b42d32ed"},"breadcrumb":{"@id":"https:\/\/portaltela.pt\/noticias\/2026\/03\/31\/irao-pede-licenca-medica-imediata-para-libertar-nobel-da-paz-2023-da-prisao\/#breadcrumb"},"inLanguage":"pt-PT","potentialAction":[{"@type":"ReadAction","target":["https:\/\/portaltela.pt\/noticias\/2026\/03\/31\/irao-pede-licenca-medica-imediata-para-libertar-nobel-da-paz-2023-da-prisao\/"]}]},{"@type":"ImageObject","inLanguage":"pt-PT","@id":"https:\/\/portaltela.pt\/noticias\/2026\/03\/31\/irao-pede-licenca-medica-imediata-para-libertar-nobel-da-paz-2023-da-prisao\/#primaryimage","url":"https:\/\/portaltela.pt\/s.01k8rhncp4jt1\/2026\/03\/CACHE_780X1200_ANALOG_WATERMARKED_46192588_4548443007120.jpg","contentUrl":"https:\/\/portaltela.pt\/s.01k8rhncp4jt1\/2026\/03\/CACHE_780X1200_ANALOG_WATERMARKED_46192588_4548443007120.jpg","width":796,"height":448,"caption":"Photo"},{"@type":"BreadcrumbList","@id":"https:\/\/portaltela.pt\/noticias\/2026\/03\/31\/irao-pede-licenca-medica-imediata-para-libertar-nobel-da-paz-2023-da-prisao\/#breadcrumb","itemListElement":[{"@type":"ListItem","position":1,"name":"In\u00edcio","item":"https:\/\/portaltela.pt\/"},{"@type":"ListItem","position":2,"name":"Ir\u00e3o pede licen\u00e7a m\u00e9dica imediata para libertar Nobel da Paz 2023 da pris\u00e3o"}]},{"@type":"WebSite","@id":"https:\/\/portaltela.pt\/#website","url":"https:\/\/portaltela.pt\/","name":"Portal Tela Portugal","description":"","potentialAction":[{"@type":"SearchAction","target":{"@type":"EntryPoint","urlTemplate":"https:\/\/portaltela.pt\/?s={search_term_string}"},"query-input":{"@type":"PropertyValueSpecification","valueRequired":true,"valueName":"search_term_string"}}],"inLanguage":"pt-PT"},{"@type":"Person","@id":"https:\/\/portaltela.pt\/#\/schema\/person\/c4278d4a6028830caff9ee44b42d32ed","name":"Telinha","image":{"@type":"ImageObject","inLanguage":"pt-PT","@id":"https:\/\/portaltela.pt\/s.01k8rhncp4jt1\/2025\/11\/talking-bot-125x125.png","url":"https:\/\/portaltela.pt\/s.01k8rhncp4jt1\/2025\/11\/talking-bot-125x125.png","contentUrl":"https:\/\/portaltela.pt\/s.01k8rhncp4jt1\/2025\/11\/talking-bot-125x125.png","caption":"Telinha"},"sameAs":["https:\/\/portaltela.pt\/"],"url":"https:\/\/portaltela.pt\/por\/367410592786\/"}]}},"_links":{"self":[{"href":"https:\/\/portaltela.pt\/api\/wp\/v2\/posts\/428335","targetHints":{"allow":["GET"]}}],"collection":[{"href":"https:\/\/portaltela.pt\/api\/wp\/v2\/posts"}],"about":[{"href":"https:\/\/portaltela.pt\/api\/wp\/v2\/types\/post"}],"author":[{"embeddable":true,"href":"https:\/\/portaltela.pt\/api\/wp\/v2\/users\/2"}],"replies":[{"embeddable":true,"href":"https:\/\/portaltela.pt\/api\/wp\/v2\/comments?post=428335"}],"version-history":[{"count":0,"href":"https:\/\/portaltela.pt\/api\/wp\/v2\/posts\/428335\/revisions"}],"wp:featuredmedia":[{"embeddable":true,"href":"https:\/\/portaltela.pt\/api\/wp\/v2\/media\/428337"}],"wp:attachment":[{"href":"https:\/\/portaltela.pt\/api\/wp\/v2\/media?parent=428335"}],"wp:term":[{"taxonomy":"category","embeddable":true,"href":"https:\/\/portaltela.pt\/api\/wp\/v2\/categories?post=428335"},{"taxonomy":"post_tag","embeddable":true,"href":"https:\/\/portaltela.pt\/api\/wp\/v2\/tags?post=428335"}],"curies":[{"name":"wp","href":"https:\/\/api.w.org\/{rel}","templated":true}]}}