{"id":428334,"date":"2026-03-31T17:02:08","date_gmt":"2026-03-31T20:02:08","guid":{"rendered":"https:\/\/portaltela.pt\/noticias\/2026\/03\/31\/vitoria-de-guimaraes-contrata-carlos-soares-e-reforca-equipa-tecnica-com-nivel-iv\/"},"modified":"2026-03-31T17:02:08","modified_gmt":"2026-03-31T20:02:08","slug":"vitoria-de-guimaraes-contrata-carlos-soares-e-reforca-equipa-tecnica-com-nivel-iv","status":"publish","type":"post","link":"https:\/\/portaltela.pt\/desporto\/futebol\/2026\/03\/31\/vitoria-de-guimaraes-contrata-carlos-soares-e-reforca-equipa-tecnica-com-nivel-iv\/","title":{"rendered":"Vit\u00f3ria de Guimar\u00e3es contrata Carlos Soares e refor\u00e7a equipa t\u00e9cnica com n\u00edvel IV"},"content":{"rendered":"<p>O Vit\u00f3ria de Guimar\u00e3es anunciou a contrata\u00e7\u00e3o do treinador Carlos Soares, detentor de curso UEFA Pro, para integrar a equipa t\u00e9cnica. A confirma\u00e7\u00e3o foi feita hoje junto da Lusa pelo clube da I Liga.<\/p>\n<p>Soares junta-se a Gil Lameiras, que lidera o corpo t\u00e9cnico, e passa a fazer parte de uma estrutura com o objetivo de refor\u00e7ar o planeamento t\u00e9cnico da equipa. A mudan\u00e7a integra o est\u00e1gio do clube para a pr\u00f3xima fase da temporada.<\/p>\n<p>O clube n\u00e3o detalhou, de momento, a dura\u00e7\u00e3o do v\u00ednculo nem as fun\u00e7\u00f5es espec\u00edficas de Soares dentro da equipa t\u00e9cnica, limitando-se a sublinhar a import\u00e2ncia da presen\u00e7a de um t\u00e9cnico com forma\u00e7\u00e3o UEFA Pro. A not\u00edcia foi divulgada pela ag\u00eancia Lusa.<\/p>\n","protected":false},"excerpt":{"rendered":"<ul>\n<li>O Vit\u00f3ria de Guimar\u00e3es contratou o treinador Carlos Soares, com curso UEFA Pro.<\/li>\n<li>Soares passa a integrar a equipa t\u00e9cnica liderada por Gil Lameiras.<\/li>\n<li>A confirma\u00e7\u00e3o foi feita hoje \u00e0 Lusa por uma fonte oficial do clube da I Liga.<\/li>\n<li>A contrata\u00e7\u00e3o dota a equipa t\u00e9cnica com o n\u00edvel IV.<\/li>\n<li>O conte\u00fado completo da not\u00edcia est\u00e1 dispon\u00edvel apenas para subscritores.<\/li>\n<\/ul>\n","protected":false},"author":2,"featured_media":428336,"comment_status":"closed","ping_status":"closed","sticky":false,"template":"","format":"standard","meta":{"footnotes":""},"categories":[21,24],"tags":[4059,2219,152,32,2477],"class_list":["post-428334","post","type-post","status-publish","format-standard","has-post-thumbnail","hentry","category-desporto","category-futebol","tag-1-a-liga","tag-contratacoes","tag-desporto","tag-futebol","tag-treinadores"],"yoast_head":"<!-- This site is optimized with the Yoast SEO plugin v27.2 - https:\/\/yoast.com\/product\/yoast-seo-wordpress\/ -->\n<title>Vit\u00f3ria de Guimar\u00e3es contrata Carlos Soares e refor\u00e7a equipa t\u00e9cnica com n\u00edvel IV - Portal Tela Portugal<\/title>\n<meta name=\"robots\" content=\"index, follow, max-snippet:-1, max-image-preview:large, max-video-preview:-1\" \/>\n<meta property=\"og:locale\" content=\"pt_PT\" \/>\n<meta property=\"og:type\" content=\"article\" \/>\n<meta property=\"og:title\" content=\"Vit\u00f3ria de Guimar\u00e3es contrata Carlos Soares e refor\u00e7a equipa t\u00e9cnica com n\u00edvel IV - Portal Tela Portugal\" \/>\n<meta property=\"og:description\" content=\"O Vit\u00f3ria de Guimar\u00e3es contratou o treinador Carlos Soares, com curso UEFA Pro. Soares passa a integrar a equipa t\u00e9cnica liderada por Gil Lameiras. A confirma\u00e7\u00e3o foi feita hoje \u00e0 Lusa por uma fonte oficial do clube da I Liga. A contrata\u00e7\u00e3o dota a equipa t\u00e9cnica com o n\u00edvel IV. O conte\u00fado completo da not\u00edcia est\u00e1 dispon\u00edvel apenas para subscritores.\" \/>\n<meta property=\"og:url\" content=\"https:\/\/portaltela.pt\/noticias\/2026\/03\/31\/vitoria-de-guimaraes-contrata-carlos-soares-e-reforca-equipa-tecnica-com-nivel-iv\/\" \/>\n<meta property=\"og:site_name\" content=\"Portal Tela Portugal\" \/>\n<meta property=\"article:published_time\" content=\"2026-03-31T20:02:08+00:00\" \/>\n<meta name=\"author\" content=\"Telinha\" \/>\n<meta name=\"twitter:card\" content=\"summary_large_image\" \/>\n<meta name=\"twitter:label1\" content=\"Escrito por\" \/>\n\t<meta name=\"twitter:data1\" content=\"Telinha\" \/>\n\t<meta name=\"twitter:label2\" content=\"Tempo estimado de leitura\" \/>\n\t<meta name=\"twitter:data2\" content=\"1 minuto\" \/>\n<script type=\"application\/ld+json\" class=\"yoast-schema-graph\">{\"@context\":\"https:\/\/schema.org\",\"@graph\":[{\"@type\":\"Article\",\"@id\":\"https:\/\/portaltela.pt\/noticias\/2026\/03\/31\/vitoria-de-guimaraes-contrata-carlos-soares-e-reforca-equipa-tecnica-com-nivel-iv\/#article\",\"isPartOf\":{\"@id\":\"https:\/\/portaltela.pt\/noticias\/2026\/03\/31\/vitoria-de-guimaraes-contrata-carlos-soares-e-reforca-equipa-tecnica-com-nivel-iv\/\"},\"author\":{\"name\":\"Telinha\",\"@id\":\"https:\/\/portaltela.pt\/#\/schema\/person\/c4278d4a6028830caff9ee44b42d32ed\"},\"headline\":\"Vit\u00f3ria de Guimar\u00e3es contrata Carlos Soares e refor\u00e7a equipa t\u00e9cnica com n\u00edvel IV\",\"datePublished\":\"2026-03-31T20:02:08+00:00\",\"mainEntityOfPage\":{\"@id\":\"https:\/\/portaltela.pt\/noticias\/2026\/03\/31\/vitoria-de-guimaraes-contrata-carlos-soares-e-reforca-equipa-tecnica-com-nivel-iv\/\"},\"wordCount\":157,\"image\":{\"@id\":\"https:\/\/portaltela.pt\/noticias\/2026\/03\/31\/vitoria-de-guimaraes-contrata-carlos-soares-e-reforca-equipa-tecnica-com-nivel-iv\/#primaryimage\"},\"thumbnailUrl\":\"https:\/\/portaltela.pt\/s.01k8rhncp4jt1\/2026\/03\/CACHE_780X1200_ANALOG_WATERMARKED_6481612_577181_03052019095812.jpg\",\"keywords\":[\"1.\u00aa Liga\",\"contrata\u00e7\u00f5es\",\"desporto\",\"futebol\",\"treinadores\"],\"articleSection\":[\"Desporto\",\"Futebol\"],\"inLanguage\":\"pt-PT\"},{\"@type\":\"WebPage\",\"@id\":\"https:\/\/portaltela.pt\/noticias\/2026\/03\/31\/vitoria-de-guimaraes-contrata-carlos-soares-e-reforca-equipa-tecnica-com-nivel-iv\/\",\"url\":\"https:\/\/portaltela.pt\/noticias\/2026\/03\/31\/vitoria-de-guimaraes-contrata-carlos-soares-e-reforca-equipa-tecnica-com-nivel-iv\/\",\"name\":\"Vit\u00f3ria de Guimar\u00e3es contrata Carlos Soares e refor\u00e7a equipa t\u00e9cnica com n\u00edvel IV - Portal Tela Portugal\",\"isPartOf\":{\"@id\":\"https:\/\/portaltela.pt\/#website\"},\"primaryImageOfPage\":{\"@id\":\"https:\/\/portaltela.pt\/noticias\/2026\/03\/31\/vitoria-de-guimaraes-contrata-carlos-soares-e-reforca-equipa-tecnica-com-nivel-iv\/#primaryimage\"},\"image\":{\"@id\":\"https:\/\/portaltela.pt\/noticias\/2026\/03\/31\/vitoria-de-guimaraes-contrata-carlos-soares-e-reforca-equipa-tecnica-com-nivel-iv\/#primaryimage\"},\"thumbnailUrl\":\"https:\/\/portaltela.pt\/s.01k8rhncp4jt1\/2026\/03\/CACHE_780X1200_ANALOG_WATERMARKED_6481612_577181_03052019095812.jpg\",\"datePublished\":\"2026-03-31T20:02:08+00:00\",\"author\":{\"@id\":\"https:\/\/portaltela.pt\/#\/schema\/person\/c4278d4a6028830caff9ee44b42d32ed\"},\"breadcrumb\":{\"@id\":\"https:\/\/portaltela.pt\/noticias\/2026\/03\/31\/vitoria-de-guimaraes-contrata-carlos-soares-e-reforca-equipa-tecnica-com-nivel-iv\/#breadcrumb\"},\"inLanguage\":\"pt-PT\",\"potentialAction\":[{\"@type\":\"ReadAction\",\"target\":[\"https:\/\/portaltela.pt\/noticias\/2026\/03\/31\/vitoria-de-guimaraes-contrata-carlos-soares-e-reforca-equipa-tecnica-com-nivel-iv\/\"]}]},{\"@type\":\"ImageObject\",\"inLanguage\":\"pt-PT\",\"@id\":\"https:\/\/portaltela.pt\/noticias\/2026\/03\/31\/vitoria-de-guimaraes-contrata-carlos-soares-e-reforca-equipa-tecnica-com-nivel-iv\/#primaryimage\",\"url\":\"https:\/\/portaltela.pt\/s.01k8rhncp4jt1\/2026\/03\/CACHE_780X1200_ANALOG_WATERMARKED_6481612_577181_03052019095812.jpg\",\"contentUrl\":\"https:\/\/portaltela.pt\/s.01k8rhncp4jt1\/2026\/03\/CACHE_780X1200_ANALOG_WATERMARKED_6481612_577181_03052019095812.jpg\",\"width\":796,\"height\":448,\"caption\":\"Vit\u00f3ria de Guimar\u00e3es contrata Carlos Soares e dota equipa t\u00e9cnica com n\u00edvel IV\"},{\"@type\":\"BreadcrumbList\",\"@id\":\"https:\/\/portaltela.pt\/noticias\/2026\/03\/31\/vitoria-de-guimaraes-contrata-carlos-soares-e-reforca-equipa-tecnica-com-nivel-iv\/#breadcrumb\",\"itemListElement\":[{\"@type\":\"ListItem\",\"position\":1,\"name\":\"In\u00edcio\",\"item\":\"https:\/\/portaltela.pt\/\"},{\"@type\":\"ListItem\",\"position\":2,\"name\":\"Vit\u00f3ria de Guimar\u00e3es contrata Carlos Soares e refor\u00e7a equipa t\u00e9cnica com n\u00edvel IV\"}]},{\"@type\":\"WebSite\",\"@id\":\"https:\/\/portaltela.pt\/#website\",\"url\":\"https:\/\/portaltela.pt\/\",\"name\":\"Portal Tela Portugal\",\"description\":\"\",\"potentialAction\":[{\"@type\":\"SearchAction\",\"target\":{\"@type\":\"EntryPoint\",\"urlTemplate\":\"https:\/\/portaltela.pt\/?s={search_term_string}\"},\"query-input\":{\"@type\":\"PropertyValueSpecification\",\"valueRequired\":true,\"valueName\":\"search_term_string\"}}],\"inLanguage\":\"pt-PT\"},{\"@type\":\"Person\",\"@id\":\"https:\/\/portaltela.pt\/#\/schema\/person\/c4278d4a6028830caff9ee44b42d32ed\",\"name\":\"Telinha\",\"image\":{\"@type\":\"ImageObject\",\"inLanguage\":\"pt-PT\",\"@id\":\"https:\/\/portaltela.pt\/s.01k8rhncp4jt1\/2025\/11\/talking-bot-125x125.png\",\"url\":\"https:\/\/portaltela.pt\/s.01k8rhncp4jt1\/2025\/11\/talking-bot-125x125.png\",\"contentUrl\":\"https:\/\/portaltela.pt\/s.01k8rhncp4jt1\/2025\/11\/talking-bot-125x125.png\",\"caption\":\"Telinha\"},\"sameAs\":[\"https:\/\/portaltela.pt\/\"],\"url\":\"https:\/\/portaltela.pt\/por\/367410592786\/\"}]}<\/script>\n<!-- \/ Yoast SEO plugin. -->","yoast_head_json":{"title":"Vit\u00f3ria de Guimar\u00e3es contrata Carlos Soares e refor\u00e7a equipa t\u00e9cnica com n\u00edvel IV - Portal Tela Portugal","robots":{"index":"index","follow":"follow","max-snippet":"max-snippet:-1","max-image-preview":"max-image-preview:large","max-video-preview":"max-video-preview:-1"},"og_locale":"pt_PT","og_type":"article","og_title":"Vit\u00f3ria de Guimar\u00e3es contrata Carlos Soares e refor\u00e7a equipa t\u00e9cnica com n\u00edvel IV - Portal Tela Portugal","og_description":"O Vit\u00f3ria de Guimar\u00e3es contratou o treinador Carlos Soares, com curso UEFA Pro. Soares passa a integrar a equipa t\u00e9cnica liderada por Gil Lameiras. A confirma\u00e7\u00e3o foi feita hoje \u00e0 Lusa por uma fonte oficial do clube da I Liga. A contrata\u00e7\u00e3o dota a equipa t\u00e9cnica com o n\u00edvel IV. O conte\u00fado completo da not\u00edcia est\u00e1 dispon\u00edvel apenas para subscritores.","og_url":"https:\/\/portaltela.pt\/noticias\/2026\/03\/31\/vitoria-de-guimaraes-contrata-carlos-soares-e-reforca-equipa-tecnica-com-nivel-iv\/","og_site_name":"Portal Tela Portugal","article_published_time":"2026-03-31T20:02:08+00:00","author":"Telinha","twitter_card":"summary_large_image","twitter_misc":{"Escrito por":"Telinha","Tempo estimado de leitura":"1 minuto"},"schema":{"@context":"https:\/\/schema.org","@graph":[{"@type":"Article","@id":"https:\/\/portaltela.pt\/noticias\/2026\/03\/31\/vitoria-de-guimaraes-contrata-carlos-soares-e-reforca-equipa-tecnica-com-nivel-iv\/#article","isPartOf":{"@id":"https:\/\/portaltela.pt\/noticias\/2026\/03\/31\/vitoria-de-guimaraes-contrata-carlos-soares-e-reforca-equipa-tecnica-com-nivel-iv\/"},"author":{"name":"Telinha","@id":"https:\/\/portaltela.pt\/#\/schema\/person\/c4278d4a6028830caff9ee44b42d32ed"},"headline":"Vit\u00f3ria de Guimar\u00e3es contrata Carlos Soares e refor\u00e7a equipa t\u00e9cnica com n\u00edvel IV","datePublished":"2026-03-31T20:02:08+00:00","mainEntityOfPage":{"@id":"https:\/\/portaltela.pt\/noticias\/2026\/03\/31\/vitoria-de-guimaraes-contrata-carlos-soares-e-reforca-equipa-tecnica-com-nivel-iv\/"},"wordCount":157,"image":{"@id":"https:\/\/portaltela.pt\/noticias\/2026\/03\/31\/vitoria-de-guimaraes-contrata-carlos-soares-e-reforca-equipa-tecnica-com-nivel-iv\/#primaryimage"},"thumbnailUrl":"https:\/\/portaltela.pt\/s.01k8rhncp4jt1\/2026\/03\/CACHE_780X1200_ANALOG_WATERMARKED_6481612_577181_03052019095812.jpg","keywords":["1.\u00aa Liga","contrata\u00e7\u00f5es","desporto","futebol","treinadores"],"articleSection":["Desporto","Futebol"],"inLanguage":"pt-PT"},{"@type":"WebPage","@id":"https:\/\/portaltela.pt\/noticias\/2026\/03\/31\/vitoria-de-guimaraes-contrata-carlos-soares-e-reforca-equipa-tecnica-com-nivel-iv\/","url":"https:\/\/portaltela.pt\/noticias\/2026\/03\/31\/vitoria-de-guimaraes-contrata-carlos-soares-e-reforca-equipa-tecnica-com-nivel-iv\/","name":"Vit\u00f3ria de Guimar\u00e3es contrata Carlos Soares e refor\u00e7a equipa t\u00e9cnica com n\u00edvel IV - Portal Tela Portugal","isPartOf":{"@id":"https:\/\/portaltela.pt\/#website"},"primaryImageOfPage":{"@id":"https:\/\/portaltela.pt\/noticias\/2026\/03\/31\/vitoria-de-guimaraes-contrata-carlos-soares-e-reforca-equipa-tecnica-com-nivel-iv\/#primaryimage"},"image":{"@id":"https:\/\/portaltela.pt\/noticias\/2026\/03\/31\/vitoria-de-guimaraes-contrata-carlos-soares-e-reforca-equipa-tecnica-com-nivel-iv\/#primaryimage"},"thumbnailUrl":"https:\/\/portaltela.pt\/s.01k8rhncp4jt1\/2026\/03\/CACHE_780X1200_ANALOG_WATERMARKED_6481612_577181_03052019095812.jpg","datePublished":"2026-03-31T20:02:08+00:00","author":{"@id":"https:\/\/portaltela.pt\/#\/schema\/person\/c4278d4a6028830caff9ee44b42d32ed"},"breadcrumb":{"@id":"https:\/\/portaltela.pt\/noticias\/2026\/03\/31\/vitoria-de-guimaraes-contrata-carlos-soares-e-reforca-equipa-tecnica-com-nivel-iv\/#breadcrumb"},"inLanguage":"pt-PT","potentialAction":[{"@type":"ReadAction","target":["https:\/\/portaltela.pt\/noticias\/2026\/03\/31\/vitoria-de-guimaraes-contrata-carlos-soares-e-reforca-equipa-tecnica-com-nivel-iv\/"]}]},{"@type":"ImageObject","inLanguage":"pt-PT","@id":"https:\/\/portaltela.pt\/noticias\/2026\/03\/31\/vitoria-de-guimaraes-contrata-carlos-soares-e-reforca-equipa-tecnica-com-nivel-iv\/#primaryimage","url":"https:\/\/portaltela.pt\/s.01k8rhncp4jt1\/2026\/03\/CACHE_780X1200_ANALOG_WATERMARKED_6481612_577181_03052019095812.jpg","contentUrl":"https:\/\/portaltela.pt\/s.01k8rhncp4jt1\/2026\/03\/CACHE_780X1200_ANALOG_WATERMARKED_6481612_577181_03052019095812.jpg","width":796,"height":448,"caption":"Vit\u00f3ria de Guimar\u00e3es contrata Carlos Soares e dota equipa t\u00e9cnica com n\u00edvel IV"},{"@type":"BreadcrumbList","@id":"https:\/\/portaltela.pt\/noticias\/2026\/03\/31\/vitoria-de-guimaraes-contrata-carlos-soares-e-reforca-equipa-tecnica-com-nivel-iv\/#breadcrumb","itemListElement":[{"@type":"ListItem","position":1,"name":"In\u00edcio","item":"https:\/\/portaltela.pt\/"},{"@type":"ListItem","position":2,"name":"Vit\u00f3ria de Guimar\u00e3es contrata Carlos Soares e refor\u00e7a equipa t\u00e9cnica com n\u00edvel IV"}]},{"@type":"WebSite","@id":"https:\/\/portaltela.pt\/#website","url":"https:\/\/portaltela.pt\/","name":"Portal Tela Portugal","description":"","potentialAction":[{"@type":"SearchAction","target":{"@type":"EntryPoint","urlTemplate":"https:\/\/portaltela.pt\/?s={search_term_string}"},"query-input":{"@type":"PropertyValueSpecification","valueRequired":true,"valueName":"search_term_string"}}],"inLanguage":"pt-PT"},{"@type":"Person","@id":"https:\/\/portaltela.pt\/#\/schema\/person\/c4278d4a6028830caff9ee44b42d32ed","name":"Telinha","image":{"@type":"ImageObject","inLanguage":"pt-PT","@id":"https:\/\/portaltela.pt\/s.01k8rhncp4jt1\/2025\/11\/talking-bot-125x125.png","url":"https:\/\/portaltela.pt\/s.01k8rhncp4jt1\/2025\/11\/talking-bot-125x125.png","contentUrl":"https:\/\/portaltela.pt\/s.01k8rhncp4jt1\/2025\/11\/talking-bot-125x125.png","caption":"Telinha"},"sameAs":["https:\/\/portaltela.pt\/"],"url":"https:\/\/portaltela.pt\/por\/367410592786\/"}]}},"_links":{"self":[{"href":"https:\/\/portaltela.pt\/api\/wp\/v2\/posts\/428334","targetHints":{"allow":["GET"]}}],"collection":[{"href":"https:\/\/portaltela.pt\/api\/wp\/v2\/posts"}],"about":[{"href":"https:\/\/portaltela.pt\/api\/wp\/v2\/types\/post"}],"author":[{"embeddable":true,"href":"https:\/\/portaltela.pt\/api\/wp\/v2\/users\/2"}],"replies":[{"embeddable":true,"href":"https:\/\/portaltela.pt\/api\/wp\/v2\/comments?post=428334"}],"version-history":[{"count":0,"href":"https:\/\/portaltela.pt\/api\/wp\/v2\/posts\/428334\/revisions"}],"wp:featuredmedia":[{"embeddable":true,"href":"https:\/\/portaltela.pt\/api\/wp\/v2\/media\/428336"}],"wp:attachment":[{"href":"https:\/\/portaltela.pt\/api\/wp\/v2\/media?parent=428334"}],"wp:term":[{"taxonomy":"category","embeddable":true,"href":"https:\/\/portaltela.pt\/api\/wp\/v2\/categories?post=428334"},{"taxonomy":"post_tag","embeddable":true,"href":"https:\/\/portaltela.pt\/api\/wp\/v2\/tags?post=428334"}],"curies":[{"name":"wp","href":"https:\/\/api.w.org\/{rel}","templated":true}]}}