{"id":428323,"date":"2026-03-31T14:58:00","date_gmt":"2026-03-31T17:58:00","guid":{"rendered":"https:\/\/portaltela.pt\/noticias\/2026\/03\/31\/policia-regista-quase-30-mil-participacoes-por-violencia-domestica-em-2025\/"},"modified":"2026-03-31T14:58:00","modified_gmt":"2026-03-31T17:58:00","slug":"policia-regista-quase-30-mil-participacoes-por-violencia-domestica-em-2025","status":"publish","type":"post","link":"https:\/\/portaltela.pt\/policia\/2026\/03\/31\/policia-regista-quase-30-mil-participacoes-por-violencia-domestica-em-2025\/","title":{"rendered":"Pol\u00edcia regista quase 30 mil participa\u00e7\u00f5es por viol\u00eancia dom\u00e9stica em 2025"},"content":{"rendered":"<p>As for\u00e7as policiais registaram quase 30 mil participa\u00e7\u00f5es por viol\u00eancia dom\u00e9stica em 2025, segundo dados oficiais. A cifra evidencia a dimens\u00e3o do fen\u00f3meno e a atua\u00e7\u00e3o dos agentes na recolha de sinais unit\u00e1rios, den\u00fancias e proteg\u00e7\u00f5es \u00e0s v\u00edtimas.<\/p>\n<p>Os n\u00fameros refletem a\u00e7\u00f5es de den\u00fancia, investiga\u00e7\u00e3o e apoio a v\u00edtimas, realizadas por diferentes corpos de seguran\u00e7a e servi\u00e7os ligados \u00e0 prote\u00e7\u00e3o de cidad\u00e3os. O recorte temporal \u00e9 o ano civil de 2025, em territ\u00f3rio nacional.<\/p>\n<p>A divulga\u00e7\u00e3o ocorreu atrav\u00e9s de fontes oficiais ligadas \u00e0s \u00e1reas de seguran\u00e7a p\u00fablica, sem confirmar mudan\u00e7as legislativas espec\u00edficas para o per\u00edodo. O objetivo \u00e9 mapear a gravidade e adaptar respostas institucionais ao problema.<\/p>\n<h3>Contexto e perspetivas<\/h3>\n<p>O registo de participa\u00e7\u00f5es n\u00e3o implica, por si, condena\u00e7\u00f5es. O indicador serve para aferir a intensidade do fen\u00f3meno e orientar pol\u00edticas de preven\u00e7\u00e3o e prote\u00e7\u00e3o \u00e0s v\u00edtimas. As autoridades reiteram a necessidade de den\u00fancia r\u00e1pida.<\/p>\n<p>A an\u00e1lise dos dados pode contribuir para afinar recursos, forma\u00e7\u00e3o de agentes e redes de apoio. O objetivo \u00e9 melhorar a resposta do Estado e reduzir o impacto da viol\u00eancia dom\u00e9stica na sociedade.<\/p>\n","protected":false},"excerpt":{"rendered":"<ul>\n<li>For\u00e7as policiais registaram quase 30 mil participa\u00e7\u00f5es por viol\u00eancia dom\u00e9stica em 2025.<\/li>\n<li>O dado foi divulgado pela ag\u00eancia Lusa, com base em informa\u00e7\u00f5es oficiais.<\/li>\n<li>O artigo original est\u00e1 dispon\u00edvel apenas para subscritores.<\/li>\n<li>O registo pode implicar n\u00fameros de ocorr\u00eancias reportadas \u00e0s autoridades durante o ano.<\/li>\n<li>O conte\u00fado cita dados oficiais, sem acrescentar ju\u00edzos de valor ou opini\u00f5es.<\/li>\n<\/ul>\n","protected":false},"author":2,"featured_media":428329,"comment_status":"closed","ping_status":"closed","sticky":false,"template":"","format":"standard","meta":{"footnotes":""},"categories":[7374,6781],"tags":[6228,2633,217,173,250,214],"class_list":["post-428323","post","type-post","status-publish","format-standard","has-post-thumbnail","hentry","category-criminalidade","category-policia","tag-denuncias","tag-direitos-humanos","tag-investigacao-criminal","tag-protecao-social","tag-seguranca-publica","tag-violencia-domestica"],"yoast_head":"<!-- This site is optimized with the Yoast SEO plugin v27.2 - https:\/\/yoast.com\/product\/yoast-seo-wordpress\/ -->\n<title>Pol\u00edcia regista quase 30 mil participa\u00e7\u00f5es por viol\u00eancia dom\u00e9stica em 2025 - Portal Tela Portugal<\/title>\n<meta name=\"robots\" content=\"index, follow, max-snippet:-1, max-image-preview:large, max-video-preview:-1\" \/>\n<meta property=\"og:locale\" content=\"pt_PT\" \/>\n<meta property=\"og:type\" content=\"article\" \/>\n<meta property=\"og:title\" content=\"Pol\u00edcia regista quase 30 mil participa\u00e7\u00f5es por viol\u00eancia dom\u00e9stica em 2025 - Portal Tela Portugal\" \/>\n<meta property=\"og:description\" content=\"For\u00e7as policiais registaram quase 30 mil participa\u00e7\u00f5es por viol\u00eancia dom\u00e9stica em 2025. O dado foi divulgado pela ag\u00eancia Lusa, com base em informa\u00e7\u00f5es oficiais. O artigo original est\u00e1 dispon\u00edvel apenas para subscritores. O registo pode implicar n\u00fameros de ocorr\u00eancias reportadas \u00e0s autoridades durante o ano. O conte\u00fado cita dados oficiais, sem acrescentar ju\u00edzos de valor ou opini\u00f5es.\" \/>\n<meta property=\"og:url\" content=\"https:\/\/portaltela.pt\/noticias\/2026\/03\/31\/policia-regista-quase-30-mil-participacoes-por-violencia-domestica-em-2025\/\" \/>\n<meta property=\"og:site_name\" content=\"Portal Tela Portugal\" \/>\n<meta property=\"article:published_time\" content=\"2026-03-31T17:58:00+00:00\" \/>\n<meta name=\"author\" content=\"Telinha\" \/>\n<meta name=\"twitter:card\" content=\"summary_large_image\" \/>\n<meta name=\"twitter:label1\" content=\"Escrito por\" \/>\n\t<meta name=\"twitter:data1\" content=\"Telinha\" \/>\n\t<meta name=\"twitter:label2\" content=\"Tempo estimado de leitura\" \/>\n\t<meta name=\"twitter:data2\" content=\"1 minuto\" \/>\n<script type=\"application\/ld+json\" class=\"yoast-schema-graph\">{\"@context\":\"https:\/\/schema.org\",\"@graph\":[{\"@type\":\"Article\",\"@id\":\"https:\/\/portaltela.pt\/noticias\/2026\/03\/31\/policia-regista-quase-30-mil-participacoes-por-violencia-domestica-em-2025\/#article\",\"isPartOf\":{\"@id\":\"https:\/\/portaltela.pt\/noticias\/2026\/03\/31\/policia-regista-quase-30-mil-participacoes-por-violencia-domestica-em-2025\/\"},\"author\":{\"name\":\"Telinha\",\"@id\":\"https:\/\/portaltela.pt\/#\/schema\/person\/c4278d4a6028830caff9ee44b42d32ed\"},\"headline\":\"Pol\u00edcia regista quase 30 mil participa\u00e7\u00f5es por viol\u00eancia dom\u00e9stica em 2025\",\"datePublished\":\"2026-03-31T17:58:00+00:00\",\"mainEntityOfPage\":{\"@id\":\"https:\/\/portaltela.pt\/noticias\/2026\/03\/31\/policia-regista-quase-30-mil-participacoes-por-violencia-domestica-em-2025\/\"},\"wordCount\":226,\"image\":{\"@id\":\"https:\/\/portaltela.pt\/noticias\/2026\/03\/31\/policia-regista-quase-30-mil-participacoes-por-violencia-domestica-em-2025\/#primaryimage\"},\"thumbnailUrl\":\"https:\/\/portaltela.pt\/s.01k8rhncp4jt1\/2026\/03\/CACHE_780X1200_ANALOG_WATERMARKED_40841203_1456508_25052023020109.jpg\",\"keywords\":[\"den\u00fancias\",\"direitos humanos\",\"investiga\u00e7\u00e3o criminal\",\"prote\u00e7\u00e3o social\",\"seguran\u00e7a p\u00fablica\",\"viol\u00eancia dom\u00e9stica\"],\"articleSection\":[\"Criminalidade\",\"Pol\u00edcia\"],\"inLanguage\":\"pt-PT\"},{\"@type\":\"WebPage\",\"@id\":\"https:\/\/portaltela.pt\/noticias\/2026\/03\/31\/policia-regista-quase-30-mil-participacoes-por-violencia-domestica-em-2025\/\",\"url\":\"https:\/\/portaltela.pt\/noticias\/2026\/03\/31\/policia-regista-quase-30-mil-participacoes-por-violencia-domestica-em-2025\/\",\"name\":\"Pol\u00edcia regista quase 30 mil participa\u00e7\u00f5es por viol\u00eancia dom\u00e9stica em 2025 - Portal Tela Portugal\",\"isPartOf\":{\"@id\":\"https:\/\/portaltela.pt\/#website\"},\"primaryImageOfPage\":{\"@id\":\"https:\/\/portaltela.pt\/noticias\/2026\/03\/31\/policia-regista-quase-30-mil-participacoes-por-violencia-domestica-em-2025\/#primaryimage\"},\"image\":{\"@id\":\"https:\/\/portaltela.pt\/noticias\/2026\/03\/31\/policia-regista-quase-30-mil-participacoes-por-violencia-domestica-em-2025\/#primaryimage\"},\"thumbnailUrl\":\"https:\/\/portaltela.pt\/s.01k8rhncp4jt1\/2026\/03\/CACHE_780X1200_ANALOG_WATERMARKED_40841203_1456508_25052023020109.jpg\",\"datePublished\":\"2026-03-31T17:58:00+00:00\",\"author\":{\"@id\":\"https:\/\/portaltela.pt\/#\/schema\/person\/c4278d4a6028830caff9ee44b42d32ed\"},\"breadcrumb\":{\"@id\":\"https:\/\/portaltela.pt\/noticias\/2026\/03\/31\/policia-regista-quase-30-mil-participacoes-por-violencia-domestica-em-2025\/#breadcrumb\"},\"inLanguage\":\"pt-PT\",\"potentialAction\":[{\"@type\":\"ReadAction\",\"target\":[\"https:\/\/portaltela.pt\/noticias\/2026\/03\/31\/policia-regista-quase-30-mil-participacoes-por-violencia-domestica-em-2025\/\"]}]},{\"@type\":\"ImageObject\",\"inLanguage\":\"pt-PT\",\"@id\":\"https:\/\/portaltela.pt\/noticias\/2026\/03\/31\/policia-regista-quase-30-mil-participacoes-por-violencia-domestica-em-2025\/#primaryimage\",\"url\":\"https:\/\/portaltela.pt\/s.01k8rhncp4jt1\/2026\/03\/CACHE_780X1200_ANALOG_WATERMARKED_40841203_1456508_25052023020109.jpg\",\"contentUrl\":\"https:\/\/portaltela.pt\/s.01k8rhncp4jt1\/2026\/03\/CACHE_780X1200_ANALOG_WATERMARKED_40841203_1456508_25052023020109.jpg\",\"width\":796,\"height\":448,\"caption\":\"For\u00e7as policiais registam quase 30 mil participa\u00e7\u00f5es por viol\u00eancia dom\u00e9stica em 2025\"},{\"@type\":\"BreadcrumbList\",\"@id\":\"https:\/\/portaltela.pt\/noticias\/2026\/03\/31\/policia-regista-quase-30-mil-participacoes-por-violencia-domestica-em-2025\/#breadcrumb\",\"itemListElement\":[{\"@type\":\"ListItem\",\"position\":1,\"name\":\"In\u00edcio\",\"item\":\"https:\/\/portaltela.pt\/\"},{\"@type\":\"ListItem\",\"position\":2,\"name\":\"Pol\u00edcia regista quase 30 mil participa\u00e7\u00f5es por viol\u00eancia dom\u00e9stica em 2025\"}]},{\"@type\":\"WebSite\",\"@id\":\"https:\/\/portaltela.pt\/#website\",\"url\":\"https:\/\/portaltela.pt\/\",\"name\":\"Portal Tela Portugal\",\"description\":\"\",\"potentialAction\":[{\"@type\":\"SearchAction\",\"target\":{\"@type\":\"EntryPoint\",\"urlTemplate\":\"https:\/\/portaltela.pt\/?s={search_term_string}\"},\"query-input\":{\"@type\":\"PropertyValueSpecification\",\"valueRequired\":true,\"valueName\":\"search_term_string\"}}],\"inLanguage\":\"pt-PT\"},{\"@type\":\"Person\",\"@id\":\"https:\/\/portaltela.pt\/#\/schema\/person\/c4278d4a6028830caff9ee44b42d32ed\",\"name\":\"Telinha\",\"image\":{\"@type\":\"ImageObject\",\"inLanguage\":\"pt-PT\",\"@id\":\"https:\/\/portaltela.pt\/s.01k8rhncp4jt1\/2025\/11\/talking-bot-125x125.png\",\"url\":\"https:\/\/portaltela.pt\/s.01k8rhncp4jt1\/2025\/11\/talking-bot-125x125.png\",\"contentUrl\":\"https:\/\/portaltela.pt\/s.01k8rhncp4jt1\/2025\/11\/talking-bot-125x125.png\",\"caption\":\"Telinha\"},\"sameAs\":[\"https:\/\/portaltela.pt\/\"],\"url\":\"https:\/\/portaltela.pt\/por\/367410592786\/\"}]}<\/script>\n<!-- \/ Yoast SEO plugin. -->","yoast_head_json":{"title":"Pol\u00edcia regista quase 30 mil participa\u00e7\u00f5es por viol\u00eancia dom\u00e9stica em 2025 - Portal Tela Portugal","robots":{"index":"index","follow":"follow","max-snippet":"max-snippet:-1","max-image-preview":"max-image-preview:large","max-video-preview":"max-video-preview:-1"},"og_locale":"pt_PT","og_type":"article","og_title":"Pol\u00edcia regista quase 30 mil participa\u00e7\u00f5es por viol\u00eancia dom\u00e9stica em 2025 - Portal Tela Portugal","og_description":"For\u00e7as policiais registaram quase 30 mil participa\u00e7\u00f5es por viol\u00eancia dom\u00e9stica em 2025. O dado foi divulgado pela ag\u00eancia Lusa, com base em informa\u00e7\u00f5es oficiais. O artigo original est\u00e1 dispon\u00edvel apenas para subscritores. O registo pode implicar n\u00fameros de ocorr\u00eancias reportadas \u00e0s autoridades durante o ano. O conte\u00fado cita dados oficiais, sem acrescentar ju\u00edzos de valor ou opini\u00f5es.","og_url":"https:\/\/portaltela.pt\/noticias\/2026\/03\/31\/policia-regista-quase-30-mil-participacoes-por-violencia-domestica-em-2025\/","og_site_name":"Portal Tela Portugal","article_published_time":"2026-03-31T17:58:00+00:00","author":"Telinha","twitter_card":"summary_large_image","twitter_misc":{"Escrito por":"Telinha","Tempo estimado de leitura":"1 minuto"},"schema":{"@context":"https:\/\/schema.org","@graph":[{"@type":"Article","@id":"https:\/\/portaltela.pt\/noticias\/2026\/03\/31\/policia-regista-quase-30-mil-participacoes-por-violencia-domestica-em-2025\/#article","isPartOf":{"@id":"https:\/\/portaltela.pt\/noticias\/2026\/03\/31\/policia-regista-quase-30-mil-participacoes-por-violencia-domestica-em-2025\/"},"author":{"name":"Telinha","@id":"https:\/\/portaltela.pt\/#\/schema\/person\/c4278d4a6028830caff9ee44b42d32ed"},"headline":"Pol\u00edcia regista quase 30 mil participa\u00e7\u00f5es por viol\u00eancia dom\u00e9stica em 2025","datePublished":"2026-03-31T17:58:00+00:00","mainEntityOfPage":{"@id":"https:\/\/portaltela.pt\/noticias\/2026\/03\/31\/policia-regista-quase-30-mil-participacoes-por-violencia-domestica-em-2025\/"},"wordCount":226,"image":{"@id":"https:\/\/portaltela.pt\/noticias\/2026\/03\/31\/policia-regista-quase-30-mil-participacoes-por-violencia-domestica-em-2025\/#primaryimage"},"thumbnailUrl":"https:\/\/portaltela.pt\/s.01k8rhncp4jt1\/2026\/03\/CACHE_780X1200_ANALOG_WATERMARKED_40841203_1456508_25052023020109.jpg","keywords":["den\u00fancias","direitos humanos","investiga\u00e7\u00e3o criminal","prote\u00e7\u00e3o social","seguran\u00e7a p\u00fablica","viol\u00eancia dom\u00e9stica"],"articleSection":["Criminalidade","Pol\u00edcia"],"inLanguage":"pt-PT"},{"@type":"WebPage","@id":"https:\/\/portaltela.pt\/noticias\/2026\/03\/31\/policia-regista-quase-30-mil-participacoes-por-violencia-domestica-em-2025\/","url":"https:\/\/portaltela.pt\/noticias\/2026\/03\/31\/policia-regista-quase-30-mil-participacoes-por-violencia-domestica-em-2025\/","name":"Pol\u00edcia regista quase 30 mil participa\u00e7\u00f5es por viol\u00eancia dom\u00e9stica em 2025 - Portal Tela Portugal","isPartOf":{"@id":"https:\/\/portaltela.pt\/#website"},"primaryImageOfPage":{"@id":"https:\/\/portaltela.pt\/noticias\/2026\/03\/31\/policia-regista-quase-30-mil-participacoes-por-violencia-domestica-em-2025\/#primaryimage"},"image":{"@id":"https:\/\/portaltela.pt\/noticias\/2026\/03\/31\/policia-regista-quase-30-mil-participacoes-por-violencia-domestica-em-2025\/#primaryimage"},"thumbnailUrl":"https:\/\/portaltela.pt\/s.01k8rhncp4jt1\/2026\/03\/CACHE_780X1200_ANALOG_WATERMARKED_40841203_1456508_25052023020109.jpg","datePublished":"2026-03-31T17:58:00+00:00","author":{"@id":"https:\/\/portaltela.pt\/#\/schema\/person\/c4278d4a6028830caff9ee44b42d32ed"},"breadcrumb":{"@id":"https:\/\/portaltela.pt\/noticias\/2026\/03\/31\/policia-regista-quase-30-mil-participacoes-por-violencia-domestica-em-2025\/#breadcrumb"},"inLanguage":"pt-PT","potentialAction":[{"@type":"ReadAction","target":["https:\/\/portaltela.pt\/noticias\/2026\/03\/31\/policia-regista-quase-30-mil-participacoes-por-violencia-domestica-em-2025\/"]}]},{"@type":"ImageObject","inLanguage":"pt-PT","@id":"https:\/\/portaltela.pt\/noticias\/2026\/03\/31\/policia-regista-quase-30-mil-participacoes-por-violencia-domestica-em-2025\/#primaryimage","url":"https:\/\/portaltela.pt\/s.01k8rhncp4jt1\/2026\/03\/CACHE_780X1200_ANALOG_WATERMARKED_40841203_1456508_25052023020109.jpg","contentUrl":"https:\/\/portaltela.pt\/s.01k8rhncp4jt1\/2026\/03\/CACHE_780X1200_ANALOG_WATERMARKED_40841203_1456508_25052023020109.jpg","width":796,"height":448,"caption":"For\u00e7as policiais registam quase 30 mil participa\u00e7\u00f5es por viol\u00eancia dom\u00e9stica em 2025"},{"@type":"BreadcrumbList","@id":"https:\/\/portaltela.pt\/noticias\/2026\/03\/31\/policia-regista-quase-30-mil-participacoes-por-violencia-domestica-em-2025\/#breadcrumb","itemListElement":[{"@type":"ListItem","position":1,"name":"In\u00edcio","item":"https:\/\/portaltela.pt\/"},{"@type":"ListItem","position":2,"name":"Pol\u00edcia regista quase 30 mil participa\u00e7\u00f5es por viol\u00eancia dom\u00e9stica em 2025"}]},{"@type":"WebSite","@id":"https:\/\/portaltela.pt\/#website","url":"https:\/\/portaltela.pt\/","name":"Portal Tela Portugal","description":"","potentialAction":[{"@type":"SearchAction","target":{"@type":"EntryPoint","urlTemplate":"https:\/\/portaltela.pt\/?s={search_term_string}"},"query-input":{"@type":"PropertyValueSpecification","valueRequired":true,"valueName":"search_term_string"}}],"inLanguage":"pt-PT"},{"@type":"Person","@id":"https:\/\/portaltela.pt\/#\/schema\/person\/c4278d4a6028830caff9ee44b42d32ed","name":"Telinha","image":{"@type":"ImageObject","inLanguage":"pt-PT","@id":"https:\/\/portaltela.pt\/s.01k8rhncp4jt1\/2025\/11\/talking-bot-125x125.png","url":"https:\/\/portaltela.pt\/s.01k8rhncp4jt1\/2025\/11\/talking-bot-125x125.png","contentUrl":"https:\/\/portaltela.pt\/s.01k8rhncp4jt1\/2025\/11\/talking-bot-125x125.png","caption":"Telinha"},"sameAs":["https:\/\/portaltela.pt\/"],"url":"https:\/\/portaltela.pt\/por\/367410592786\/"}]}},"_links":{"self":[{"href":"https:\/\/portaltela.pt\/api\/wp\/v2\/posts\/428323","targetHints":{"allow":["GET"]}}],"collection":[{"href":"https:\/\/portaltela.pt\/api\/wp\/v2\/posts"}],"about":[{"href":"https:\/\/portaltela.pt\/api\/wp\/v2\/types\/post"}],"author":[{"embeddable":true,"href":"https:\/\/portaltela.pt\/api\/wp\/v2\/users\/2"}],"replies":[{"embeddable":true,"href":"https:\/\/portaltela.pt\/api\/wp\/v2\/comments?post=428323"}],"version-history":[{"count":0,"href":"https:\/\/portaltela.pt\/api\/wp\/v2\/posts\/428323\/revisions"}],"wp:featuredmedia":[{"embeddable":true,"href":"https:\/\/portaltela.pt\/api\/wp\/v2\/media\/428329"}],"wp:attachment":[{"href":"https:\/\/portaltela.pt\/api\/wp\/v2\/media?parent=428323"}],"wp:term":[{"taxonomy":"category","embeddable":true,"href":"https:\/\/portaltela.pt\/api\/wp\/v2\/categories?post=428323"},{"taxonomy":"post_tag","embeddable":true,"href":"https:\/\/portaltela.pt\/api\/wp\/v2\/tags?post=428323"}],"curies":[{"name":"wp","href":"https:\/\/api.w.org\/{rel}","templated":true}]}}