{"id":428311,"date":"2026-03-31T16:47:18","date_gmt":"2026-03-31T19:47:18","guid":{"rendered":"https:\/\/portaltela.pt\/noticias\/2026\/03\/31\/van-der-vaart-lamenta-ausencia-de-ziyech-na-selecao-holandesa\/"},"modified":"2026-03-31T16:47:18","modified_gmt":"2026-03-31T19:47:18","slug":"van-der-vaart-lamenta-ausencia-de-ziyech-na-selecao-holandesa","status":"publish","type":"post","link":"https:\/\/portaltela.pt\/desporto\/futebol\/2026\/03\/31\/van-der-vaart-lamenta-ausencia-de-ziyech-na-selecao-holandesa\/","title":{"rendered":"Van der Vaart lamenta aus\u00eancia de Ziyech na sele\u00e7\u00e3o holandesa"},"content":{"rendered":"<p>Rafael van der Vaart voltou a provocar reac\u00e7\u00f5es no mundo do futebol ao criticar atletas que representam a sele\u00e7\u00e3o de Marrocos depois de terem op\u00e7\u00f5es pela Holanda. O antigo internacional holand\u00eas afirmou que muitos jogadores marroquinos que n\u00e3o apresentam desempenho de alto n\u00edvel na Europa acabam por escolher representar o Marrocos.<\/p>\n<p>Entre as cr\u00edticas, Van der Vaart mencionou especificamente a ideia de que um atleta nascido na Holanda poderia ter ido manter a camisola da sele\u00e7\u00e3o holandesa, citando o caso de Ziyech como exemplo. O coment\u00e1rio surge num contexto de pol\u00e9mica sobre mudan\u00e7as de bandeira desportiva, com foco na fidelidade \u00e0s sele\u00e7\u00f5es de origem.<\/p>\n<p>Na an\u00e1lise do antigo jogador, o discurso envolve a ideia de lealdade \u00e0 p\u00e1tria desportiva e a compara\u00e7\u00e3o entre carreiras em clubes europeus de alto n\u00edvel e jogos com a equipa nacional. O coment\u00e1rio veio depois de meses de discuss\u00f5es p\u00fablicas sobre escolhas de sele\u00e7\u00e3o e naturalidade de jogadores com dupla nacionalidade.<\/p>\n<h3>Contexto e rea\u00e7\u00e3o<\/h3>\n<p>O tema, que ganhou attention medi\u00e1tica, permanece sob escrut\u00ednio entre f\u00e3s e comentadores especializados. Van der Vaart j\u00e1 tinha, anteriormente, gerado controv\u00e9rsia ao comentar outras figuras do futebol associadas a diferentes selec\u00e7\u00f5es, mantendo o foco em quest\u00f5es de representatividade e liga\u00e7\u00e3o aos pa\u00edses de nascimento.<\/p>\n","protected":false},"excerpt":{"rendered":"<ul>\n<li>Rafael van der Vaart criticou futebolistas holandeses que optam por defender Marrocos.<\/li>\n<li>O antigo internacional afirmou que muitos jogadores marroquinos que n\u00e3o se destacam na Europa acabam por escolher Marrocos.<\/li>\n<li>Entre os nomes citados, referiu-se a Hakim Ziyech, nascido na Holanda, que poderia ter ficado na sele\u00e7\u00e3o holandesa.<\/li>\n<li>Van der Vaart disse ainda que gostaria de ter visto Ziyech na equipa dos Pa\u00edses Baixos.<\/li>\n<li>As declara\u00e7\u00f5es destacam preocupa\u00e7\u00f5es sobre mudan\u00e7as de sele\u00e7\u00f5es relacionadas com liga\u00e7\u00f5es a ambos os pa\u00edses.<\/li>\n<\/ul>\n","protected":false},"author":2,"featured_media":428316,"comment_status":"closed","ping_status":"closed","sticky":false,"template":"","format":"standard","meta":{"footnotes":""},"categories":[21,24],"tags":[32,3338,2227,242,1015,1253],"class_list":["post-428311","post","type-post","status-publish","format-standard","has-post-thumbnail","hentry","category-desporto","category-futebol","tag-futebol","tag-futebol-internacional","tag-holanda","tag-jogadores","tag-marrocos","tag-selecao"],"yoast_head":"<!-- This site is optimized with the Yoast SEO plugin v27.2 - https:\/\/yoast.com\/product\/yoast-seo-wordpress\/ -->\n<title>Van der Vaart lamenta aus\u00eancia de Ziyech na sele\u00e7\u00e3o holandesa - Portal Tela Portugal<\/title>\n<meta name=\"robots\" content=\"index, follow, max-snippet:-1, max-image-preview:large, max-video-preview:-1\" \/>\n<meta property=\"og:locale\" content=\"pt_PT\" \/>\n<meta property=\"og:type\" content=\"article\" \/>\n<meta property=\"og:title\" content=\"Van der Vaart lamenta aus\u00eancia de Ziyech na sele\u00e7\u00e3o holandesa - Portal Tela Portugal\" \/>\n<meta property=\"og:description\" content=\"Rafael van der Vaart criticou futebolistas holandeses que optam por defender Marrocos. O antigo internacional afirmou que muitos jogadores marroquinos que n\u00e3o se destacam na Europa acabam por escolher Marrocos. Entre os nomes citados, referiu-se a Hakim Ziyech, nascido na Holanda, que poderia ter ficado na sele\u00e7\u00e3o holandesa. Van der Vaart disse ainda que gostaria de ter visto Ziyech na equipa dos Pa\u00edses Baixos. As declara\u00e7\u00f5es destacam preocupa\u00e7\u00f5es sobre mudan\u00e7as de sele\u00e7\u00f5es relacionadas com liga\u00e7\u00f5es a ambos os pa\u00edses.\" \/>\n<meta property=\"og:url\" content=\"https:\/\/portaltela.pt\/noticias\/2026\/03\/31\/van-der-vaart-lamenta-ausencia-de-ziyech-na-selecao-holandesa\/\" \/>\n<meta property=\"og:site_name\" content=\"Portal Tela Portugal\" \/>\n<meta property=\"article:published_time\" content=\"2026-03-31T19:47:18+00:00\" \/>\n<meta name=\"author\" content=\"Telinha\" \/>\n<meta name=\"twitter:card\" content=\"summary_large_image\" \/>\n<meta name=\"twitter:label1\" content=\"Escrito por\" \/>\n\t<meta name=\"twitter:data1\" content=\"Telinha\" \/>\n\t<meta name=\"twitter:label2\" content=\"Tempo estimado de leitura\" \/>\n\t<meta name=\"twitter:data2\" content=\"1 minuto\" \/>\n<script type=\"application\/ld+json\" class=\"yoast-schema-graph\">{\"@context\":\"https:\/\/schema.org\",\"@graph\":[{\"@type\":\"Article\",\"@id\":\"https:\/\/portaltela.pt\/noticias\/2026\/03\/31\/van-der-vaart-lamenta-ausencia-de-ziyech-na-selecao-holandesa\/#article\",\"isPartOf\":{\"@id\":\"https:\/\/portaltela.pt\/noticias\/2026\/03\/31\/van-der-vaart-lamenta-ausencia-de-ziyech-na-selecao-holandesa\/\"},\"author\":{\"name\":\"Telinha\",\"@id\":\"https:\/\/portaltela.pt\/#\/schema\/person\/c4278d4a6028830caff9ee44b42d32ed\"},\"headline\":\"Van der Vaart lamenta aus\u00eancia de Ziyech na sele\u00e7\u00e3o holandesa\",\"datePublished\":\"2026-03-31T19:47:18+00:00\",\"mainEntityOfPage\":{\"@id\":\"https:\/\/portaltela.pt\/noticias\/2026\/03\/31\/van-der-vaart-lamenta-ausencia-de-ziyech-na-selecao-holandesa\/\"},\"wordCount\":244,\"image\":{\"@id\":\"https:\/\/portaltela.pt\/noticias\/2026\/03\/31\/van-der-vaart-lamenta-ausencia-de-ziyech-na-selecao-holandesa\/#primaryimage\"},\"thumbnailUrl\":\"https:\/\/portaltela.pt\/s.01k8rhncp4jt1\/2026\/03\/img_920x518uu2026-03-31-20-32-40-2430354.jpg\",\"keywords\":[\"futebol\",\"futebol internacional\",\"Holanda\",\"jogadores\",\"Marrocos\",\"Sele\u00e7\u00e3o\"],\"articleSection\":[\"Desporto\",\"Futebol\"],\"inLanguage\":\"pt-PT\"},{\"@type\":\"WebPage\",\"@id\":\"https:\/\/portaltela.pt\/noticias\/2026\/03\/31\/van-der-vaart-lamenta-ausencia-de-ziyech-na-selecao-holandesa\/\",\"url\":\"https:\/\/portaltela.pt\/noticias\/2026\/03\/31\/van-der-vaart-lamenta-ausencia-de-ziyech-na-selecao-holandesa\/\",\"name\":\"Van der Vaart lamenta aus\u00eancia de Ziyech na sele\u00e7\u00e3o holandesa - Portal Tela Portugal\",\"isPartOf\":{\"@id\":\"https:\/\/portaltela.pt\/#website\"},\"primaryImageOfPage\":{\"@id\":\"https:\/\/portaltela.pt\/noticias\/2026\/03\/31\/van-der-vaart-lamenta-ausencia-de-ziyech-na-selecao-holandesa\/#primaryimage\"},\"image\":{\"@id\":\"https:\/\/portaltela.pt\/noticias\/2026\/03\/31\/van-der-vaart-lamenta-ausencia-de-ziyech-na-selecao-holandesa\/#primaryimage\"},\"thumbnailUrl\":\"https:\/\/portaltela.pt\/s.01k8rhncp4jt1\/2026\/03\/img_920x518uu2026-03-31-20-32-40-2430354.jpg\",\"datePublished\":\"2026-03-31T19:47:18+00:00\",\"author\":{\"@id\":\"https:\/\/portaltela.pt\/#\/schema\/person\/c4278d4a6028830caff9ee44b42d32ed\"},\"breadcrumb\":{\"@id\":\"https:\/\/portaltela.pt\/noticias\/2026\/03\/31\/van-der-vaart-lamenta-ausencia-de-ziyech-na-selecao-holandesa\/#breadcrumb\"},\"inLanguage\":\"pt-PT\",\"potentialAction\":[{\"@type\":\"ReadAction\",\"target\":[\"https:\/\/portaltela.pt\/noticias\/2026\/03\/31\/van-der-vaart-lamenta-ausencia-de-ziyech-na-selecao-holandesa\/\"]}]},{\"@type\":\"ImageObject\",\"inLanguage\":\"pt-PT\",\"@id\":\"https:\/\/portaltela.pt\/noticias\/2026\/03\/31\/van-der-vaart-lamenta-ausencia-de-ziyech-na-selecao-holandesa\/#primaryimage\",\"url\":\"https:\/\/portaltela.pt\/s.01k8rhncp4jt1\/2026\/03\/img_920x518uu2026-03-31-20-32-40-2430354.jpg\",\"contentUrl\":\"https:\/\/portaltela.pt\/s.01k8rhncp4jt1\/2026\/03\/img_920x518uu2026-03-31-20-32-40-2430354.jpg\",\"width\":796,\"height\":448,\"caption\":\"Van der Vaart comenta escolha de Ziyech por Marrocos\"},{\"@type\":\"BreadcrumbList\",\"@id\":\"https:\/\/portaltela.pt\/noticias\/2026\/03\/31\/van-der-vaart-lamenta-ausencia-de-ziyech-na-selecao-holandesa\/#breadcrumb\",\"itemListElement\":[{\"@type\":\"ListItem\",\"position\":1,\"name\":\"In\u00edcio\",\"item\":\"https:\/\/portaltela.pt\/\"},{\"@type\":\"ListItem\",\"position\":2,\"name\":\"Van der Vaart lamenta aus\u00eancia de Ziyech na sele\u00e7\u00e3o holandesa\"}]},{\"@type\":\"WebSite\",\"@id\":\"https:\/\/portaltela.pt\/#website\",\"url\":\"https:\/\/portaltela.pt\/\",\"name\":\"Portal Tela Portugal\",\"description\":\"\",\"potentialAction\":[{\"@type\":\"SearchAction\",\"target\":{\"@type\":\"EntryPoint\",\"urlTemplate\":\"https:\/\/portaltela.pt\/?s={search_term_string}\"},\"query-input\":{\"@type\":\"PropertyValueSpecification\",\"valueRequired\":true,\"valueName\":\"search_term_string\"}}],\"inLanguage\":\"pt-PT\"},{\"@type\":\"Person\",\"@id\":\"https:\/\/portaltela.pt\/#\/schema\/person\/c4278d4a6028830caff9ee44b42d32ed\",\"name\":\"Telinha\",\"image\":{\"@type\":\"ImageObject\",\"inLanguage\":\"pt-PT\",\"@id\":\"https:\/\/portaltela.pt\/s.01k8rhncp4jt1\/2025\/11\/talking-bot-125x125.png\",\"url\":\"https:\/\/portaltela.pt\/s.01k8rhncp4jt1\/2025\/11\/talking-bot-125x125.png\",\"contentUrl\":\"https:\/\/portaltela.pt\/s.01k8rhncp4jt1\/2025\/11\/talking-bot-125x125.png\",\"caption\":\"Telinha\"},\"sameAs\":[\"https:\/\/portaltela.pt\/\"],\"url\":\"https:\/\/portaltela.pt\/por\/367410592786\/\"}]}<\/script>\n<!-- \/ Yoast SEO plugin. -->","yoast_head_json":{"title":"Van der Vaart lamenta aus\u00eancia de Ziyech na sele\u00e7\u00e3o holandesa - Portal Tela Portugal","robots":{"index":"index","follow":"follow","max-snippet":"max-snippet:-1","max-image-preview":"max-image-preview:large","max-video-preview":"max-video-preview:-1"},"og_locale":"pt_PT","og_type":"article","og_title":"Van der Vaart lamenta aus\u00eancia de Ziyech na sele\u00e7\u00e3o holandesa - Portal Tela Portugal","og_description":"Rafael van der Vaart criticou futebolistas holandeses que optam por defender Marrocos. O antigo internacional afirmou que muitos jogadores marroquinos que n\u00e3o se destacam na Europa acabam por escolher Marrocos. Entre os nomes citados, referiu-se a Hakim Ziyech, nascido na Holanda, que poderia ter ficado na sele\u00e7\u00e3o holandesa. Van der Vaart disse ainda que gostaria de ter visto Ziyech na equipa dos Pa\u00edses Baixos. As declara\u00e7\u00f5es destacam preocupa\u00e7\u00f5es sobre mudan\u00e7as de sele\u00e7\u00f5es relacionadas com liga\u00e7\u00f5es a ambos os pa\u00edses.","og_url":"https:\/\/portaltela.pt\/noticias\/2026\/03\/31\/van-der-vaart-lamenta-ausencia-de-ziyech-na-selecao-holandesa\/","og_site_name":"Portal Tela Portugal","article_published_time":"2026-03-31T19:47:18+00:00","author":"Telinha","twitter_card":"summary_large_image","twitter_misc":{"Escrito por":"Telinha","Tempo estimado de leitura":"1 minuto"},"schema":{"@context":"https:\/\/schema.org","@graph":[{"@type":"Article","@id":"https:\/\/portaltela.pt\/noticias\/2026\/03\/31\/van-der-vaart-lamenta-ausencia-de-ziyech-na-selecao-holandesa\/#article","isPartOf":{"@id":"https:\/\/portaltela.pt\/noticias\/2026\/03\/31\/van-der-vaart-lamenta-ausencia-de-ziyech-na-selecao-holandesa\/"},"author":{"name":"Telinha","@id":"https:\/\/portaltela.pt\/#\/schema\/person\/c4278d4a6028830caff9ee44b42d32ed"},"headline":"Van der Vaart lamenta aus\u00eancia de Ziyech na sele\u00e7\u00e3o holandesa","datePublished":"2026-03-31T19:47:18+00:00","mainEntityOfPage":{"@id":"https:\/\/portaltela.pt\/noticias\/2026\/03\/31\/van-der-vaart-lamenta-ausencia-de-ziyech-na-selecao-holandesa\/"},"wordCount":244,"image":{"@id":"https:\/\/portaltela.pt\/noticias\/2026\/03\/31\/van-der-vaart-lamenta-ausencia-de-ziyech-na-selecao-holandesa\/#primaryimage"},"thumbnailUrl":"https:\/\/portaltela.pt\/s.01k8rhncp4jt1\/2026\/03\/img_920x518uu2026-03-31-20-32-40-2430354.jpg","keywords":["futebol","futebol internacional","Holanda","jogadores","Marrocos","Sele\u00e7\u00e3o"],"articleSection":["Desporto","Futebol"],"inLanguage":"pt-PT"},{"@type":"WebPage","@id":"https:\/\/portaltela.pt\/noticias\/2026\/03\/31\/van-der-vaart-lamenta-ausencia-de-ziyech-na-selecao-holandesa\/","url":"https:\/\/portaltela.pt\/noticias\/2026\/03\/31\/van-der-vaart-lamenta-ausencia-de-ziyech-na-selecao-holandesa\/","name":"Van der Vaart lamenta aus\u00eancia de Ziyech na sele\u00e7\u00e3o holandesa - Portal Tela Portugal","isPartOf":{"@id":"https:\/\/portaltela.pt\/#website"},"primaryImageOfPage":{"@id":"https:\/\/portaltela.pt\/noticias\/2026\/03\/31\/van-der-vaart-lamenta-ausencia-de-ziyech-na-selecao-holandesa\/#primaryimage"},"image":{"@id":"https:\/\/portaltela.pt\/noticias\/2026\/03\/31\/van-der-vaart-lamenta-ausencia-de-ziyech-na-selecao-holandesa\/#primaryimage"},"thumbnailUrl":"https:\/\/portaltela.pt\/s.01k8rhncp4jt1\/2026\/03\/img_920x518uu2026-03-31-20-32-40-2430354.jpg","datePublished":"2026-03-31T19:47:18+00:00","author":{"@id":"https:\/\/portaltela.pt\/#\/schema\/person\/c4278d4a6028830caff9ee44b42d32ed"},"breadcrumb":{"@id":"https:\/\/portaltela.pt\/noticias\/2026\/03\/31\/van-der-vaart-lamenta-ausencia-de-ziyech-na-selecao-holandesa\/#breadcrumb"},"inLanguage":"pt-PT","potentialAction":[{"@type":"ReadAction","target":["https:\/\/portaltela.pt\/noticias\/2026\/03\/31\/van-der-vaart-lamenta-ausencia-de-ziyech-na-selecao-holandesa\/"]}]},{"@type":"ImageObject","inLanguage":"pt-PT","@id":"https:\/\/portaltela.pt\/noticias\/2026\/03\/31\/van-der-vaart-lamenta-ausencia-de-ziyech-na-selecao-holandesa\/#primaryimage","url":"https:\/\/portaltela.pt\/s.01k8rhncp4jt1\/2026\/03\/img_920x518uu2026-03-31-20-32-40-2430354.jpg","contentUrl":"https:\/\/portaltela.pt\/s.01k8rhncp4jt1\/2026\/03\/img_920x518uu2026-03-31-20-32-40-2430354.jpg","width":796,"height":448,"caption":"Van der Vaart comenta escolha de Ziyech por Marrocos"},{"@type":"BreadcrumbList","@id":"https:\/\/portaltela.pt\/noticias\/2026\/03\/31\/van-der-vaart-lamenta-ausencia-de-ziyech-na-selecao-holandesa\/#breadcrumb","itemListElement":[{"@type":"ListItem","position":1,"name":"In\u00edcio","item":"https:\/\/portaltela.pt\/"},{"@type":"ListItem","position":2,"name":"Van der Vaart lamenta aus\u00eancia de Ziyech na sele\u00e7\u00e3o holandesa"}]},{"@type":"WebSite","@id":"https:\/\/portaltela.pt\/#website","url":"https:\/\/portaltela.pt\/","name":"Portal Tela Portugal","description":"","potentialAction":[{"@type":"SearchAction","target":{"@type":"EntryPoint","urlTemplate":"https:\/\/portaltela.pt\/?s={search_term_string}"},"query-input":{"@type":"PropertyValueSpecification","valueRequired":true,"valueName":"search_term_string"}}],"inLanguage":"pt-PT"},{"@type":"Person","@id":"https:\/\/portaltela.pt\/#\/schema\/person\/c4278d4a6028830caff9ee44b42d32ed","name":"Telinha","image":{"@type":"ImageObject","inLanguage":"pt-PT","@id":"https:\/\/portaltela.pt\/s.01k8rhncp4jt1\/2025\/11\/talking-bot-125x125.png","url":"https:\/\/portaltela.pt\/s.01k8rhncp4jt1\/2025\/11\/talking-bot-125x125.png","contentUrl":"https:\/\/portaltela.pt\/s.01k8rhncp4jt1\/2025\/11\/talking-bot-125x125.png","caption":"Telinha"},"sameAs":["https:\/\/portaltela.pt\/"],"url":"https:\/\/portaltela.pt\/por\/367410592786\/"}]}},"_links":{"self":[{"href":"https:\/\/portaltela.pt\/api\/wp\/v2\/posts\/428311","targetHints":{"allow":["GET"]}}],"collection":[{"href":"https:\/\/portaltela.pt\/api\/wp\/v2\/posts"}],"about":[{"href":"https:\/\/portaltela.pt\/api\/wp\/v2\/types\/post"}],"author":[{"embeddable":true,"href":"https:\/\/portaltela.pt\/api\/wp\/v2\/users\/2"}],"replies":[{"embeddable":true,"href":"https:\/\/portaltela.pt\/api\/wp\/v2\/comments?post=428311"}],"version-history":[{"count":0,"href":"https:\/\/portaltela.pt\/api\/wp\/v2\/posts\/428311\/revisions"}],"wp:featuredmedia":[{"embeddable":true,"href":"https:\/\/portaltela.pt\/api\/wp\/v2\/media\/428316"}],"wp:attachment":[{"href":"https:\/\/portaltela.pt\/api\/wp\/v2\/media?parent=428311"}],"wp:term":[{"taxonomy":"category","embeddable":true,"href":"https:\/\/portaltela.pt\/api\/wp\/v2\/categories?post=428311"},{"taxonomy":"post_tag","embeddable":true,"href":"https:\/\/portaltela.pt\/api\/wp\/v2\/tags?post=428311"}],"curies":[{"name":"wp","href":"https:\/\/api.w.org\/{rel}","templated":true}]}}