{"id":428305,"date":"2026-03-31T16:32:23","date_gmt":"2026-03-31T19:32:23","guid":{"rendered":"https:\/\/portaltela.pt\/noticias\/2026\/03\/31\/feira-de-marco-em-aveiro-tem-melhor-arranque-de-sempre-com-24-mil-visitantes\/"},"modified":"2026-03-31T16:32:23","modified_gmt":"2026-03-31T19:32:23","slug":"feira-de-marco-em-aveiro-tem-melhor-arranque-de-sempre-com-24-mil-visitantes","status":"publish","type":"post","link":"https:\/\/portaltela.pt\/noticias\/economia\/2026\/03\/31\/feira-de-marco-em-aveiro-tem-melhor-arranque-de-sempre-com-24-mil-visitantes\/","title":{"rendered":"Feira de Mar\u00e7o em Aveiro tem melhor arranque de sempre com 24 mil visitantes"},"content":{"rendered":"<p>A Feira de Mar\u00e7o de Aveiro abriu portas no dia 25 e j\u00e1 alcan\u00e7ou o melhor arranque de sempre, com 24 mil visitantes no primeiro domingo. A avalia\u00e7\u00e3o foi feita pela C\u00e2mara de Aveiro, organizadora do evento, que tamb\u00e9m destacou n\u00fameros hist\u00f3ricos no segundo dia de atividade.<\/p>\n<p>Segundo a autarquia, a 590.\u00aa edi\u00e7\u00e3o registou o melhor dia de abertura, com procura elevada que se manteve nos dias seguintes. O bilhete de fam\u00edlia destacou-se, representando cerca de 20% do total de entradas vendidas.<\/p>\n<p>O bilhete fam\u00edlia \u00e9 uma novidade deste ano e oferece um desconto de 25% no pre\u00e7o das entradas, dispon\u00edvel a partir de tr\u00eas pessoas. Os bilhetes custam entre 4 e 6 euros, dependendo do artista, e s\u00e3o pagos na sexta-feira, no s\u00e1bado e na segunda-feira de P\u00e1scoa, dias de concertos.<\/p>\n<h3>Programa\u00e7\u00e3o e bilhetes<\/h3>\n<p>Ap\u00f3s Os Vizinhos e Ant\u00f3nio Zambujo como cabe\u00e7as de cartaz do primeiro fim de semana, a programa\u00e7\u00e3o segue com B\u00e1rbara Bandeira, Mc Ryan SP, Sons do Minho, Sara Correia, Marisa Luz, Lon3r Johny, Napa, Fernando Daniel e Wet Bed Gang.<\/p>\n<p>A Feira de Mar\u00e7o, uma das maiores mostras econ\u00f3micas da Regi\u00e3o Centro, combina exposi\u00e7\u00e3o empresarial com gastronomia, artesanato, associaativismo e divers\u00e3o. Decorre no Parque de Exposi\u00e7\u00f5es de Aveiro at\u00e9 ao dia 26 de abril.<\/p>\n","protected":false},"excerpt":{"rendered":"<ul>\n<li>A Feira de Mar\u00e7o de Aveiro abriu portas a 25 de mar\u00e7o e teve o melhor arranque de sempre, segundo a C\u00e2mara Municipal.<\/li>\n<li>No primeiro domingo, entraram no recinto 24 mil visitantes, com n\u00fameros hist\u00f3ricos no dia de abertura.<\/li>\n<li>Destacou-se a elevada procura do bilhete de fam\u00edlia, que j\u00e1 representa cerca de 20% do total de entradas vendidas.<\/li>\n<li>O bilhete fam\u00edlia oferece 25% de desconto a partir de tr\u00eas pessoas, com entradas entre quatro e seis euros, pagas \u00e0 sexta-feira, ao s\u00e1bado e na segunda-feira de P\u00e1scoa.<\/li>\n<li>A programa\u00e7\u00e3o musical segue com B\u00e1rbara Bandeira, Mc Ryan SP, Sons do Minho, Sara Correia, Marisa Luz, Lon3r Johny, Napa, Fernando Daniel e Wet Bed Gang, at\u00e9 26 de abril, no Parque de Exposi\u00e7\u00f5es.<\/li>\n<\/ul>\n","protected":false},"author":2,"featured_media":428307,"comment_status":"closed","ping_status":"closed","sticky":false,"template":"","format":"standard","meta":{"footnotes":""},"categories":[2,1],"tags":[222,1059,28,6472,219,4650],"class_list":["post-428305","post","type-post","status-publish","format-standard","has-post-thumbnail","hentry","category-economia","category-noticias","tag-artesanato","tag-aveiro","tag-economia","tag-feiras","tag-gastronomia","tag-regiao-centro"],"yoast_head":"<!-- This site is optimized with the Yoast SEO plugin v27.2 - https:\/\/yoast.com\/product\/yoast-seo-wordpress\/ -->\n<title>Feira de Mar\u00e7o em Aveiro tem melhor arranque de sempre com 24 mil visitantes - Portal Tela Portugal<\/title>\n<meta name=\"robots\" content=\"index, follow, max-snippet:-1, max-image-preview:large, max-video-preview:-1\" \/>\n<meta property=\"og:locale\" content=\"pt_PT\" \/>\n<meta property=\"og:type\" content=\"article\" \/>\n<meta property=\"og:title\" content=\"Feira de Mar\u00e7o em Aveiro tem melhor arranque de sempre com 24 mil visitantes - Portal Tela Portugal\" \/>\n<meta property=\"og:description\" content=\"A Feira de Mar\u00e7o de Aveiro abriu portas a 25 de mar\u00e7o e teve o melhor arranque de sempre, segundo a C\u00e2mara Municipal. No primeiro domingo, entraram no recinto 24 mil visitantes, com n\u00fameros hist\u00f3ricos no dia de abertura. Destacou-se a elevada procura do bilhete de fam\u00edlia, que j\u00e1 representa cerca de 20% do total de entradas vendidas. O bilhete fam\u00edlia oferece 25% de desconto a partir de tr\u00eas pessoas, com entradas entre quatro e seis euros, pagas \u00e0 sexta-feira, ao s\u00e1bado e na segunda-feira de P\u00e1scoa. A programa\u00e7\u00e3o musical segue com B\u00e1rbara Bandeira, Mc Ryan SP, Sons do Minho, Sara Correia, Marisa Luz, Lon3r Johny, Napa, Fernando Daniel e Wet Bed Gang, at\u00e9 26 de abril, no Parque de Exposi\u00e7\u00f5es.\" \/>\n<meta property=\"og:url\" content=\"https:\/\/portaltela.pt\/noticias\/2026\/03\/31\/feira-de-marco-em-aveiro-tem-melhor-arranque-de-sempre-com-24-mil-visitantes\/\" \/>\n<meta property=\"og:site_name\" content=\"Portal Tela Portugal\" \/>\n<meta property=\"article:published_time\" content=\"2026-03-31T19:32:23+00:00\" \/>\n<meta name=\"author\" content=\"Telinha\" \/>\n<meta name=\"twitter:card\" content=\"summary_large_image\" \/>\n<meta name=\"twitter:label1\" content=\"Escrito por\" \/>\n\t<meta name=\"twitter:data1\" content=\"Telinha\" \/>\n\t<meta name=\"twitter:label2\" content=\"Tempo estimado de leitura\" \/>\n\t<meta name=\"twitter:data2\" content=\"1 minuto\" \/>\n<script type=\"application\/ld+json\" class=\"yoast-schema-graph\">{\"@context\":\"https:\/\/schema.org\",\"@graph\":[{\"@type\":\"Article\",\"@id\":\"https:\/\/portaltela.pt\/noticias\/2026\/03\/31\/feira-de-marco-em-aveiro-tem-melhor-arranque-de-sempre-com-24-mil-visitantes\/#article\",\"isPartOf\":{\"@id\":\"https:\/\/portaltela.pt\/noticias\/2026\/03\/31\/feira-de-marco-em-aveiro-tem-melhor-arranque-de-sempre-com-24-mil-visitantes\/\"},\"author\":{\"name\":\"Telinha\",\"@id\":\"https:\/\/portaltela.pt\/#\/schema\/person\/c4278d4a6028830caff9ee44b42d32ed\"},\"headline\":\"Feira de Mar\u00e7o em Aveiro tem melhor arranque de sempre com 24 mil visitantes\",\"datePublished\":\"2026-03-31T19:32:23+00:00\",\"mainEntityOfPage\":{\"@id\":\"https:\/\/portaltela.pt\/noticias\/2026\/03\/31\/feira-de-marco-em-aveiro-tem-melhor-arranque-de-sempre-com-24-mil-visitantes\/\"},\"wordCount\":243,\"image\":{\"@id\":\"https:\/\/portaltela.pt\/noticias\/2026\/03\/31\/feira-de-marco-em-aveiro-tem-melhor-arranque-de-sempre-com-24-mil-visitantes\/#primaryimage\"},\"thumbnailUrl\":\"https:\/\/portaltela.pt\/s.01k8rhncp4jt1\/2026\/03\/cf4ec11c-a2ee-42f6-a097-e02e66dbc0f0_1200x675.jpg\",\"keywords\":[\"artesanato\",\"Aveiro\",\"economia\",\"feiras\",\"gastronomia\",\"Regi\u00e3o Centro\"],\"articleSection\":[\"Economia\",\"Not\u00edcias\"],\"inLanguage\":\"pt-PT\"},{\"@type\":\"WebPage\",\"@id\":\"https:\/\/portaltela.pt\/noticias\/2026\/03\/31\/feira-de-marco-em-aveiro-tem-melhor-arranque-de-sempre-com-24-mil-visitantes\/\",\"url\":\"https:\/\/portaltela.pt\/noticias\/2026\/03\/31\/feira-de-marco-em-aveiro-tem-melhor-arranque-de-sempre-com-24-mil-visitantes\/\",\"name\":\"Feira de Mar\u00e7o em Aveiro tem melhor arranque de sempre com 24 mil visitantes - Portal Tela Portugal\",\"isPartOf\":{\"@id\":\"https:\/\/portaltela.pt\/#website\"},\"primaryImageOfPage\":{\"@id\":\"https:\/\/portaltela.pt\/noticias\/2026\/03\/31\/feira-de-marco-em-aveiro-tem-melhor-arranque-de-sempre-com-24-mil-visitantes\/#primaryimage\"},\"image\":{\"@id\":\"https:\/\/portaltela.pt\/noticias\/2026\/03\/31\/feira-de-marco-em-aveiro-tem-melhor-arranque-de-sempre-com-24-mil-visitantes\/#primaryimage\"},\"thumbnailUrl\":\"https:\/\/portaltela.pt\/s.01k8rhncp4jt1\/2026\/03\/cf4ec11c-a2ee-42f6-a097-e02e66dbc0f0_1200x675.jpg\",\"datePublished\":\"2026-03-31T19:32:23+00:00\",\"author\":{\"@id\":\"https:\/\/portaltela.pt\/#\/schema\/person\/c4278d4a6028830caff9ee44b42d32ed\"},\"breadcrumb\":{\"@id\":\"https:\/\/portaltela.pt\/noticias\/2026\/03\/31\/feira-de-marco-em-aveiro-tem-melhor-arranque-de-sempre-com-24-mil-visitantes\/#breadcrumb\"},\"inLanguage\":\"pt-PT\",\"potentialAction\":[{\"@type\":\"ReadAction\",\"target\":[\"https:\/\/portaltela.pt\/noticias\/2026\/03\/31\/feira-de-marco-em-aveiro-tem-melhor-arranque-de-sempre-com-24-mil-visitantes\/\"]}]},{\"@type\":\"ImageObject\",\"inLanguage\":\"pt-PT\",\"@id\":\"https:\/\/portaltela.pt\/noticias\/2026\/03\/31\/feira-de-marco-em-aveiro-tem-melhor-arranque-de-sempre-com-24-mil-visitantes\/#primaryimage\",\"url\":\"https:\/\/portaltela.pt\/s.01k8rhncp4jt1\/2026\/03\/cf4ec11c-a2ee-42f6-a097-e02e66dbc0f0_1200x675.jpg\",\"contentUrl\":\"https:\/\/portaltela.pt\/s.01k8rhncp4jt1\/2026\/03\/cf4ec11c-a2ee-42f6-a097-e02e66dbc0f0_1200x675.jpg\",\"width\":796,\"height\":448,\"caption\":\"Os carross\u00e9is continuam a ser uma atra\u00e7\u00e3o da Feira de Mar\u00e7o\"},{\"@type\":\"BreadcrumbList\",\"@id\":\"https:\/\/portaltela.pt\/noticias\/2026\/03\/31\/feira-de-marco-em-aveiro-tem-melhor-arranque-de-sempre-com-24-mil-visitantes\/#breadcrumb\",\"itemListElement\":[{\"@type\":\"ListItem\",\"position\":1,\"name\":\"In\u00edcio\",\"item\":\"https:\/\/portaltela.pt\/\"},{\"@type\":\"ListItem\",\"position\":2,\"name\":\"Feira de Mar\u00e7o em Aveiro tem melhor arranque de sempre com 24 mil visitantes\"}]},{\"@type\":\"WebSite\",\"@id\":\"https:\/\/portaltela.pt\/#website\",\"url\":\"https:\/\/portaltela.pt\/\",\"name\":\"Portal Tela Portugal\",\"description\":\"\",\"potentialAction\":[{\"@type\":\"SearchAction\",\"target\":{\"@type\":\"EntryPoint\",\"urlTemplate\":\"https:\/\/portaltela.pt\/?s={search_term_string}\"},\"query-input\":{\"@type\":\"PropertyValueSpecification\",\"valueRequired\":true,\"valueName\":\"search_term_string\"}}],\"inLanguage\":\"pt-PT\"},{\"@type\":\"Person\",\"@id\":\"https:\/\/portaltela.pt\/#\/schema\/person\/c4278d4a6028830caff9ee44b42d32ed\",\"name\":\"Telinha\",\"image\":{\"@type\":\"ImageObject\",\"inLanguage\":\"pt-PT\",\"@id\":\"https:\/\/portaltela.pt\/s.01k8rhncp4jt1\/2025\/11\/talking-bot-125x125.png\",\"url\":\"https:\/\/portaltela.pt\/s.01k8rhncp4jt1\/2025\/11\/talking-bot-125x125.png\",\"contentUrl\":\"https:\/\/portaltela.pt\/s.01k8rhncp4jt1\/2025\/11\/talking-bot-125x125.png\",\"caption\":\"Telinha\"},\"sameAs\":[\"https:\/\/portaltela.pt\/\"],\"url\":\"https:\/\/portaltela.pt\/por\/367410592786\/\"}]}<\/script>\n<!-- \/ Yoast SEO plugin. -->","yoast_head_json":{"title":"Feira de Mar\u00e7o em Aveiro tem melhor arranque de sempre com 24 mil visitantes - Portal Tela Portugal","robots":{"index":"index","follow":"follow","max-snippet":"max-snippet:-1","max-image-preview":"max-image-preview:large","max-video-preview":"max-video-preview:-1"},"og_locale":"pt_PT","og_type":"article","og_title":"Feira de Mar\u00e7o em Aveiro tem melhor arranque de sempre com 24 mil visitantes - Portal Tela Portugal","og_description":"A Feira de Mar\u00e7o de Aveiro abriu portas a 25 de mar\u00e7o e teve o melhor arranque de sempre, segundo a C\u00e2mara Municipal. No primeiro domingo, entraram no recinto 24 mil visitantes, com n\u00fameros hist\u00f3ricos no dia de abertura. Destacou-se a elevada procura do bilhete de fam\u00edlia, que j\u00e1 representa cerca de 20% do total de entradas vendidas. O bilhete fam\u00edlia oferece 25% de desconto a partir de tr\u00eas pessoas, com entradas entre quatro e seis euros, pagas \u00e0 sexta-feira, ao s\u00e1bado e na segunda-feira de P\u00e1scoa. A programa\u00e7\u00e3o musical segue com B\u00e1rbara Bandeira, Mc Ryan SP, Sons do Minho, Sara Correia, Marisa Luz, Lon3r Johny, Napa, Fernando Daniel e Wet Bed Gang, at\u00e9 26 de abril, no Parque de Exposi\u00e7\u00f5es.","og_url":"https:\/\/portaltela.pt\/noticias\/2026\/03\/31\/feira-de-marco-em-aveiro-tem-melhor-arranque-de-sempre-com-24-mil-visitantes\/","og_site_name":"Portal Tela Portugal","article_published_time":"2026-03-31T19:32:23+00:00","author":"Telinha","twitter_card":"summary_large_image","twitter_misc":{"Escrito por":"Telinha","Tempo estimado de leitura":"1 minuto"},"schema":{"@context":"https:\/\/schema.org","@graph":[{"@type":"Article","@id":"https:\/\/portaltela.pt\/noticias\/2026\/03\/31\/feira-de-marco-em-aveiro-tem-melhor-arranque-de-sempre-com-24-mil-visitantes\/#article","isPartOf":{"@id":"https:\/\/portaltela.pt\/noticias\/2026\/03\/31\/feira-de-marco-em-aveiro-tem-melhor-arranque-de-sempre-com-24-mil-visitantes\/"},"author":{"name":"Telinha","@id":"https:\/\/portaltela.pt\/#\/schema\/person\/c4278d4a6028830caff9ee44b42d32ed"},"headline":"Feira de Mar\u00e7o em Aveiro tem melhor arranque de sempre com 24 mil visitantes","datePublished":"2026-03-31T19:32:23+00:00","mainEntityOfPage":{"@id":"https:\/\/portaltela.pt\/noticias\/2026\/03\/31\/feira-de-marco-em-aveiro-tem-melhor-arranque-de-sempre-com-24-mil-visitantes\/"},"wordCount":243,"image":{"@id":"https:\/\/portaltela.pt\/noticias\/2026\/03\/31\/feira-de-marco-em-aveiro-tem-melhor-arranque-de-sempre-com-24-mil-visitantes\/#primaryimage"},"thumbnailUrl":"https:\/\/portaltela.pt\/s.01k8rhncp4jt1\/2026\/03\/cf4ec11c-a2ee-42f6-a097-e02e66dbc0f0_1200x675.jpg","keywords":["artesanato","Aveiro","economia","feiras","gastronomia","Regi\u00e3o Centro"],"articleSection":["Economia","Not\u00edcias"],"inLanguage":"pt-PT"},{"@type":"WebPage","@id":"https:\/\/portaltela.pt\/noticias\/2026\/03\/31\/feira-de-marco-em-aveiro-tem-melhor-arranque-de-sempre-com-24-mil-visitantes\/","url":"https:\/\/portaltela.pt\/noticias\/2026\/03\/31\/feira-de-marco-em-aveiro-tem-melhor-arranque-de-sempre-com-24-mil-visitantes\/","name":"Feira de Mar\u00e7o em Aveiro tem melhor arranque de sempre com 24 mil visitantes - Portal Tela Portugal","isPartOf":{"@id":"https:\/\/portaltela.pt\/#website"},"primaryImageOfPage":{"@id":"https:\/\/portaltela.pt\/noticias\/2026\/03\/31\/feira-de-marco-em-aveiro-tem-melhor-arranque-de-sempre-com-24-mil-visitantes\/#primaryimage"},"image":{"@id":"https:\/\/portaltela.pt\/noticias\/2026\/03\/31\/feira-de-marco-em-aveiro-tem-melhor-arranque-de-sempre-com-24-mil-visitantes\/#primaryimage"},"thumbnailUrl":"https:\/\/portaltela.pt\/s.01k8rhncp4jt1\/2026\/03\/cf4ec11c-a2ee-42f6-a097-e02e66dbc0f0_1200x675.jpg","datePublished":"2026-03-31T19:32:23+00:00","author":{"@id":"https:\/\/portaltela.pt\/#\/schema\/person\/c4278d4a6028830caff9ee44b42d32ed"},"breadcrumb":{"@id":"https:\/\/portaltela.pt\/noticias\/2026\/03\/31\/feira-de-marco-em-aveiro-tem-melhor-arranque-de-sempre-com-24-mil-visitantes\/#breadcrumb"},"inLanguage":"pt-PT","potentialAction":[{"@type":"ReadAction","target":["https:\/\/portaltela.pt\/noticias\/2026\/03\/31\/feira-de-marco-em-aveiro-tem-melhor-arranque-de-sempre-com-24-mil-visitantes\/"]}]},{"@type":"ImageObject","inLanguage":"pt-PT","@id":"https:\/\/portaltela.pt\/noticias\/2026\/03\/31\/feira-de-marco-em-aveiro-tem-melhor-arranque-de-sempre-com-24-mil-visitantes\/#primaryimage","url":"https:\/\/portaltela.pt\/s.01k8rhncp4jt1\/2026\/03\/cf4ec11c-a2ee-42f6-a097-e02e66dbc0f0_1200x675.jpg","contentUrl":"https:\/\/portaltela.pt\/s.01k8rhncp4jt1\/2026\/03\/cf4ec11c-a2ee-42f6-a097-e02e66dbc0f0_1200x675.jpg","width":796,"height":448,"caption":"Os carross\u00e9is continuam a ser uma atra\u00e7\u00e3o da Feira de Mar\u00e7o"},{"@type":"BreadcrumbList","@id":"https:\/\/portaltela.pt\/noticias\/2026\/03\/31\/feira-de-marco-em-aveiro-tem-melhor-arranque-de-sempre-com-24-mil-visitantes\/#breadcrumb","itemListElement":[{"@type":"ListItem","position":1,"name":"In\u00edcio","item":"https:\/\/portaltela.pt\/"},{"@type":"ListItem","position":2,"name":"Feira de Mar\u00e7o em Aveiro tem melhor arranque de sempre com 24 mil visitantes"}]},{"@type":"WebSite","@id":"https:\/\/portaltela.pt\/#website","url":"https:\/\/portaltela.pt\/","name":"Portal Tela Portugal","description":"","potentialAction":[{"@type":"SearchAction","target":{"@type":"EntryPoint","urlTemplate":"https:\/\/portaltela.pt\/?s={search_term_string}"},"query-input":{"@type":"PropertyValueSpecification","valueRequired":true,"valueName":"search_term_string"}}],"inLanguage":"pt-PT"},{"@type":"Person","@id":"https:\/\/portaltela.pt\/#\/schema\/person\/c4278d4a6028830caff9ee44b42d32ed","name":"Telinha","image":{"@type":"ImageObject","inLanguage":"pt-PT","@id":"https:\/\/portaltela.pt\/s.01k8rhncp4jt1\/2025\/11\/talking-bot-125x125.png","url":"https:\/\/portaltela.pt\/s.01k8rhncp4jt1\/2025\/11\/talking-bot-125x125.png","contentUrl":"https:\/\/portaltela.pt\/s.01k8rhncp4jt1\/2025\/11\/talking-bot-125x125.png","caption":"Telinha"},"sameAs":["https:\/\/portaltela.pt\/"],"url":"https:\/\/portaltela.pt\/por\/367410592786\/"}]}},"_links":{"self":[{"href":"https:\/\/portaltela.pt\/api\/wp\/v2\/posts\/428305","targetHints":{"allow":["GET"]}}],"collection":[{"href":"https:\/\/portaltela.pt\/api\/wp\/v2\/posts"}],"about":[{"href":"https:\/\/portaltela.pt\/api\/wp\/v2\/types\/post"}],"author":[{"embeddable":true,"href":"https:\/\/portaltela.pt\/api\/wp\/v2\/users\/2"}],"replies":[{"embeddable":true,"href":"https:\/\/portaltela.pt\/api\/wp\/v2\/comments?post=428305"}],"version-history":[{"count":0,"href":"https:\/\/portaltela.pt\/api\/wp\/v2\/posts\/428305\/revisions"}],"wp:featuredmedia":[{"embeddable":true,"href":"https:\/\/portaltela.pt\/api\/wp\/v2\/media\/428307"}],"wp:attachment":[{"href":"https:\/\/portaltela.pt\/api\/wp\/v2\/media?parent=428305"}],"wp:term":[{"taxonomy":"category","embeddable":true,"href":"https:\/\/portaltela.pt\/api\/wp\/v2\/categories?post=428305"},{"taxonomy":"post_tag","embeddable":true,"href":"https:\/\/portaltela.pt\/api\/wp\/v2\/tags?post=428305"}],"curies":[{"name":"wp","href":"https:\/\/api.w.org\/{rel}","templated":true}]}}