{"id":428304,"date":"2026-03-31T16:32:16","date_gmt":"2026-03-31T19:32:16","guid":{"rendered":"https:\/\/portaltela.pt\/noticias\/2026\/03\/31\/a1-reaberta-no-sentido-sul-norte-apos-fogo-ser-controlado\/"},"modified":"2026-03-31T16:32:16","modified_gmt":"2026-03-31T19:32:16","slug":"a1-reaberta-no-sentido-sul-norte-apos-fogo-ser-controlado","status":"publish","type":"post","link":"https:\/\/portaltela.pt\/acidentes\/2026\/03\/31\/a1-reaberta-no-sentido-sul-norte-apos-fogo-ser-controlado\/","title":{"rendered":"A1 reaberta no sentido Sul-Norte ap\u00f3s fogo ser controlado"},"content":{"rendered":"<p>A Autoestrada A1 reabriu ao tr\u00e1fego no sentido Sul-Norte entre Albergaria e Aveiro Sul, cerca das 19h45, ap\u00f3s um inc\u00eandio florestal estar em resolu\u00e7\u00e3o. O sentido oposto permanece encerrado para permitir as opera\u00e7\u00f5es de bombeiros.<\/p>\n<p>O corte inicial ocorreu por volta das 17h, devido ao fogo que lavrou desde as 11h30 na zona de Eixo, em Aveiro. A resolu\u00e7\u00e3o do inc\u00eandio ocorreu por volta das 19h50, com a via parcialmente reaberta.<\/p>\n<p>Segundo a Brisa, a reabertura foi confirmada \u00e0s 19h45 no sentido Sul-Norte. A circula\u00e7\u00e3o no sentido contr\u00e1rio manteve-se interrompida para facilitar os procedimentos de combate \u00e0s chamas.<\/p>\n<p>A Prote\u00e7\u00e3o Civil confirmou o estado de resolu\u00e7\u00e3o do fogo e a normaliza\u00e7\u00e3o gradual do tr\u00e2nsito. A p\u00e1gina da ANEPC, \u00e0s 20h, indicava 211 operacionais no local e 63 meios terrestres em atividade, com dois meios a\u00e9reos j\u00e1 n\u00e3o ativos.<\/p>\n<p>Fonte do Comando Sub-Regional da Regi\u00e3o de Aveiro informou que n\u00e3o houve risco para habita\u00e7\u00f5es nem para ind\u00fastrias. O foco das opera\u00e7\u00f5es passou a ser a vigil\u00e2ncia e o rescaldo.<\/p>\n<ul>\n<li>O inc\u00eandio est\u00e1 considerado em resolu\u00e7\u00e3o ap\u00f3s interven\u00e7\u00e3o de bombeiros iniciada \u00e0s 11h30.<\/li>\n<li>Avia\u00e7\u00e3o foi organizada com apoio de meios terrestres e a\u00e9reos que j\u00e1 se encontram desmobilizados.<\/li>\n<li>A gest\u00e3o da via continua sob fiscaliza\u00e7\u00e3o das autoridades competentes at\u00e9 \u00e0 total normaliza\u00e7\u00e3o.<\/li>\n<\/ul>\n","protected":false},"excerpt":{"rendered":"<ul>\n<li>A Autoestrada 1 (A1) reabriu em sentido Sul-Norte entre Albergaria e Aveiro Sul pelas 19.45 horas, mantendo encerrada no sentido inverso para opera\u00e7\u00f5es de bombeiros.<\/li>\n<li>O corte total ocorreu por volta das 17 horas, devido a um inc\u00eandio florestal em Eixo, Aveiro, que est\u00e1 em fase de resolu\u00e7\u00e3o desde perto das 19.50 horas.<\/li>\n<li>\u00c0s 20 horas, estavam no combate \u00e0s chamas 211 operacionais e 63 meios terrestres, com dois meios a\u00e9reos que j\u00e1 n\u00e3o atuavam.<\/li>\n<li>A reabertura foi confirmada pela Brisa e pela Prote\u00e7\u00e3o Civil, com a ANEPC a indicar a situa\u00e7\u00e3o na sua p\u00e1gina.<\/li>\n<li>N\u00e3o h\u00e1 registo de casas nem ind\u00fastrias em risco, segundo o Comando Sub-Regional da Regi\u00e3o de Aveiro.<\/li>\n<\/ul>\n","protected":false},"author":2,"featured_media":428306,"comment_status":"closed","ping_status":"closed","sticky":false,"template":"","format":"standard","meta":{"footnotes":""},"categories":[6849],"tags":[1791,5792,1059,971,1438,320],"class_list":["post-428304","post","type-post","status-publish","format-standard","has-post-thumbnail","hentry","category-acidentes","tag-albergaria","tag-autoestradas","tag-aveiro","tag-bombeiros","tag-incendio","tag-protecao-civil"],"yoast_head":"<!-- This site is optimized with the Yoast SEO plugin v27.2 - https:\/\/yoast.com\/product\/yoast-seo-wordpress\/ -->\n<title>A1 reaberta no sentido Sul-Norte ap\u00f3s fogo ser controlado - Portal Tela Portugal<\/title>\n<meta name=\"robots\" content=\"index, follow, max-snippet:-1, max-image-preview:large, max-video-preview:-1\" \/>\n<meta property=\"og:locale\" content=\"pt_PT\" \/>\n<meta property=\"og:type\" content=\"article\" \/>\n<meta property=\"og:title\" content=\"A1 reaberta no sentido Sul-Norte ap\u00f3s fogo ser controlado - Portal Tela Portugal\" \/>\n<meta property=\"og:description\" content=\"A Autoestrada 1 (A1) reabriu em sentido Sul-Norte entre Albergaria e Aveiro Sul pelas 19.45 horas, mantendo encerrada no sentido inverso para opera\u00e7\u00f5es de bombeiros. O corte total ocorreu por volta das 17 horas, devido a um inc\u00eandio florestal em Eixo, Aveiro, que est\u00e1 em fase de resolu\u00e7\u00e3o desde perto das 19.50 horas. \u00c0s 20 horas, estavam no combate \u00e0s chamas 211 operacionais e 63 meios terrestres, com dois meios a\u00e9reos que j\u00e1 n\u00e3o atuavam. A reabertura foi confirmada pela Brisa e pela Prote\u00e7\u00e3o Civil, com a ANEPC a indicar a situa\u00e7\u00e3o na sua p\u00e1gina. N\u00e3o h\u00e1 registo de casas nem ind\u00fastrias em risco, segundo o Comando Sub-Regional da Regi\u00e3o de Aveiro.\" \/>\n<meta property=\"og:url\" content=\"https:\/\/portaltela.pt\/noticias\/2026\/03\/31\/a1-reaberta-no-sentido-sul-norte-apos-fogo-ser-controlado\/\" \/>\n<meta property=\"og:site_name\" content=\"Portal Tela Portugal\" \/>\n<meta property=\"article:published_time\" content=\"2026-03-31T19:32:16+00:00\" \/>\n<meta name=\"author\" content=\"Telinha\" \/>\n<meta name=\"twitter:card\" content=\"summary_large_image\" \/>\n<meta name=\"twitter:label1\" content=\"Escrito por\" \/>\n\t<meta name=\"twitter:data1\" content=\"Telinha\" \/>\n\t<meta name=\"twitter:label2\" content=\"Tempo estimado de leitura\" \/>\n\t<meta name=\"twitter:data2\" content=\"1 minuto\" \/>\n<script type=\"application\/ld+json\" class=\"yoast-schema-graph\">{\"@context\":\"https:\/\/schema.org\",\"@graph\":[{\"@type\":\"Article\",\"@id\":\"https:\/\/portaltela.pt\/noticias\/2026\/03\/31\/a1-reaberta-no-sentido-sul-norte-apos-fogo-ser-controlado\/#article\",\"isPartOf\":{\"@id\":\"https:\/\/portaltela.pt\/noticias\/2026\/03\/31\/a1-reaberta-no-sentido-sul-norte-apos-fogo-ser-controlado\/\"},\"author\":{\"name\":\"Telinha\",\"@id\":\"https:\/\/portaltela.pt\/#\/schema\/person\/c4278d4a6028830caff9ee44b42d32ed\"},\"headline\":\"A1 reaberta no sentido Sul-Norte ap\u00f3s fogo ser controlado\",\"datePublished\":\"2026-03-31T19:32:16+00:00\",\"mainEntityOfPage\":{\"@id\":\"https:\/\/portaltela.pt\/noticias\/2026\/03\/31\/a1-reaberta-no-sentido-sul-norte-apos-fogo-ser-controlado\/\"},\"wordCount\":248,\"image\":{\"@id\":\"https:\/\/portaltela.pt\/noticias\/2026\/03\/31\/a1-reaberta-no-sentido-sul-norte-apos-fogo-ser-controlado\/#primaryimage\"},\"thumbnailUrl\":\"https:\/\/portaltela.pt\/s.01k8rhncp4jt1\/2026\/03\/image-1896.jpg\",\"keywords\":[\"Albergaria\",\"autoestradas\",\"Aveiro\",\"bombeiros\",\"inc\u00eandio\",\"prote\u00e7\u00e3o civil\"],\"articleSection\":[\"Acidentes\"],\"inLanguage\":\"pt-PT\"},{\"@type\":\"WebPage\",\"@id\":\"https:\/\/portaltela.pt\/noticias\/2026\/03\/31\/a1-reaberta-no-sentido-sul-norte-apos-fogo-ser-controlado\/\",\"url\":\"https:\/\/portaltela.pt\/noticias\/2026\/03\/31\/a1-reaberta-no-sentido-sul-norte-apos-fogo-ser-controlado\/\",\"name\":\"A1 reaberta no sentido Sul-Norte ap\u00f3s fogo ser controlado - Portal Tela Portugal\",\"isPartOf\":{\"@id\":\"https:\/\/portaltela.pt\/#website\"},\"primaryImageOfPage\":{\"@id\":\"https:\/\/portaltela.pt\/noticias\/2026\/03\/31\/a1-reaberta-no-sentido-sul-norte-apos-fogo-ser-controlado\/#primaryimage\"},\"image\":{\"@id\":\"https:\/\/portaltela.pt\/noticias\/2026\/03\/31\/a1-reaberta-no-sentido-sul-norte-apos-fogo-ser-controlado\/#primaryimage\"},\"thumbnailUrl\":\"https:\/\/portaltela.pt\/s.01k8rhncp4jt1\/2026\/03\/image-1896.jpg\",\"datePublished\":\"2026-03-31T19:32:16+00:00\",\"author\":{\"@id\":\"https:\/\/portaltela.pt\/#\/schema\/person\/c4278d4a6028830caff9ee44b42d32ed\"},\"breadcrumb\":{\"@id\":\"https:\/\/portaltela.pt\/noticias\/2026\/03\/31\/a1-reaberta-no-sentido-sul-norte-apos-fogo-ser-controlado\/#breadcrumb\"},\"inLanguage\":\"pt-PT\",\"potentialAction\":[{\"@type\":\"ReadAction\",\"target\":[\"https:\/\/portaltela.pt\/noticias\/2026\/03\/31\/a1-reaberta-no-sentido-sul-norte-apos-fogo-ser-controlado\/\"]}]},{\"@type\":\"ImageObject\",\"inLanguage\":\"pt-PT\",\"@id\":\"https:\/\/portaltela.pt\/noticias\/2026\/03\/31\/a1-reaberta-no-sentido-sul-norte-apos-fogo-ser-controlado\/#primaryimage\",\"url\":\"https:\/\/portaltela.pt\/s.01k8rhncp4jt1\/2026\/03\/image-1896.jpg\",\"contentUrl\":\"https:\/\/portaltela.pt\/s.01k8rhncp4jt1\/2026\/03\/image-1896.jpg\",\"width\":796,\"height\":448,\"caption\":\"Pelas 20 horas, mantinham-se no combate \u00e0s chamas 211 operacionais\"},{\"@type\":\"BreadcrumbList\",\"@id\":\"https:\/\/portaltela.pt\/noticias\/2026\/03\/31\/a1-reaberta-no-sentido-sul-norte-apos-fogo-ser-controlado\/#breadcrumb\",\"itemListElement\":[{\"@type\":\"ListItem\",\"position\":1,\"name\":\"In\u00edcio\",\"item\":\"https:\/\/portaltela.pt\/\"},{\"@type\":\"ListItem\",\"position\":2,\"name\":\"A1 reaberta no sentido Sul-Norte ap\u00f3s fogo ser controlado\"}]},{\"@type\":\"WebSite\",\"@id\":\"https:\/\/portaltela.pt\/#website\",\"url\":\"https:\/\/portaltela.pt\/\",\"name\":\"Portal Tela Portugal\",\"description\":\"\",\"potentialAction\":[{\"@type\":\"SearchAction\",\"target\":{\"@type\":\"EntryPoint\",\"urlTemplate\":\"https:\/\/portaltela.pt\/?s={search_term_string}\"},\"query-input\":{\"@type\":\"PropertyValueSpecification\",\"valueRequired\":true,\"valueName\":\"search_term_string\"}}],\"inLanguage\":\"pt-PT\"},{\"@type\":\"Person\",\"@id\":\"https:\/\/portaltela.pt\/#\/schema\/person\/c4278d4a6028830caff9ee44b42d32ed\",\"name\":\"Telinha\",\"image\":{\"@type\":\"ImageObject\",\"inLanguage\":\"pt-PT\",\"@id\":\"https:\/\/portaltela.pt\/s.01k8rhncp4jt1\/2025\/11\/talking-bot-125x125.png\",\"url\":\"https:\/\/portaltela.pt\/s.01k8rhncp4jt1\/2025\/11\/talking-bot-125x125.png\",\"contentUrl\":\"https:\/\/portaltela.pt\/s.01k8rhncp4jt1\/2025\/11\/talking-bot-125x125.png\",\"caption\":\"Telinha\"},\"sameAs\":[\"https:\/\/portaltela.pt\/\"],\"url\":\"https:\/\/portaltela.pt\/por\/367410592786\/\"}]}<\/script>\n<!-- \/ Yoast SEO plugin. -->","yoast_head_json":{"title":"A1 reaberta no sentido Sul-Norte ap\u00f3s fogo ser controlado - Portal Tela Portugal","robots":{"index":"index","follow":"follow","max-snippet":"max-snippet:-1","max-image-preview":"max-image-preview:large","max-video-preview":"max-video-preview:-1"},"og_locale":"pt_PT","og_type":"article","og_title":"A1 reaberta no sentido Sul-Norte ap\u00f3s fogo ser controlado - Portal Tela Portugal","og_description":"A Autoestrada 1 (A1) reabriu em sentido Sul-Norte entre Albergaria e Aveiro Sul pelas 19.45 horas, mantendo encerrada no sentido inverso para opera\u00e7\u00f5es de bombeiros. O corte total ocorreu por volta das 17 horas, devido a um inc\u00eandio florestal em Eixo, Aveiro, que est\u00e1 em fase de resolu\u00e7\u00e3o desde perto das 19.50 horas. \u00c0s 20 horas, estavam no combate \u00e0s chamas 211 operacionais e 63 meios terrestres, com dois meios a\u00e9reos que j\u00e1 n\u00e3o atuavam. A reabertura foi confirmada pela Brisa e pela Prote\u00e7\u00e3o Civil, com a ANEPC a indicar a situa\u00e7\u00e3o na sua p\u00e1gina. N\u00e3o h\u00e1 registo de casas nem ind\u00fastrias em risco, segundo o Comando Sub-Regional da Regi\u00e3o de Aveiro.","og_url":"https:\/\/portaltela.pt\/noticias\/2026\/03\/31\/a1-reaberta-no-sentido-sul-norte-apos-fogo-ser-controlado\/","og_site_name":"Portal Tela Portugal","article_published_time":"2026-03-31T19:32:16+00:00","author":"Telinha","twitter_card":"summary_large_image","twitter_misc":{"Escrito por":"Telinha","Tempo estimado de leitura":"1 minuto"},"schema":{"@context":"https:\/\/schema.org","@graph":[{"@type":"Article","@id":"https:\/\/portaltela.pt\/noticias\/2026\/03\/31\/a1-reaberta-no-sentido-sul-norte-apos-fogo-ser-controlado\/#article","isPartOf":{"@id":"https:\/\/portaltela.pt\/noticias\/2026\/03\/31\/a1-reaberta-no-sentido-sul-norte-apos-fogo-ser-controlado\/"},"author":{"name":"Telinha","@id":"https:\/\/portaltela.pt\/#\/schema\/person\/c4278d4a6028830caff9ee44b42d32ed"},"headline":"A1 reaberta no sentido Sul-Norte ap\u00f3s fogo ser controlado","datePublished":"2026-03-31T19:32:16+00:00","mainEntityOfPage":{"@id":"https:\/\/portaltela.pt\/noticias\/2026\/03\/31\/a1-reaberta-no-sentido-sul-norte-apos-fogo-ser-controlado\/"},"wordCount":248,"image":{"@id":"https:\/\/portaltela.pt\/noticias\/2026\/03\/31\/a1-reaberta-no-sentido-sul-norte-apos-fogo-ser-controlado\/#primaryimage"},"thumbnailUrl":"https:\/\/portaltela.pt\/s.01k8rhncp4jt1\/2026\/03\/image-1896.jpg","keywords":["Albergaria","autoestradas","Aveiro","bombeiros","inc\u00eandio","prote\u00e7\u00e3o civil"],"articleSection":["Acidentes"],"inLanguage":"pt-PT"},{"@type":"WebPage","@id":"https:\/\/portaltela.pt\/noticias\/2026\/03\/31\/a1-reaberta-no-sentido-sul-norte-apos-fogo-ser-controlado\/","url":"https:\/\/portaltela.pt\/noticias\/2026\/03\/31\/a1-reaberta-no-sentido-sul-norte-apos-fogo-ser-controlado\/","name":"A1 reaberta no sentido Sul-Norte ap\u00f3s fogo ser controlado - Portal Tela Portugal","isPartOf":{"@id":"https:\/\/portaltela.pt\/#website"},"primaryImageOfPage":{"@id":"https:\/\/portaltela.pt\/noticias\/2026\/03\/31\/a1-reaberta-no-sentido-sul-norte-apos-fogo-ser-controlado\/#primaryimage"},"image":{"@id":"https:\/\/portaltela.pt\/noticias\/2026\/03\/31\/a1-reaberta-no-sentido-sul-norte-apos-fogo-ser-controlado\/#primaryimage"},"thumbnailUrl":"https:\/\/portaltela.pt\/s.01k8rhncp4jt1\/2026\/03\/image-1896.jpg","datePublished":"2026-03-31T19:32:16+00:00","author":{"@id":"https:\/\/portaltela.pt\/#\/schema\/person\/c4278d4a6028830caff9ee44b42d32ed"},"breadcrumb":{"@id":"https:\/\/portaltela.pt\/noticias\/2026\/03\/31\/a1-reaberta-no-sentido-sul-norte-apos-fogo-ser-controlado\/#breadcrumb"},"inLanguage":"pt-PT","potentialAction":[{"@type":"ReadAction","target":["https:\/\/portaltela.pt\/noticias\/2026\/03\/31\/a1-reaberta-no-sentido-sul-norte-apos-fogo-ser-controlado\/"]}]},{"@type":"ImageObject","inLanguage":"pt-PT","@id":"https:\/\/portaltela.pt\/noticias\/2026\/03\/31\/a1-reaberta-no-sentido-sul-norte-apos-fogo-ser-controlado\/#primaryimage","url":"https:\/\/portaltela.pt\/s.01k8rhncp4jt1\/2026\/03\/image-1896.jpg","contentUrl":"https:\/\/portaltela.pt\/s.01k8rhncp4jt1\/2026\/03\/image-1896.jpg","width":796,"height":448,"caption":"Pelas 20 horas, mantinham-se no combate \u00e0s chamas 211 operacionais"},{"@type":"BreadcrumbList","@id":"https:\/\/portaltela.pt\/noticias\/2026\/03\/31\/a1-reaberta-no-sentido-sul-norte-apos-fogo-ser-controlado\/#breadcrumb","itemListElement":[{"@type":"ListItem","position":1,"name":"In\u00edcio","item":"https:\/\/portaltela.pt\/"},{"@type":"ListItem","position":2,"name":"A1 reaberta no sentido Sul-Norte ap\u00f3s fogo ser controlado"}]},{"@type":"WebSite","@id":"https:\/\/portaltela.pt\/#website","url":"https:\/\/portaltela.pt\/","name":"Portal Tela Portugal","description":"","potentialAction":[{"@type":"SearchAction","target":{"@type":"EntryPoint","urlTemplate":"https:\/\/portaltela.pt\/?s={search_term_string}"},"query-input":{"@type":"PropertyValueSpecification","valueRequired":true,"valueName":"search_term_string"}}],"inLanguage":"pt-PT"},{"@type":"Person","@id":"https:\/\/portaltela.pt\/#\/schema\/person\/c4278d4a6028830caff9ee44b42d32ed","name":"Telinha","image":{"@type":"ImageObject","inLanguage":"pt-PT","@id":"https:\/\/portaltela.pt\/s.01k8rhncp4jt1\/2025\/11\/talking-bot-125x125.png","url":"https:\/\/portaltela.pt\/s.01k8rhncp4jt1\/2025\/11\/talking-bot-125x125.png","contentUrl":"https:\/\/portaltela.pt\/s.01k8rhncp4jt1\/2025\/11\/talking-bot-125x125.png","caption":"Telinha"},"sameAs":["https:\/\/portaltela.pt\/"],"url":"https:\/\/portaltela.pt\/por\/367410592786\/"}]}},"_links":{"self":[{"href":"https:\/\/portaltela.pt\/api\/wp\/v2\/posts\/428304","targetHints":{"allow":["GET"]}}],"collection":[{"href":"https:\/\/portaltela.pt\/api\/wp\/v2\/posts"}],"about":[{"href":"https:\/\/portaltela.pt\/api\/wp\/v2\/types\/post"}],"author":[{"embeddable":true,"href":"https:\/\/portaltela.pt\/api\/wp\/v2\/users\/2"}],"replies":[{"embeddable":true,"href":"https:\/\/portaltela.pt\/api\/wp\/v2\/comments?post=428304"}],"version-history":[{"count":0,"href":"https:\/\/portaltela.pt\/api\/wp\/v2\/posts\/428304\/revisions"}],"wp:featuredmedia":[{"embeddable":true,"href":"https:\/\/portaltela.pt\/api\/wp\/v2\/media\/428306"}],"wp:attachment":[{"href":"https:\/\/portaltela.pt\/api\/wp\/v2\/media?parent=428304"}],"wp:term":[{"taxonomy":"category","embeddable":true,"href":"https:\/\/portaltela.pt\/api\/wp\/v2\/categories?post=428304"},{"taxonomy":"post_tag","embeddable":true,"href":"https:\/\/portaltela.pt\/api\/wp\/v2\/tags?post=428304"}],"curies":[{"name":"wp","href":"https:\/\/api.w.org\/{rel}","templated":true}]}}