{"id":428294,"date":"2026-03-31T16:17:18","date_gmt":"2026-03-31T19:17:18","guid":{"rendered":"https:\/\/portaltela.pt\/noticias\/2026\/03\/31\/caso-de-morte-na-rua-escura-chega-a-julgamento-no-sao-joao-novo\/"},"modified":"2026-03-31T16:17:18","modified_gmt":"2026-03-31T19:17:18","slug":"caso-de-morte-na-rua-escura-chega-a-julgamento-no-sao-joao-novo","status":"publish","type":"post","link":"https:\/\/portaltela.pt\/noticias\/2026\/03\/31\/caso-de-morte-na-rua-escura-chega-a-julgamento-no-sao-joao-novo\/","title":{"rendered":"Caso de morte na Rua Escura chega a julgamento no S\u00e3o Jo\u00e3o Novo"},"content":{"rendered":"<p>No dia 4 de maio do ano passado, um desentendimento entre dois grupos familiares, ambos com origem no Bairro do Cerco, resultou num homic\u00eddio junto ao bar Shisha 13, na Rua Escura, no Porto. A discuss\u00e3o ocorreu durante uma festa privada, que acabaria por desencadear a viol\u00eancia.<\/p>\n<p>A v\u00edtima foi Josu\u00e9 Maia, conhecido por Boxista, de 24 anos, que ter\u00e1 agredido Ant\u00f3nio Cabreira, apelidado Valqu\u00edrio, familiar do arguido. A tens\u00e3o entre os grupos escalou-se, levando a um confronto que terminou com a morte.<\/p>\n<p>O julgamento come\u00e7a no pr\u00f3ximo dia 16 de abril, no Tribunal de S\u00e3o Jo\u00e3o Novo. As autoridades pretendem apurar as circunst\u00e2ncias do incidente, incluindo motiva\u00e7\u00e3o, participa\u00e7\u00e3o de cada arguido e eventuais v\u00ednculos entre os envolvidos.<\/p>\n<h3>Processo e contexto<\/h3>\n<p>O caso envolve oito elementos do n\u00facleo familiar do Cerco, com liga\u00e7\u00f5es anteriores entre as fam\u00edlias. As investiga\u00e7\u00f5es apontam para que o epis\u00f3dio tenha ocorrido no interior do bar, com a troca de agress\u00f5es a partir do desentendimento.<\/p>\n<p>A acusa\u00e7\u00e3o dever\u00e1 apresentar provas sobre a autoria do homic\u00eddio, bem como a responsabilidade de cada arguido. O tribunal vai apreciar os testemunhos, imagens de seguran\u00e7a e peritagens relevantes para a avalia\u00e7\u00e3o do caso.<\/p>\n","protected":false},"excerpt":{"rendered":"<ul>\n<li>O homic\u00eddio ocorreu junto ao bar &#8220;Shisha 13&#8221; na Rua Escura, no Porto, durante uma festa privada, em 4 de maio do ano passado.<\/li>\n<li>As desaven\u00e7as entre dois grupos familiares, ambos do Bairro do Cerco do Porto, j\u00e1 vinham de longa data, mas o caso escalou naquela noite.<\/li>\n<li>A v\u00edtima foi Josu\u00e9 &#8220;Boxista&#8221; Maia, de 24 anos, que alegadamente agrediu Ant\u00f3nio Ara\u00fajo Cabreira, conhecido por &#8220;Valqu\u00edrio&#8221;.<\/li>\n<li>A agress\u00e3o de Maia teria provocado a escalada do conflito e uma troca de agress\u00f5es entre os dois lados.<\/li>\n<li>O julgamento come\u00e7a no dia 16 de abril, no Tribunal de S\u00e3o Jo\u00e3o Novo.<\/li>\n<\/ul>\n","protected":false},"author":2,"featured_media":428300,"comment_status":"closed","ping_status":"closed","sticky":false,"template":"","format":"standard","meta":{"footnotes":""},"categories":[6815,1],"tags":[147,1345,803,982,6208,52],"class_list":["post-428294","post","type-post","status-publish","format-standard","has-post-thumbnail","hentry","category-justica","category-noticias","tag-crime","tag-homicidio","tag-justica","tag-porto","tag-tribunais","tag-tribunal"],"yoast_head":"<!-- This site is optimized with the Yoast SEO plugin v27.2 - https:\/\/yoast.com\/product\/yoast-seo-wordpress\/ -->\n<title>Caso de morte na Rua Escura chega a julgamento no S\u00e3o Jo\u00e3o Novo - Portal Tela Portugal<\/title>\n<meta name=\"robots\" content=\"index, follow, max-snippet:-1, max-image-preview:large, max-video-preview:-1\" \/>\n<meta property=\"og:locale\" content=\"pt_PT\" \/>\n<meta property=\"og:type\" content=\"article\" \/>\n<meta property=\"og:title\" content=\"Caso de morte na Rua Escura chega a julgamento no S\u00e3o Jo\u00e3o Novo - Portal Tela Portugal\" \/>\n<meta property=\"og:description\" content=\"O homic\u00eddio ocorreu junto ao bar &quot;Shisha 13&quot; na Rua Escura, no Porto, durante uma festa privada, em 4 de maio do ano passado. As desaven\u00e7as entre dois grupos familiares, ambos do Bairro do Cerco do Porto, j\u00e1 vinham de longa data, mas o caso escalou naquela noite. A v\u00edtima foi Josu\u00e9 &quot;Boxista&quot; Maia, de 24 anos, que alegadamente agrediu Ant\u00f3nio Ara\u00fajo Cabreira, conhecido por &quot;Valqu\u00edrio&quot;. A agress\u00e3o de Maia teria provocado a escalada do conflito e uma troca de agress\u00f5es entre os dois lados. O julgamento come\u00e7a no dia 16 de abril, no Tribunal de S\u00e3o Jo\u00e3o Novo.\" \/>\n<meta property=\"og:url\" content=\"https:\/\/portaltela.pt\/noticias\/2026\/03\/31\/caso-de-morte-na-rua-escura-chega-a-julgamento-no-sao-joao-novo\/\" \/>\n<meta property=\"og:site_name\" content=\"Portal Tela Portugal\" \/>\n<meta property=\"article:published_time\" content=\"2026-03-31T19:17:18+00:00\" \/>\n<meta name=\"author\" content=\"Telinha\" \/>\n<meta name=\"twitter:card\" content=\"summary_large_image\" \/>\n<meta name=\"twitter:label1\" content=\"Escrito por\" \/>\n\t<meta name=\"twitter:data1\" content=\"Telinha\" \/>\n\t<meta name=\"twitter:label2\" content=\"Tempo estimado de leitura\" \/>\n\t<meta name=\"twitter:data2\" content=\"1 minuto\" \/>\n<script type=\"application\/ld+json\" class=\"yoast-schema-graph\">{\"@context\":\"https:\/\/schema.org\",\"@graph\":[{\"@type\":\"Article\",\"@id\":\"https:\/\/portaltela.pt\/noticias\/2026\/03\/31\/caso-de-morte-na-rua-escura-chega-a-julgamento-no-sao-joao-novo\/#article\",\"isPartOf\":{\"@id\":\"https:\/\/portaltela.pt\/noticias\/2026\/03\/31\/caso-de-morte-na-rua-escura-chega-a-julgamento-no-sao-joao-novo\/\"},\"author\":{\"name\":\"Telinha\",\"@id\":\"https:\/\/portaltela.pt\/#\/schema\/person\/c4278d4a6028830caff9ee44b42d32ed\"},\"headline\":\"Caso de morte na Rua Escura chega a julgamento no S\u00e3o Jo\u00e3o Novo\",\"datePublished\":\"2026-03-31T19:17:18+00:00\",\"mainEntityOfPage\":{\"@id\":\"https:\/\/portaltela.pt\/noticias\/2026\/03\/31\/caso-de-morte-na-rua-escura-chega-a-julgamento-no-sao-joao-novo\/\"},\"wordCount\":229,\"image\":{\"@id\":\"https:\/\/portaltela.pt\/noticias\/2026\/03\/31\/caso-de-morte-na-rua-escura-chega-a-julgamento-no-sao-joao-novo\/#primaryimage\"},\"thumbnailUrl\":\"https:\/\/portaltela.pt\/s.01k8rhncp4jt1\/2026\/03\/image-1895.jpg\",\"keywords\":[\"crime\",\"homic\u00eddio\",\"justi\u00e7a\",\"Porto\",\"Tribunais\",\"tribunal\"],\"articleSection\":[\"Justi\u00e7a\",\"Not\u00edcias\"],\"inLanguage\":\"pt-PT\"},{\"@type\":\"WebPage\",\"@id\":\"https:\/\/portaltela.pt\/noticias\/2026\/03\/31\/caso-de-morte-na-rua-escura-chega-a-julgamento-no-sao-joao-novo\/\",\"url\":\"https:\/\/portaltela.pt\/noticias\/2026\/03\/31\/caso-de-morte-na-rua-escura-chega-a-julgamento-no-sao-joao-novo\/\",\"name\":\"Caso de morte na Rua Escura chega a julgamento no S\u00e3o Jo\u00e3o Novo - Portal Tela Portugal\",\"isPartOf\":{\"@id\":\"https:\/\/portaltela.pt\/#website\"},\"primaryImageOfPage\":{\"@id\":\"https:\/\/portaltela.pt\/noticias\/2026\/03\/31\/caso-de-morte-na-rua-escura-chega-a-julgamento-no-sao-joao-novo\/#primaryimage\"},\"image\":{\"@id\":\"https:\/\/portaltela.pt\/noticias\/2026\/03\/31\/caso-de-morte-na-rua-escura-chega-a-julgamento-no-sao-joao-novo\/#primaryimage\"},\"thumbnailUrl\":\"https:\/\/portaltela.pt\/s.01k8rhncp4jt1\/2026\/03\/image-1895.jpg\",\"datePublished\":\"2026-03-31T19:17:18+00:00\",\"author\":{\"@id\":\"https:\/\/portaltela.pt\/#\/schema\/person\/c4278d4a6028830caff9ee44b42d32ed\"},\"breadcrumb\":{\"@id\":\"https:\/\/portaltela.pt\/noticias\/2026\/03\/31\/caso-de-morte-na-rua-escura-chega-a-julgamento-no-sao-joao-novo\/#breadcrumb\"},\"inLanguage\":\"pt-PT\",\"potentialAction\":[{\"@type\":\"ReadAction\",\"target\":[\"https:\/\/portaltela.pt\/noticias\/2026\/03\/31\/caso-de-morte-na-rua-escura-chega-a-julgamento-no-sao-joao-novo\/\"]}]},{\"@type\":\"ImageObject\",\"inLanguage\":\"pt-PT\",\"@id\":\"https:\/\/portaltela.pt\/noticias\/2026\/03\/31\/caso-de-morte-na-rua-escura-chega-a-julgamento-no-sao-joao-novo\/#primaryimage\",\"url\":\"https:\/\/portaltela.pt\/s.01k8rhncp4jt1\/2026\/03\/image-1895.jpg\",\"contentUrl\":\"https:\/\/portaltela.pt\/s.01k8rhncp4jt1\/2026\/03\/image-1895.jpg\",\"width\":796,\"height\":448,\"caption\":\"Homic\u00eddio que ocorreu junto ao bar \\\"Shisha 13\\\", na rua Escura, no Porto\"},{\"@type\":\"BreadcrumbList\",\"@id\":\"https:\/\/portaltela.pt\/noticias\/2026\/03\/31\/caso-de-morte-na-rua-escura-chega-a-julgamento-no-sao-joao-novo\/#breadcrumb\",\"itemListElement\":[{\"@type\":\"ListItem\",\"position\":1,\"name\":\"In\u00edcio\",\"item\":\"https:\/\/portaltela.pt\/\"},{\"@type\":\"ListItem\",\"position\":2,\"name\":\"Caso de morte na Rua Escura chega a julgamento no S\u00e3o Jo\u00e3o Novo\"}]},{\"@type\":\"WebSite\",\"@id\":\"https:\/\/portaltela.pt\/#website\",\"url\":\"https:\/\/portaltela.pt\/\",\"name\":\"Portal Tela Portugal\",\"description\":\"\",\"potentialAction\":[{\"@type\":\"SearchAction\",\"target\":{\"@type\":\"EntryPoint\",\"urlTemplate\":\"https:\/\/portaltela.pt\/?s={search_term_string}\"},\"query-input\":{\"@type\":\"PropertyValueSpecification\",\"valueRequired\":true,\"valueName\":\"search_term_string\"}}],\"inLanguage\":\"pt-PT\"},{\"@type\":\"Person\",\"@id\":\"https:\/\/portaltela.pt\/#\/schema\/person\/c4278d4a6028830caff9ee44b42d32ed\",\"name\":\"Telinha\",\"image\":{\"@type\":\"ImageObject\",\"inLanguage\":\"pt-PT\",\"@id\":\"https:\/\/portaltela.pt\/s.01k8rhncp4jt1\/2025\/11\/talking-bot-125x125.png\",\"url\":\"https:\/\/portaltela.pt\/s.01k8rhncp4jt1\/2025\/11\/talking-bot-125x125.png\",\"contentUrl\":\"https:\/\/portaltela.pt\/s.01k8rhncp4jt1\/2025\/11\/talking-bot-125x125.png\",\"caption\":\"Telinha\"},\"sameAs\":[\"https:\/\/portaltela.pt\/\"],\"url\":\"https:\/\/portaltela.pt\/por\/367410592786\/\"}]}<\/script>\n<!-- \/ Yoast SEO plugin. -->","yoast_head_json":{"title":"Caso de morte na Rua Escura chega a julgamento no S\u00e3o Jo\u00e3o Novo - Portal Tela Portugal","robots":{"index":"index","follow":"follow","max-snippet":"max-snippet:-1","max-image-preview":"max-image-preview:large","max-video-preview":"max-video-preview:-1"},"og_locale":"pt_PT","og_type":"article","og_title":"Caso de morte na Rua Escura chega a julgamento no S\u00e3o Jo\u00e3o Novo - Portal Tela Portugal","og_description":"O homic\u00eddio ocorreu junto ao bar \"Shisha 13\" na Rua Escura, no Porto, durante uma festa privada, em 4 de maio do ano passado. As desaven\u00e7as entre dois grupos familiares, ambos do Bairro do Cerco do Porto, j\u00e1 vinham de longa data, mas o caso escalou naquela noite. A v\u00edtima foi Josu\u00e9 \"Boxista\" Maia, de 24 anos, que alegadamente agrediu Ant\u00f3nio Ara\u00fajo Cabreira, conhecido por \"Valqu\u00edrio\". A agress\u00e3o de Maia teria provocado a escalada do conflito e uma troca de agress\u00f5es entre os dois lados. O julgamento come\u00e7a no dia 16 de abril, no Tribunal de S\u00e3o Jo\u00e3o Novo.","og_url":"https:\/\/portaltela.pt\/noticias\/2026\/03\/31\/caso-de-morte-na-rua-escura-chega-a-julgamento-no-sao-joao-novo\/","og_site_name":"Portal Tela Portugal","article_published_time":"2026-03-31T19:17:18+00:00","author":"Telinha","twitter_card":"summary_large_image","twitter_misc":{"Escrito por":"Telinha","Tempo estimado de leitura":"1 minuto"},"schema":{"@context":"https:\/\/schema.org","@graph":[{"@type":"Article","@id":"https:\/\/portaltela.pt\/noticias\/2026\/03\/31\/caso-de-morte-na-rua-escura-chega-a-julgamento-no-sao-joao-novo\/#article","isPartOf":{"@id":"https:\/\/portaltela.pt\/noticias\/2026\/03\/31\/caso-de-morte-na-rua-escura-chega-a-julgamento-no-sao-joao-novo\/"},"author":{"name":"Telinha","@id":"https:\/\/portaltela.pt\/#\/schema\/person\/c4278d4a6028830caff9ee44b42d32ed"},"headline":"Caso de morte na Rua Escura chega a julgamento no S\u00e3o Jo\u00e3o Novo","datePublished":"2026-03-31T19:17:18+00:00","mainEntityOfPage":{"@id":"https:\/\/portaltela.pt\/noticias\/2026\/03\/31\/caso-de-morte-na-rua-escura-chega-a-julgamento-no-sao-joao-novo\/"},"wordCount":229,"image":{"@id":"https:\/\/portaltela.pt\/noticias\/2026\/03\/31\/caso-de-morte-na-rua-escura-chega-a-julgamento-no-sao-joao-novo\/#primaryimage"},"thumbnailUrl":"https:\/\/portaltela.pt\/s.01k8rhncp4jt1\/2026\/03\/image-1895.jpg","keywords":["crime","homic\u00eddio","justi\u00e7a","Porto","Tribunais","tribunal"],"articleSection":["Justi\u00e7a","Not\u00edcias"],"inLanguage":"pt-PT"},{"@type":"WebPage","@id":"https:\/\/portaltela.pt\/noticias\/2026\/03\/31\/caso-de-morte-na-rua-escura-chega-a-julgamento-no-sao-joao-novo\/","url":"https:\/\/portaltela.pt\/noticias\/2026\/03\/31\/caso-de-morte-na-rua-escura-chega-a-julgamento-no-sao-joao-novo\/","name":"Caso de morte na Rua Escura chega a julgamento no S\u00e3o Jo\u00e3o Novo - Portal Tela Portugal","isPartOf":{"@id":"https:\/\/portaltela.pt\/#website"},"primaryImageOfPage":{"@id":"https:\/\/portaltela.pt\/noticias\/2026\/03\/31\/caso-de-morte-na-rua-escura-chega-a-julgamento-no-sao-joao-novo\/#primaryimage"},"image":{"@id":"https:\/\/portaltela.pt\/noticias\/2026\/03\/31\/caso-de-morte-na-rua-escura-chega-a-julgamento-no-sao-joao-novo\/#primaryimage"},"thumbnailUrl":"https:\/\/portaltela.pt\/s.01k8rhncp4jt1\/2026\/03\/image-1895.jpg","datePublished":"2026-03-31T19:17:18+00:00","author":{"@id":"https:\/\/portaltela.pt\/#\/schema\/person\/c4278d4a6028830caff9ee44b42d32ed"},"breadcrumb":{"@id":"https:\/\/portaltela.pt\/noticias\/2026\/03\/31\/caso-de-morte-na-rua-escura-chega-a-julgamento-no-sao-joao-novo\/#breadcrumb"},"inLanguage":"pt-PT","potentialAction":[{"@type":"ReadAction","target":["https:\/\/portaltela.pt\/noticias\/2026\/03\/31\/caso-de-morte-na-rua-escura-chega-a-julgamento-no-sao-joao-novo\/"]}]},{"@type":"ImageObject","inLanguage":"pt-PT","@id":"https:\/\/portaltela.pt\/noticias\/2026\/03\/31\/caso-de-morte-na-rua-escura-chega-a-julgamento-no-sao-joao-novo\/#primaryimage","url":"https:\/\/portaltela.pt\/s.01k8rhncp4jt1\/2026\/03\/image-1895.jpg","contentUrl":"https:\/\/portaltela.pt\/s.01k8rhncp4jt1\/2026\/03\/image-1895.jpg","width":796,"height":448,"caption":"Homic\u00eddio que ocorreu junto ao bar \"Shisha 13\", na rua Escura, no Porto"},{"@type":"BreadcrumbList","@id":"https:\/\/portaltela.pt\/noticias\/2026\/03\/31\/caso-de-morte-na-rua-escura-chega-a-julgamento-no-sao-joao-novo\/#breadcrumb","itemListElement":[{"@type":"ListItem","position":1,"name":"In\u00edcio","item":"https:\/\/portaltela.pt\/"},{"@type":"ListItem","position":2,"name":"Caso de morte na Rua Escura chega a julgamento no S\u00e3o Jo\u00e3o Novo"}]},{"@type":"WebSite","@id":"https:\/\/portaltela.pt\/#website","url":"https:\/\/portaltela.pt\/","name":"Portal Tela Portugal","description":"","potentialAction":[{"@type":"SearchAction","target":{"@type":"EntryPoint","urlTemplate":"https:\/\/portaltela.pt\/?s={search_term_string}"},"query-input":{"@type":"PropertyValueSpecification","valueRequired":true,"valueName":"search_term_string"}}],"inLanguage":"pt-PT"},{"@type":"Person","@id":"https:\/\/portaltela.pt\/#\/schema\/person\/c4278d4a6028830caff9ee44b42d32ed","name":"Telinha","image":{"@type":"ImageObject","inLanguage":"pt-PT","@id":"https:\/\/portaltela.pt\/s.01k8rhncp4jt1\/2025\/11\/talking-bot-125x125.png","url":"https:\/\/portaltela.pt\/s.01k8rhncp4jt1\/2025\/11\/talking-bot-125x125.png","contentUrl":"https:\/\/portaltela.pt\/s.01k8rhncp4jt1\/2025\/11\/talking-bot-125x125.png","caption":"Telinha"},"sameAs":["https:\/\/portaltela.pt\/"],"url":"https:\/\/portaltela.pt\/por\/367410592786\/"}]}},"_links":{"self":[{"href":"https:\/\/portaltela.pt\/api\/wp\/v2\/posts\/428294","targetHints":{"allow":["GET"]}}],"collection":[{"href":"https:\/\/portaltela.pt\/api\/wp\/v2\/posts"}],"about":[{"href":"https:\/\/portaltela.pt\/api\/wp\/v2\/types\/post"}],"author":[{"embeddable":true,"href":"https:\/\/portaltela.pt\/api\/wp\/v2\/users\/2"}],"replies":[{"embeddable":true,"href":"https:\/\/portaltela.pt\/api\/wp\/v2\/comments?post=428294"}],"version-history":[{"count":0,"href":"https:\/\/portaltela.pt\/api\/wp\/v2\/posts\/428294\/revisions"}],"wp:featuredmedia":[{"embeddable":true,"href":"https:\/\/portaltela.pt\/api\/wp\/v2\/media\/428300"}],"wp:attachment":[{"href":"https:\/\/portaltela.pt\/api\/wp\/v2\/media?parent=428294"}],"wp:term":[{"taxonomy":"category","embeddable":true,"href":"https:\/\/portaltela.pt\/api\/wp\/v2\/categories?post=428294"},{"taxonomy":"post_tag","embeddable":true,"href":"https:\/\/portaltela.pt\/api\/wp\/v2\/tags?post=428294"}],"curies":[{"name":"wp","href":"https:\/\/api.w.org\/{rel}","templated":true}]}}