{"id":428281,"date":"2026-03-31T16:02:18","date_gmt":"2026-03-31T19:02:18","guid":{"rendered":"https:\/\/portaltela.pt\/noticias\/2026\/03\/31\/torre-em-aldoar-reduz-de-21-para-17-pisos-e-porto-volta-a-adiar-aprovacao\/"},"modified":"2026-03-31T16:02:18","modified_gmt":"2026-03-31T19:02:18","slug":"torre-em-aldoar-reduz-de-21-para-17-pisos-e-porto-volta-a-adiar-aprovacao","status":"publish","type":"post","link":"https:\/\/portaltela.pt\/sociedade\/2026\/03\/31\/torre-em-aldoar-reduz-de-21-para-17-pisos-e-porto-volta-a-adiar-aprovacao\/","title":{"rendered":"Torre em Aldoar reduz de 21 para 17 pisos e Porto volta a adiar aprova\u00e7\u00e3o"},"content":{"rendered":"<p>O executivo da C\u00e2mara Municipal do Porto voltou a adiar a aprova\u00e7\u00e3o de uma unidade de execu\u00e7\u00e3o em Aldoar, onde est\u00e1 prevista a constru\u00e7\u00e3o de um parque urbano e oito edif\u00edcios. A principal altera\u00e7\u00e3o apresentada \u00e9 a redu\u00e7\u00e3o da c\u00e9rcea m\u00e1xima do edif\u00edcio mais alto, que passou de 21 para 17 andares. O processo, j\u00e1 com duas ausculta\u00e7\u00f5es p\u00fablicas, mant\u00e9m-se sem luz verde definitiva.<\/p>\n<p>A proposta foi reformulada ap\u00f3s negocia\u00e7\u00e3o com os propriet\u00e1rios dos terrenos. A c\u00e9rcea de 21 para 17 pisos foi anunciada pela vice-presidente da c\u00e2mara, Catarina Ara\u00fajo, que gere o pelouro do urbanismo. O objetivo \u00e9 tornar o espa\u00e7o urbano mais equilibrado e exigente na qualidade do ambiente.<\/p>\n<p>O debate que envolve o urbanismo e os interesses privados prolongou-se ao longo de 2025. Em julho, durante a presid\u00eancia de Rui Moreira, a proposta inicial j\u00e1 tinha sido retirada a pedido do PS. O novo texto voltou ao executivo municipal nesta ter\u00e7a-feira para nova aprecia\u00e7\u00e3o.<\/p>\n<p>A unidade de execu\u00e7\u00e3o de Aldoar, delimitada entre a Estrada da Circunvala\u00e7\u00e3o e a Rua do Martim Moniz, inclui tr\u00eas \u00e1reas centrais: um parque urbano de cerca de 3 hectares, uma bacia de reten\u00e7\u00e3o para cheias e a renaturaliza\u00e7\u00e3o de uma linha de \u00e1gua. Assim, para al\u00e9m dos edif\u00edcios, o espa\u00e7o comunit\u00e1rio ganha superf\u00edcie p\u00fablica.<\/p>\n<p>De acordo com o projeto, a \u00e1rea total em causa \u00e9 de 55.547 m\u00b2, com a maior parte pertencente a dois propriet\u00e1rios privados. O munic\u00edpio det\u00e9m 13,3% da \u00e1rea, e h\u00e1 pequenas parcelas necess\u00e1rias para arruamento. Os terrenos envolvem duas entidades privadas e duas sociedades com participa\u00e7\u00e3o majorit\u00e1ria estrangeira.<\/p>\n<p>Os planos preveem a edifica\u00e7\u00e3o de oito blocos de habita\u00e7\u00e3o e 342 fogos, sendo que 76 unidades ficar\u00e3o \u00e0 disposi\u00e7\u00e3o da CMP. A proposta tamb\u00e9m contempla a reconfigura\u00e7\u00e3o do espa\u00e7o p\u00fablico, incluindo hortas urbanas atualmente instaladas de forma informal.<\/p>\n<p>V\u00e1rios vereadores de oposi\u00e7\u00e3o pediram, ainda, a abertura de um novo per\u00edodo de discuss\u00e3o p\u00fablica para incorporar pronunciamentos da popula\u00e7\u00e3o. O presidente da c\u00e2mara enfatizou que a mat\u00e9ria ser\u00e1 reavaliada, com uma sess\u00e3o p\u00fablica a realizar-se em prazo razo\u00e1vel, antes de retornar ao executivo.<\/p>\n<p>H\u00e1 um hist\u00f3rico de controv\u00e9rsia sobre alturas significativas em projetos semelhantes na cidade, como as torres previstas na Avenida Nun\u2019Alvares, que tamb\u00e9m suscitou debates sobre impactos visuais e urban\u00edsticos.<\/p>\n<p>Quadro atual aponta que, no total de edifica\u00e7\u00e3o permitida, 5.046 m\u00b2 ficam destinados ao munic\u00edpio, num total de 342 habita\u00e7\u00f5es previstas para Aldoar. O processo continua para indicar a viabilidade de licenciamento e o calend\u00e1rio de obras, sem confirma\u00e7\u00e3o final.<\/p>\n","protected":false},"excerpt":{"rendered":"<ul>\n<li>A torre mais alta prevista no Aldoar passa de vinte e um para dezessete pisos, ap\u00f3s renegocia\u00e7\u00e3o com os propriet\u00e1rios.<\/li>\n<li>O plano mant\u00e9m a cria\u00e7\u00e3o de um parque urbano de tr\u00eas hectares e oito blocos de habita\u00e7\u00e3o em redor do parque.<\/li>\n<li>A proposta foi retirada da reuni\u00e3o do executivo municipal do Porto e volta a abrir ausculta\u00e7\u00e3o p\u00fablica, com novo per\u00edodo de discuss\u00e3o entre fim de 2024 e in\u00edcio de 2025.<\/li>\n<li>Os terrenos pertencem maioritariamente a dois propriet\u00e1rios privados, com as sociedades Kriteroportunity, S.A. e Sweet Hope \u2013 Investments, S.A. entre os detentores; a c\u00e2mara fica com parte do espa\u00e7o e h\u00e1 pequenas parcelas para arruamento.<\/li>\n<li>Dos 55.547 metros quadrados de \u00e1rea, 5.046 ficam para a c\u00e2mara municipal, num total de 342 fogos de habita\u00e7\u00e3o criados, sendo 76 destinados ao munic\u00edpio.<\/li>\n<\/ul>\n","protected":false},"author":2,"featured_media":428284,"comment_status":"closed","ping_status":"closed","sticky":false,"template":"","format":"standard","meta":{"footnotes":""},"categories":[1,6871],"tags":[5449,144,150,982,2949,189],"class_list":["post-428281","post","type-post","status-publish","format-standard","has-post-thumbnail","hentry","category-noticias","category-sociedade","tag-camara-municipal","tag-concelho","tag-habitacao","tag-porto","tag-renaturalizacao","tag-urbanismo"],"yoast_head":"<!-- This site is optimized with the Yoast SEO plugin v27.2 - https:\/\/yoast.com\/product\/yoast-seo-wordpress\/ -->\n<title>Torre em Aldoar reduz de 21 para 17 pisos e Porto volta a adiar aprova\u00e7\u00e3o - Portal Tela Portugal<\/title>\n<meta name=\"robots\" content=\"index, follow, max-snippet:-1, max-image-preview:large, max-video-preview:-1\" \/>\n<meta property=\"og:locale\" content=\"pt_PT\" \/>\n<meta property=\"og:type\" content=\"article\" \/>\n<meta property=\"og:title\" content=\"Torre em Aldoar reduz de 21 para 17 pisos e Porto volta a adiar aprova\u00e7\u00e3o - Portal Tela Portugal\" \/>\n<meta property=\"og:description\" content=\"A torre mais alta prevista no Aldoar passa de vinte e um para dezessete pisos, ap\u00f3s renegocia\u00e7\u00e3o com os propriet\u00e1rios. O plano mant\u00e9m a cria\u00e7\u00e3o de um parque urbano de tr\u00eas hectares e oito blocos de habita\u00e7\u00e3o em redor do parque. A proposta foi retirada da reuni\u00e3o do executivo municipal do Porto e volta a abrir ausculta\u00e7\u00e3o p\u00fablica, com novo per\u00edodo de discuss\u00e3o entre fim de 2024 e in\u00edcio de 2025. Os terrenos pertencem maioritariamente a dois propriet\u00e1rios privados, com as sociedades Kriteroportunity, S.A. e Sweet Hope \u2013 Investments, S.A. entre os detentores; a c\u00e2mara fica com parte do espa\u00e7o e h\u00e1 pequenas parcelas para arruamento. Dos 55.547 metros quadrados de \u00e1rea, 5.046 ficam para a c\u00e2mara municipal, num total de 342 fogos de habita\u00e7\u00e3o criados, sendo 76 destinados ao munic\u00edpio.\" \/>\n<meta property=\"og:url\" content=\"https:\/\/portaltela.pt\/noticias\/2026\/03\/31\/torre-em-aldoar-reduz-de-21-para-17-pisos-e-porto-volta-a-adiar-aprovacao\/\" \/>\n<meta property=\"og:site_name\" content=\"Portal Tela Portugal\" \/>\n<meta property=\"article:published_time\" content=\"2026-03-31T19:02:18+00:00\" \/>\n<meta name=\"author\" content=\"Telinha\" \/>\n<meta name=\"twitter:card\" content=\"summary_large_image\" \/>\n<meta name=\"twitter:label1\" content=\"Escrito por\" \/>\n\t<meta name=\"twitter:data1\" content=\"Telinha\" \/>\n\t<meta name=\"twitter:label2\" content=\"Tempo estimado de leitura\" \/>\n\t<meta name=\"twitter:data2\" content=\"2 minutos\" \/>\n<script type=\"application\/ld+json\" class=\"yoast-schema-graph\">{\"@context\":\"https:\/\/schema.org\",\"@graph\":[{\"@type\":\"Article\",\"@id\":\"https:\/\/portaltela.pt\/noticias\/2026\/03\/31\/torre-em-aldoar-reduz-de-21-para-17-pisos-e-porto-volta-a-adiar-aprovacao\/#article\",\"isPartOf\":{\"@id\":\"https:\/\/portaltela.pt\/noticias\/2026\/03\/31\/torre-em-aldoar-reduz-de-21-para-17-pisos-e-porto-volta-a-adiar-aprovacao\/\"},\"author\":{\"name\":\"Telinha\",\"@id\":\"https:\/\/portaltela.pt\/#\/schema\/person\/c4278d4a6028830caff9ee44b42d32ed\"},\"headline\":\"Torre em Aldoar reduz de 21 para 17 pisos e Porto volta a adiar aprova\u00e7\u00e3o\",\"datePublished\":\"2026-03-31T19:02:18+00:00\",\"mainEntityOfPage\":{\"@id\":\"https:\/\/portaltela.pt\/noticias\/2026\/03\/31\/torre-em-aldoar-reduz-de-21-para-17-pisos-e-porto-volta-a-adiar-aprovacao\/\"},\"wordCount\":480,\"image\":{\"@id\":\"https:\/\/portaltela.pt\/noticias\/2026\/03\/31\/torre-em-aldoar-reduz-de-21-para-17-pisos-e-porto-volta-a-adiar-aprovacao\/#primaryimage\"},\"thumbnailUrl\":\"https:\/\/portaltela.pt\/s.01k8rhncp4jt1\/2026\/03\/2078338.jpg\",\"keywords\":[\"C\u00e2mara Municipal\",\"concelho\",\"habita\u00e7\u00e3o\",\"Porto\",\"renaturaliza\u00e7\u00e3o\",\"urbanismo\"],\"articleSection\":[\"Not\u00edcias\",\"Sociedade\"],\"inLanguage\":\"pt-PT\"},{\"@type\":\"WebPage\",\"@id\":\"https:\/\/portaltela.pt\/noticias\/2026\/03\/31\/torre-em-aldoar-reduz-de-21-para-17-pisos-e-porto-volta-a-adiar-aprovacao\/\",\"url\":\"https:\/\/portaltela.pt\/noticias\/2026\/03\/31\/torre-em-aldoar-reduz-de-21-para-17-pisos-e-porto-volta-a-adiar-aprovacao\/\",\"name\":\"Torre em Aldoar reduz de 21 para 17 pisos e Porto volta a adiar aprova\u00e7\u00e3o - Portal Tela Portugal\",\"isPartOf\":{\"@id\":\"https:\/\/portaltela.pt\/#website\"},\"primaryImageOfPage\":{\"@id\":\"https:\/\/portaltela.pt\/noticias\/2026\/03\/31\/torre-em-aldoar-reduz-de-21-para-17-pisos-e-porto-volta-a-adiar-aprovacao\/#primaryimage\"},\"image\":{\"@id\":\"https:\/\/portaltela.pt\/noticias\/2026\/03\/31\/torre-em-aldoar-reduz-de-21-para-17-pisos-e-porto-volta-a-adiar-aprovacao\/#primaryimage\"},\"thumbnailUrl\":\"https:\/\/portaltela.pt\/s.01k8rhncp4jt1\/2026\/03\/2078338.jpg\",\"datePublished\":\"2026-03-31T19:02:18+00:00\",\"author\":{\"@id\":\"https:\/\/portaltela.pt\/#\/schema\/person\/c4278d4a6028830caff9ee44b42d32ed\"},\"breadcrumb\":{\"@id\":\"https:\/\/portaltela.pt\/noticias\/2026\/03\/31\/torre-em-aldoar-reduz-de-21-para-17-pisos-e-porto-volta-a-adiar-aprovacao\/#breadcrumb\"},\"inLanguage\":\"pt-PT\",\"potentialAction\":[{\"@type\":\"ReadAction\",\"target\":[\"https:\/\/portaltela.pt\/noticias\/2026\/03\/31\/torre-em-aldoar-reduz-de-21-para-17-pisos-e-porto-volta-a-adiar-aprovacao\/\"]}]},{\"@type\":\"ImageObject\",\"inLanguage\":\"pt-PT\",\"@id\":\"https:\/\/portaltela.pt\/noticias\/2026\/03\/31\/torre-em-aldoar-reduz-de-21-para-17-pisos-e-porto-volta-a-adiar-aprovacao\/#primaryimage\",\"url\":\"https:\/\/portaltela.pt\/s.01k8rhncp4jt1\/2026\/03\/2078338.jpg\",\"contentUrl\":\"https:\/\/portaltela.pt\/s.01k8rhncp4jt1\/2026\/03\/2078338.jpg\",\"width\":796,\"height\":448,\"caption\":\"O projecto para a constru\u00e7\u00e3o de oito edif\u00edcios em Aldoar voltou a gerar uma discuss\u00e3o sobre a constru\u00e7\u00e3o em altura\"},{\"@type\":\"BreadcrumbList\",\"@id\":\"https:\/\/portaltela.pt\/noticias\/2026\/03\/31\/torre-em-aldoar-reduz-de-21-para-17-pisos-e-porto-volta-a-adiar-aprovacao\/#breadcrumb\",\"itemListElement\":[{\"@type\":\"ListItem\",\"position\":1,\"name\":\"In\u00edcio\",\"item\":\"https:\/\/portaltela.pt\/\"},{\"@type\":\"ListItem\",\"position\":2,\"name\":\"Torre em Aldoar reduz de 21 para 17 pisos e Porto volta a adiar aprova\u00e7\u00e3o\"}]},{\"@type\":\"WebSite\",\"@id\":\"https:\/\/portaltela.pt\/#website\",\"url\":\"https:\/\/portaltela.pt\/\",\"name\":\"Portal Tela Portugal\",\"description\":\"\",\"potentialAction\":[{\"@type\":\"SearchAction\",\"target\":{\"@type\":\"EntryPoint\",\"urlTemplate\":\"https:\/\/portaltela.pt\/?s={search_term_string}\"},\"query-input\":{\"@type\":\"PropertyValueSpecification\",\"valueRequired\":true,\"valueName\":\"search_term_string\"}}],\"inLanguage\":\"pt-PT\"},{\"@type\":\"Person\",\"@id\":\"https:\/\/portaltela.pt\/#\/schema\/person\/c4278d4a6028830caff9ee44b42d32ed\",\"name\":\"Telinha\",\"image\":{\"@type\":\"ImageObject\",\"inLanguage\":\"pt-PT\",\"@id\":\"https:\/\/portaltela.pt\/s.01k8rhncp4jt1\/2025\/11\/talking-bot-125x125.png\",\"url\":\"https:\/\/portaltela.pt\/s.01k8rhncp4jt1\/2025\/11\/talking-bot-125x125.png\",\"contentUrl\":\"https:\/\/portaltela.pt\/s.01k8rhncp4jt1\/2025\/11\/talking-bot-125x125.png\",\"caption\":\"Telinha\"},\"sameAs\":[\"https:\/\/portaltela.pt\/\"],\"url\":\"https:\/\/portaltela.pt\/por\/367410592786\/\"}]}<\/script>\n<!-- \/ Yoast SEO plugin. -->","yoast_head_json":{"title":"Torre em Aldoar reduz de 21 para 17 pisos e Porto volta a adiar aprova\u00e7\u00e3o - Portal Tela Portugal","robots":{"index":"index","follow":"follow","max-snippet":"max-snippet:-1","max-image-preview":"max-image-preview:large","max-video-preview":"max-video-preview:-1"},"og_locale":"pt_PT","og_type":"article","og_title":"Torre em Aldoar reduz de 21 para 17 pisos e Porto volta a adiar aprova\u00e7\u00e3o - Portal Tela Portugal","og_description":"A torre mais alta prevista no Aldoar passa de vinte e um para dezessete pisos, ap\u00f3s renegocia\u00e7\u00e3o com os propriet\u00e1rios. O plano mant\u00e9m a cria\u00e7\u00e3o de um parque urbano de tr\u00eas hectares e oito blocos de habita\u00e7\u00e3o em redor do parque. A proposta foi retirada da reuni\u00e3o do executivo municipal do Porto e volta a abrir ausculta\u00e7\u00e3o p\u00fablica, com novo per\u00edodo de discuss\u00e3o entre fim de 2024 e in\u00edcio de 2025. Os terrenos pertencem maioritariamente a dois propriet\u00e1rios privados, com as sociedades Kriteroportunity, S.A. e Sweet Hope \u2013 Investments, S.A. entre os detentores; a c\u00e2mara fica com parte do espa\u00e7o e h\u00e1 pequenas parcelas para arruamento. Dos 55.547 metros quadrados de \u00e1rea, 5.046 ficam para a c\u00e2mara municipal, num total de 342 fogos de habita\u00e7\u00e3o criados, sendo 76 destinados ao munic\u00edpio.","og_url":"https:\/\/portaltela.pt\/noticias\/2026\/03\/31\/torre-em-aldoar-reduz-de-21-para-17-pisos-e-porto-volta-a-adiar-aprovacao\/","og_site_name":"Portal Tela Portugal","article_published_time":"2026-03-31T19:02:18+00:00","author":"Telinha","twitter_card":"summary_large_image","twitter_misc":{"Escrito por":"Telinha","Tempo estimado de leitura":"2 minutos"},"schema":{"@context":"https:\/\/schema.org","@graph":[{"@type":"Article","@id":"https:\/\/portaltela.pt\/noticias\/2026\/03\/31\/torre-em-aldoar-reduz-de-21-para-17-pisos-e-porto-volta-a-adiar-aprovacao\/#article","isPartOf":{"@id":"https:\/\/portaltela.pt\/noticias\/2026\/03\/31\/torre-em-aldoar-reduz-de-21-para-17-pisos-e-porto-volta-a-adiar-aprovacao\/"},"author":{"name":"Telinha","@id":"https:\/\/portaltela.pt\/#\/schema\/person\/c4278d4a6028830caff9ee44b42d32ed"},"headline":"Torre em Aldoar reduz de 21 para 17 pisos e Porto volta a adiar aprova\u00e7\u00e3o","datePublished":"2026-03-31T19:02:18+00:00","mainEntityOfPage":{"@id":"https:\/\/portaltela.pt\/noticias\/2026\/03\/31\/torre-em-aldoar-reduz-de-21-para-17-pisos-e-porto-volta-a-adiar-aprovacao\/"},"wordCount":480,"image":{"@id":"https:\/\/portaltela.pt\/noticias\/2026\/03\/31\/torre-em-aldoar-reduz-de-21-para-17-pisos-e-porto-volta-a-adiar-aprovacao\/#primaryimage"},"thumbnailUrl":"https:\/\/portaltela.pt\/s.01k8rhncp4jt1\/2026\/03\/2078338.jpg","keywords":["C\u00e2mara Municipal","concelho","habita\u00e7\u00e3o","Porto","renaturaliza\u00e7\u00e3o","urbanismo"],"articleSection":["Not\u00edcias","Sociedade"],"inLanguage":"pt-PT"},{"@type":"WebPage","@id":"https:\/\/portaltela.pt\/noticias\/2026\/03\/31\/torre-em-aldoar-reduz-de-21-para-17-pisos-e-porto-volta-a-adiar-aprovacao\/","url":"https:\/\/portaltela.pt\/noticias\/2026\/03\/31\/torre-em-aldoar-reduz-de-21-para-17-pisos-e-porto-volta-a-adiar-aprovacao\/","name":"Torre em Aldoar reduz de 21 para 17 pisos e Porto volta a adiar aprova\u00e7\u00e3o - Portal Tela Portugal","isPartOf":{"@id":"https:\/\/portaltela.pt\/#website"},"primaryImageOfPage":{"@id":"https:\/\/portaltela.pt\/noticias\/2026\/03\/31\/torre-em-aldoar-reduz-de-21-para-17-pisos-e-porto-volta-a-adiar-aprovacao\/#primaryimage"},"image":{"@id":"https:\/\/portaltela.pt\/noticias\/2026\/03\/31\/torre-em-aldoar-reduz-de-21-para-17-pisos-e-porto-volta-a-adiar-aprovacao\/#primaryimage"},"thumbnailUrl":"https:\/\/portaltela.pt\/s.01k8rhncp4jt1\/2026\/03\/2078338.jpg","datePublished":"2026-03-31T19:02:18+00:00","author":{"@id":"https:\/\/portaltela.pt\/#\/schema\/person\/c4278d4a6028830caff9ee44b42d32ed"},"breadcrumb":{"@id":"https:\/\/portaltela.pt\/noticias\/2026\/03\/31\/torre-em-aldoar-reduz-de-21-para-17-pisos-e-porto-volta-a-adiar-aprovacao\/#breadcrumb"},"inLanguage":"pt-PT","potentialAction":[{"@type":"ReadAction","target":["https:\/\/portaltela.pt\/noticias\/2026\/03\/31\/torre-em-aldoar-reduz-de-21-para-17-pisos-e-porto-volta-a-adiar-aprovacao\/"]}]},{"@type":"ImageObject","inLanguage":"pt-PT","@id":"https:\/\/portaltela.pt\/noticias\/2026\/03\/31\/torre-em-aldoar-reduz-de-21-para-17-pisos-e-porto-volta-a-adiar-aprovacao\/#primaryimage","url":"https:\/\/portaltela.pt\/s.01k8rhncp4jt1\/2026\/03\/2078338.jpg","contentUrl":"https:\/\/portaltela.pt\/s.01k8rhncp4jt1\/2026\/03\/2078338.jpg","width":796,"height":448,"caption":"O projecto para a constru\u00e7\u00e3o de oito edif\u00edcios em Aldoar voltou a gerar uma discuss\u00e3o sobre a constru\u00e7\u00e3o em altura"},{"@type":"BreadcrumbList","@id":"https:\/\/portaltela.pt\/noticias\/2026\/03\/31\/torre-em-aldoar-reduz-de-21-para-17-pisos-e-porto-volta-a-adiar-aprovacao\/#breadcrumb","itemListElement":[{"@type":"ListItem","position":1,"name":"In\u00edcio","item":"https:\/\/portaltela.pt\/"},{"@type":"ListItem","position":2,"name":"Torre em Aldoar reduz de 21 para 17 pisos e Porto volta a adiar aprova\u00e7\u00e3o"}]},{"@type":"WebSite","@id":"https:\/\/portaltela.pt\/#website","url":"https:\/\/portaltela.pt\/","name":"Portal Tela Portugal","description":"","potentialAction":[{"@type":"SearchAction","target":{"@type":"EntryPoint","urlTemplate":"https:\/\/portaltela.pt\/?s={search_term_string}"},"query-input":{"@type":"PropertyValueSpecification","valueRequired":true,"valueName":"search_term_string"}}],"inLanguage":"pt-PT"},{"@type":"Person","@id":"https:\/\/portaltela.pt\/#\/schema\/person\/c4278d4a6028830caff9ee44b42d32ed","name":"Telinha","image":{"@type":"ImageObject","inLanguage":"pt-PT","@id":"https:\/\/portaltela.pt\/s.01k8rhncp4jt1\/2025\/11\/talking-bot-125x125.png","url":"https:\/\/portaltela.pt\/s.01k8rhncp4jt1\/2025\/11\/talking-bot-125x125.png","contentUrl":"https:\/\/portaltela.pt\/s.01k8rhncp4jt1\/2025\/11\/talking-bot-125x125.png","caption":"Telinha"},"sameAs":["https:\/\/portaltela.pt\/"],"url":"https:\/\/portaltela.pt\/por\/367410592786\/"}]}},"_links":{"self":[{"href":"https:\/\/portaltela.pt\/api\/wp\/v2\/posts\/428281","targetHints":{"allow":["GET"]}}],"collection":[{"href":"https:\/\/portaltela.pt\/api\/wp\/v2\/posts"}],"about":[{"href":"https:\/\/portaltela.pt\/api\/wp\/v2\/types\/post"}],"author":[{"embeddable":true,"href":"https:\/\/portaltela.pt\/api\/wp\/v2\/users\/2"}],"replies":[{"embeddable":true,"href":"https:\/\/portaltela.pt\/api\/wp\/v2\/comments?post=428281"}],"version-history":[{"count":0,"href":"https:\/\/portaltela.pt\/api\/wp\/v2\/posts\/428281\/revisions"}],"wp:featuredmedia":[{"embeddable":true,"href":"https:\/\/portaltela.pt\/api\/wp\/v2\/media\/428284"}],"wp:attachment":[{"href":"https:\/\/portaltela.pt\/api\/wp\/v2\/media?parent=428281"}],"wp:term":[{"taxonomy":"category","embeddable":true,"href":"https:\/\/portaltela.pt\/api\/wp\/v2\/categories?post=428281"},{"taxonomy":"post_tag","embeddable":true,"href":"https:\/\/portaltela.pt\/api\/wp\/v2\/tags?post=428281"}],"curies":[{"name":"wp","href":"https:\/\/api.w.org\/{rel}","templated":true}]}}