{"id":428248,"date":"2026-03-31T14:12:00","date_gmt":"2026-03-31T17:12:00","guid":{"rendered":"https:\/\/portaltela.pt\/noticias\/2026\/03\/31\/italia-nega-aterragem-de-bombardeiros-dos-eua-no-irao-por-falta-de-previsao-em-tratados\/"},"modified":"2026-03-31T14:12:00","modified_gmt":"2026-03-31T17:12:00","slug":"italia-nega-aterragem-de-bombardeiros-dos-eua-no-irao-por-falta-de-previsao-em-tratados","status":"publish","type":"post","link":"https:\/\/portaltela.pt\/internacionais\/2026\/03\/31\/italia-nega-aterragem-de-bombardeiros-dos-eua-no-irao-por-falta-de-previsao-em-tratados\/","title":{"rendered":"It\u00e1lia nega aterragem de bombardeiros dos EUA no Ir\u00e3o por falta de previs\u00e3o em tratados"},"content":{"rendered":"<p>O Governo italiano explicou hoje que negou a aterragem de bombardeiros norte-americanos numa base siciliana porque estes avi\u00f5es n\u00e3o possu\u00edam as autoriza\u00e7\u00f5es necess\u00e1rias nem cumpriam as diretrizes do tratado bilateral sobre a utiliza\u00e7\u00e3o de bases militares.<\/p>\n<p>Segundo o comunicado, a decis\u00e3o teve como base a falta de autoriza\u00e7\u00e3o formal e o n\u00e3o cumprimento das regras acordadas entre os dois pa\u00edses para opera\u00e7\u00f5es em territ\u00f3rio italiano. A posi\u00e7\u00e3o foi apresentada como parte de um esclarecimento institucional.<\/p>\n<p>A medida ocorre num contexto de controlo operacional sobre bases estrat\u00e9gicas e coopera\u00e7\u00e3o militar entre It\u00e1lia e Estados Unidos, com foco na ades\u00e3o aos procedimentos acordados no tratado bilateral. N\u00e3o foram avan\u00e7ados detalhes adicionais sobre a natureza exacta das aeronaves ou sobre eventuais consequ\u00eancias diplom\u00e1ticas.<\/p>\n","protected":false},"excerpt":{"rendered":"<ul>\n<li>O Governo italiano disse ter negado a aterragem de bombardeiros dos Estados Unidos numa base siciliana por falta de autoriza\u00e7\u00f5es.<\/li>\n<li>Alegou que os bombardeiros n\u00e3o cumpriam as diretrizes do tratado bilateral sobre a utiliza\u00e7\u00e3o de bases militares.<\/li>\n<li>A decis\u00e3o baseia-se na n\u00e3o conformidade com as normas acordadas entre It\u00e1lia e Estados Unidos.<\/li>\n<li>O Governo italiano divulgou a posi\u00e7\u00e3o hoje.<\/li>\n<li>O conte\u00fado completo da not\u00edcia est\u00e1 dispon\u00edvel apenas para subscritores.<\/li>\n<\/ul>\n","protected":false},"author":2,"featured_media":428255,"comment_status":"closed","ping_status":"closed","sticky":false,"template":"","format":"standard","meta":{"footnotes":""},"categories":[6912],"tags":[2625,6789,1600,1857,5182,5565],"class_list":["post-428248","post","type-post","status-publish","format-standard","has-post-thumbnail","hentry","category-internacionais","tag-aeronautica","tag-avioes","tag-estados-unidos","tag-italia","tag-operacoes-internacionais","tag-tratados-internacionais"],"yoast_head":"<!-- This site is optimized with the Yoast SEO plugin v27.2 - https:\/\/yoast.com\/product\/yoast-seo-wordpress\/ -->\n<title>It\u00e1lia nega aterragem de bombardeiros dos EUA no Ir\u00e3o por falta de previs\u00e3o em tratados - Portal Tela Portugal<\/title>\n<meta name=\"robots\" content=\"index, follow, max-snippet:-1, max-image-preview:large, max-video-preview:-1\" \/>\n<meta property=\"og:locale\" content=\"pt_PT\" \/>\n<meta property=\"og:type\" content=\"article\" \/>\n<meta property=\"og:title\" content=\"It\u00e1lia nega aterragem de bombardeiros dos EUA no Ir\u00e3o por falta de previs\u00e3o em tratados - Portal Tela Portugal\" \/>\n<meta property=\"og:description\" content=\"O Governo italiano disse ter negado a aterragem de bombardeiros dos Estados Unidos numa base siciliana por falta de autoriza\u00e7\u00f5es. Alegou que os bombardeiros n\u00e3o cumpriam as diretrizes do tratado bilateral sobre a utiliza\u00e7\u00e3o de bases militares. A decis\u00e3o baseia-se na n\u00e3o conformidade com as normas acordadas entre It\u00e1lia e Estados Unidos. O Governo italiano divulgou a posi\u00e7\u00e3o hoje. O conte\u00fado completo da not\u00edcia est\u00e1 dispon\u00edvel apenas para subscritores.\" \/>\n<meta property=\"og:url\" content=\"https:\/\/portaltela.pt\/noticias\/2026\/03\/31\/italia-nega-aterragem-de-bombardeiros-dos-eua-no-irao-por-falta-de-previsao-em-tratados\/\" \/>\n<meta property=\"og:site_name\" content=\"Portal Tela Portugal\" \/>\n<meta property=\"article:published_time\" content=\"2026-03-31T17:12:00+00:00\" \/>\n<meta name=\"author\" content=\"Telinha\" \/>\n<meta name=\"twitter:card\" content=\"summary_large_image\" \/>\n<meta name=\"twitter:label1\" content=\"Escrito por\" \/>\n\t<meta name=\"twitter:data1\" content=\"Telinha\" \/>\n\t<meta name=\"twitter:label2\" content=\"Tempo estimado de leitura\" \/>\n\t<meta name=\"twitter:data2\" content=\"1 minuto\" \/>\n<script type=\"application\/ld+json\" class=\"yoast-schema-graph\">{\"@context\":\"https:\/\/schema.org\",\"@graph\":[{\"@type\":\"Article\",\"@id\":\"https:\/\/portaltela.pt\/noticias\/2026\/03\/31\/italia-nega-aterragem-de-bombardeiros-dos-eua-no-irao-por-falta-de-previsao-em-tratados\/#article\",\"isPartOf\":{\"@id\":\"https:\/\/portaltela.pt\/noticias\/2026\/03\/31\/italia-nega-aterragem-de-bombardeiros-dos-eua-no-irao-por-falta-de-previsao-em-tratados\/\"},\"author\":{\"name\":\"Telinha\",\"@id\":\"https:\/\/portaltela.pt\/#\/schema\/person\/c4278d4a6028830caff9ee44b42d32ed\"},\"headline\":\"It\u00e1lia nega aterragem de bombardeiros dos EUA no Ir\u00e3o por falta de previs\u00e3o em tratados\",\"datePublished\":\"2026-03-31T17:12:00+00:00\",\"mainEntityOfPage\":{\"@id\":\"https:\/\/portaltela.pt\/noticias\/2026\/03\/31\/italia-nega-aterragem-de-bombardeiros-dos-eua-no-irao-por-falta-de-previsao-em-tratados\/\"},\"wordCount\":159,\"image\":{\"@id\":\"https:\/\/portaltela.pt\/noticias\/2026\/03\/31\/italia-nega-aterragem-de-bombardeiros-dos-eua-no-irao-por-falta-de-previsao-em-tratados\/#primaryimage\"},\"thumbnailUrl\":\"https:\/\/portaltela.pt\/s.01k8rhncp4jt1\/2026\/03\/CACHE_780X1200_ANALOG_WATERMARKED_41158803_569131423593811.jpg\",\"keywords\":[\"aeron\u00e1utica\",\"avi\u00f5es\",\"Estados Unidos\",\"It\u00e1lia\",\"opera\u00e7\u00f5es internacionais\",\"tratados internacionais\"],\"articleSection\":[\"Internacionais\"],\"inLanguage\":\"pt-PT\"},{\"@type\":\"WebPage\",\"@id\":\"https:\/\/portaltela.pt\/noticias\/2026\/03\/31\/italia-nega-aterragem-de-bombardeiros-dos-eua-no-irao-por-falta-de-previsao-em-tratados\/\",\"url\":\"https:\/\/portaltela.pt\/noticias\/2026\/03\/31\/italia-nega-aterragem-de-bombardeiros-dos-eua-no-irao-por-falta-de-previsao-em-tratados\/\",\"name\":\"It\u00e1lia nega aterragem de bombardeiros dos EUA no Ir\u00e3o por falta de previs\u00e3o em tratados - Portal Tela Portugal\",\"isPartOf\":{\"@id\":\"https:\/\/portaltela.pt\/#website\"},\"primaryImageOfPage\":{\"@id\":\"https:\/\/portaltela.pt\/noticias\/2026\/03\/31\/italia-nega-aterragem-de-bombardeiros-dos-eua-no-irao-por-falta-de-previsao-em-tratados\/#primaryimage\"},\"image\":{\"@id\":\"https:\/\/portaltela.pt\/noticias\/2026\/03\/31\/italia-nega-aterragem-de-bombardeiros-dos-eua-no-irao-por-falta-de-previsao-em-tratados\/#primaryimage\"},\"thumbnailUrl\":\"https:\/\/portaltela.pt\/s.01k8rhncp4jt1\/2026\/03\/CACHE_780X1200_ANALOG_WATERMARKED_41158803_569131423593811.jpg\",\"datePublished\":\"2026-03-31T17:12:00+00:00\",\"author\":{\"@id\":\"https:\/\/portaltela.pt\/#\/schema\/person\/c4278d4a6028830caff9ee44b42d32ed\"},\"breadcrumb\":{\"@id\":\"https:\/\/portaltela.pt\/noticias\/2026\/03\/31\/italia-nega-aterragem-de-bombardeiros-dos-eua-no-irao-por-falta-de-previsao-em-tratados\/#breadcrumb\"},\"inLanguage\":\"pt-PT\",\"potentialAction\":[{\"@type\":\"ReadAction\",\"target\":[\"https:\/\/portaltela.pt\/noticias\/2026\/03\/31\/italia-nega-aterragem-de-bombardeiros-dos-eua-no-irao-por-falta-de-previsao-em-tratados\/\"]}]},{\"@type\":\"ImageObject\",\"inLanguage\":\"pt-PT\",\"@id\":\"https:\/\/portaltela.pt\/noticias\/2026\/03\/31\/italia-nega-aterragem-de-bombardeiros-dos-eua-no-irao-por-falta-de-previsao-em-tratados\/#primaryimage\",\"url\":\"https:\/\/portaltela.pt\/s.01k8rhncp4jt1\/2026\/03\/CACHE_780X1200_ANALOG_WATERMARKED_41158803_569131423593811.jpg\",\"contentUrl\":\"https:\/\/portaltela.pt\/s.01k8rhncp4jt1\/2026\/03\/CACHE_780X1200_ANALOG_WATERMARKED_41158803_569131423593811.jpg\",\"width\":768,\"height\":512,\"caption\":\"Ir\u00e3o: It\u00e1lia nega aterragem de bombardeiros dos EUA por n\u00e3o estar prevista em tratados - Governo\"},{\"@type\":\"BreadcrumbList\",\"@id\":\"https:\/\/portaltela.pt\/noticias\/2026\/03\/31\/italia-nega-aterragem-de-bombardeiros-dos-eua-no-irao-por-falta-de-previsao-em-tratados\/#breadcrumb\",\"itemListElement\":[{\"@type\":\"ListItem\",\"position\":1,\"name\":\"In\u00edcio\",\"item\":\"https:\/\/portaltela.pt\/\"},{\"@type\":\"ListItem\",\"position\":2,\"name\":\"It\u00e1lia nega aterragem de bombardeiros dos EUA no Ir\u00e3o por falta de previs\u00e3o em tratados\"}]},{\"@type\":\"WebSite\",\"@id\":\"https:\/\/portaltela.pt\/#website\",\"url\":\"https:\/\/portaltela.pt\/\",\"name\":\"Portal Tela Portugal\",\"description\":\"\",\"potentialAction\":[{\"@type\":\"SearchAction\",\"target\":{\"@type\":\"EntryPoint\",\"urlTemplate\":\"https:\/\/portaltela.pt\/?s={search_term_string}\"},\"query-input\":{\"@type\":\"PropertyValueSpecification\",\"valueRequired\":true,\"valueName\":\"search_term_string\"}}],\"inLanguage\":\"pt-PT\"},{\"@type\":\"Person\",\"@id\":\"https:\/\/portaltela.pt\/#\/schema\/person\/c4278d4a6028830caff9ee44b42d32ed\",\"name\":\"Telinha\",\"image\":{\"@type\":\"ImageObject\",\"inLanguage\":\"pt-PT\",\"@id\":\"https:\/\/portaltela.pt\/s.01k8rhncp4jt1\/2025\/11\/talking-bot-125x125.png\",\"url\":\"https:\/\/portaltela.pt\/s.01k8rhncp4jt1\/2025\/11\/talking-bot-125x125.png\",\"contentUrl\":\"https:\/\/portaltela.pt\/s.01k8rhncp4jt1\/2025\/11\/talking-bot-125x125.png\",\"caption\":\"Telinha\"},\"sameAs\":[\"https:\/\/portaltela.pt\/\"],\"url\":\"https:\/\/portaltela.pt\/por\/367410592786\/\"}]}<\/script>\n<!-- \/ Yoast SEO plugin. -->","yoast_head_json":{"title":"It\u00e1lia nega aterragem de bombardeiros dos EUA no Ir\u00e3o por falta de previs\u00e3o em tratados - Portal Tela Portugal","robots":{"index":"index","follow":"follow","max-snippet":"max-snippet:-1","max-image-preview":"max-image-preview:large","max-video-preview":"max-video-preview:-1"},"og_locale":"pt_PT","og_type":"article","og_title":"It\u00e1lia nega aterragem de bombardeiros dos EUA no Ir\u00e3o por falta de previs\u00e3o em tratados - Portal Tela Portugal","og_description":"O Governo italiano disse ter negado a aterragem de bombardeiros dos Estados Unidos numa base siciliana por falta de autoriza\u00e7\u00f5es. Alegou que os bombardeiros n\u00e3o cumpriam as diretrizes do tratado bilateral sobre a utiliza\u00e7\u00e3o de bases militares. A decis\u00e3o baseia-se na n\u00e3o conformidade com as normas acordadas entre It\u00e1lia e Estados Unidos. O Governo italiano divulgou a posi\u00e7\u00e3o hoje. O conte\u00fado completo da not\u00edcia est\u00e1 dispon\u00edvel apenas para subscritores.","og_url":"https:\/\/portaltela.pt\/noticias\/2026\/03\/31\/italia-nega-aterragem-de-bombardeiros-dos-eua-no-irao-por-falta-de-previsao-em-tratados\/","og_site_name":"Portal Tela Portugal","article_published_time":"2026-03-31T17:12:00+00:00","author":"Telinha","twitter_card":"summary_large_image","twitter_misc":{"Escrito por":"Telinha","Tempo estimado de leitura":"1 minuto"},"schema":{"@context":"https:\/\/schema.org","@graph":[{"@type":"Article","@id":"https:\/\/portaltela.pt\/noticias\/2026\/03\/31\/italia-nega-aterragem-de-bombardeiros-dos-eua-no-irao-por-falta-de-previsao-em-tratados\/#article","isPartOf":{"@id":"https:\/\/portaltela.pt\/noticias\/2026\/03\/31\/italia-nega-aterragem-de-bombardeiros-dos-eua-no-irao-por-falta-de-previsao-em-tratados\/"},"author":{"name":"Telinha","@id":"https:\/\/portaltela.pt\/#\/schema\/person\/c4278d4a6028830caff9ee44b42d32ed"},"headline":"It\u00e1lia nega aterragem de bombardeiros dos EUA no Ir\u00e3o por falta de previs\u00e3o em tratados","datePublished":"2026-03-31T17:12:00+00:00","mainEntityOfPage":{"@id":"https:\/\/portaltela.pt\/noticias\/2026\/03\/31\/italia-nega-aterragem-de-bombardeiros-dos-eua-no-irao-por-falta-de-previsao-em-tratados\/"},"wordCount":159,"image":{"@id":"https:\/\/portaltela.pt\/noticias\/2026\/03\/31\/italia-nega-aterragem-de-bombardeiros-dos-eua-no-irao-por-falta-de-previsao-em-tratados\/#primaryimage"},"thumbnailUrl":"https:\/\/portaltela.pt\/s.01k8rhncp4jt1\/2026\/03\/CACHE_780X1200_ANALOG_WATERMARKED_41158803_569131423593811.jpg","keywords":["aeron\u00e1utica","avi\u00f5es","Estados Unidos","It\u00e1lia","opera\u00e7\u00f5es internacionais","tratados internacionais"],"articleSection":["Internacionais"],"inLanguage":"pt-PT"},{"@type":"WebPage","@id":"https:\/\/portaltela.pt\/noticias\/2026\/03\/31\/italia-nega-aterragem-de-bombardeiros-dos-eua-no-irao-por-falta-de-previsao-em-tratados\/","url":"https:\/\/portaltela.pt\/noticias\/2026\/03\/31\/italia-nega-aterragem-de-bombardeiros-dos-eua-no-irao-por-falta-de-previsao-em-tratados\/","name":"It\u00e1lia nega aterragem de bombardeiros dos EUA no Ir\u00e3o por falta de previs\u00e3o em tratados - Portal Tela Portugal","isPartOf":{"@id":"https:\/\/portaltela.pt\/#website"},"primaryImageOfPage":{"@id":"https:\/\/portaltela.pt\/noticias\/2026\/03\/31\/italia-nega-aterragem-de-bombardeiros-dos-eua-no-irao-por-falta-de-previsao-em-tratados\/#primaryimage"},"image":{"@id":"https:\/\/portaltela.pt\/noticias\/2026\/03\/31\/italia-nega-aterragem-de-bombardeiros-dos-eua-no-irao-por-falta-de-previsao-em-tratados\/#primaryimage"},"thumbnailUrl":"https:\/\/portaltela.pt\/s.01k8rhncp4jt1\/2026\/03\/CACHE_780X1200_ANALOG_WATERMARKED_41158803_569131423593811.jpg","datePublished":"2026-03-31T17:12:00+00:00","author":{"@id":"https:\/\/portaltela.pt\/#\/schema\/person\/c4278d4a6028830caff9ee44b42d32ed"},"breadcrumb":{"@id":"https:\/\/portaltela.pt\/noticias\/2026\/03\/31\/italia-nega-aterragem-de-bombardeiros-dos-eua-no-irao-por-falta-de-previsao-em-tratados\/#breadcrumb"},"inLanguage":"pt-PT","potentialAction":[{"@type":"ReadAction","target":["https:\/\/portaltela.pt\/noticias\/2026\/03\/31\/italia-nega-aterragem-de-bombardeiros-dos-eua-no-irao-por-falta-de-previsao-em-tratados\/"]}]},{"@type":"ImageObject","inLanguage":"pt-PT","@id":"https:\/\/portaltela.pt\/noticias\/2026\/03\/31\/italia-nega-aterragem-de-bombardeiros-dos-eua-no-irao-por-falta-de-previsao-em-tratados\/#primaryimage","url":"https:\/\/portaltela.pt\/s.01k8rhncp4jt1\/2026\/03\/CACHE_780X1200_ANALOG_WATERMARKED_41158803_569131423593811.jpg","contentUrl":"https:\/\/portaltela.pt\/s.01k8rhncp4jt1\/2026\/03\/CACHE_780X1200_ANALOG_WATERMARKED_41158803_569131423593811.jpg","width":768,"height":512,"caption":"Ir\u00e3o: It\u00e1lia nega aterragem de bombardeiros dos EUA por n\u00e3o estar prevista em tratados - Governo"},{"@type":"BreadcrumbList","@id":"https:\/\/portaltela.pt\/noticias\/2026\/03\/31\/italia-nega-aterragem-de-bombardeiros-dos-eua-no-irao-por-falta-de-previsao-em-tratados\/#breadcrumb","itemListElement":[{"@type":"ListItem","position":1,"name":"In\u00edcio","item":"https:\/\/portaltela.pt\/"},{"@type":"ListItem","position":2,"name":"It\u00e1lia nega aterragem de bombardeiros dos EUA no Ir\u00e3o por falta de previs\u00e3o em tratados"}]},{"@type":"WebSite","@id":"https:\/\/portaltela.pt\/#website","url":"https:\/\/portaltela.pt\/","name":"Portal Tela Portugal","description":"","potentialAction":[{"@type":"SearchAction","target":{"@type":"EntryPoint","urlTemplate":"https:\/\/portaltela.pt\/?s={search_term_string}"},"query-input":{"@type":"PropertyValueSpecification","valueRequired":true,"valueName":"search_term_string"}}],"inLanguage":"pt-PT"},{"@type":"Person","@id":"https:\/\/portaltela.pt\/#\/schema\/person\/c4278d4a6028830caff9ee44b42d32ed","name":"Telinha","image":{"@type":"ImageObject","inLanguage":"pt-PT","@id":"https:\/\/portaltela.pt\/s.01k8rhncp4jt1\/2025\/11\/talking-bot-125x125.png","url":"https:\/\/portaltela.pt\/s.01k8rhncp4jt1\/2025\/11\/talking-bot-125x125.png","contentUrl":"https:\/\/portaltela.pt\/s.01k8rhncp4jt1\/2025\/11\/talking-bot-125x125.png","caption":"Telinha"},"sameAs":["https:\/\/portaltela.pt\/"],"url":"https:\/\/portaltela.pt\/por\/367410592786\/"}]}},"_links":{"self":[{"href":"https:\/\/portaltela.pt\/api\/wp\/v2\/posts\/428248","targetHints":{"allow":["GET"]}}],"collection":[{"href":"https:\/\/portaltela.pt\/api\/wp\/v2\/posts"}],"about":[{"href":"https:\/\/portaltela.pt\/api\/wp\/v2\/types\/post"}],"author":[{"embeddable":true,"href":"https:\/\/portaltela.pt\/api\/wp\/v2\/users\/2"}],"replies":[{"embeddable":true,"href":"https:\/\/portaltela.pt\/api\/wp\/v2\/comments?post=428248"}],"version-history":[{"count":0,"href":"https:\/\/portaltela.pt\/api\/wp\/v2\/posts\/428248\/revisions"}],"wp:featuredmedia":[{"embeddable":true,"href":"https:\/\/portaltela.pt\/api\/wp\/v2\/media\/428255"}],"wp:attachment":[{"href":"https:\/\/portaltela.pt\/api\/wp\/v2\/media?parent=428248"}],"wp:term":[{"taxonomy":"category","embeddable":true,"href":"https:\/\/portaltela.pt\/api\/wp\/v2\/categories?post=428248"},{"taxonomy":"post_tag","embeddable":true,"href":"https:\/\/portaltela.pt\/api\/wp\/v2\/tags?post=428248"}],"curies":[{"name":"wp","href":"https:\/\/api.w.org\/{rel}","templated":true}]}}