{"id":428234,"date":"2026-03-31T15:32:32","date_gmt":"2026-03-31T18:32:32","guid":{"rendered":"https:\/\/portaltela.pt\/noticias\/2026\/03\/31\/meias-finais-da-taca-de-portugal-prometem-encontro-grande-derbi-so-na-final\/"},"modified":"2026-03-31T15:32:32","modified_gmt":"2026-03-31T18:32:32","slug":"meias-finais-da-taca-de-portugal-prometem-encontro-grande-derbi-so-na-final","status":"publish","type":"post","link":"https:\/\/portaltela.pt\/desporto\/futebol\/2026\/03\/31\/meias-finais-da-taca-de-portugal-prometem-encontro-grande-derbi-so-na-final\/","title":{"rendered":"Meias-finais da Ta\u00e7a de Portugal prometem encontro grande, d\u00e9rbi s\u00f3 na final"},"content":{"rendered":"<p>Os ganchos da Ta\u00e7a de Portugal estavam no sorteio realizado em Tomar, onde decorre o Final-4 nos dias 25 e 26 de abril, no Pavilh\u00e3o Patr\u00edcia Sampaio. Benfica, OC Barcelos, Sporting e CD P\u00f3voa ficaram a conhecer os advers\u00e1rios para as meias-finais. A eliminat\u00f3ria masculina acontece no espa\u00e7o da prova; a final est\u00e1 j\u00e1 prevista para o final de semana.<\/p>\n<p>Benfica, l\u00edder do campeonato, e OC Barcelos, campe\u00e3o europeu, enfrentam pr\u00f3ximas meias-finais com press\u00e3o de manter o estatuto. Sporting, detentor do trof\u00e9u, aparece como favorito relativo frente ao CD P\u00f3voa, que alcan\u00e7ou esta fase pela primeira vez.<\/p>\n<p>Jo\u00e3o Rodrigues, da sec\u00e7\u00e3o do Benfica, destacou a dificuldade prevista contra Barcelos, Sporting e P\u00f3voa, mantendo o objetivo de vencer. Pedro Gil, do Sporting, sublinhou o interesse de lutar pela final, reconhecendo a oposi\u00e7\u00e3o de advers\u00e1rios fortes.<\/p>\n<p>Tiago Carr\u00e3o, presidente da C\u00e2mara de Tomar, destacou o papel do desporto para o futuro da cidade, que acolhe o evento. Lu\u00eds S\u00e9nica, presidente da Federa\u00e7\u00e3o de Patinagem, pediu que a Final-4 seja uma grande festa do h\u00f3quei.<\/p>\n<p>Entre os jogadores, Rodrigo Preciso, do Benfica, apontou a ambi\u00e7\u00e3o de vencer a Ta\u00e7a. Lu\u00eds Querido, do OC Barcelos, considerou a meia-final dif\u00edcil. Santiago Hon\u00f3rio, do Sporting, mostrou confian\u00e7a na revalida\u00e7\u00e3o do t\u00edtulo. Tiago Pereira, do CD P\u00f3voa, disse que \u00e9 hist\u00f3rico estar na Final-4 pela primeira vez.<\/p>\n<h3>Meias-finais masculinas<\/h3>\n<p>Os jogos prometem equil\u00edbrio entre equipas com hist\u00f3rico de sucesso no h\u00f3quei em patins. O n\u00edvel competitivo \u00e9 elevado e a expectativa persiste entre adeptos e jogadores.<\/p>\n<h3>Meias-finais femininas<\/h3>\n<p>Tamb\u00e9m em Tomar decorrem as meias-finais femininas, com Sanjoanense e Benfica, e Parede contra Stuart Massam\u00e1. O Benfica enfrenta a Sanjoanense, que se refor\u00e7ou para o desafio.<\/p>\n<p>Jo\u00e3o Rodrigues, do Benfica, afirmou orgulho por competir em duas frentes, masculina e feminina, mantendo a ambi\u00e7\u00e3o de vencer. Maria Sofia Silva, de honra da equipa feminina, assegurou competi\u00e7\u00e3o dif\u00edcil, com jogos de alto n\u00edvel.<\/p>\n<p>Catarina Costa, da Sanjoanense, reconheceu a dificuldade frente ao Benfica, esperando jogo exigente. Marta Marujo, da Stuart HC Massam\u00e1, anteviu dificuldade em Parede, destacando a necessidade de estar no m\u00e1ximo.<\/p>\n<p>Raquel Pinto, do Parede FC, ressaltou uma temporada positiva e o foco em mostrar valor, crescer e aproveitar a experi\u00eancia.<\/p>\n","protected":false},"excerpt":{"rendered":"<ul>\n<li>A Final-4 da Ta\u00e7a de Portugal de h\u00f3quei em patins realiza-se em Tomar, no Pavilh\u00e3o Patr\u00edcia Sampaio, nos dias 25 e 26 de abril.<\/li>\n<li>Nos masculinos, o sorteio ditou OC Barcelos-Benfica e Sporting-CD P\u00f3voa como meias-finais, com o Benfica l\u00edder do campeonato e o Barcelos campe\u00e3o europeu considerados favoritos.<\/li>\n<li>O Sporting, detentor do trof\u00e9u, defronta o CD P\u00f3voa, que chegou a esta fase pela primeira vez.<\/li>\n<li>Jogadores e dirigentes mostram ambi\u00e7\u00e3o de vencer e de chegar \u00e0 final, reconhecendo a concorr\u00eancia equilibrada.<\/li>\n<li>Nas meias-finais femininas disputam-se Benfica vs. Sanjoanense e Stuart Massam\u00e1 vs. Parede, com o Benfica a competir em duas frentes e a ambi\u00e7\u00e3o de vencer tudo.<\/li>\n<\/ul>\n","protected":false},"author":2,"featured_media":428242,"comment_status":"closed","ping_status":"closed","sticky":false,"template":"","format":"standard","meta":{"footnotes":""},"categories":[21,24],"tags":[1946,7336,273,3280,1652,1266],"class_list":["post-428234","post","type-post","status-publish","format-standard","has-post-thumbnail","hentry","category-desporto","category-futebol","tag-benfica","tag-cd-povoa","tag-hoquei","tag-oc-barcelos","tag-sporting","tag-taca-de-portugal"],"yoast_head":"<!-- This site is optimized with the Yoast SEO plugin v27.2 - https:\/\/yoast.com\/product\/yoast-seo-wordpress\/ -->\n<title>Meias-finais da Ta\u00e7a de Portugal prometem encontro grande, d\u00e9rbi s\u00f3 na final - Portal Tela Portugal<\/title>\n<meta name=\"robots\" content=\"index, follow, max-snippet:-1, max-image-preview:large, max-video-preview:-1\" \/>\n<meta property=\"og:locale\" content=\"pt_PT\" \/>\n<meta property=\"og:type\" content=\"article\" \/>\n<meta property=\"og:title\" content=\"Meias-finais da Ta\u00e7a de Portugal prometem encontro grande, d\u00e9rbi s\u00f3 na final - Portal Tela Portugal\" \/>\n<meta property=\"og:description\" content=\"A Final-4 da Ta\u00e7a de Portugal de h\u00f3quei em patins realiza-se em Tomar, no Pavilh\u00e3o Patr\u00edcia Sampaio, nos dias 25 e 26 de abril. Nos masculinos, o sorteio ditou OC Barcelos-Benfica e Sporting-CD P\u00f3voa como meias-finais, com o Benfica l\u00edder do campeonato e o Barcelos campe\u00e3o europeu considerados favoritos. O Sporting, detentor do trof\u00e9u, defronta o CD P\u00f3voa, que chegou a esta fase pela primeira vez. Jogadores e dirigentes mostram ambi\u00e7\u00e3o de vencer e de chegar \u00e0 final, reconhecendo a concorr\u00eancia equilibrada. Nas meias-finais femininas disputam-se Benfica vs. Sanjoanense e Stuart Massam\u00e1 vs. Parede, com o Benfica a competir em duas frentes e a ambi\u00e7\u00e3o de vencer tudo.\" \/>\n<meta property=\"og:url\" content=\"https:\/\/portaltela.pt\/noticias\/2026\/03\/31\/meias-finais-da-taca-de-portugal-prometem-encontro-grande-derbi-so-na-final\/\" \/>\n<meta property=\"og:site_name\" content=\"Portal Tela Portugal\" \/>\n<meta property=\"article:published_time\" content=\"2026-03-31T18:32:32+00:00\" \/>\n<meta name=\"author\" content=\"Telinha\" \/>\n<meta name=\"twitter:card\" content=\"summary_large_image\" \/>\n<meta name=\"twitter:label1\" content=\"Escrito por\" \/>\n\t<meta name=\"twitter:data1\" content=\"Telinha\" \/>\n\t<meta name=\"twitter:label2\" content=\"Tempo estimado de leitura\" \/>\n\t<meta name=\"twitter:data2\" content=\"2 minutos\" \/>\n<script type=\"application\/ld+json\" class=\"yoast-schema-graph\">{\"@context\":\"https:\/\/schema.org\",\"@graph\":[{\"@type\":\"Article\",\"@id\":\"https:\/\/portaltela.pt\/noticias\/2026\/03\/31\/meias-finais-da-taca-de-portugal-prometem-encontro-grande-derbi-so-na-final\/#article\",\"isPartOf\":{\"@id\":\"https:\/\/portaltela.pt\/noticias\/2026\/03\/31\/meias-finais-da-taca-de-portugal-prometem-encontro-grande-derbi-so-na-final\/\"},\"author\":{\"name\":\"Telinha\",\"@id\":\"https:\/\/portaltela.pt\/#\/schema\/person\/c4278d4a6028830caff9ee44b42d32ed\"},\"headline\":\"Meias-finais da Ta\u00e7a de Portugal prometem encontro grande, d\u00e9rbi s\u00f3 na final\",\"datePublished\":\"2026-03-31T18:32:32+00:00\",\"mainEntityOfPage\":{\"@id\":\"https:\/\/portaltela.pt\/noticias\/2026\/03\/31\/meias-finais-da-taca-de-portugal-prometem-encontro-grande-derbi-so-na-final\/\"},\"wordCount\":421,\"image\":{\"@id\":\"https:\/\/portaltela.pt\/noticias\/2026\/03\/31\/meias-finais-da-taca-de-portugal-prometem-encontro-grande-derbi-so-na-final\/#primaryimage\"},\"thumbnailUrl\":\"https:\/\/portaltela.pt\/s.01k8rhncp4jt1\/2026\/03\/img_920x518uu2026-03-31-19-22-16-2430334.jpg\",\"keywords\":[\"Benfica\",\"CD P\u00f3voa\",\"h\u00f3quei\",\"OC Barcelos\",\"Sporting\",\"Ta\u00e7a de Portugal\"],\"articleSection\":[\"Desporto\",\"Futebol\"],\"inLanguage\":\"pt-PT\"},{\"@type\":\"WebPage\",\"@id\":\"https:\/\/portaltela.pt\/noticias\/2026\/03\/31\/meias-finais-da-taca-de-portugal-prometem-encontro-grande-derbi-so-na-final\/\",\"url\":\"https:\/\/portaltela.pt\/noticias\/2026\/03\/31\/meias-finais-da-taca-de-portugal-prometem-encontro-grande-derbi-so-na-final\/\",\"name\":\"Meias-finais da Ta\u00e7a de Portugal prometem encontro grande, d\u00e9rbi s\u00f3 na final - Portal Tela Portugal\",\"isPartOf\":{\"@id\":\"https:\/\/portaltela.pt\/#website\"},\"primaryImageOfPage\":{\"@id\":\"https:\/\/portaltela.pt\/noticias\/2026\/03\/31\/meias-finais-da-taca-de-portugal-prometem-encontro-grande-derbi-so-na-final\/#primaryimage\"},\"image\":{\"@id\":\"https:\/\/portaltela.pt\/noticias\/2026\/03\/31\/meias-finais-da-taca-de-portugal-prometem-encontro-grande-derbi-so-na-final\/#primaryimage\"},\"thumbnailUrl\":\"https:\/\/portaltela.pt\/s.01k8rhncp4jt1\/2026\/03\/img_920x518uu2026-03-31-19-22-16-2430334.jpg\",\"datePublished\":\"2026-03-31T18:32:32+00:00\",\"author\":{\"@id\":\"https:\/\/portaltela.pt\/#\/schema\/person\/c4278d4a6028830caff9ee44b42d32ed\"},\"breadcrumb\":{\"@id\":\"https:\/\/portaltela.pt\/noticias\/2026\/03\/31\/meias-finais-da-taca-de-portugal-prometem-encontro-grande-derbi-so-na-final\/#breadcrumb\"},\"inLanguage\":\"pt-PT\",\"potentialAction\":[{\"@type\":\"ReadAction\",\"target\":[\"https:\/\/portaltela.pt\/noticias\/2026\/03\/31\/meias-finais-da-taca-de-portugal-prometem-encontro-grande-derbi-so-na-final\/\"]}]},{\"@type\":\"ImageObject\",\"inLanguage\":\"pt-PT\",\"@id\":\"https:\/\/portaltela.pt\/noticias\/2026\/03\/31\/meias-finais-da-taca-de-portugal-prometem-encontro-grande-derbi-so-na-final\/#primaryimage\",\"url\":\"https:\/\/portaltela.pt\/s.01k8rhncp4jt1\/2026\/03\/img_920x518uu2026-03-31-19-22-16-2430334.jpg\",\"contentUrl\":\"https:\/\/portaltela.pt\/s.01k8rhncp4jt1\/2026\/03\/img_920x518uu2026-03-31-19-22-16-2430334.jpg\",\"width\":796,\"height\":448,\"caption\":\"Sorteio realizou-se em Tomar\"},{\"@type\":\"BreadcrumbList\",\"@id\":\"https:\/\/portaltela.pt\/noticias\/2026\/03\/31\/meias-finais-da-taca-de-portugal-prometem-encontro-grande-derbi-so-na-final\/#breadcrumb\",\"itemListElement\":[{\"@type\":\"ListItem\",\"position\":1,\"name\":\"In\u00edcio\",\"item\":\"https:\/\/portaltela.pt\/\"},{\"@type\":\"ListItem\",\"position\":2,\"name\":\"Meias-finais da Ta\u00e7a de Portugal prometem encontro grande, d\u00e9rbi s\u00f3 na final\"}]},{\"@type\":\"WebSite\",\"@id\":\"https:\/\/portaltela.pt\/#website\",\"url\":\"https:\/\/portaltela.pt\/\",\"name\":\"Portal Tela Portugal\",\"description\":\"\",\"potentialAction\":[{\"@type\":\"SearchAction\",\"target\":{\"@type\":\"EntryPoint\",\"urlTemplate\":\"https:\/\/portaltela.pt\/?s={search_term_string}\"},\"query-input\":{\"@type\":\"PropertyValueSpecification\",\"valueRequired\":true,\"valueName\":\"search_term_string\"}}],\"inLanguage\":\"pt-PT\"},{\"@type\":\"Person\",\"@id\":\"https:\/\/portaltela.pt\/#\/schema\/person\/c4278d4a6028830caff9ee44b42d32ed\",\"name\":\"Telinha\",\"image\":{\"@type\":\"ImageObject\",\"inLanguage\":\"pt-PT\",\"@id\":\"https:\/\/portaltela.pt\/s.01k8rhncp4jt1\/2025\/11\/talking-bot-125x125.png\",\"url\":\"https:\/\/portaltela.pt\/s.01k8rhncp4jt1\/2025\/11\/talking-bot-125x125.png\",\"contentUrl\":\"https:\/\/portaltela.pt\/s.01k8rhncp4jt1\/2025\/11\/talking-bot-125x125.png\",\"caption\":\"Telinha\"},\"sameAs\":[\"https:\/\/portaltela.pt\/\"],\"url\":\"https:\/\/portaltela.pt\/por\/367410592786\/\"}]}<\/script>\n<!-- \/ Yoast SEO plugin. -->","yoast_head_json":{"title":"Meias-finais da Ta\u00e7a de Portugal prometem encontro grande, d\u00e9rbi s\u00f3 na final - Portal Tela Portugal","robots":{"index":"index","follow":"follow","max-snippet":"max-snippet:-1","max-image-preview":"max-image-preview:large","max-video-preview":"max-video-preview:-1"},"og_locale":"pt_PT","og_type":"article","og_title":"Meias-finais da Ta\u00e7a de Portugal prometem encontro grande, d\u00e9rbi s\u00f3 na final - Portal Tela Portugal","og_description":"A Final-4 da Ta\u00e7a de Portugal de h\u00f3quei em patins realiza-se em Tomar, no Pavilh\u00e3o Patr\u00edcia Sampaio, nos dias 25 e 26 de abril. Nos masculinos, o sorteio ditou OC Barcelos-Benfica e Sporting-CD P\u00f3voa como meias-finais, com o Benfica l\u00edder do campeonato e o Barcelos campe\u00e3o europeu considerados favoritos. O Sporting, detentor do trof\u00e9u, defronta o CD P\u00f3voa, que chegou a esta fase pela primeira vez. Jogadores e dirigentes mostram ambi\u00e7\u00e3o de vencer e de chegar \u00e0 final, reconhecendo a concorr\u00eancia equilibrada. Nas meias-finais femininas disputam-se Benfica vs. Sanjoanense e Stuart Massam\u00e1 vs. Parede, com o Benfica a competir em duas frentes e a ambi\u00e7\u00e3o de vencer tudo.","og_url":"https:\/\/portaltela.pt\/noticias\/2026\/03\/31\/meias-finais-da-taca-de-portugal-prometem-encontro-grande-derbi-so-na-final\/","og_site_name":"Portal Tela Portugal","article_published_time":"2026-03-31T18:32:32+00:00","author":"Telinha","twitter_card":"summary_large_image","twitter_misc":{"Escrito por":"Telinha","Tempo estimado de leitura":"2 minutos"},"schema":{"@context":"https:\/\/schema.org","@graph":[{"@type":"Article","@id":"https:\/\/portaltela.pt\/noticias\/2026\/03\/31\/meias-finais-da-taca-de-portugal-prometem-encontro-grande-derbi-so-na-final\/#article","isPartOf":{"@id":"https:\/\/portaltela.pt\/noticias\/2026\/03\/31\/meias-finais-da-taca-de-portugal-prometem-encontro-grande-derbi-so-na-final\/"},"author":{"name":"Telinha","@id":"https:\/\/portaltela.pt\/#\/schema\/person\/c4278d4a6028830caff9ee44b42d32ed"},"headline":"Meias-finais da Ta\u00e7a de Portugal prometem encontro grande, d\u00e9rbi s\u00f3 na final","datePublished":"2026-03-31T18:32:32+00:00","mainEntityOfPage":{"@id":"https:\/\/portaltela.pt\/noticias\/2026\/03\/31\/meias-finais-da-taca-de-portugal-prometem-encontro-grande-derbi-so-na-final\/"},"wordCount":421,"image":{"@id":"https:\/\/portaltela.pt\/noticias\/2026\/03\/31\/meias-finais-da-taca-de-portugal-prometem-encontro-grande-derbi-so-na-final\/#primaryimage"},"thumbnailUrl":"https:\/\/portaltela.pt\/s.01k8rhncp4jt1\/2026\/03\/img_920x518uu2026-03-31-19-22-16-2430334.jpg","keywords":["Benfica","CD P\u00f3voa","h\u00f3quei","OC Barcelos","Sporting","Ta\u00e7a de Portugal"],"articleSection":["Desporto","Futebol"],"inLanguage":"pt-PT"},{"@type":"WebPage","@id":"https:\/\/portaltela.pt\/noticias\/2026\/03\/31\/meias-finais-da-taca-de-portugal-prometem-encontro-grande-derbi-so-na-final\/","url":"https:\/\/portaltela.pt\/noticias\/2026\/03\/31\/meias-finais-da-taca-de-portugal-prometem-encontro-grande-derbi-so-na-final\/","name":"Meias-finais da Ta\u00e7a de Portugal prometem encontro grande, d\u00e9rbi s\u00f3 na final - Portal Tela Portugal","isPartOf":{"@id":"https:\/\/portaltela.pt\/#website"},"primaryImageOfPage":{"@id":"https:\/\/portaltela.pt\/noticias\/2026\/03\/31\/meias-finais-da-taca-de-portugal-prometem-encontro-grande-derbi-so-na-final\/#primaryimage"},"image":{"@id":"https:\/\/portaltela.pt\/noticias\/2026\/03\/31\/meias-finais-da-taca-de-portugal-prometem-encontro-grande-derbi-so-na-final\/#primaryimage"},"thumbnailUrl":"https:\/\/portaltela.pt\/s.01k8rhncp4jt1\/2026\/03\/img_920x518uu2026-03-31-19-22-16-2430334.jpg","datePublished":"2026-03-31T18:32:32+00:00","author":{"@id":"https:\/\/portaltela.pt\/#\/schema\/person\/c4278d4a6028830caff9ee44b42d32ed"},"breadcrumb":{"@id":"https:\/\/portaltela.pt\/noticias\/2026\/03\/31\/meias-finais-da-taca-de-portugal-prometem-encontro-grande-derbi-so-na-final\/#breadcrumb"},"inLanguage":"pt-PT","potentialAction":[{"@type":"ReadAction","target":["https:\/\/portaltela.pt\/noticias\/2026\/03\/31\/meias-finais-da-taca-de-portugal-prometem-encontro-grande-derbi-so-na-final\/"]}]},{"@type":"ImageObject","inLanguage":"pt-PT","@id":"https:\/\/portaltela.pt\/noticias\/2026\/03\/31\/meias-finais-da-taca-de-portugal-prometem-encontro-grande-derbi-so-na-final\/#primaryimage","url":"https:\/\/portaltela.pt\/s.01k8rhncp4jt1\/2026\/03\/img_920x518uu2026-03-31-19-22-16-2430334.jpg","contentUrl":"https:\/\/portaltela.pt\/s.01k8rhncp4jt1\/2026\/03\/img_920x518uu2026-03-31-19-22-16-2430334.jpg","width":796,"height":448,"caption":"Sorteio realizou-se em Tomar"},{"@type":"BreadcrumbList","@id":"https:\/\/portaltela.pt\/noticias\/2026\/03\/31\/meias-finais-da-taca-de-portugal-prometem-encontro-grande-derbi-so-na-final\/#breadcrumb","itemListElement":[{"@type":"ListItem","position":1,"name":"In\u00edcio","item":"https:\/\/portaltela.pt\/"},{"@type":"ListItem","position":2,"name":"Meias-finais da Ta\u00e7a de Portugal prometem encontro grande, d\u00e9rbi s\u00f3 na final"}]},{"@type":"WebSite","@id":"https:\/\/portaltela.pt\/#website","url":"https:\/\/portaltela.pt\/","name":"Portal Tela Portugal","description":"","potentialAction":[{"@type":"SearchAction","target":{"@type":"EntryPoint","urlTemplate":"https:\/\/portaltela.pt\/?s={search_term_string}"},"query-input":{"@type":"PropertyValueSpecification","valueRequired":true,"valueName":"search_term_string"}}],"inLanguage":"pt-PT"},{"@type":"Person","@id":"https:\/\/portaltela.pt\/#\/schema\/person\/c4278d4a6028830caff9ee44b42d32ed","name":"Telinha","image":{"@type":"ImageObject","inLanguage":"pt-PT","@id":"https:\/\/portaltela.pt\/s.01k8rhncp4jt1\/2025\/11\/talking-bot-125x125.png","url":"https:\/\/portaltela.pt\/s.01k8rhncp4jt1\/2025\/11\/talking-bot-125x125.png","contentUrl":"https:\/\/portaltela.pt\/s.01k8rhncp4jt1\/2025\/11\/talking-bot-125x125.png","caption":"Telinha"},"sameAs":["https:\/\/portaltela.pt\/"],"url":"https:\/\/portaltela.pt\/por\/367410592786\/"}]}},"_links":{"self":[{"href":"https:\/\/portaltela.pt\/api\/wp\/v2\/posts\/428234","targetHints":{"allow":["GET"]}}],"collection":[{"href":"https:\/\/portaltela.pt\/api\/wp\/v2\/posts"}],"about":[{"href":"https:\/\/portaltela.pt\/api\/wp\/v2\/types\/post"}],"author":[{"embeddable":true,"href":"https:\/\/portaltela.pt\/api\/wp\/v2\/users\/2"}],"replies":[{"embeddable":true,"href":"https:\/\/portaltela.pt\/api\/wp\/v2\/comments?post=428234"}],"version-history":[{"count":0,"href":"https:\/\/portaltela.pt\/api\/wp\/v2\/posts\/428234\/revisions"}],"wp:featuredmedia":[{"embeddable":true,"href":"https:\/\/portaltela.pt\/api\/wp\/v2\/media\/428242"}],"wp:attachment":[{"href":"https:\/\/portaltela.pt\/api\/wp\/v2\/media?parent=428234"}],"wp:term":[{"taxonomy":"category","embeddable":true,"href":"https:\/\/portaltela.pt\/api\/wp\/v2\/categories?post=428234"},{"taxonomy":"post_tag","embeddable":true,"href":"https:\/\/portaltela.pt\/api\/wp\/v2\/tags?post=428234"}],"curies":[{"name":"wp","href":"https:\/\/api.w.org\/{rel}","templated":true}]}}