{"id":428206,"date":"2026-03-31T15:17:04","date_gmt":"2026-03-31T18:17:04","guid":{"rendered":"https:\/\/portaltela.pt\/noticias\/2026\/03\/31\/chega-avanca-com-proposta-de-revisao-constitucional-em-abril\/"},"modified":"2026-03-31T15:17:04","modified_gmt":"2026-03-31T18:17:04","slug":"chega-avanca-com-proposta-de-revisao-constitucional-em-abril","status":"publish","type":"post","link":"https:\/\/portaltela.pt\/noticias\/politica\/2026\/03\/31\/chega-avanca-com-proposta-de-revisao-constitucional-em-abril\/","title":{"rendered":"Chega avan\u00e7a com proposta de revis\u00e3o constitucional em abril"},"content":{"rendered":"<p>O Chega confirmou que vai apresentar em abril uma proposta de revis\u00e3o da Constitui\u00e7\u00e3o, com o objetivo de tornar a Lei Fundamental adequada aos tempos atuais. A ideia inclui altera\u00e7\u00f5es relevantes para o sistema pol\u00edtico.<\/p>\n<p>O an\u00fancio foi feito por Andr\u00e9 Ventura, l\u00edder do partido, durante declara\u00e7\u00f5es na Assembleia da Rep\u00fablica, antes de uma reuni\u00e3o com a Dire\u00e7\u00e3o Nacional e a lideran\u00e7a do Grupo Parlamentar.<\/p>\n<p>A proposta aponta para uma revis\u00e3o que n\u00e3o \u00e9 nem maximalista nem minimalista, mas alinhada com necessidades que o Chega identifica no panorama atual. O foco est\u00e1 em v\u00e1rias \u00e1reas.<\/p>\n<p>Entre os pontos, o Chega pretende promover uma \u201climpeza\u201d da carga ideol\u00f3gica, rever o modelo econ\u00f3mico e reformar o funcionamento do sistema pol\u00edtico, incluindo a redu\u00e7\u00e3o do n\u00famero de deputados.<\/p>\n<p>No cap\u00edtulo da Justi\u00e7a, o partido defende menos recursos que contribuam para a sobrecarga do sistema e penas mais elevadas, com poss\u00edveis endurecimentos em crimes graves, como homic\u00eddio, terrorismo e crimes de organiza\u00e7\u00e3o criminosa.<\/p>\n","protected":false},"excerpt":{"rendered":"<ul>\n<li>O Chega vai avan\u00e7ar em abril com uma proposta de revis\u00e3o constitucional para tornar a Lei Fundamental adequada aos novos tempos.<\/li>\n<li>O an\u00fancio foi feito por Andr\u00e9 Ventura na Assembleia da Rep\u00fablica, antes de uma reuni\u00e3o com a Dire\u00e7\u00e3o Nacional e a lideran\u00e7a do Grupo Parlamentar.<\/li>\n<li>A revis\u00e3o incluir\u00e1 a redu\u00e7\u00e3o do n\u00famero de deputados e a \u201climpeza da carga ideol\u00f3gica\u201d do texto.<\/li>\n<li>Ser\u00e1 tamb\u00e9m revista a abordagem ao modelo econ\u00f3mico e ao sistema pol\u00edtico.<\/li>\n<li>No que toca \u00e0 Justi\u00e7a, o partido prop\u00f5e menos recursos que atrasem o sistema e penas mais elevadas, com possibilidades de pris\u00e3o perp\u00e9tua ou at\u00e9 quarenta anos de pris\u00e3o para crimes graves.<\/li>\n<\/ul>\n","protected":false},"author":2,"featured_media":428214,"comment_status":"closed","ping_status":"closed","sticky":false,"template":"","format":"standard","meta":{"footnotes":""},"categories":[1,5],"tags":[2453,4057,1345,803,2832,4989],"class_list":["post-428206","post","type-post","status-publish","format-standard","has-post-thumbnail","hentry","category-noticias","category-politica","tag-andre-ventura","tag-constituicao","tag-homicidio","tag-justica","tag-politica","tag-terrorismo"],"yoast_head":"<!-- This site is optimized with the Yoast SEO plugin v27.2 - https:\/\/yoast.com\/product\/yoast-seo-wordpress\/ -->\n<title>Chega avan\u00e7a com proposta de revis\u00e3o constitucional em abril - Portal Tela Portugal<\/title>\n<meta name=\"robots\" content=\"index, follow, max-snippet:-1, max-image-preview:large, max-video-preview:-1\" \/>\n<meta property=\"og:locale\" content=\"pt_PT\" \/>\n<meta property=\"og:type\" content=\"article\" \/>\n<meta property=\"og:title\" content=\"Chega avan\u00e7a com proposta de revis\u00e3o constitucional em abril - Portal Tela Portugal\" \/>\n<meta property=\"og:description\" content=\"O Chega vai avan\u00e7ar em abril com uma proposta de revis\u00e3o constitucional para tornar a Lei Fundamental adequada aos novos tempos. O an\u00fancio foi feito por Andr\u00e9 Ventura na Assembleia da Rep\u00fablica, antes de uma reuni\u00e3o com a Dire\u00e7\u00e3o Nacional e a lideran\u00e7a do Grupo Parlamentar. A revis\u00e3o incluir\u00e1 a redu\u00e7\u00e3o do n\u00famero de deputados e a \u201climpeza da carga ideol\u00f3gica\u201d do texto. Ser\u00e1 tamb\u00e9m revista a abordagem ao modelo econ\u00f3mico e ao sistema pol\u00edtico. No que toca \u00e0 Justi\u00e7a, o partido prop\u00f5e menos recursos que atrasem o sistema e penas mais elevadas, com possibilidades de pris\u00e3o perp\u00e9tua ou at\u00e9 quarenta anos de pris\u00e3o para crimes graves.\" \/>\n<meta property=\"og:url\" content=\"https:\/\/portaltela.pt\/noticias\/2026\/03\/31\/chega-avanca-com-proposta-de-revisao-constitucional-em-abril\/\" \/>\n<meta property=\"og:site_name\" content=\"Portal Tela Portugal\" \/>\n<meta property=\"article:published_time\" content=\"2026-03-31T18:17:04+00:00\" \/>\n<meta name=\"author\" content=\"Telinha\" \/>\n<meta name=\"twitter:card\" content=\"summary_large_image\" \/>\n<meta name=\"twitter:label1\" content=\"Escrito por\" \/>\n\t<meta name=\"twitter:data1\" content=\"Telinha\" \/>\n\t<meta name=\"twitter:label2\" content=\"Tempo estimado de leitura\" \/>\n\t<meta name=\"twitter:data2\" content=\"1 minuto\" \/>\n<script type=\"application\/ld+json\" class=\"yoast-schema-graph\">{\"@context\":\"https:\/\/schema.org\",\"@graph\":[{\"@type\":\"Article\",\"@id\":\"https:\/\/portaltela.pt\/noticias\/2026\/03\/31\/chega-avanca-com-proposta-de-revisao-constitucional-em-abril\/#article\",\"isPartOf\":{\"@id\":\"https:\/\/portaltela.pt\/noticias\/2026\/03\/31\/chega-avanca-com-proposta-de-revisao-constitucional-em-abril\/\"},\"author\":{\"name\":\"Telinha\",\"@id\":\"https:\/\/portaltela.pt\/#\/schema\/person\/c4278d4a6028830caff9ee44b42d32ed\"},\"headline\":\"Chega avan\u00e7a com proposta de revis\u00e3o constitucional em abril\",\"datePublished\":\"2026-03-31T18:17:04+00:00\",\"mainEntityOfPage\":{\"@id\":\"https:\/\/portaltela.pt\/noticias\/2026\/03\/31\/chega-avanca-com-proposta-de-revisao-constitucional-em-abril\/\"},\"wordCount\":193,\"image\":{\"@id\":\"https:\/\/portaltela.pt\/noticias\/2026\/03\/31\/chega-avanca-com-proposta-de-revisao-constitucional-em-abril\/#primaryimage\"},\"thumbnailUrl\":\"https:\/\/portaltela.pt\/s.01k8rhncp4jt1\/2026\/03\/image-1891.jpg\",\"keywords\":[\"Andr\u00e9 Ventura\",\"constitui\u00e7\u00e3o\",\"homic\u00eddio\",\"justi\u00e7a\",\"pol\u00edtica\",\"terrorismo\"],\"articleSection\":[\"Not\u00edcias\",\"Pol\u00edtica\"],\"inLanguage\":\"pt-PT\"},{\"@type\":\"WebPage\",\"@id\":\"https:\/\/portaltela.pt\/noticias\/2026\/03\/31\/chega-avanca-com-proposta-de-revisao-constitucional-em-abril\/\",\"url\":\"https:\/\/portaltela.pt\/noticias\/2026\/03\/31\/chega-avanca-com-proposta-de-revisao-constitucional-em-abril\/\",\"name\":\"Chega avan\u00e7a com proposta de revis\u00e3o constitucional em abril - Portal Tela Portugal\",\"isPartOf\":{\"@id\":\"https:\/\/portaltela.pt\/#website\"},\"primaryImageOfPage\":{\"@id\":\"https:\/\/portaltela.pt\/noticias\/2026\/03\/31\/chega-avanca-com-proposta-de-revisao-constitucional-em-abril\/#primaryimage\"},\"image\":{\"@id\":\"https:\/\/portaltela.pt\/noticias\/2026\/03\/31\/chega-avanca-com-proposta-de-revisao-constitucional-em-abril\/#primaryimage\"},\"thumbnailUrl\":\"https:\/\/portaltela.pt\/s.01k8rhncp4jt1\/2026\/03\/image-1891.jpg\",\"datePublished\":\"2026-03-31T18:17:04+00:00\",\"author\":{\"@id\":\"https:\/\/portaltela.pt\/#\/schema\/person\/c4278d4a6028830caff9ee44b42d32ed\"},\"breadcrumb\":{\"@id\":\"https:\/\/portaltela.pt\/noticias\/2026\/03\/31\/chega-avanca-com-proposta-de-revisao-constitucional-em-abril\/#breadcrumb\"},\"inLanguage\":\"pt-PT\",\"potentialAction\":[{\"@type\":\"ReadAction\",\"target\":[\"https:\/\/portaltela.pt\/noticias\/2026\/03\/31\/chega-avanca-com-proposta-de-revisao-constitucional-em-abril\/\"]}]},{\"@type\":\"ImageObject\",\"inLanguage\":\"pt-PT\",\"@id\":\"https:\/\/portaltela.pt\/noticias\/2026\/03\/31\/chega-avanca-com-proposta-de-revisao-constitucional-em-abril\/#primaryimage\",\"url\":\"https:\/\/portaltela.pt\/s.01k8rhncp4jt1\/2026\/03\/image-1891.jpg\",\"contentUrl\":\"https:\/\/portaltela.pt\/s.01k8rhncp4jt1\/2026\/03\/image-1891.jpg\",\"width\":796,\"height\":448,\"caption\":\"O l\u00edder do Chega, Andr\u00e9 Ventura\"},{\"@type\":\"BreadcrumbList\",\"@id\":\"https:\/\/portaltela.pt\/noticias\/2026\/03\/31\/chega-avanca-com-proposta-de-revisao-constitucional-em-abril\/#breadcrumb\",\"itemListElement\":[{\"@type\":\"ListItem\",\"position\":1,\"name\":\"In\u00edcio\",\"item\":\"https:\/\/portaltela.pt\/\"},{\"@type\":\"ListItem\",\"position\":2,\"name\":\"Chega avan\u00e7a com proposta de revis\u00e3o constitucional em abril\"}]},{\"@type\":\"WebSite\",\"@id\":\"https:\/\/portaltela.pt\/#website\",\"url\":\"https:\/\/portaltela.pt\/\",\"name\":\"Portal Tela Portugal\",\"description\":\"\",\"potentialAction\":[{\"@type\":\"SearchAction\",\"target\":{\"@type\":\"EntryPoint\",\"urlTemplate\":\"https:\/\/portaltela.pt\/?s={search_term_string}\"},\"query-input\":{\"@type\":\"PropertyValueSpecification\",\"valueRequired\":true,\"valueName\":\"search_term_string\"}}],\"inLanguage\":\"pt-PT\"},{\"@type\":\"Person\",\"@id\":\"https:\/\/portaltela.pt\/#\/schema\/person\/c4278d4a6028830caff9ee44b42d32ed\",\"name\":\"Telinha\",\"image\":{\"@type\":\"ImageObject\",\"inLanguage\":\"pt-PT\",\"@id\":\"https:\/\/portaltela.pt\/s.01k8rhncp4jt1\/2025\/11\/talking-bot-125x125.png\",\"url\":\"https:\/\/portaltela.pt\/s.01k8rhncp4jt1\/2025\/11\/talking-bot-125x125.png\",\"contentUrl\":\"https:\/\/portaltela.pt\/s.01k8rhncp4jt1\/2025\/11\/talking-bot-125x125.png\",\"caption\":\"Telinha\"},\"sameAs\":[\"https:\/\/portaltela.pt\/\"],\"url\":\"https:\/\/portaltela.pt\/por\/367410592786\/\"}]}<\/script>\n<!-- \/ Yoast SEO plugin. -->","yoast_head_json":{"title":"Chega avan\u00e7a com proposta de revis\u00e3o constitucional em abril - Portal Tela Portugal","robots":{"index":"index","follow":"follow","max-snippet":"max-snippet:-1","max-image-preview":"max-image-preview:large","max-video-preview":"max-video-preview:-1"},"og_locale":"pt_PT","og_type":"article","og_title":"Chega avan\u00e7a com proposta de revis\u00e3o constitucional em abril - Portal Tela Portugal","og_description":"O Chega vai avan\u00e7ar em abril com uma proposta de revis\u00e3o constitucional para tornar a Lei Fundamental adequada aos novos tempos. O an\u00fancio foi feito por Andr\u00e9 Ventura na Assembleia da Rep\u00fablica, antes de uma reuni\u00e3o com a Dire\u00e7\u00e3o Nacional e a lideran\u00e7a do Grupo Parlamentar. A revis\u00e3o incluir\u00e1 a redu\u00e7\u00e3o do n\u00famero de deputados e a \u201climpeza da carga ideol\u00f3gica\u201d do texto. Ser\u00e1 tamb\u00e9m revista a abordagem ao modelo econ\u00f3mico e ao sistema pol\u00edtico. No que toca \u00e0 Justi\u00e7a, o partido prop\u00f5e menos recursos que atrasem o sistema e penas mais elevadas, com possibilidades de pris\u00e3o perp\u00e9tua ou at\u00e9 quarenta anos de pris\u00e3o para crimes graves.","og_url":"https:\/\/portaltela.pt\/noticias\/2026\/03\/31\/chega-avanca-com-proposta-de-revisao-constitucional-em-abril\/","og_site_name":"Portal Tela Portugal","article_published_time":"2026-03-31T18:17:04+00:00","author":"Telinha","twitter_card":"summary_large_image","twitter_misc":{"Escrito por":"Telinha","Tempo estimado de leitura":"1 minuto"},"schema":{"@context":"https:\/\/schema.org","@graph":[{"@type":"Article","@id":"https:\/\/portaltela.pt\/noticias\/2026\/03\/31\/chega-avanca-com-proposta-de-revisao-constitucional-em-abril\/#article","isPartOf":{"@id":"https:\/\/portaltela.pt\/noticias\/2026\/03\/31\/chega-avanca-com-proposta-de-revisao-constitucional-em-abril\/"},"author":{"name":"Telinha","@id":"https:\/\/portaltela.pt\/#\/schema\/person\/c4278d4a6028830caff9ee44b42d32ed"},"headline":"Chega avan\u00e7a com proposta de revis\u00e3o constitucional em abril","datePublished":"2026-03-31T18:17:04+00:00","mainEntityOfPage":{"@id":"https:\/\/portaltela.pt\/noticias\/2026\/03\/31\/chega-avanca-com-proposta-de-revisao-constitucional-em-abril\/"},"wordCount":193,"image":{"@id":"https:\/\/portaltela.pt\/noticias\/2026\/03\/31\/chega-avanca-com-proposta-de-revisao-constitucional-em-abril\/#primaryimage"},"thumbnailUrl":"https:\/\/portaltela.pt\/s.01k8rhncp4jt1\/2026\/03\/image-1891.jpg","keywords":["Andr\u00e9 Ventura","constitui\u00e7\u00e3o","homic\u00eddio","justi\u00e7a","pol\u00edtica","terrorismo"],"articleSection":["Not\u00edcias","Pol\u00edtica"],"inLanguage":"pt-PT"},{"@type":"WebPage","@id":"https:\/\/portaltela.pt\/noticias\/2026\/03\/31\/chega-avanca-com-proposta-de-revisao-constitucional-em-abril\/","url":"https:\/\/portaltela.pt\/noticias\/2026\/03\/31\/chega-avanca-com-proposta-de-revisao-constitucional-em-abril\/","name":"Chega avan\u00e7a com proposta de revis\u00e3o constitucional em abril - Portal Tela Portugal","isPartOf":{"@id":"https:\/\/portaltela.pt\/#website"},"primaryImageOfPage":{"@id":"https:\/\/portaltela.pt\/noticias\/2026\/03\/31\/chega-avanca-com-proposta-de-revisao-constitucional-em-abril\/#primaryimage"},"image":{"@id":"https:\/\/portaltela.pt\/noticias\/2026\/03\/31\/chega-avanca-com-proposta-de-revisao-constitucional-em-abril\/#primaryimage"},"thumbnailUrl":"https:\/\/portaltela.pt\/s.01k8rhncp4jt1\/2026\/03\/image-1891.jpg","datePublished":"2026-03-31T18:17:04+00:00","author":{"@id":"https:\/\/portaltela.pt\/#\/schema\/person\/c4278d4a6028830caff9ee44b42d32ed"},"breadcrumb":{"@id":"https:\/\/portaltela.pt\/noticias\/2026\/03\/31\/chega-avanca-com-proposta-de-revisao-constitucional-em-abril\/#breadcrumb"},"inLanguage":"pt-PT","potentialAction":[{"@type":"ReadAction","target":["https:\/\/portaltela.pt\/noticias\/2026\/03\/31\/chega-avanca-com-proposta-de-revisao-constitucional-em-abril\/"]}]},{"@type":"ImageObject","inLanguage":"pt-PT","@id":"https:\/\/portaltela.pt\/noticias\/2026\/03\/31\/chega-avanca-com-proposta-de-revisao-constitucional-em-abril\/#primaryimage","url":"https:\/\/portaltela.pt\/s.01k8rhncp4jt1\/2026\/03\/image-1891.jpg","contentUrl":"https:\/\/portaltela.pt\/s.01k8rhncp4jt1\/2026\/03\/image-1891.jpg","width":796,"height":448,"caption":"O l\u00edder do Chega, Andr\u00e9 Ventura"},{"@type":"BreadcrumbList","@id":"https:\/\/portaltela.pt\/noticias\/2026\/03\/31\/chega-avanca-com-proposta-de-revisao-constitucional-em-abril\/#breadcrumb","itemListElement":[{"@type":"ListItem","position":1,"name":"In\u00edcio","item":"https:\/\/portaltela.pt\/"},{"@type":"ListItem","position":2,"name":"Chega avan\u00e7a com proposta de revis\u00e3o constitucional em abril"}]},{"@type":"WebSite","@id":"https:\/\/portaltela.pt\/#website","url":"https:\/\/portaltela.pt\/","name":"Portal Tela Portugal","description":"","potentialAction":[{"@type":"SearchAction","target":{"@type":"EntryPoint","urlTemplate":"https:\/\/portaltela.pt\/?s={search_term_string}"},"query-input":{"@type":"PropertyValueSpecification","valueRequired":true,"valueName":"search_term_string"}}],"inLanguage":"pt-PT"},{"@type":"Person","@id":"https:\/\/portaltela.pt\/#\/schema\/person\/c4278d4a6028830caff9ee44b42d32ed","name":"Telinha","image":{"@type":"ImageObject","inLanguage":"pt-PT","@id":"https:\/\/portaltela.pt\/s.01k8rhncp4jt1\/2025\/11\/talking-bot-125x125.png","url":"https:\/\/portaltela.pt\/s.01k8rhncp4jt1\/2025\/11\/talking-bot-125x125.png","contentUrl":"https:\/\/portaltela.pt\/s.01k8rhncp4jt1\/2025\/11\/talking-bot-125x125.png","caption":"Telinha"},"sameAs":["https:\/\/portaltela.pt\/"],"url":"https:\/\/portaltela.pt\/por\/367410592786\/"}]}},"_links":{"self":[{"href":"https:\/\/portaltela.pt\/api\/wp\/v2\/posts\/428206","targetHints":{"allow":["GET"]}}],"collection":[{"href":"https:\/\/portaltela.pt\/api\/wp\/v2\/posts"}],"about":[{"href":"https:\/\/portaltela.pt\/api\/wp\/v2\/types\/post"}],"author":[{"embeddable":true,"href":"https:\/\/portaltela.pt\/api\/wp\/v2\/users\/2"}],"replies":[{"embeddable":true,"href":"https:\/\/portaltela.pt\/api\/wp\/v2\/comments?post=428206"}],"version-history":[{"count":0,"href":"https:\/\/portaltela.pt\/api\/wp\/v2\/posts\/428206\/revisions"}],"wp:featuredmedia":[{"embeddable":true,"href":"https:\/\/portaltela.pt\/api\/wp\/v2\/media\/428214"}],"wp:attachment":[{"href":"https:\/\/portaltela.pt\/api\/wp\/v2\/media?parent=428206"}],"wp:term":[{"taxonomy":"category","embeddable":true,"href":"https:\/\/portaltela.pt\/api\/wp\/v2\/categories?post=428206"},{"taxonomy":"post_tag","embeddable":true,"href":"https:\/\/portaltela.pt\/api\/wp\/v2\/tags?post=428206"}],"curies":[{"name":"wp","href":"https:\/\/api.w.org\/{rel}","templated":true}]}}