{"id":428201,"date":"2026-03-31T15:16:59","date_gmt":"2026-03-31T18:16:59","guid":{"rendered":"https:\/\/portaltela.pt\/noticias\/2026\/03\/31\/carlos-cesar-sera-o-primeiro-nome-do-ps-para-o-conselho-de-estado\/"},"modified":"2026-03-31T15:16:59","modified_gmt":"2026-03-31T18:16:59","slug":"carlos-cesar-sera-o-primeiro-nome-do-ps-para-o-conselho-de-estado","status":"publish","type":"post","link":"https:\/\/portaltela.pt\/noticias\/politica\/2026\/03\/31\/carlos-cesar-sera-o-primeiro-nome-do-ps-para-o-conselho-de-estado\/","title":{"rendered":"Carlos C\u00e9sar ser\u00e1 o primeiro nome do PS para o Conselho de Estado"},"content":{"rendered":"<p>Carlos C\u00e9sar vai ser o primeiro nome indicado pelo PS para o Conselho de Estado. O jurista e atual conselheiro de Estado foi reeleito presidente do PS no congresso realizado no fim de semana, em Viseu.<\/p>\n<p>A not\u00edcia foi avan\u00e7ada pelo Observador e confirmada \u00e0 Lusa por uma fonte do partido. A entrega das listas para os \u00f3rg\u00e3os externos do Parlamento termina na quinta-feira, num processo j\u00e1 v\u00e1rias vezes adiado.<\/p>\n<p>Os nomes eleitos pela AR dever\u00e3o tomar posse no dia seguinte, data agendada pelo Presidente da Rep\u00fablica para a majora\u00e7\u00e3o do Conselho de Estado. O \u00f3rg\u00e3o consultivo do Pal\u00e1cio de Bel\u00e9m aguarda ainda a indica\u00e7\u00e3o dos cinco nomes pelo chefe de Estado.<\/p>\n<h3>Contexto e dados necess\u00e1rios<\/h3>\n<p>Em junho de 2024, o Parlamento aprovou uma lista conjunta para o Conselho de Estado com cinco representantes propostos por PSD, PS e Chega. Carlos Moedas, Francisco Pinto Balsem\u00e3o, Pedro Nuno Santos, Carlos C\u00e9sar e Andr\u00e9 Ventura comp\u00f5em essa lista.<\/p>\n<p>Segundo a Constitui\u00e7\u00e3o, a AR elege cinco cidad\u00e3os para o Conselho de Estado, mantendo a representa\u00e7\u00e3o proporcional ao per\u00edodo da legislatura. Os eleitos permanecem em fun\u00e7\u00e3o at\u00e9 \u00e0 posse dos substitutos.<\/p>\n","protected":false},"excerpt":{"rendered":"<ul>\n<li>Carlos C\u00e9sar, que j\u00e1 \u00e9 conselheiro de estado, ser\u00e1 o primeiro nome indicado pelo PS para o Conselho de Estado.<\/li>\n<li>A not\u00edcia foi avan\u00e7ada pelo Observador e confirmada \u00e0 Lusa por fonte do partido.<\/li>\n<li>O prazo para entregar as listas de \u00f3rg\u00e3os externos do Parlamento vence esta quinta-feira, com a posse prevista para o dia seguinte.<\/li>\n<li>Ainda n\u00e3o s\u00e3o conhecidos os cinco nomes do \u00f3rg\u00e3o consultivo da Presid\u00eancia que cabem ao chefe de Estado indicar.<\/li>\n<li>Em junho de 2024, o Parlamento elegeu cinco representantes para o Conselho de Estado: Carlos Moedas, Francisco Pinto Balsem\u00e3o, Pedro Nuno Santos, Carlos C\u00e9sar e Andr\u00e9 Ventura.<\/li>\n<\/ul>\n","protected":false},"author":2,"featured_media":428203,"comment_status":"closed","ping_status":"closed","sticky":false,"template":"","format":"standard","meta":{"footnotes":""},"categories":[1,5],"tags":[42,151,1732,2832,2144,1171],"class_list":["post-428201","post","type-post","status-publish","format-standard","has-post-thumbnail","hentry","category-noticias","category-politica","tag-congresso","tag-conselho","tag-partidos","tag-politica","tag-ps","tag-viseu"],"yoast_head":"<!-- This site is optimized with the Yoast SEO plugin v27.2 - https:\/\/yoast.com\/product\/yoast-seo-wordpress\/ -->\n<title>Carlos C\u00e9sar ser\u00e1 o primeiro nome do PS para o Conselho de Estado - Portal Tela Portugal<\/title>\n<meta name=\"robots\" content=\"index, follow, max-snippet:-1, max-image-preview:large, max-video-preview:-1\" \/>\n<meta property=\"og:locale\" content=\"pt_PT\" \/>\n<meta property=\"og:type\" content=\"article\" \/>\n<meta property=\"og:title\" content=\"Carlos C\u00e9sar ser\u00e1 o primeiro nome do PS para o Conselho de Estado - Portal Tela Portugal\" \/>\n<meta property=\"og:description\" content=\"Carlos C\u00e9sar, que j\u00e1 \u00e9 conselheiro de estado, ser\u00e1 o primeiro nome indicado pelo PS para o Conselho de Estado. A not\u00edcia foi avan\u00e7ada pelo Observador e confirmada \u00e0 Lusa por fonte do partido. O prazo para entregar as listas de \u00f3rg\u00e3os externos do Parlamento vence esta quinta-feira, com a posse prevista para o dia seguinte. Ainda n\u00e3o s\u00e3o conhecidos os cinco nomes do \u00f3rg\u00e3o consultivo da Presid\u00eancia que cabem ao chefe de Estado indicar. Em junho de 2024, o Parlamento elegeu cinco representantes para o Conselho de Estado: Carlos Moedas, Francisco Pinto Balsem\u00e3o, Pedro Nuno Santos, Carlos C\u00e9sar e Andr\u00e9 Ventura.\" \/>\n<meta property=\"og:url\" content=\"https:\/\/portaltela.pt\/noticias\/2026\/03\/31\/carlos-cesar-sera-o-primeiro-nome-do-ps-para-o-conselho-de-estado\/\" \/>\n<meta property=\"og:site_name\" content=\"Portal Tela Portugal\" \/>\n<meta property=\"article:published_time\" content=\"2026-03-31T18:16:59+00:00\" \/>\n<meta name=\"author\" content=\"Telinha\" \/>\n<meta name=\"twitter:card\" content=\"summary_large_image\" \/>\n<meta name=\"twitter:label1\" content=\"Escrito por\" \/>\n\t<meta name=\"twitter:data1\" content=\"Telinha\" \/>\n\t<meta name=\"twitter:label2\" content=\"Tempo estimado de leitura\" \/>\n\t<meta name=\"twitter:data2\" content=\"1 minuto\" \/>\n<script type=\"application\/ld+json\" class=\"yoast-schema-graph\">{\"@context\":\"https:\/\/schema.org\",\"@graph\":[{\"@type\":\"Article\",\"@id\":\"https:\/\/portaltela.pt\/noticias\/2026\/03\/31\/carlos-cesar-sera-o-primeiro-nome-do-ps-para-o-conselho-de-estado\/#article\",\"isPartOf\":{\"@id\":\"https:\/\/portaltela.pt\/noticias\/2026\/03\/31\/carlos-cesar-sera-o-primeiro-nome-do-ps-para-o-conselho-de-estado\/\"},\"author\":{\"name\":\"Telinha\",\"@id\":\"https:\/\/portaltela.pt\/#\/schema\/person\/c4278d4a6028830caff9ee44b42d32ed\"},\"headline\":\"Carlos C\u00e9sar ser\u00e1 o primeiro nome do PS para o Conselho de Estado\",\"datePublished\":\"2026-03-31T18:16:59+00:00\",\"mainEntityOfPage\":{\"@id\":\"https:\/\/portaltela.pt\/noticias\/2026\/03\/31\/carlos-cesar-sera-o-primeiro-nome-do-ps-para-o-conselho-de-estado\/\"},\"wordCount\":219,\"image\":{\"@id\":\"https:\/\/portaltela.pt\/noticias\/2026\/03\/31\/carlos-cesar-sera-o-primeiro-nome-do-ps-para-o-conselho-de-estado\/#primaryimage\"},\"thumbnailUrl\":\"https:\/\/portaltela.pt\/s.01k8rhncp4jt1\/2026\/03\/2078316.jpg\",\"keywords\":[\"congresso\",\"conselho\",\"partidos\",\"pol\u00edtica\",\"PS\",\"Viseu\"],\"articleSection\":[\"Not\u00edcias\",\"Pol\u00edtica\"],\"inLanguage\":\"pt-PT\"},{\"@type\":\"WebPage\",\"@id\":\"https:\/\/portaltela.pt\/noticias\/2026\/03\/31\/carlos-cesar-sera-o-primeiro-nome-do-ps-para-o-conselho-de-estado\/\",\"url\":\"https:\/\/portaltela.pt\/noticias\/2026\/03\/31\/carlos-cesar-sera-o-primeiro-nome-do-ps-para-o-conselho-de-estado\/\",\"name\":\"Carlos C\u00e9sar ser\u00e1 o primeiro nome do PS para o Conselho de Estado - Portal Tela Portugal\",\"isPartOf\":{\"@id\":\"https:\/\/portaltela.pt\/#website\"},\"primaryImageOfPage\":{\"@id\":\"https:\/\/portaltela.pt\/noticias\/2026\/03\/31\/carlos-cesar-sera-o-primeiro-nome-do-ps-para-o-conselho-de-estado\/#primaryimage\"},\"image\":{\"@id\":\"https:\/\/portaltela.pt\/noticias\/2026\/03\/31\/carlos-cesar-sera-o-primeiro-nome-do-ps-para-o-conselho-de-estado\/#primaryimage\"},\"thumbnailUrl\":\"https:\/\/portaltela.pt\/s.01k8rhncp4jt1\/2026\/03\/2078316.jpg\",\"datePublished\":\"2026-03-31T18:16:59+00:00\",\"author\":{\"@id\":\"https:\/\/portaltela.pt\/#\/schema\/person\/c4278d4a6028830caff9ee44b42d32ed\"},\"breadcrumb\":{\"@id\":\"https:\/\/portaltela.pt\/noticias\/2026\/03\/31\/carlos-cesar-sera-o-primeiro-nome-do-ps-para-o-conselho-de-estado\/#breadcrumb\"},\"inLanguage\":\"pt-PT\",\"potentialAction\":[{\"@type\":\"ReadAction\",\"target\":[\"https:\/\/portaltela.pt\/noticias\/2026\/03\/31\/carlos-cesar-sera-o-primeiro-nome-do-ps-para-o-conselho-de-estado\/\"]}]},{\"@type\":\"ImageObject\",\"inLanguage\":\"pt-PT\",\"@id\":\"https:\/\/portaltela.pt\/noticias\/2026\/03\/31\/carlos-cesar-sera-o-primeiro-nome-do-ps-para-o-conselho-de-estado\/#primaryimage\",\"url\":\"https:\/\/portaltela.pt\/s.01k8rhncp4jt1\/2026\/03\/2078316.jpg\",\"contentUrl\":\"https:\/\/portaltela.pt\/s.01k8rhncp4jt1\/2026\/03\/2078316.jpg\",\"width\":796,\"height\":448,\"caption\":\"Carlos C\u00e9sar foi reeleito presidente do PS no congresso do passado fim-de-semana\"},{\"@type\":\"BreadcrumbList\",\"@id\":\"https:\/\/portaltela.pt\/noticias\/2026\/03\/31\/carlos-cesar-sera-o-primeiro-nome-do-ps-para-o-conselho-de-estado\/#breadcrumb\",\"itemListElement\":[{\"@type\":\"ListItem\",\"position\":1,\"name\":\"In\u00edcio\",\"item\":\"https:\/\/portaltela.pt\/\"},{\"@type\":\"ListItem\",\"position\":2,\"name\":\"Carlos C\u00e9sar ser\u00e1 o primeiro nome do PS para o Conselho de Estado\"}]},{\"@type\":\"WebSite\",\"@id\":\"https:\/\/portaltela.pt\/#website\",\"url\":\"https:\/\/portaltela.pt\/\",\"name\":\"Portal Tela Portugal\",\"description\":\"\",\"potentialAction\":[{\"@type\":\"SearchAction\",\"target\":{\"@type\":\"EntryPoint\",\"urlTemplate\":\"https:\/\/portaltela.pt\/?s={search_term_string}\"},\"query-input\":{\"@type\":\"PropertyValueSpecification\",\"valueRequired\":true,\"valueName\":\"search_term_string\"}}],\"inLanguage\":\"pt-PT\"},{\"@type\":\"Person\",\"@id\":\"https:\/\/portaltela.pt\/#\/schema\/person\/c4278d4a6028830caff9ee44b42d32ed\",\"name\":\"Telinha\",\"image\":{\"@type\":\"ImageObject\",\"inLanguage\":\"pt-PT\",\"@id\":\"https:\/\/portaltela.pt\/s.01k8rhncp4jt1\/2025\/11\/talking-bot-125x125.png\",\"url\":\"https:\/\/portaltela.pt\/s.01k8rhncp4jt1\/2025\/11\/talking-bot-125x125.png\",\"contentUrl\":\"https:\/\/portaltela.pt\/s.01k8rhncp4jt1\/2025\/11\/talking-bot-125x125.png\",\"caption\":\"Telinha\"},\"sameAs\":[\"https:\/\/portaltela.pt\/\"],\"url\":\"https:\/\/portaltela.pt\/por\/367410592786\/\"}]}<\/script>\n<!-- \/ Yoast SEO plugin. -->","yoast_head_json":{"title":"Carlos C\u00e9sar ser\u00e1 o primeiro nome do PS para o Conselho de Estado - Portal Tela Portugal","robots":{"index":"index","follow":"follow","max-snippet":"max-snippet:-1","max-image-preview":"max-image-preview:large","max-video-preview":"max-video-preview:-1"},"og_locale":"pt_PT","og_type":"article","og_title":"Carlos C\u00e9sar ser\u00e1 o primeiro nome do PS para o Conselho de Estado - Portal Tela Portugal","og_description":"Carlos C\u00e9sar, que j\u00e1 \u00e9 conselheiro de estado, ser\u00e1 o primeiro nome indicado pelo PS para o Conselho de Estado. A not\u00edcia foi avan\u00e7ada pelo Observador e confirmada \u00e0 Lusa por fonte do partido. O prazo para entregar as listas de \u00f3rg\u00e3os externos do Parlamento vence esta quinta-feira, com a posse prevista para o dia seguinte. Ainda n\u00e3o s\u00e3o conhecidos os cinco nomes do \u00f3rg\u00e3o consultivo da Presid\u00eancia que cabem ao chefe de Estado indicar. Em junho de 2024, o Parlamento elegeu cinco representantes para o Conselho de Estado: Carlos Moedas, Francisco Pinto Balsem\u00e3o, Pedro Nuno Santos, Carlos C\u00e9sar e Andr\u00e9 Ventura.","og_url":"https:\/\/portaltela.pt\/noticias\/2026\/03\/31\/carlos-cesar-sera-o-primeiro-nome-do-ps-para-o-conselho-de-estado\/","og_site_name":"Portal Tela Portugal","article_published_time":"2026-03-31T18:16:59+00:00","author":"Telinha","twitter_card":"summary_large_image","twitter_misc":{"Escrito por":"Telinha","Tempo estimado de leitura":"1 minuto"},"schema":{"@context":"https:\/\/schema.org","@graph":[{"@type":"Article","@id":"https:\/\/portaltela.pt\/noticias\/2026\/03\/31\/carlos-cesar-sera-o-primeiro-nome-do-ps-para-o-conselho-de-estado\/#article","isPartOf":{"@id":"https:\/\/portaltela.pt\/noticias\/2026\/03\/31\/carlos-cesar-sera-o-primeiro-nome-do-ps-para-o-conselho-de-estado\/"},"author":{"name":"Telinha","@id":"https:\/\/portaltela.pt\/#\/schema\/person\/c4278d4a6028830caff9ee44b42d32ed"},"headline":"Carlos C\u00e9sar ser\u00e1 o primeiro nome do PS para o Conselho de Estado","datePublished":"2026-03-31T18:16:59+00:00","mainEntityOfPage":{"@id":"https:\/\/portaltela.pt\/noticias\/2026\/03\/31\/carlos-cesar-sera-o-primeiro-nome-do-ps-para-o-conselho-de-estado\/"},"wordCount":219,"image":{"@id":"https:\/\/portaltela.pt\/noticias\/2026\/03\/31\/carlos-cesar-sera-o-primeiro-nome-do-ps-para-o-conselho-de-estado\/#primaryimage"},"thumbnailUrl":"https:\/\/portaltela.pt\/s.01k8rhncp4jt1\/2026\/03\/2078316.jpg","keywords":["congresso","conselho","partidos","pol\u00edtica","PS","Viseu"],"articleSection":["Not\u00edcias","Pol\u00edtica"],"inLanguage":"pt-PT"},{"@type":"WebPage","@id":"https:\/\/portaltela.pt\/noticias\/2026\/03\/31\/carlos-cesar-sera-o-primeiro-nome-do-ps-para-o-conselho-de-estado\/","url":"https:\/\/portaltela.pt\/noticias\/2026\/03\/31\/carlos-cesar-sera-o-primeiro-nome-do-ps-para-o-conselho-de-estado\/","name":"Carlos C\u00e9sar ser\u00e1 o primeiro nome do PS para o Conselho de Estado - Portal Tela Portugal","isPartOf":{"@id":"https:\/\/portaltela.pt\/#website"},"primaryImageOfPage":{"@id":"https:\/\/portaltela.pt\/noticias\/2026\/03\/31\/carlos-cesar-sera-o-primeiro-nome-do-ps-para-o-conselho-de-estado\/#primaryimage"},"image":{"@id":"https:\/\/portaltela.pt\/noticias\/2026\/03\/31\/carlos-cesar-sera-o-primeiro-nome-do-ps-para-o-conselho-de-estado\/#primaryimage"},"thumbnailUrl":"https:\/\/portaltela.pt\/s.01k8rhncp4jt1\/2026\/03\/2078316.jpg","datePublished":"2026-03-31T18:16:59+00:00","author":{"@id":"https:\/\/portaltela.pt\/#\/schema\/person\/c4278d4a6028830caff9ee44b42d32ed"},"breadcrumb":{"@id":"https:\/\/portaltela.pt\/noticias\/2026\/03\/31\/carlos-cesar-sera-o-primeiro-nome-do-ps-para-o-conselho-de-estado\/#breadcrumb"},"inLanguage":"pt-PT","potentialAction":[{"@type":"ReadAction","target":["https:\/\/portaltela.pt\/noticias\/2026\/03\/31\/carlos-cesar-sera-o-primeiro-nome-do-ps-para-o-conselho-de-estado\/"]}]},{"@type":"ImageObject","inLanguage":"pt-PT","@id":"https:\/\/portaltela.pt\/noticias\/2026\/03\/31\/carlos-cesar-sera-o-primeiro-nome-do-ps-para-o-conselho-de-estado\/#primaryimage","url":"https:\/\/portaltela.pt\/s.01k8rhncp4jt1\/2026\/03\/2078316.jpg","contentUrl":"https:\/\/portaltela.pt\/s.01k8rhncp4jt1\/2026\/03\/2078316.jpg","width":796,"height":448,"caption":"Carlos C\u00e9sar foi reeleito presidente do PS no congresso do passado fim-de-semana"},{"@type":"BreadcrumbList","@id":"https:\/\/portaltela.pt\/noticias\/2026\/03\/31\/carlos-cesar-sera-o-primeiro-nome-do-ps-para-o-conselho-de-estado\/#breadcrumb","itemListElement":[{"@type":"ListItem","position":1,"name":"In\u00edcio","item":"https:\/\/portaltela.pt\/"},{"@type":"ListItem","position":2,"name":"Carlos C\u00e9sar ser\u00e1 o primeiro nome do PS para o Conselho de Estado"}]},{"@type":"WebSite","@id":"https:\/\/portaltela.pt\/#website","url":"https:\/\/portaltela.pt\/","name":"Portal Tela Portugal","description":"","potentialAction":[{"@type":"SearchAction","target":{"@type":"EntryPoint","urlTemplate":"https:\/\/portaltela.pt\/?s={search_term_string}"},"query-input":{"@type":"PropertyValueSpecification","valueRequired":true,"valueName":"search_term_string"}}],"inLanguage":"pt-PT"},{"@type":"Person","@id":"https:\/\/portaltela.pt\/#\/schema\/person\/c4278d4a6028830caff9ee44b42d32ed","name":"Telinha","image":{"@type":"ImageObject","inLanguage":"pt-PT","@id":"https:\/\/portaltela.pt\/s.01k8rhncp4jt1\/2025\/11\/talking-bot-125x125.png","url":"https:\/\/portaltela.pt\/s.01k8rhncp4jt1\/2025\/11\/talking-bot-125x125.png","contentUrl":"https:\/\/portaltela.pt\/s.01k8rhncp4jt1\/2025\/11\/talking-bot-125x125.png","caption":"Telinha"},"sameAs":["https:\/\/portaltela.pt\/"],"url":"https:\/\/portaltela.pt\/por\/367410592786\/"}]}},"_links":{"self":[{"href":"https:\/\/portaltela.pt\/api\/wp\/v2\/posts\/428201","targetHints":{"allow":["GET"]}}],"collection":[{"href":"https:\/\/portaltela.pt\/api\/wp\/v2\/posts"}],"about":[{"href":"https:\/\/portaltela.pt\/api\/wp\/v2\/types\/post"}],"author":[{"embeddable":true,"href":"https:\/\/portaltela.pt\/api\/wp\/v2\/users\/2"}],"replies":[{"embeddable":true,"href":"https:\/\/portaltela.pt\/api\/wp\/v2\/comments?post=428201"}],"version-history":[{"count":0,"href":"https:\/\/portaltela.pt\/api\/wp\/v2\/posts\/428201\/revisions"}],"wp:featuredmedia":[{"embeddable":true,"href":"https:\/\/portaltela.pt\/api\/wp\/v2\/media\/428203"}],"wp:attachment":[{"href":"https:\/\/portaltela.pt\/api\/wp\/v2\/media?parent=428201"}],"wp:term":[{"taxonomy":"category","embeddable":true,"href":"https:\/\/portaltela.pt\/api\/wp\/v2\/categories?post=428201"},{"taxonomy":"post_tag","embeddable":true,"href":"https:\/\/portaltela.pt\/api\/wp\/v2\/tags?post=428201"}],"curies":[{"name":"wp","href":"https:\/\/api.w.org\/{rel}","templated":true}]}}