{"id":428193,"date":"2026-03-31T15:02:53","date_gmt":"2026-03-31T18:02:53","guid":{"rendered":"https:\/\/portaltela.pt\/noticias\/2026\/03\/31\/criminalidade-grupal-e-delinquencia-juvenil-caem-desde-a-pandemia\/"},"modified":"2026-03-31T15:02:53","modified_gmt":"2026-03-31T18:02:53","slug":"criminalidade-grupal-e-delinquencia-juvenil-caem-desde-a-pandemia","status":"publish","type":"post","link":"https:\/\/portaltela.pt\/criminalidade\/2026\/03\/31\/criminalidade-grupal-e-delinquencia-juvenil-caem-desde-a-pandemia\/","title":{"rendered":"Criminalidade grupal e delinqu\u00eancia juvenil caem desde a pandemia"},"content":{"rendered":"<p>O Relat\u00f3rio Anual de Seguran\u00e7a Interna (RASI) de 2025, apresentado no parlamento, mostra pela primeira vez desde o in\u00edcio da pandemia uma queda nos crimes praticados em contexto de grupo e pela popula\u00e7\u00e3o juvenil. Em 2025 registaram-se 7.190 ocorr\u00eancias de criminalidade grupal e 2.036 de delinqu\u00eancia juvenil, respetivamente 1,2% e 1,3% abaixo de 2024.<\/p>\n<p>O documento aponta que a redu\u00e7\u00e3o foi geral, apesar de manterem-se padr\u00f5es familiares aos anos anteriores. Os suspeitos de criminalidade grupal s\u00e3o, em sua maioria, jovens entre 15 e 25 anos, com rivalidades entre grupos de diferentes zonas, sobretudo na \u00c1rea Metropolitana de Lisboa e no distrito de Set\u00fabal. As redes sociais aparecem como extens\u00e3o do territ\u00f3rio, potenciando conflitos, simbolismo e mobiliza\u00e7\u00e3o r\u00e1pida.<\/p>\n<p>O relat\u00f3rio real\u00e7a tamb\u00e9m que crimes como viola\u00e7\u00e3o, roubo de viatura, agress\u00f5es graves e extors\u00e3o sexual registaram aumentos, ainda que o grande recuo global n\u00e3o seja suficiente para esconder epis\u00f3dios n\u00e3o denunciados. Em delinqu\u00eancia juvenil, destacam-se ofensas \u00e0 integridade f\u00edsica simples, amea\u00e7as, coa\u00e7\u00e3o e furtos em edif\u00edcios comerciais, ocorridos principalmente durante o per\u00edodo escolar.<\/p>\n<p>A meio t\u00e9cnico de atua\u00e7\u00e3o, o estudo aponta que a maior parte dos autores \u00e9 do sexo masculino, com idades entre 12 e 15 anos, coincidindo com o perfil das v\u00edtimas. A pr\u00e1tica de il\u00edcitos de natureza sexual \u00e9 destacada, ocorrendo frequentemente em contexto escolar ou de proximidade relacional, com casos de abusos, viola\u00e7\u00f5es e importuna\u00e7\u00e3o, associados a conte\u00fados partilhados entre menores.<\/p>\n<p>O relat\u00f3rio nota tamb\u00e9m o aumento do crime de pornografia de menores e a partilha de conte\u00fados \u00edntimos entre pares. Em 2025, a Pol\u00edcia Judici\u00e1ria abriu 3.044 investiga\u00e7\u00f5es, mais 28% face a 2024, incluindo burlas, branqueamento, tr\u00e1fico de estupefacientes, extors\u00e3o e falsifica\u00e7\u00e3o de documentos.<\/p>\n<p>No \u00e2mbito do Programa Escola Segura, registaram-se 8.133 il\u00edcitos em ambiente escolar no ano letivo 2024\/2025, mais 14,1%. Desses, 5.694 eram de natureza criminal, menos 0,9% que no anterior, com maior incid\u00eancia de ofensas \u00e0 integridade f\u00edsica, inj\u00farias, amea\u00e7as, furtos e casos de uso ou posse de arma.<\/p>\n<h3>Esfera educativa e \u00e1reas de atua\u00e7\u00e3o<\/h3>\n<p>O relat\u00f3rio sublinha que a criminalidade grupal revela organiza\u00e7\u00e3o crescente, especializa\u00e7\u00e3o funcional e adapta\u00e7\u00e3o tecnol\u00f3gica, exigindo respostas integradas entre for\u00e7as de seguran\u00e7a e educa\u00e7\u00e3o. As zonas de Lisboa e Set\u00fabal mant\u00eam maior densidade de incidentes, exigindo vigil\u00e2ncia mais atenta.<\/p>\n<p>A vertente escolar continua a ser uma linha de atua\u00e7\u00e3o priorit\u00e1ria, com necessidade de fortalecer programas de preven\u00e7\u00e3o, supervis\u00e3o e apoio \u00e0s v\u00edtimas. As autoridades destacam a import\u00e2ncia de dados para orientar pol\u00edticas p\u00fablicas e interven\u00e7\u00f5es futuras.<\/p>\n","protected":false},"excerpt":{"rendered":"<ul>\n<li>Em 2025 houve, pela primeira vez desde a pandemia, queda em crimes em contexto de grupo e em delinqu\u00eancia juvenil: 7.190 ocorr\u00eancias de criminalidade grupal e 2.036 de delinqu\u00eancia juvenil, menos 1,2% e 1,3% respetivamente face a 2024.<\/li>\n<li>Os suspeitos de criminalidade grupal s\u00e3o principalmente jovens entre 15 e 25 anos, com rivalidade entre grupos de diferentes zonas, destacando a \u00c1rea Metropolitana de Lisboa e o distrito de Set\u00fabal; as redes sociais ampliam conflitos.<\/li>\n<li>Mesmo com a diminui\u00e7\u00e3o global, aumentaram crimes como viola\u00e7\u00e3o, roubo de viatura, ofensa \u00e0 integridade f\u00edsica grave e extors\u00e3o sexual, sendo poss\u00edvel que haja epis\u00f3dios n\u00e3o denunciados.<\/li>\n<li>Na delinqu\u00eancia juvenil, predominaram ofensas \u00e0 integridade f\u00edsica volunt\u00e1ria simples, amea\u00e7a e coa\u00e7\u00e3o, furto em edif\u00edcio comercial ou industrial, ocorrendo sobretudo durante o per\u00edodo escolar; autores s\u00e3o, em maioria, rapazes entre 12 e 15 anos.<\/li>\n<li>O relat\u00f3rio assinala aumento de pornografia de menores e extors\u00e3o ap\u00f3s partilha de imagens \u00edntimas; a Pol\u00edcia Judici\u00e1ria abriu 3.044 investiga\u00e7\u00f5es (mais 28%) sobre burlas, branqueamento, tr\u00e1fico, extors\u00e3o e documentos falsificados; no Programa Escola Segura houve 8.133 il\u00edcitos em ambiente escolar no ano letivo 2024\/2025.<\/li>\n<\/ul>\n","protected":false},"author":2,"featured_media":428195,"comment_status":"closed","ping_status":"closed","sticky":false,"template":"","format":"standard","meta":{"footnotes":""},"categories":[6907,7374],"tags":[4132,177,3450,1802,7669,994],"class_list":["post-428193","post","type-post","status-publish","format-standard","has-post-thumbnail","hentry","category-crime","category-criminalidade","tag-area-metropolitana-de-lisboa","tag-crimes","tag-delinquencia","tag-policia-judiciaria","tag-programa-escola-segura","tag-setubal"],"yoast_head":"<!-- This site is optimized with the Yoast SEO plugin v27.2 - https:\/\/yoast.com\/product\/yoast-seo-wordpress\/ -->\n<title>Criminalidade grupal e delinqu\u00eancia juvenil caem desde a pandemia - Portal Tela Portugal<\/title>\n<meta name=\"robots\" content=\"index, follow, max-snippet:-1, max-image-preview:large, max-video-preview:-1\" \/>\n<meta property=\"og:locale\" content=\"pt_PT\" \/>\n<meta property=\"og:type\" content=\"article\" \/>\n<meta property=\"og:title\" content=\"Criminalidade grupal e delinqu\u00eancia juvenil caem desde a pandemia - Portal Tela Portugal\" \/>\n<meta property=\"og:description\" content=\"Em 2025 houve, pela primeira vez desde a pandemia, queda em crimes em contexto de grupo e em delinqu\u00eancia juvenil: 7.190 ocorr\u00eancias de criminalidade grupal e 2.036 de delinqu\u00eancia juvenil, menos 1,2% e 1,3% respetivamente face a 2024. Os suspeitos de criminalidade grupal s\u00e3o principalmente jovens entre 15 e 25 anos, com rivalidade entre grupos de diferentes zonas, destacando a \u00c1rea Metropolitana de Lisboa e o distrito de Set\u00fabal; as redes sociais ampliam conflitos. Mesmo com a diminui\u00e7\u00e3o global, aumentaram crimes como viola\u00e7\u00e3o, roubo de viatura, ofensa \u00e0 integridade f\u00edsica grave e extors\u00e3o sexual, sendo poss\u00edvel que haja epis\u00f3dios n\u00e3o denunciados. Na delinqu\u00eancia juvenil, predominaram ofensas \u00e0 integridade f\u00edsica volunt\u00e1ria simples, amea\u00e7a e coa\u00e7\u00e3o, furto em edif\u00edcio comercial ou industrial, ocorrendo sobretudo durante o per\u00edodo escolar; autores s\u00e3o, em maioria, rapazes entre 12 e 15 anos. O relat\u00f3rio assinala aumento de pornografia de menores e extors\u00e3o ap\u00f3s partilha de imagens \u00edntimas; a Pol\u00edcia Judici\u00e1ria abriu 3.044 investiga\u00e7\u00f5es (mais 28%) sobre burlas, branqueamento, tr\u00e1fico, extors\u00e3o e documentos falsificados; no Programa Escola Segura houve 8.133 il\u00edcitos em ambiente escolar no ano letivo 2024\/2025.\" \/>\n<meta property=\"og:url\" content=\"https:\/\/portaltela.pt\/noticias\/2026\/03\/31\/criminalidade-grupal-e-delinquencia-juvenil-caem-desde-a-pandemia\/\" \/>\n<meta property=\"og:site_name\" content=\"Portal Tela Portugal\" \/>\n<meta property=\"article:published_time\" content=\"2026-03-31T18:02:53+00:00\" \/>\n<meta name=\"author\" content=\"Telinha\" \/>\n<meta name=\"twitter:card\" content=\"summary_large_image\" \/>\n<meta name=\"twitter:label1\" content=\"Escrito por\" \/>\n\t<meta name=\"twitter:data1\" content=\"Telinha\" \/>\n\t<meta name=\"twitter:label2\" content=\"Tempo estimado de leitura\" \/>\n\t<meta name=\"twitter:data2\" content=\"2 minutos\" \/>\n<script type=\"application\/ld+json\" class=\"yoast-schema-graph\">{\"@context\":\"https:\/\/schema.org\",\"@graph\":[{\"@type\":\"Article\",\"@id\":\"https:\/\/portaltela.pt\/noticias\/2026\/03\/31\/criminalidade-grupal-e-delinquencia-juvenil-caem-desde-a-pandemia\/#article\",\"isPartOf\":{\"@id\":\"https:\/\/portaltela.pt\/noticias\/2026\/03\/31\/criminalidade-grupal-e-delinquencia-juvenil-caem-desde-a-pandemia\/\"},\"author\":{\"name\":\"Telinha\",\"@id\":\"https:\/\/portaltela.pt\/#\/schema\/person\/c4278d4a6028830caff9ee44b42d32ed\"},\"headline\":\"Criminalidade grupal e delinqu\u00eancia juvenil caem desde a pandemia\",\"datePublished\":\"2026-03-31T18:02:53+00:00\",\"mainEntityOfPage\":{\"@id\":\"https:\/\/portaltela.pt\/noticias\/2026\/03\/31\/criminalidade-grupal-e-delinquencia-juvenil-caem-desde-a-pandemia\/\"},\"wordCount\":465,\"image\":{\"@id\":\"https:\/\/portaltela.pt\/noticias\/2026\/03\/31\/criminalidade-grupal-e-delinquencia-juvenil-caem-desde-a-pandemia\/#primaryimage\"},\"thumbnailUrl\":\"https:\/\/portaltela.pt\/s.01k8rhncp4jt1\/2026\/03\/img_1500x1000uu2023-10-15-14-43-22-1466969.jpg\",\"keywords\":[\"\u00c1rea Metropolitana de Lisboa\",\"crimes\",\"delinqu\u00eancia\",\"Pol\u00edcia Judici\u00e1ria\",\"Programa Escola Segura\",\"Set\u00fabal\"],\"articleSection\":[\"Crime\",\"Criminalidade\"],\"inLanguage\":\"pt-PT\"},{\"@type\":\"WebPage\",\"@id\":\"https:\/\/portaltela.pt\/noticias\/2026\/03\/31\/criminalidade-grupal-e-delinquencia-juvenil-caem-desde-a-pandemia\/\",\"url\":\"https:\/\/portaltela.pt\/noticias\/2026\/03\/31\/criminalidade-grupal-e-delinquencia-juvenil-caem-desde-a-pandemia\/\",\"name\":\"Criminalidade grupal e delinqu\u00eancia juvenil caem desde a pandemia - Portal Tela Portugal\",\"isPartOf\":{\"@id\":\"https:\/\/portaltela.pt\/#website\"},\"primaryImageOfPage\":{\"@id\":\"https:\/\/portaltela.pt\/noticias\/2026\/03\/31\/criminalidade-grupal-e-delinquencia-juvenil-caem-desde-a-pandemia\/#primaryimage\"},\"image\":{\"@id\":\"https:\/\/portaltela.pt\/noticias\/2026\/03\/31\/criminalidade-grupal-e-delinquencia-juvenil-caem-desde-a-pandemia\/#primaryimage\"},\"thumbnailUrl\":\"https:\/\/portaltela.pt\/s.01k8rhncp4jt1\/2026\/03\/img_1500x1000uu2023-10-15-14-43-22-1466969.jpg\",\"datePublished\":\"2026-03-31T18:02:53+00:00\",\"author\":{\"@id\":\"https:\/\/portaltela.pt\/#\/schema\/person\/c4278d4a6028830caff9ee44b42d32ed\"},\"breadcrumb\":{\"@id\":\"https:\/\/portaltela.pt\/noticias\/2026\/03\/31\/criminalidade-grupal-e-delinquencia-juvenil-caem-desde-a-pandemia\/#breadcrumb\"},\"inLanguage\":\"pt-PT\",\"potentialAction\":[{\"@type\":\"ReadAction\",\"target\":[\"https:\/\/portaltela.pt\/noticias\/2026\/03\/31\/criminalidade-grupal-e-delinquencia-juvenil-caem-desde-a-pandemia\/\"]}]},{\"@type\":\"ImageObject\",\"inLanguage\":\"pt-PT\",\"@id\":\"https:\/\/portaltela.pt\/noticias\/2026\/03\/31\/criminalidade-grupal-e-delinquencia-juvenil-caem-desde-a-pandemia\/#primaryimage\",\"url\":\"https:\/\/portaltela.pt\/s.01k8rhncp4jt1\/2026\/03\/img_1500x1000uu2023-10-15-14-43-22-1466969.jpg\",\"contentUrl\":\"https:\/\/portaltela.pt\/s.01k8rhncp4jt1\/2026\/03\/img_1500x1000uu2023-10-15-14-43-22-1466969.jpg\",\"width\":796,\"height\":448,\"caption\":\"Criminalidade grupal e delinqu\u00eancia juvenil diminu\u00edram pela primeira vez desde a pandemia\"},{\"@type\":\"BreadcrumbList\",\"@id\":\"https:\/\/portaltela.pt\/noticias\/2026\/03\/31\/criminalidade-grupal-e-delinquencia-juvenil-caem-desde-a-pandemia\/#breadcrumb\",\"itemListElement\":[{\"@type\":\"ListItem\",\"position\":1,\"name\":\"In\u00edcio\",\"item\":\"https:\/\/portaltela.pt\/\"},{\"@type\":\"ListItem\",\"position\":2,\"name\":\"Criminalidade grupal e delinqu\u00eancia juvenil caem desde a pandemia\"}]},{\"@type\":\"WebSite\",\"@id\":\"https:\/\/portaltela.pt\/#website\",\"url\":\"https:\/\/portaltela.pt\/\",\"name\":\"Portal Tela Portugal\",\"description\":\"\",\"potentialAction\":[{\"@type\":\"SearchAction\",\"target\":{\"@type\":\"EntryPoint\",\"urlTemplate\":\"https:\/\/portaltela.pt\/?s={search_term_string}\"},\"query-input\":{\"@type\":\"PropertyValueSpecification\",\"valueRequired\":true,\"valueName\":\"search_term_string\"}}],\"inLanguage\":\"pt-PT\"},{\"@type\":\"Person\",\"@id\":\"https:\/\/portaltela.pt\/#\/schema\/person\/c4278d4a6028830caff9ee44b42d32ed\",\"name\":\"Telinha\",\"image\":{\"@type\":\"ImageObject\",\"inLanguage\":\"pt-PT\",\"@id\":\"https:\/\/portaltela.pt\/s.01k8rhncp4jt1\/2025\/11\/talking-bot-125x125.png\",\"url\":\"https:\/\/portaltela.pt\/s.01k8rhncp4jt1\/2025\/11\/talking-bot-125x125.png\",\"contentUrl\":\"https:\/\/portaltela.pt\/s.01k8rhncp4jt1\/2025\/11\/talking-bot-125x125.png\",\"caption\":\"Telinha\"},\"sameAs\":[\"https:\/\/portaltela.pt\/\"],\"url\":\"https:\/\/portaltela.pt\/por\/367410592786\/\"}]}<\/script>\n<!-- \/ Yoast SEO plugin. -->","yoast_head_json":{"title":"Criminalidade grupal e delinqu\u00eancia juvenil caem desde a pandemia - Portal Tela Portugal","robots":{"index":"index","follow":"follow","max-snippet":"max-snippet:-1","max-image-preview":"max-image-preview:large","max-video-preview":"max-video-preview:-1"},"og_locale":"pt_PT","og_type":"article","og_title":"Criminalidade grupal e delinqu\u00eancia juvenil caem desde a pandemia - Portal Tela Portugal","og_description":"Em 2025 houve, pela primeira vez desde a pandemia, queda em crimes em contexto de grupo e em delinqu\u00eancia juvenil: 7.190 ocorr\u00eancias de criminalidade grupal e 2.036 de delinqu\u00eancia juvenil, menos 1,2% e 1,3% respetivamente face a 2024. Os suspeitos de criminalidade grupal s\u00e3o principalmente jovens entre 15 e 25 anos, com rivalidade entre grupos de diferentes zonas, destacando a \u00c1rea Metropolitana de Lisboa e o distrito de Set\u00fabal; as redes sociais ampliam conflitos. Mesmo com a diminui\u00e7\u00e3o global, aumentaram crimes como viola\u00e7\u00e3o, roubo de viatura, ofensa \u00e0 integridade f\u00edsica grave e extors\u00e3o sexual, sendo poss\u00edvel que haja epis\u00f3dios n\u00e3o denunciados. Na delinqu\u00eancia juvenil, predominaram ofensas \u00e0 integridade f\u00edsica volunt\u00e1ria simples, amea\u00e7a e coa\u00e7\u00e3o, furto em edif\u00edcio comercial ou industrial, ocorrendo sobretudo durante o per\u00edodo escolar; autores s\u00e3o, em maioria, rapazes entre 12 e 15 anos. O relat\u00f3rio assinala aumento de pornografia de menores e extors\u00e3o ap\u00f3s partilha de imagens \u00edntimas; a Pol\u00edcia Judici\u00e1ria abriu 3.044 investiga\u00e7\u00f5es (mais 28%) sobre burlas, branqueamento, tr\u00e1fico, extors\u00e3o e documentos falsificados; no Programa Escola Segura houve 8.133 il\u00edcitos em ambiente escolar no ano letivo 2024\/2025.","og_url":"https:\/\/portaltela.pt\/noticias\/2026\/03\/31\/criminalidade-grupal-e-delinquencia-juvenil-caem-desde-a-pandemia\/","og_site_name":"Portal Tela Portugal","article_published_time":"2026-03-31T18:02:53+00:00","author":"Telinha","twitter_card":"summary_large_image","twitter_misc":{"Escrito por":"Telinha","Tempo estimado de leitura":"2 minutos"},"schema":{"@context":"https:\/\/schema.org","@graph":[{"@type":"Article","@id":"https:\/\/portaltela.pt\/noticias\/2026\/03\/31\/criminalidade-grupal-e-delinquencia-juvenil-caem-desde-a-pandemia\/#article","isPartOf":{"@id":"https:\/\/portaltela.pt\/noticias\/2026\/03\/31\/criminalidade-grupal-e-delinquencia-juvenil-caem-desde-a-pandemia\/"},"author":{"name":"Telinha","@id":"https:\/\/portaltela.pt\/#\/schema\/person\/c4278d4a6028830caff9ee44b42d32ed"},"headline":"Criminalidade grupal e delinqu\u00eancia juvenil caem desde a pandemia","datePublished":"2026-03-31T18:02:53+00:00","mainEntityOfPage":{"@id":"https:\/\/portaltela.pt\/noticias\/2026\/03\/31\/criminalidade-grupal-e-delinquencia-juvenil-caem-desde-a-pandemia\/"},"wordCount":465,"image":{"@id":"https:\/\/portaltela.pt\/noticias\/2026\/03\/31\/criminalidade-grupal-e-delinquencia-juvenil-caem-desde-a-pandemia\/#primaryimage"},"thumbnailUrl":"https:\/\/portaltela.pt\/s.01k8rhncp4jt1\/2026\/03\/img_1500x1000uu2023-10-15-14-43-22-1466969.jpg","keywords":["\u00c1rea Metropolitana de Lisboa","crimes","delinqu\u00eancia","Pol\u00edcia Judici\u00e1ria","Programa Escola Segura","Set\u00fabal"],"articleSection":["Crime","Criminalidade"],"inLanguage":"pt-PT"},{"@type":"WebPage","@id":"https:\/\/portaltela.pt\/noticias\/2026\/03\/31\/criminalidade-grupal-e-delinquencia-juvenil-caem-desde-a-pandemia\/","url":"https:\/\/portaltela.pt\/noticias\/2026\/03\/31\/criminalidade-grupal-e-delinquencia-juvenil-caem-desde-a-pandemia\/","name":"Criminalidade grupal e delinqu\u00eancia juvenil caem desde a pandemia - Portal Tela Portugal","isPartOf":{"@id":"https:\/\/portaltela.pt\/#website"},"primaryImageOfPage":{"@id":"https:\/\/portaltela.pt\/noticias\/2026\/03\/31\/criminalidade-grupal-e-delinquencia-juvenil-caem-desde-a-pandemia\/#primaryimage"},"image":{"@id":"https:\/\/portaltela.pt\/noticias\/2026\/03\/31\/criminalidade-grupal-e-delinquencia-juvenil-caem-desde-a-pandemia\/#primaryimage"},"thumbnailUrl":"https:\/\/portaltela.pt\/s.01k8rhncp4jt1\/2026\/03\/img_1500x1000uu2023-10-15-14-43-22-1466969.jpg","datePublished":"2026-03-31T18:02:53+00:00","author":{"@id":"https:\/\/portaltela.pt\/#\/schema\/person\/c4278d4a6028830caff9ee44b42d32ed"},"breadcrumb":{"@id":"https:\/\/portaltela.pt\/noticias\/2026\/03\/31\/criminalidade-grupal-e-delinquencia-juvenil-caem-desde-a-pandemia\/#breadcrumb"},"inLanguage":"pt-PT","potentialAction":[{"@type":"ReadAction","target":["https:\/\/portaltela.pt\/noticias\/2026\/03\/31\/criminalidade-grupal-e-delinquencia-juvenil-caem-desde-a-pandemia\/"]}]},{"@type":"ImageObject","inLanguage":"pt-PT","@id":"https:\/\/portaltela.pt\/noticias\/2026\/03\/31\/criminalidade-grupal-e-delinquencia-juvenil-caem-desde-a-pandemia\/#primaryimage","url":"https:\/\/portaltela.pt\/s.01k8rhncp4jt1\/2026\/03\/img_1500x1000uu2023-10-15-14-43-22-1466969.jpg","contentUrl":"https:\/\/portaltela.pt\/s.01k8rhncp4jt1\/2026\/03\/img_1500x1000uu2023-10-15-14-43-22-1466969.jpg","width":796,"height":448,"caption":"Criminalidade grupal e delinqu\u00eancia juvenil diminu\u00edram pela primeira vez desde a pandemia"},{"@type":"BreadcrumbList","@id":"https:\/\/portaltela.pt\/noticias\/2026\/03\/31\/criminalidade-grupal-e-delinquencia-juvenil-caem-desde-a-pandemia\/#breadcrumb","itemListElement":[{"@type":"ListItem","position":1,"name":"In\u00edcio","item":"https:\/\/portaltela.pt\/"},{"@type":"ListItem","position":2,"name":"Criminalidade grupal e delinqu\u00eancia juvenil caem desde a pandemia"}]},{"@type":"WebSite","@id":"https:\/\/portaltela.pt\/#website","url":"https:\/\/portaltela.pt\/","name":"Portal Tela Portugal","description":"","potentialAction":[{"@type":"SearchAction","target":{"@type":"EntryPoint","urlTemplate":"https:\/\/portaltela.pt\/?s={search_term_string}"},"query-input":{"@type":"PropertyValueSpecification","valueRequired":true,"valueName":"search_term_string"}}],"inLanguage":"pt-PT"},{"@type":"Person","@id":"https:\/\/portaltela.pt\/#\/schema\/person\/c4278d4a6028830caff9ee44b42d32ed","name":"Telinha","image":{"@type":"ImageObject","inLanguage":"pt-PT","@id":"https:\/\/portaltela.pt\/s.01k8rhncp4jt1\/2025\/11\/talking-bot-125x125.png","url":"https:\/\/portaltela.pt\/s.01k8rhncp4jt1\/2025\/11\/talking-bot-125x125.png","contentUrl":"https:\/\/portaltela.pt\/s.01k8rhncp4jt1\/2025\/11\/talking-bot-125x125.png","caption":"Telinha"},"sameAs":["https:\/\/portaltela.pt\/"],"url":"https:\/\/portaltela.pt\/por\/367410592786\/"}]}},"_links":{"self":[{"href":"https:\/\/portaltela.pt\/api\/wp\/v2\/posts\/428193","targetHints":{"allow":["GET"]}}],"collection":[{"href":"https:\/\/portaltela.pt\/api\/wp\/v2\/posts"}],"about":[{"href":"https:\/\/portaltela.pt\/api\/wp\/v2\/types\/post"}],"author":[{"embeddable":true,"href":"https:\/\/portaltela.pt\/api\/wp\/v2\/users\/2"}],"replies":[{"embeddable":true,"href":"https:\/\/portaltela.pt\/api\/wp\/v2\/comments?post=428193"}],"version-history":[{"count":0,"href":"https:\/\/portaltela.pt\/api\/wp\/v2\/posts\/428193\/revisions"}],"wp:featuredmedia":[{"embeddable":true,"href":"https:\/\/portaltela.pt\/api\/wp\/v2\/media\/428195"}],"wp:attachment":[{"href":"https:\/\/portaltela.pt\/api\/wp\/v2\/media?parent=428193"}],"wp:term":[{"taxonomy":"category","embeddable":true,"href":"https:\/\/portaltela.pt\/api\/wp\/v2\/categories?post=428193"},{"taxonomy":"post_tag","embeddable":true,"href":"https:\/\/portaltela.pt\/api\/wp\/v2\/tags?post=428193"}],"curies":[{"name":"wp","href":"https:\/\/api.w.org\/{rel}","templated":true}]}}