{"id":428188,"date":"2026-03-31T15:02:39","date_gmt":"2026-03-31T18:02:39","guid":{"rendered":"https:\/\/portaltela.pt\/noticias\/2026\/03\/31\/rui-borges-comenta-falta-de-tempo-para-treinar-20-de-treino-eficaz\/"},"modified":"2026-03-31T15:02:39","modified_gmt":"2026-03-31T18:02:39","slug":"rui-borges-comenta-falta-de-tempo-para-treinar-20-de-treino-eficaz","status":"publish","type":"post","link":"https:\/\/portaltela.pt\/desporto\/futebol\/2026\/03\/31\/rui-borges-comenta-falta-de-tempo-para-treinar-20-de-treino-eficaz\/","title":{"rendered":"Rui Borges comenta falta de tempo para treinar: 20% de treino eficaz"},"content":{"rendered":"<p>Rui Borges abriu o segundo e \u00faltimo dia do F\u00f3rum ANTF 2026 em Albufeira, abordando a realidade do treino de alto rendimento no futebol moderno. O treinador do Sporting partilhou a sua experi\u00eancia, destacando as dificuldades de manter semanas de trabalho limpo numa equipa de grande dimens\u00e3o.<\/p>\n<p>O painel, que contou tamb\u00e9m com Paulo Fonseca e Carlos Carvalhal, teve como foco os impactos da gest\u00e3o de tempo entre treinos e jogos. Borges revelou ter feito adapta\u00e7\u00f5es desde a entrada na Academia, em direc\u00e7\u00e3o a uma maior efic\u00e1cia sem ultrapassar o equil\u00edbrio da equipa.<\/p>\n<h3>Contexto do tema<\/h3>\n<p>O t\u00e9cnico do Sporting lamentou a aus\u00eancia de per\u00edodos longos para treinos dedicados, sobretudo no contexto de aquisi\u00e7\u00f5es de jogadores. A ideia central foi manter o foco no essencial quando o tempo \u00e9 limitado, privilegiando a repeti\u00e7\u00e3o de rotinas para consolidar a performance.<\/p>\n<p>Borges explicou que, numa semana t\u00edpica, o treino permite ajustar pequenos h\u00e1bitos, mas a exig\u00eancia de competi\u00e7\u00e3o constante pode reduzir esse tempo. Refor\u00e7ou a import\u00e2ncia do v\u00eddeo e da an\u00e1lise de imagens como base para a prepara\u00e7\u00e3o, especialmente sem tempo de treino completo.<\/p>\n<h3>Perspetivas e refer\u00eancias<\/h3>\n<p>O treinador disse que adapta o seu m\u00e9todo conforme as condi\u00e7\u00f5es e reconheceu que a realidade de um grande clube imp\u00f5e desafios. Ao longo da fala, ressaltou a necessidade de equilibrar fases de treino com momentos de jogo, bem como a relev\u00e2ncia de manter a equipa concentrada.<\/p>\n<p>No final, Borges dirigiu-se ao p\u00fablico e aos colegas, destacando o desejo de mais tempo para partilhar conhecimento com os pares. Ainda assim, valorizou a colabora\u00e7\u00e3o com Fonseca e Carvalhal, reconhecendo a experi\u00eancia de ambos.<\/p>\n","protected":false},"excerpt":{"rendered":"<ul>\n<li>No F\u00f3rum ANTF 2026, em Albufeira, Rui Borges apresentou-se como treinador do Sporting, destacando a import\u00e2ncia do treino de alto rendimento e as dificuldades com semanas sem tempo para treinar.<\/li>\n<li>O t\u00e9cnico mostrou ter adotado a repeti\u00e7\u00e3o para consolidar rotinas, admitindo que chegou ao Sporting com vontade, mas com menos tempo para treinar face a press\u00f5es por resultados.<\/li>\n<li>Explicou que, sem tempo, o v\u00eddeo e as imagens assumem um papel central e que uma semana mais longa \u00e9 fundamental, apesar de nem sempre ser poss\u00edvel.<\/li>\n<li>Refor\u00e7ou que, sem treino, aparecem perdas de h\u00e1bitos e maior desconcentra\u00e7\u00e3o, e que \u00e9 preciso adaptar a estrat\u00e9gia conforme o momento e o advers\u00e1rio.<\/li>\n<li>Ao p\u00fablico, destacou o desejo de partilhar conhecimento com os colegas de profiss\u00e3o e reconheceu a influ\u00eancia de Paulo Fonseca e Carlos Carvalhal na sua forma\u00e7\u00e3o.<\/li>\n<\/ul>\n","protected":false},"author":2,"featured_media":428190,"comment_status":"closed","ping_status":"closed","sticky":false,"template":"","format":"standard","meta":{"footnotes":""},"categories":[21,24],"tags":[7668,152,32,3928,1652,1731],"class_list":["post-428188","post","type-post","status-publish","format-standard","has-post-thumbnail","hentry","category-desporto","category-futebol","tag-carlos-carvalhal","tag-desporto","tag-futebol","tag-paulo-fonseca","tag-sporting","tag-treino"],"yoast_head":"<!-- This site is optimized with the Yoast SEO plugin v27.2 - https:\/\/yoast.com\/product\/yoast-seo-wordpress\/ -->\n<title>Rui Borges comenta falta de tempo para treinar: 20% de treino eficaz - Portal Tela Portugal<\/title>\n<meta name=\"robots\" content=\"index, follow, max-snippet:-1, max-image-preview:large, max-video-preview:-1\" \/>\n<meta property=\"og:locale\" content=\"pt_PT\" \/>\n<meta property=\"og:type\" content=\"article\" \/>\n<meta property=\"og:title\" content=\"Rui Borges comenta falta de tempo para treinar: 20% de treino eficaz - Portal Tela Portugal\" \/>\n<meta property=\"og:description\" content=\"No F\u00f3rum ANTF 2026, em Albufeira, Rui Borges apresentou-se como treinador do Sporting, destacando a import\u00e2ncia do treino de alto rendimento e as dificuldades com semanas sem tempo para treinar. O t\u00e9cnico mostrou ter adotado a repeti\u00e7\u00e3o para consolidar rotinas, admitindo que chegou ao Sporting com vontade, mas com menos tempo para treinar face a press\u00f5es por resultados. Explicou que, sem tempo, o v\u00eddeo e as imagens assumem um papel central e que uma semana mais longa \u00e9 fundamental, apesar de nem sempre ser poss\u00edvel. Refor\u00e7ou que, sem treino, aparecem perdas de h\u00e1bitos e maior desconcentra\u00e7\u00e3o, e que \u00e9 preciso adaptar a estrat\u00e9gia conforme o momento e o advers\u00e1rio. Ao p\u00fablico, destacou o desejo de partilhar conhecimento com os colegas de profiss\u00e3o e reconheceu a influ\u00eancia de Paulo Fonseca e Carlos Carvalhal na sua forma\u00e7\u00e3o.\" \/>\n<meta property=\"og:url\" content=\"https:\/\/portaltela.pt\/noticias\/2026\/03\/31\/rui-borges-comenta-falta-de-tempo-para-treinar-20-de-treino-eficaz\/\" \/>\n<meta property=\"og:site_name\" content=\"Portal Tela Portugal\" \/>\n<meta property=\"article:published_time\" content=\"2026-03-31T18:02:39+00:00\" \/>\n<meta name=\"author\" content=\"Telinha\" \/>\n<meta name=\"twitter:card\" content=\"summary_large_image\" \/>\n<meta name=\"twitter:label1\" content=\"Escrito por\" \/>\n\t<meta name=\"twitter:data1\" content=\"Telinha\" \/>\n\t<meta name=\"twitter:label2\" content=\"Tempo estimado de leitura\" \/>\n\t<meta name=\"twitter:data2\" content=\"1 minuto\" \/>\n<script type=\"application\/ld+json\" class=\"yoast-schema-graph\">{\"@context\":\"https:\/\/schema.org\",\"@graph\":[{\"@type\":\"Article\",\"@id\":\"https:\/\/portaltela.pt\/noticias\/2026\/03\/31\/rui-borges-comenta-falta-de-tempo-para-treinar-20-de-treino-eficaz\/#article\",\"isPartOf\":{\"@id\":\"https:\/\/portaltela.pt\/noticias\/2026\/03\/31\/rui-borges-comenta-falta-de-tempo-para-treinar-20-de-treino-eficaz\/\"},\"author\":{\"name\":\"Telinha\",\"@id\":\"https:\/\/portaltela.pt\/#\/schema\/person\/c4278d4a6028830caff9ee44b42d32ed\"},\"headline\":\"Rui Borges comenta falta de tempo para treinar: 20% de treino eficaz\",\"datePublished\":\"2026-03-31T18:02:39+00:00\",\"mainEntityOfPage\":{\"@id\":\"https:\/\/portaltela.pt\/noticias\/2026\/03\/31\/rui-borges-comenta-falta-de-tempo-para-treinar-20-de-treino-eficaz\/\"},\"wordCount\":307,\"image\":{\"@id\":\"https:\/\/portaltela.pt\/noticias\/2026\/03\/31\/rui-borges-comenta-falta-de-tempo-para-treinar-20-de-treino-eficaz\/#primaryimage\"},\"thumbnailUrl\":\"https:\/\/portaltela.pt\/s.01k8rhncp4jt1\/2026\/03\/img_1200x721uu2026-03-31-18-42-01-2430324.jpg\",\"keywords\":[\"Carlos Carvalhal\",\"desporto\",\"futebol\",\"Paulo Fonseca\",\"Sporting\",\"treino\"],\"articleSection\":[\"Desporto\",\"Futebol\"],\"inLanguage\":\"pt-PT\"},{\"@type\":\"WebPage\",\"@id\":\"https:\/\/portaltela.pt\/noticias\/2026\/03\/31\/rui-borges-comenta-falta-de-tempo-para-treinar-20-de-treino-eficaz\/\",\"url\":\"https:\/\/portaltela.pt\/noticias\/2026\/03\/31\/rui-borges-comenta-falta-de-tempo-para-treinar-20-de-treino-eficaz\/\",\"name\":\"Rui Borges comenta falta de tempo para treinar: 20% de treino eficaz - Portal Tela Portugal\",\"isPartOf\":{\"@id\":\"https:\/\/portaltela.pt\/#website\"},\"primaryImageOfPage\":{\"@id\":\"https:\/\/portaltela.pt\/noticias\/2026\/03\/31\/rui-borges-comenta-falta-de-tempo-para-treinar-20-de-treino-eficaz\/#primaryimage\"},\"image\":{\"@id\":\"https:\/\/portaltela.pt\/noticias\/2026\/03\/31\/rui-borges-comenta-falta-de-tempo-para-treinar-20-de-treino-eficaz\/#primaryimage\"},\"thumbnailUrl\":\"https:\/\/portaltela.pt\/s.01k8rhncp4jt1\/2026\/03\/img_1200x721uu2026-03-31-18-42-01-2430324.jpg\",\"datePublished\":\"2026-03-31T18:02:39+00:00\",\"author\":{\"@id\":\"https:\/\/portaltela.pt\/#\/schema\/person\/c4278d4a6028830caff9ee44b42d32ed\"},\"breadcrumb\":{\"@id\":\"https:\/\/portaltela.pt\/noticias\/2026\/03\/31\/rui-borges-comenta-falta-de-tempo-para-treinar-20-de-treino-eficaz\/#breadcrumb\"},\"inLanguage\":\"pt-PT\",\"potentialAction\":[{\"@type\":\"ReadAction\",\"target\":[\"https:\/\/portaltela.pt\/noticias\/2026\/03\/31\/rui-borges-comenta-falta-de-tempo-para-treinar-20-de-treino-eficaz\/\"]}]},{\"@type\":\"ImageObject\",\"inLanguage\":\"pt-PT\",\"@id\":\"https:\/\/portaltela.pt\/noticias\/2026\/03\/31\/rui-borges-comenta-falta-de-tempo-para-treinar-20-de-treino-eficaz\/#primaryimage\",\"url\":\"https:\/\/portaltela.pt\/s.01k8rhncp4jt1\/2026\/03\/img_1200x721uu2026-03-31-18-42-01-2430324.jpg\",\"contentUrl\":\"https:\/\/portaltela.pt\/s.01k8rhncp4jt1\/2026\/03\/img_1200x721uu2026-03-31-18-42-01-2430324.jpg\",\"width\":796,\"height\":448,\"caption\":\"Rui Borges queria mais semanas limpas... mas nem sempre \u00e9 poss\u00edvel\"},{\"@type\":\"BreadcrumbList\",\"@id\":\"https:\/\/portaltela.pt\/noticias\/2026\/03\/31\/rui-borges-comenta-falta-de-tempo-para-treinar-20-de-treino-eficaz\/#breadcrumb\",\"itemListElement\":[{\"@type\":\"ListItem\",\"position\":1,\"name\":\"In\u00edcio\",\"item\":\"https:\/\/portaltela.pt\/\"},{\"@type\":\"ListItem\",\"position\":2,\"name\":\"Rui Borges comenta falta de tempo para treinar: 20% de treino eficaz\"}]},{\"@type\":\"WebSite\",\"@id\":\"https:\/\/portaltela.pt\/#website\",\"url\":\"https:\/\/portaltela.pt\/\",\"name\":\"Portal Tela Portugal\",\"description\":\"\",\"potentialAction\":[{\"@type\":\"SearchAction\",\"target\":{\"@type\":\"EntryPoint\",\"urlTemplate\":\"https:\/\/portaltela.pt\/?s={search_term_string}\"},\"query-input\":{\"@type\":\"PropertyValueSpecification\",\"valueRequired\":true,\"valueName\":\"search_term_string\"}}],\"inLanguage\":\"pt-PT\"},{\"@type\":\"Person\",\"@id\":\"https:\/\/portaltela.pt\/#\/schema\/person\/c4278d4a6028830caff9ee44b42d32ed\",\"name\":\"Telinha\",\"image\":{\"@type\":\"ImageObject\",\"inLanguage\":\"pt-PT\",\"@id\":\"https:\/\/portaltela.pt\/s.01k8rhncp4jt1\/2025\/11\/talking-bot-125x125.png\",\"url\":\"https:\/\/portaltela.pt\/s.01k8rhncp4jt1\/2025\/11\/talking-bot-125x125.png\",\"contentUrl\":\"https:\/\/portaltela.pt\/s.01k8rhncp4jt1\/2025\/11\/talking-bot-125x125.png\",\"caption\":\"Telinha\"},\"sameAs\":[\"https:\/\/portaltela.pt\/\"],\"url\":\"https:\/\/portaltela.pt\/por\/367410592786\/\"}]}<\/script>\n<!-- \/ Yoast SEO plugin. -->","yoast_head_json":{"title":"Rui Borges comenta falta de tempo para treinar: 20% de treino eficaz - Portal Tela Portugal","robots":{"index":"index","follow":"follow","max-snippet":"max-snippet:-1","max-image-preview":"max-image-preview:large","max-video-preview":"max-video-preview:-1"},"og_locale":"pt_PT","og_type":"article","og_title":"Rui Borges comenta falta de tempo para treinar: 20% de treino eficaz - Portal Tela Portugal","og_description":"No F\u00f3rum ANTF 2026, em Albufeira, Rui Borges apresentou-se como treinador do Sporting, destacando a import\u00e2ncia do treino de alto rendimento e as dificuldades com semanas sem tempo para treinar. O t\u00e9cnico mostrou ter adotado a repeti\u00e7\u00e3o para consolidar rotinas, admitindo que chegou ao Sporting com vontade, mas com menos tempo para treinar face a press\u00f5es por resultados. Explicou que, sem tempo, o v\u00eddeo e as imagens assumem um papel central e que uma semana mais longa \u00e9 fundamental, apesar de nem sempre ser poss\u00edvel. Refor\u00e7ou que, sem treino, aparecem perdas de h\u00e1bitos e maior desconcentra\u00e7\u00e3o, e que \u00e9 preciso adaptar a estrat\u00e9gia conforme o momento e o advers\u00e1rio. Ao p\u00fablico, destacou o desejo de partilhar conhecimento com os colegas de profiss\u00e3o e reconheceu a influ\u00eancia de Paulo Fonseca e Carlos Carvalhal na sua forma\u00e7\u00e3o.","og_url":"https:\/\/portaltela.pt\/noticias\/2026\/03\/31\/rui-borges-comenta-falta-de-tempo-para-treinar-20-de-treino-eficaz\/","og_site_name":"Portal Tela Portugal","article_published_time":"2026-03-31T18:02:39+00:00","author":"Telinha","twitter_card":"summary_large_image","twitter_misc":{"Escrito por":"Telinha","Tempo estimado de leitura":"1 minuto"},"schema":{"@context":"https:\/\/schema.org","@graph":[{"@type":"Article","@id":"https:\/\/portaltela.pt\/noticias\/2026\/03\/31\/rui-borges-comenta-falta-de-tempo-para-treinar-20-de-treino-eficaz\/#article","isPartOf":{"@id":"https:\/\/portaltela.pt\/noticias\/2026\/03\/31\/rui-borges-comenta-falta-de-tempo-para-treinar-20-de-treino-eficaz\/"},"author":{"name":"Telinha","@id":"https:\/\/portaltela.pt\/#\/schema\/person\/c4278d4a6028830caff9ee44b42d32ed"},"headline":"Rui Borges comenta falta de tempo para treinar: 20% de treino eficaz","datePublished":"2026-03-31T18:02:39+00:00","mainEntityOfPage":{"@id":"https:\/\/portaltela.pt\/noticias\/2026\/03\/31\/rui-borges-comenta-falta-de-tempo-para-treinar-20-de-treino-eficaz\/"},"wordCount":307,"image":{"@id":"https:\/\/portaltela.pt\/noticias\/2026\/03\/31\/rui-borges-comenta-falta-de-tempo-para-treinar-20-de-treino-eficaz\/#primaryimage"},"thumbnailUrl":"https:\/\/portaltela.pt\/s.01k8rhncp4jt1\/2026\/03\/img_1200x721uu2026-03-31-18-42-01-2430324.jpg","keywords":["Carlos Carvalhal","desporto","futebol","Paulo Fonseca","Sporting","treino"],"articleSection":["Desporto","Futebol"],"inLanguage":"pt-PT"},{"@type":"WebPage","@id":"https:\/\/portaltela.pt\/noticias\/2026\/03\/31\/rui-borges-comenta-falta-de-tempo-para-treinar-20-de-treino-eficaz\/","url":"https:\/\/portaltela.pt\/noticias\/2026\/03\/31\/rui-borges-comenta-falta-de-tempo-para-treinar-20-de-treino-eficaz\/","name":"Rui Borges comenta falta de tempo para treinar: 20% de treino eficaz - Portal Tela Portugal","isPartOf":{"@id":"https:\/\/portaltela.pt\/#website"},"primaryImageOfPage":{"@id":"https:\/\/portaltela.pt\/noticias\/2026\/03\/31\/rui-borges-comenta-falta-de-tempo-para-treinar-20-de-treino-eficaz\/#primaryimage"},"image":{"@id":"https:\/\/portaltela.pt\/noticias\/2026\/03\/31\/rui-borges-comenta-falta-de-tempo-para-treinar-20-de-treino-eficaz\/#primaryimage"},"thumbnailUrl":"https:\/\/portaltela.pt\/s.01k8rhncp4jt1\/2026\/03\/img_1200x721uu2026-03-31-18-42-01-2430324.jpg","datePublished":"2026-03-31T18:02:39+00:00","author":{"@id":"https:\/\/portaltela.pt\/#\/schema\/person\/c4278d4a6028830caff9ee44b42d32ed"},"breadcrumb":{"@id":"https:\/\/portaltela.pt\/noticias\/2026\/03\/31\/rui-borges-comenta-falta-de-tempo-para-treinar-20-de-treino-eficaz\/#breadcrumb"},"inLanguage":"pt-PT","potentialAction":[{"@type":"ReadAction","target":["https:\/\/portaltela.pt\/noticias\/2026\/03\/31\/rui-borges-comenta-falta-de-tempo-para-treinar-20-de-treino-eficaz\/"]}]},{"@type":"ImageObject","inLanguage":"pt-PT","@id":"https:\/\/portaltela.pt\/noticias\/2026\/03\/31\/rui-borges-comenta-falta-de-tempo-para-treinar-20-de-treino-eficaz\/#primaryimage","url":"https:\/\/portaltela.pt\/s.01k8rhncp4jt1\/2026\/03\/img_1200x721uu2026-03-31-18-42-01-2430324.jpg","contentUrl":"https:\/\/portaltela.pt\/s.01k8rhncp4jt1\/2026\/03\/img_1200x721uu2026-03-31-18-42-01-2430324.jpg","width":796,"height":448,"caption":"Rui Borges queria mais semanas limpas... mas nem sempre \u00e9 poss\u00edvel"},{"@type":"BreadcrumbList","@id":"https:\/\/portaltela.pt\/noticias\/2026\/03\/31\/rui-borges-comenta-falta-de-tempo-para-treinar-20-de-treino-eficaz\/#breadcrumb","itemListElement":[{"@type":"ListItem","position":1,"name":"In\u00edcio","item":"https:\/\/portaltela.pt\/"},{"@type":"ListItem","position":2,"name":"Rui Borges comenta falta de tempo para treinar: 20% de treino eficaz"}]},{"@type":"WebSite","@id":"https:\/\/portaltela.pt\/#website","url":"https:\/\/portaltela.pt\/","name":"Portal Tela Portugal","description":"","potentialAction":[{"@type":"SearchAction","target":{"@type":"EntryPoint","urlTemplate":"https:\/\/portaltela.pt\/?s={search_term_string}"},"query-input":{"@type":"PropertyValueSpecification","valueRequired":true,"valueName":"search_term_string"}}],"inLanguage":"pt-PT"},{"@type":"Person","@id":"https:\/\/portaltela.pt\/#\/schema\/person\/c4278d4a6028830caff9ee44b42d32ed","name":"Telinha","image":{"@type":"ImageObject","inLanguage":"pt-PT","@id":"https:\/\/portaltela.pt\/s.01k8rhncp4jt1\/2025\/11\/talking-bot-125x125.png","url":"https:\/\/portaltela.pt\/s.01k8rhncp4jt1\/2025\/11\/talking-bot-125x125.png","contentUrl":"https:\/\/portaltela.pt\/s.01k8rhncp4jt1\/2025\/11\/talking-bot-125x125.png","caption":"Telinha"},"sameAs":["https:\/\/portaltela.pt\/"],"url":"https:\/\/portaltela.pt\/por\/367410592786\/"}]}},"_links":{"self":[{"href":"https:\/\/portaltela.pt\/api\/wp\/v2\/posts\/428188","targetHints":{"allow":["GET"]}}],"collection":[{"href":"https:\/\/portaltela.pt\/api\/wp\/v2\/posts"}],"about":[{"href":"https:\/\/portaltela.pt\/api\/wp\/v2\/types\/post"}],"author":[{"embeddable":true,"href":"https:\/\/portaltela.pt\/api\/wp\/v2\/users\/2"}],"replies":[{"embeddable":true,"href":"https:\/\/portaltela.pt\/api\/wp\/v2\/comments?post=428188"}],"version-history":[{"count":0,"href":"https:\/\/portaltela.pt\/api\/wp\/v2\/posts\/428188\/revisions"}],"wp:featuredmedia":[{"embeddable":true,"href":"https:\/\/portaltela.pt\/api\/wp\/v2\/media\/428190"}],"wp:attachment":[{"href":"https:\/\/portaltela.pt\/api\/wp\/v2\/media?parent=428188"}],"wp:term":[{"taxonomy":"category","embeddable":true,"href":"https:\/\/portaltela.pt\/api\/wp\/v2\/categories?post=428188"},{"taxonomy":"post_tag","embeddable":true,"href":"https:\/\/portaltela.pt\/api\/wp\/v2\/tags?post=428188"}],"curies":[{"name":"wp","href":"https:\/\/api.w.org\/{rel}","templated":true}]}}