{"id":428172,"date":"2026-03-31T15:02:29","date_gmt":"2026-03-31T18:02:29","guid":{"rendered":"https:\/\/portaltela.pt\/noticias\/2026\/03\/31\/predio-devoluto-na-avenida-almirante-reis-sofre-derrocada-em-lisboa\/"},"modified":"2026-03-31T15:02:29","modified_gmt":"2026-03-31T18:02:29","slug":"predio-devoluto-na-avenida-almirante-reis-sofre-derrocada-em-lisboa","status":"publish","type":"post","link":"https:\/\/portaltela.pt\/acidentes\/2026\/03\/31\/predio-devoluto-na-avenida-almirante-reis-sofre-derrocada-em-lisboa\/","title":{"rendered":"Pr\u00e9dio devoluto na Avenida Almirante Reis sofre derrocada em Lisboa"},"content":{"rendered":"<p>Um teto de um pr\u00e9dio devoluto na Avenida Almirante Reis, em Lisboa, desabou hoje. A derrocada ocorreu junto ao Largo de Santa B\u00e1rbara, sem confirma\u00e7\u00e3o de pessoas no interior no momento do incidente, segundo os Sapadores Bombeiros.<\/p>\n<p>A ocorr\u00eancia aconteceu por volta das 13h30 num edif\u00edcio de dois andares. N\u00e3o h\u00e1 ainda informa\u00e7\u00e3o oficial sobre a causa do desabamento nem se houve feridos.<\/p>\n<p>At\u00e9 \u00e0s 18h15, n\u00e3o estava claro se existia algu\u00e9m dentro do pr\u00e9dio. No local estavam presentes 30 operacionais e 10 viaturas do Regimento dos Sapadores Bombeiros.<\/p>\n","protected":false},"excerpt":{"rendered":"<ul>\n<li>O teto de um pr\u00e9dio devoluto na Avenida Almirante Reis, em Lisboa, ruiu hoje, sem confirma\u00e7\u00e3o de quem estava no interior, segundo os Sapadores Bombeiros.<\/li>\n<li>O desmoronamento aconteceu por volta das 13h30 num pr\u00e9dio de dois andares, no Largo de Santa B\u00e1rbara.<\/li>\n<li>\u00c0s 18h15 ainda n\u00e3o se sabia se havia pessoas dentro do edif\u00edcio.<\/li>\n<li>No local estavam 30 operacionais e 10 viaturas dos Sapadores Bombeiros.<\/li>\n<li>A origem do incidente n\u00e3o foi detalhada pela autoridade no momento.<\/li>\n<\/ul>\n","protected":false},"author":2,"featured_media":428183,"comment_status":"closed","ping_status":"closed","sticky":false,"template":"","format":"standard","meta":{"footnotes":""},"categories":[6849],"tags":[5487,971,5956,981,2965],"class_list":["post-428172","post","type-post","status-publish","format-standard","has-post-thumbnail","hentry","category-acidentes","tag-acidente","tag-bombeiros","tag-desabamento","tag-lisboa","tag-sapadores"],"yoast_head":"<!-- This site is optimized with the Yoast SEO plugin v27.2 - https:\/\/yoast.com\/product\/yoast-seo-wordpress\/ -->\n<title>Pr\u00e9dio devoluto na Avenida Almirante Reis sofre derrocada em Lisboa - Portal Tela Portugal<\/title>\n<meta name=\"robots\" content=\"index, follow, max-snippet:-1, max-image-preview:large, max-video-preview:-1\" \/>\n<meta property=\"og:locale\" content=\"pt_PT\" \/>\n<meta property=\"og:type\" content=\"article\" \/>\n<meta property=\"og:title\" content=\"Pr\u00e9dio devoluto na Avenida Almirante Reis sofre derrocada em Lisboa - Portal Tela Portugal\" \/>\n<meta property=\"og:description\" content=\"O teto de um pr\u00e9dio devoluto na Avenida Almirante Reis, em Lisboa, ruiu hoje, sem confirma\u00e7\u00e3o de quem estava no interior, segundo os Sapadores Bombeiros. O desmoronamento aconteceu por volta das 13h30 num pr\u00e9dio de dois andares, no Largo de Santa B\u00e1rbara. \u00c0s 18h15 ainda n\u00e3o se sabia se havia pessoas dentro do edif\u00edcio. No local estavam 30 operacionais e 10 viaturas dos Sapadores Bombeiros. A origem do incidente n\u00e3o foi detalhada pela autoridade no momento.\" \/>\n<meta property=\"og:url\" content=\"https:\/\/portaltela.pt\/noticias\/2026\/03\/31\/predio-devoluto-na-avenida-almirante-reis-sofre-derrocada-em-lisboa\/\" \/>\n<meta property=\"og:site_name\" content=\"Portal Tela Portugal\" \/>\n<meta property=\"article:published_time\" content=\"2026-03-31T18:02:29+00:00\" \/>\n<meta name=\"author\" content=\"Telinha\" \/>\n<meta name=\"twitter:card\" content=\"summary_large_image\" \/>\n<meta name=\"twitter:label1\" content=\"Escrito por\" \/>\n\t<meta name=\"twitter:data1\" content=\"Telinha\" \/>\n<script type=\"application\/ld+json\" class=\"yoast-schema-graph\">{\"@context\":\"https:\/\/schema.org\",\"@graph\":[{\"@type\":\"Article\",\"@id\":\"https:\/\/portaltela.pt\/noticias\/2026\/03\/31\/predio-devoluto-na-avenida-almirante-reis-sofre-derrocada-em-lisboa\/#article\",\"isPartOf\":{\"@id\":\"https:\/\/portaltela.pt\/noticias\/2026\/03\/31\/predio-devoluto-na-avenida-almirante-reis-sofre-derrocada-em-lisboa\/\"},\"author\":{\"name\":\"Telinha\",\"@id\":\"https:\/\/portaltela.pt\/#\/schema\/person\/c4278d4a6028830caff9ee44b42d32ed\"},\"headline\":\"Pr\u00e9dio devoluto na Avenida Almirante Reis sofre derrocada em Lisboa\",\"datePublished\":\"2026-03-31T18:02:29+00:00\",\"mainEntityOfPage\":{\"@id\":\"https:\/\/portaltela.pt\/noticias\/2026\/03\/31\/predio-devoluto-na-avenida-almirante-reis-sofre-derrocada-em-lisboa\/\"},\"wordCount\":108,\"image\":{\"@id\":\"https:\/\/portaltela.pt\/noticias\/2026\/03\/31\/predio-devoluto-na-avenida-almirante-reis-sofre-derrocada-em-lisboa\/#primaryimage\"},\"thumbnailUrl\":\"https:\/\/portaltela.pt\/s.01k8rhncp4jt1\/2026\/03\/img_1280x721uu2021-11-28-22-16-00-1104050.jpg\",\"keywords\":[\"acidente\",\"bombeiros\",\"desabamento\",\"Lisboa\",\"Sapadores\"],\"articleSection\":[\"Acidentes\"],\"inLanguage\":\"pt-PT\"},{\"@type\":\"WebPage\",\"@id\":\"https:\/\/portaltela.pt\/noticias\/2026\/03\/31\/predio-devoluto-na-avenida-almirante-reis-sofre-derrocada-em-lisboa\/\",\"url\":\"https:\/\/portaltela.pt\/noticias\/2026\/03\/31\/predio-devoluto-na-avenida-almirante-reis-sofre-derrocada-em-lisboa\/\",\"name\":\"Pr\u00e9dio devoluto na Avenida Almirante Reis sofre derrocada em Lisboa - Portal Tela Portugal\",\"isPartOf\":{\"@id\":\"https:\/\/portaltela.pt\/#website\"},\"primaryImageOfPage\":{\"@id\":\"https:\/\/portaltela.pt\/noticias\/2026\/03\/31\/predio-devoluto-na-avenida-almirante-reis-sofre-derrocada-em-lisboa\/#primaryimage\"},\"image\":{\"@id\":\"https:\/\/portaltela.pt\/noticias\/2026\/03\/31\/predio-devoluto-na-avenida-almirante-reis-sofre-derrocada-em-lisboa\/#primaryimage\"},\"thumbnailUrl\":\"https:\/\/portaltela.pt\/s.01k8rhncp4jt1\/2026\/03\/img_1280x721uu2021-11-28-22-16-00-1104050.jpg\",\"datePublished\":\"2026-03-31T18:02:29+00:00\",\"author\":{\"@id\":\"https:\/\/portaltela.pt\/#\/schema\/person\/c4278d4a6028830caff9ee44b42d32ed\"},\"breadcrumb\":{\"@id\":\"https:\/\/portaltela.pt\/noticias\/2026\/03\/31\/predio-devoluto-na-avenida-almirante-reis-sofre-derrocada-em-lisboa\/#breadcrumb\"},\"inLanguage\":\"pt-PT\",\"potentialAction\":[{\"@type\":\"ReadAction\",\"target\":[\"https:\/\/portaltela.pt\/noticias\/2026\/03\/31\/predio-devoluto-na-avenida-almirante-reis-sofre-derrocada-em-lisboa\/\"]}]},{\"@type\":\"ImageObject\",\"inLanguage\":\"pt-PT\",\"@id\":\"https:\/\/portaltela.pt\/noticias\/2026\/03\/31\/predio-devoluto-na-avenida-almirante-reis-sofre-derrocada-em-lisboa\/#primaryimage\",\"url\":\"https:\/\/portaltela.pt\/s.01k8rhncp4jt1\/2026\/03\/img_1280x721uu2021-11-28-22-16-00-1104050.jpg\",\"contentUrl\":\"https:\/\/portaltela.pt\/s.01k8rhncp4jt1\/2026\/03\/img_1280x721uu2021-11-28-22-16-00-1104050.jpg\",\"width\":796,\"height\":448,\"caption\":\"Bombeiros\"},{\"@type\":\"BreadcrumbList\",\"@id\":\"https:\/\/portaltela.pt\/noticias\/2026\/03\/31\/predio-devoluto-na-avenida-almirante-reis-sofre-derrocada-em-lisboa\/#breadcrumb\",\"itemListElement\":[{\"@type\":\"ListItem\",\"position\":1,\"name\":\"In\u00edcio\",\"item\":\"https:\/\/portaltela.pt\/\"},{\"@type\":\"ListItem\",\"position\":2,\"name\":\"Pr\u00e9dio devoluto na Avenida Almirante Reis sofre derrocada em Lisboa\"}]},{\"@type\":\"WebSite\",\"@id\":\"https:\/\/portaltela.pt\/#website\",\"url\":\"https:\/\/portaltela.pt\/\",\"name\":\"Portal Tela Portugal\",\"description\":\"\",\"potentialAction\":[{\"@type\":\"SearchAction\",\"target\":{\"@type\":\"EntryPoint\",\"urlTemplate\":\"https:\/\/portaltela.pt\/?s={search_term_string}\"},\"query-input\":{\"@type\":\"PropertyValueSpecification\",\"valueRequired\":true,\"valueName\":\"search_term_string\"}}],\"inLanguage\":\"pt-PT\"},{\"@type\":\"Person\",\"@id\":\"https:\/\/portaltela.pt\/#\/schema\/person\/c4278d4a6028830caff9ee44b42d32ed\",\"name\":\"Telinha\",\"image\":{\"@type\":\"ImageObject\",\"inLanguage\":\"pt-PT\",\"@id\":\"https:\/\/portaltela.pt\/s.01k8rhncp4jt1\/2025\/11\/talking-bot-125x125.png\",\"url\":\"https:\/\/portaltela.pt\/s.01k8rhncp4jt1\/2025\/11\/talking-bot-125x125.png\",\"contentUrl\":\"https:\/\/portaltela.pt\/s.01k8rhncp4jt1\/2025\/11\/talking-bot-125x125.png\",\"caption\":\"Telinha\"},\"sameAs\":[\"https:\/\/portaltela.pt\/\"],\"url\":\"https:\/\/portaltela.pt\/por\/367410592786\/\"}]}<\/script>\n<!-- \/ Yoast SEO plugin. -->","yoast_head_json":{"title":"Pr\u00e9dio devoluto na Avenida Almirante Reis sofre derrocada em Lisboa - Portal Tela Portugal","robots":{"index":"index","follow":"follow","max-snippet":"max-snippet:-1","max-image-preview":"max-image-preview:large","max-video-preview":"max-video-preview:-1"},"og_locale":"pt_PT","og_type":"article","og_title":"Pr\u00e9dio devoluto na Avenida Almirante Reis sofre derrocada em Lisboa - Portal Tela Portugal","og_description":"O teto de um pr\u00e9dio devoluto na Avenida Almirante Reis, em Lisboa, ruiu hoje, sem confirma\u00e7\u00e3o de quem estava no interior, segundo os Sapadores Bombeiros. O desmoronamento aconteceu por volta das 13h30 num pr\u00e9dio de dois andares, no Largo de Santa B\u00e1rbara. \u00c0s 18h15 ainda n\u00e3o se sabia se havia pessoas dentro do edif\u00edcio. No local estavam 30 operacionais e 10 viaturas dos Sapadores Bombeiros. A origem do incidente n\u00e3o foi detalhada pela autoridade no momento.","og_url":"https:\/\/portaltela.pt\/noticias\/2026\/03\/31\/predio-devoluto-na-avenida-almirante-reis-sofre-derrocada-em-lisboa\/","og_site_name":"Portal Tela Portugal","article_published_time":"2026-03-31T18:02:29+00:00","author":"Telinha","twitter_card":"summary_large_image","twitter_misc":{"Escrito por":"Telinha"},"schema":{"@context":"https:\/\/schema.org","@graph":[{"@type":"Article","@id":"https:\/\/portaltela.pt\/noticias\/2026\/03\/31\/predio-devoluto-na-avenida-almirante-reis-sofre-derrocada-em-lisboa\/#article","isPartOf":{"@id":"https:\/\/portaltela.pt\/noticias\/2026\/03\/31\/predio-devoluto-na-avenida-almirante-reis-sofre-derrocada-em-lisboa\/"},"author":{"name":"Telinha","@id":"https:\/\/portaltela.pt\/#\/schema\/person\/c4278d4a6028830caff9ee44b42d32ed"},"headline":"Pr\u00e9dio devoluto na Avenida Almirante Reis sofre derrocada em Lisboa","datePublished":"2026-03-31T18:02:29+00:00","mainEntityOfPage":{"@id":"https:\/\/portaltela.pt\/noticias\/2026\/03\/31\/predio-devoluto-na-avenida-almirante-reis-sofre-derrocada-em-lisboa\/"},"wordCount":108,"image":{"@id":"https:\/\/portaltela.pt\/noticias\/2026\/03\/31\/predio-devoluto-na-avenida-almirante-reis-sofre-derrocada-em-lisboa\/#primaryimage"},"thumbnailUrl":"https:\/\/portaltela.pt\/s.01k8rhncp4jt1\/2026\/03\/img_1280x721uu2021-11-28-22-16-00-1104050.jpg","keywords":["acidente","bombeiros","desabamento","Lisboa","Sapadores"],"articleSection":["Acidentes"],"inLanguage":"pt-PT"},{"@type":"WebPage","@id":"https:\/\/portaltela.pt\/noticias\/2026\/03\/31\/predio-devoluto-na-avenida-almirante-reis-sofre-derrocada-em-lisboa\/","url":"https:\/\/portaltela.pt\/noticias\/2026\/03\/31\/predio-devoluto-na-avenida-almirante-reis-sofre-derrocada-em-lisboa\/","name":"Pr\u00e9dio devoluto na Avenida Almirante Reis sofre derrocada em Lisboa - Portal Tela Portugal","isPartOf":{"@id":"https:\/\/portaltela.pt\/#website"},"primaryImageOfPage":{"@id":"https:\/\/portaltela.pt\/noticias\/2026\/03\/31\/predio-devoluto-na-avenida-almirante-reis-sofre-derrocada-em-lisboa\/#primaryimage"},"image":{"@id":"https:\/\/portaltela.pt\/noticias\/2026\/03\/31\/predio-devoluto-na-avenida-almirante-reis-sofre-derrocada-em-lisboa\/#primaryimage"},"thumbnailUrl":"https:\/\/portaltela.pt\/s.01k8rhncp4jt1\/2026\/03\/img_1280x721uu2021-11-28-22-16-00-1104050.jpg","datePublished":"2026-03-31T18:02:29+00:00","author":{"@id":"https:\/\/portaltela.pt\/#\/schema\/person\/c4278d4a6028830caff9ee44b42d32ed"},"breadcrumb":{"@id":"https:\/\/portaltela.pt\/noticias\/2026\/03\/31\/predio-devoluto-na-avenida-almirante-reis-sofre-derrocada-em-lisboa\/#breadcrumb"},"inLanguage":"pt-PT","potentialAction":[{"@type":"ReadAction","target":["https:\/\/portaltela.pt\/noticias\/2026\/03\/31\/predio-devoluto-na-avenida-almirante-reis-sofre-derrocada-em-lisboa\/"]}]},{"@type":"ImageObject","inLanguage":"pt-PT","@id":"https:\/\/portaltela.pt\/noticias\/2026\/03\/31\/predio-devoluto-na-avenida-almirante-reis-sofre-derrocada-em-lisboa\/#primaryimage","url":"https:\/\/portaltela.pt\/s.01k8rhncp4jt1\/2026\/03\/img_1280x721uu2021-11-28-22-16-00-1104050.jpg","contentUrl":"https:\/\/portaltela.pt\/s.01k8rhncp4jt1\/2026\/03\/img_1280x721uu2021-11-28-22-16-00-1104050.jpg","width":796,"height":448,"caption":"Bombeiros"},{"@type":"BreadcrumbList","@id":"https:\/\/portaltela.pt\/noticias\/2026\/03\/31\/predio-devoluto-na-avenida-almirante-reis-sofre-derrocada-em-lisboa\/#breadcrumb","itemListElement":[{"@type":"ListItem","position":1,"name":"In\u00edcio","item":"https:\/\/portaltela.pt\/"},{"@type":"ListItem","position":2,"name":"Pr\u00e9dio devoluto na Avenida Almirante Reis sofre derrocada em Lisboa"}]},{"@type":"WebSite","@id":"https:\/\/portaltela.pt\/#website","url":"https:\/\/portaltela.pt\/","name":"Portal Tela Portugal","description":"","potentialAction":[{"@type":"SearchAction","target":{"@type":"EntryPoint","urlTemplate":"https:\/\/portaltela.pt\/?s={search_term_string}"},"query-input":{"@type":"PropertyValueSpecification","valueRequired":true,"valueName":"search_term_string"}}],"inLanguage":"pt-PT"},{"@type":"Person","@id":"https:\/\/portaltela.pt\/#\/schema\/person\/c4278d4a6028830caff9ee44b42d32ed","name":"Telinha","image":{"@type":"ImageObject","inLanguage":"pt-PT","@id":"https:\/\/portaltela.pt\/s.01k8rhncp4jt1\/2025\/11\/talking-bot-125x125.png","url":"https:\/\/portaltela.pt\/s.01k8rhncp4jt1\/2025\/11\/talking-bot-125x125.png","contentUrl":"https:\/\/portaltela.pt\/s.01k8rhncp4jt1\/2025\/11\/talking-bot-125x125.png","caption":"Telinha"},"sameAs":["https:\/\/portaltela.pt\/"],"url":"https:\/\/portaltela.pt\/por\/367410592786\/"}]}},"_links":{"self":[{"href":"https:\/\/portaltela.pt\/api\/wp\/v2\/posts\/428172","targetHints":{"allow":["GET"]}}],"collection":[{"href":"https:\/\/portaltela.pt\/api\/wp\/v2\/posts"}],"about":[{"href":"https:\/\/portaltela.pt\/api\/wp\/v2\/types\/post"}],"author":[{"embeddable":true,"href":"https:\/\/portaltela.pt\/api\/wp\/v2\/users\/2"}],"replies":[{"embeddable":true,"href":"https:\/\/portaltela.pt\/api\/wp\/v2\/comments?post=428172"}],"version-history":[{"count":0,"href":"https:\/\/portaltela.pt\/api\/wp\/v2\/posts\/428172\/revisions"}],"wp:featuredmedia":[{"embeddable":true,"href":"https:\/\/portaltela.pt\/api\/wp\/v2\/media\/428183"}],"wp:attachment":[{"href":"https:\/\/portaltela.pt\/api\/wp\/v2\/media?parent=428172"}],"wp:term":[{"taxonomy":"category","embeddable":true,"href":"https:\/\/portaltela.pt\/api\/wp\/v2\/categories?post=428172"},{"taxonomy":"post_tag","embeddable":true,"href":"https:\/\/portaltela.pt\/api\/wp\/v2\/tags?post=428172"}],"curies":[{"name":"wp","href":"https:\/\/api.w.org\/{rel}","templated":true}]}}