{"id":428169,"date":"2026-03-31T15:02:24","date_gmt":"2026-03-31T18:02:24","guid":{"rendered":"https:\/\/portaltela.pt\/noticias\/2026\/03\/31\/israel-pode-perder-estatuto-no-conselho-da-europa-por-lei-de-pena-de-morte\/"},"modified":"2026-03-31T15:02:24","modified_gmt":"2026-03-31T18:02:24","slug":"israel-pode-perder-estatuto-no-conselho-da-europa-por-lei-de-pena-de-morte","status":"publish","type":"post","link":"https:\/\/portaltela.pt\/geopolitica\/2026\/03\/31\/israel-pode-perder-estatuto-no-conselho-da-europa-por-lei-de-pena-de-morte\/","title":{"rendered":"Israel pode perder estatuto no Conselho da Europa por lei de pena de morte"},"content":{"rendered":"<p>O Conselho da Europa afirmou nesta ter\u00e7a-feira que Israel pode perder o estatuto de membro observador na Assembleia Parlamentar devido \u00e0 aprova\u00e7\u00e3o de uma lei de pena de morte para palestinianos condenados por homic\u00eddio terrorista. A lei foi aprovada na segunda-feira pelo Knesset, parlamento de Israel. O \u00f3rg\u00e3o citou a rejei\u00e7\u00e3o da pena de morte em qualquer circunst\u00e2ncia. O an\u00fancio ocorre em Estrasbur, onde a APCE funciona.<\/p>\n<p>A APCE \u00e9 composta por 612 deputados de 46 Estados-membros, com tr\u00eas pa\u00edses observadores: Canad\u00e1, Israel e M\u00e9xico. A presidente da Assembleia Parlamentar, Petra Bayr, disse que a medida compromete gravemente o estatuto de observador de Israel na organiza\u00e7\u00e3o.<\/p>\n<h3>O que muda na pr\u00e1tica<\/h3>\n<p>A legisla\u00e7\u00e3o obriga a pena de morte, com exce\u00e7\u00f5es limitadas, para crimes cometidos por tribunais militares contra palestinianos na Cisjord\u00e2nia ocupada, em a\u00e7\u00f5es ligadas a terrorismo. A aplica\u00e7\u00e3o nos tribunais civis israelitas pode tornar a pena de morte quase imposs\u00edvel.<\/p>\n<h3>Rea\u00e7\u00f5es internacionais<\/h3>\n<p>A Amnistia Internacional criticou a lei, dizendo que ela facilita execu\u00e7\u00f5es de palestinianos. A organiza\u00e7\u00e3o sustenta que tribunais militares t\u00eam hist\u00f3rico de condena\u00e7\u00e3o elevada e devido processo question\u00e1vel.A Amnistia pediu a revoga\u00e7\u00e3o da legisla\u00e7\u00e3o e o fim da pena de morte.<\/p>\n<h3>Impacto e pr\u00f3ximos passos<\/h3>\n<p>O ministro da Defesa de Israel fica com a autoridade para decidir se casos da Cisjord\u00e2nia ser\u00e3o julgados por tribunais militares ou civis. A data de debate na APCE est\u00e1 marcada para 22 de abril, em Estrasburgo, dedicando-se \u00e0 aboli\u00e7\u00e3o da pena de morte.<\/p>\n","protected":false},"excerpt":{"rendered":"<ul>\n<li>O Conselho da Europa disse que Israel pode perder o estatuto de membro observador na Assembleia Parlamentar por causa da lei de pena de morte aprovada, que se aplica a palestinianos condenados por homic\u00eddio terrorista.<\/li>\n<li>A presidente da APCE, Petra Bayr, afirmou que a aprova\u00e7\u00e3o compromete gravemente o estatuto de observador de Israel e afasta o pa\u00eds dos valores do organismo.<\/li>\n<li>A vota\u00e7\u00e3o no Knesset ocorreu na segunda-feira; o tema deve ser debatido na sess\u00e3o da APCE marcada para 22 de abril, em Estrasburgo.<\/li>\n<li>A lei estabelece a pena de morte obrigat\u00f3ria para tribunais militares que julguem palestinianos na Cisjord\u00e2nia ocupada por crimes de homic\u00eddio terrorista, com exce\u00e7\u00f5es limitadas para tribunais civis.<\/li>\n<li>A Amnistia Internacional criticou a legisla\u00e7\u00e3o, alegando que favorece a execu\u00e7\u00e3o de palestinianos e pediu a revoga\u00e7\u00e3o, afirmando que a lei cria dois sistemas legais discriminat\u00f3rios.<\/li>\n<\/ul>\n","protected":false},"author":2,"featured_media":428182,"comment_status":"closed","ping_status":"closed","sticky":false,"template":"","format":"standard","meta":{"footnotes":""},"categories":[6814],"tags":[2198,2502,2633,2487,3708,4989],"class_list":["post-428169","post","type-post","status-publish","format-standard","has-post-thumbnail","hentry","category-geopolitica","tag-conflitos-internacionais","tag-conselho-europeu","tag-direitos-humanos","tag-europa","tag-israel","tag-terrorismo"],"yoast_head":"<!-- This site is optimized with the Yoast SEO plugin v27.2 - https:\/\/yoast.com\/product\/yoast-seo-wordpress\/ -->\n<title>Israel pode perder estatuto no Conselho da Europa por lei de pena de morte - Portal Tela Portugal<\/title>\n<meta name=\"robots\" content=\"index, follow, max-snippet:-1, max-image-preview:large, max-video-preview:-1\" \/>\n<meta property=\"og:locale\" content=\"pt_PT\" \/>\n<meta property=\"og:type\" content=\"article\" \/>\n<meta property=\"og:title\" content=\"Israel pode perder estatuto no Conselho da Europa por lei de pena de morte - Portal Tela Portugal\" \/>\n<meta property=\"og:description\" content=\"O Conselho da Europa disse que Israel pode perder o estatuto de membro observador na Assembleia Parlamentar por causa da lei de pena de morte aprovada, que se aplica a palestinianos condenados por homic\u00eddio terrorista. A presidente da APCE, Petra Bayr, afirmou que a aprova\u00e7\u00e3o compromete gravemente o estatuto de observador de Israel e afasta o pa\u00eds dos valores do organismo. A vota\u00e7\u00e3o no Knesset ocorreu na segunda-feira; o tema deve ser debatido na sess\u00e3o da APCE marcada para 22 de abril, em Estrasburgo. A lei estabelece a pena de morte obrigat\u00f3ria para tribunais militares que julguem palestinianos na Cisjord\u00e2nia ocupada por crimes de homic\u00eddio terrorista, com exce\u00e7\u00f5es limitadas para tribunais civis. A Amnistia Internacional criticou a legisla\u00e7\u00e3o, alegando que favorece a execu\u00e7\u00e3o de palestinianos e pediu a revoga\u00e7\u00e3o, afirmando que a lei cria dois sistemas legais discriminat\u00f3rios.\" \/>\n<meta property=\"og:url\" content=\"https:\/\/portaltela.pt\/noticias\/2026\/03\/31\/israel-pode-perder-estatuto-no-conselho-da-europa-por-lei-de-pena-de-morte\/\" \/>\n<meta property=\"og:site_name\" content=\"Portal Tela Portugal\" \/>\n<meta property=\"article:published_time\" content=\"2026-03-31T18:02:24+00:00\" \/>\n<meta name=\"author\" content=\"Telinha\" \/>\n<meta name=\"twitter:card\" content=\"summary_large_image\" \/>\n<meta name=\"twitter:label1\" content=\"Escrito por\" \/>\n\t<meta name=\"twitter:data1\" content=\"Telinha\" \/>\n\t<meta name=\"twitter:label2\" content=\"Tempo estimado de leitura\" \/>\n\t<meta name=\"twitter:data2\" content=\"1 minuto\" \/>\n<script type=\"application\/ld+json\" class=\"yoast-schema-graph\">{\"@context\":\"https:\/\/schema.org\",\"@graph\":[{\"@type\":\"Article\",\"@id\":\"https:\/\/portaltela.pt\/noticias\/2026\/03\/31\/israel-pode-perder-estatuto-no-conselho-da-europa-por-lei-de-pena-de-morte\/#article\",\"isPartOf\":{\"@id\":\"https:\/\/portaltela.pt\/noticias\/2026\/03\/31\/israel-pode-perder-estatuto-no-conselho-da-europa-por-lei-de-pena-de-morte\/\"},\"author\":{\"name\":\"Telinha\",\"@id\":\"https:\/\/portaltela.pt\/#\/schema\/person\/c4278d4a6028830caff9ee44b42d32ed\"},\"headline\":\"Israel pode perder estatuto no Conselho da Europa por lei de pena de morte\",\"datePublished\":\"2026-03-31T18:02:24+00:00\",\"mainEntityOfPage\":{\"@id\":\"https:\/\/portaltela.pt\/noticias\/2026\/03\/31\/israel-pode-perder-estatuto-no-conselho-da-europa-por-lei-de-pena-de-morte\/\"},\"wordCount\":282,\"image\":{\"@id\":\"https:\/\/portaltela.pt\/noticias\/2026\/03\/31\/israel-pode-perder-estatuto-no-conselho-da-europa-por-lei-de-pena-de-morte\/#primaryimage\"},\"thumbnailUrl\":\"https:\/\/portaltela.pt\/s.01k8rhncp4jt1\/2026\/03\/image-1889.jpg\",\"keywords\":[\"conflitos internacionais\",\"Conselho Europeu\",\"direitos humanos\",\"Europa\",\"Israel\",\"terrorismo\"],\"articleSection\":[\"Geopol\u00edtica\"],\"inLanguage\":\"pt-PT\"},{\"@type\":\"WebPage\",\"@id\":\"https:\/\/portaltela.pt\/noticias\/2026\/03\/31\/israel-pode-perder-estatuto-no-conselho-da-europa-por-lei-de-pena-de-morte\/\",\"url\":\"https:\/\/portaltela.pt\/noticias\/2026\/03\/31\/israel-pode-perder-estatuto-no-conselho-da-europa-por-lei-de-pena-de-morte\/\",\"name\":\"Israel pode perder estatuto no Conselho da Europa por lei de pena de morte - Portal Tela Portugal\",\"isPartOf\":{\"@id\":\"https:\/\/portaltela.pt\/#website\"},\"primaryImageOfPage\":{\"@id\":\"https:\/\/portaltela.pt\/noticias\/2026\/03\/31\/israel-pode-perder-estatuto-no-conselho-da-europa-por-lei-de-pena-de-morte\/#primaryimage\"},\"image\":{\"@id\":\"https:\/\/portaltela.pt\/noticias\/2026\/03\/31\/israel-pode-perder-estatuto-no-conselho-da-europa-por-lei-de-pena-de-morte\/#primaryimage\"},\"thumbnailUrl\":\"https:\/\/portaltela.pt\/s.01k8rhncp4jt1\/2026\/03\/image-1889.jpg\",\"datePublished\":\"2026-03-31T18:02:24+00:00\",\"author\":{\"@id\":\"https:\/\/portaltela.pt\/#\/schema\/person\/c4278d4a6028830caff9ee44b42d32ed\"},\"breadcrumb\":{\"@id\":\"https:\/\/portaltela.pt\/noticias\/2026\/03\/31\/israel-pode-perder-estatuto-no-conselho-da-europa-por-lei-de-pena-de-morte\/#breadcrumb\"},\"inLanguage\":\"pt-PT\",\"potentialAction\":[{\"@type\":\"ReadAction\",\"target\":[\"https:\/\/portaltela.pt\/noticias\/2026\/03\/31\/israel-pode-perder-estatuto-no-conselho-da-europa-por-lei-de-pena-de-morte\/\"]}]},{\"@type\":\"ImageObject\",\"inLanguage\":\"pt-PT\",\"@id\":\"https:\/\/portaltela.pt\/noticias\/2026\/03\/31\/israel-pode-perder-estatuto-no-conselho-da-europa-por-lei-de-pena-de-morte\/#primaryimage\",\"url\":\"https:\/\/portaltela.pt\/s.01k8rhncp4jt1\/2026\/03\/image-1889.jpg\",\"contentUrl\":\"https:\/\/portaltela.pt\/s.01k8rhncp4jt1\/2026\/03\/image-1889.jpg\",\"width\":796,\"height\":448,\"caption\":\"O primeiro-ministro israelita Benjamin Netanyahu\"},{\"@type\":\"BreadcrumbList\",\"@id\":\"https:\/\/portaltela.pt\/noticias\/2026\/03\/31\/israel-pode-perder-estatuto-no-conselho-da-europa-por-lei-de-pena-de-morte\/#breadcrumb\",\"itemListElement\":[{\"@type\":\"ListItem\",\"position\":1,\"name\":\"In\u00edcio\",\"item\":\"https:\/\/portaltela.pt\/\"},{\"@type\":\"ListItem\",\"position\":2,\"name\":\"Israel pode perder estatuto no Conselho da Europa por lei de pena de morte\"}]},{\"@type\":\"WebSite\",\"@id\":\"https:\/\/portaltela.pt\/#website\",\"url\":\"https:\/\/portaltela.pt\/\",\"name\":\"Portal Tela Portugal\",\"description\":\"\",\"potentialAction\":[{\"@type\":\"SearchAction\",\"target\":{\"@type\":\"EntryPoint\",\"urlTemplate\":\"https:\/\/portaltela.pt\/?s={search_term_string}\"},\"query-input\":{\"@type\":\"PropertyValueSpecification\",\"valueRequired\":true,\"valueName\":\"search_term_string\"}}],\"inLanguage\":\"pt-PT\"},{\"@type\":\"Person\",\"@id\":\"https:\/\/portaltela.pt\/#\/schema\/person\/c4278d4a6028830caff9ee44b42d32ed\",\"name\":\"Telinha\",\"image\":{\"@type\":\"ImageObject\",\"inLanguage\":\"pt-PT\",\"@id\":\"https:\/\/portaltela.pt\/s.01k8rhncp4jt1\/2025\/11\/talking-bot-125x125.png\",\"url\":\"https:\/\/portaltela.pt\/s.01k8rhncp4jt1\/2025\/11\/talking-bot-125x125.png\",\"contentUrl\":\"https:\/\/portaltela.pt\/s.01k8rhncp4jt1\/2025\/11\/talking-bot-125x125.png\",\"caption\":\"Telinha\"},\"sameAs\":[\"https:\/\/portaltela.pt\/\"],\"url\":\"https:\/\/portaltela.pt\/por\/367410592786\/\"}]}<\/script>\n<!-- \/ Yoast SEO plugin. -->","yoast_head_json":{"title":"Israel pode perder estatuto no Conselho da Europa por lei de pena de morte - Portal Tela Portugal","robots":{"index":"index","follow":"follow","max-snippet":"max-snippet:-1","max-image-preview":"max-image-preview:large","max-video-preview":"max-video-preview:-1"},"og_locale":"pt_PT","og_type":"article","og_title":"Israel pode perder estatuto no Conselho da Europa por lei de pena de morte - Portal Tela Portugal","og_description":"O Conselho da Europa disse que Israel pode perder o estatuto de membro observador na Assembleia Parlamentar por causa da lei de pena de morte aprovada, que se aplica a palestinianos condenados por homic\u00eddio terrorista. A presidente da APCE, Petra Bayr, afirmou que a aprova\u00e7\u00e3o compromete gravemente o estatuto de observador de Israel e afasta o pa\u00eds dos valores do organismo. A vota\u00e7\u00e3o no Knesset ocorreu na segunda-feira; o tema deve ser debatido na sess\u00e3o da APCE marcada para 22 de abril, em Estrasburgo. A lei estabelece a pena de morte obrigat\u00f3ria para tribunais militares que julguem palestinianos na Cisjord\u00e2nia ocupada por crimes de homic\u00eddio terrorista, com exce\u00e7\u00f5es limitadas para tribunais civis. A Amnistia Internacional criticou a legisla\u00e7\u00e3o, alegando que favorece a execu\u00e7\u00e3o de palestinianos e pediu a revoga\u00e7\u00e3o, afirmando que a lei cria dois sistemas legais discriminat\u00f3rios.","og_url":"https:\/\/portaltela.pt\/noticias\/2026\/03\/31\/israel-pode-perder-estatuto-no-conselho-da-europa-por-lei-de-pena-de-morte\/","og_site_name":"Portal Tela Portugal","article_published_time":"2026-03-31T18:02:24+00:00","author":"Telinha","twitter_card":"summary_large_image","twitter_misc":{"Escrito por":"Telinha","Tempo estimado de leitura":"1 minuto"},"schema":{"@context":"https:\/\/schema.org","@graph":[{"@type":"Article","@id":"https:\/\/portaltela.pt\/noticias\/2026\/03\/31\/israel-pode-perder-estatuto-no-conselho-da-europa-por-lei-de-pena-de-morte\/#article","isPartOf":{"@id":"https:\/\/portaltela.pt\/noticias\/2026\/03\/31\/israel-pode-perder-estatuto-no-conselho-da-europa-por-lei-de-pena-de-morte\/"},"author":{"name":"Telinha","@id":"https:\/\/portaltela.pt\/#\/schema\/person\/c4278d4a6028830caff9ee44b42d32ed"},"headline":"Israel pode perder estatuto no Conselho da Europa por lei de pena de morte","datePublished":"2026-03-31T18:02:24+00:00","mainEntityOfPage":{"@id":"https:\/\/portaltela.pt\/noticias\/2026\/03\/31\/israel-pode-perder-estatuto-no-conselho-da-europa-por-lei-de-pena-de-morte\/"},"wordCount":282,"image":{"@id":"https:\/\/portaltela.pt\/noticias\/2026\/03\/31\/israel-pode-perder-estatuto-no-conselho-da-europa-por-lei-de-pena-de-morte\/#primaryimage"},"thumbnailUrl":"https:\/\/portaltela.pt\/s.01k8rhncp4jt1\/2026\/03\/image-1889.jpg","keywords":["conflitos internacionais","Conselho Europeu","direitos humanos","Europa","Israel","terrorismo"],"articleSection":["Geopol\u00edtica"],"inLanguage":"pt-PT"},{"@type":"WebPage","@id":"https:\/\/portaltela.pt\/noticias\/2026\/03\/31\/israel-pode-perder-estatuto-no-conselho-da-europa-por-lei-de-pena-de-morte\/","url":"https:\/\/portaltela.pt\/noticias\/2026\/03\/31\/israel-pode-perder-estatuto-no-conselho-da-europa-por-lei-de-pena-de-morte\/","name":"Israel pode perder estatuto no Conselho da Europa por lei de pena de morte - Portal Tela Portugal","isPartOf":{"@id":"https:\/\/portaltela.pt\/#website"},"primaryImageOfPage":{"@id":"https:\/\/portaltela.pt\/noticias\/2026\/03\/31\/israel-pode-perder-estatuto-no-conselho-da-europa-por-lei-de-pena-de-morte\/#primaryimage"},"image":{"@id":"https:\/\/portaltela.pt\/noticias\/2026\/03\/31\/israel-pode-perder-estatuto-no-conselho-da-europa-por-lei-de-pena-de-morte\/#primaryimage"},"thumbnailUrl":"https:\/\/portaltela.pt\/s.01k8rhncp4jt1\/2026\/03\/image-1889.jpg","datePublished":"2026-03-31T18:02:24+00:00","author":{"@id":"https:\/\/portaltela.pt\/#\/schema\/person\/c4278d4a6028830caff9ee44b42d32ed"},"breadcrumb":{"@id":"https:\/\/portaltela.pt\/noticias\/2026\/03\/31\/israel-pode-perder-estatuto-no-conselho-da-europa-por-lei-de-pena-de-morte\/#breadcrumb"},"inLanguage":"pt-PT","potentialAction":[{"@type":"ReadAction","target":["https:\/\/portaltela.pt\/noticias\/2026\/03\/31\/israel-pode-perder-estatuto-no-conselho-da-europa-por-lei-de-pena-de-morte\/"]}]},{"@type":"ImageObject","inLanguage":"pt-PT","@id":"https:\/\/portaltela.pt\/noticias\/2026\/03\/31\/israel-pode-perder-estatuto-no-conselho-da-europa-por-lei-de-pena-de-morte\/#primaryimage","url":"https:\/\/portaltela.pt\/s.01k8rhncp4jt1\/2026\/03\/image-1889.jpg","contentUrl":"https:\/\/portaltela.pt\/s.01k8rhncp4jt1\/2026\/03\/image-1889.jpg","width":796,"height":448,"caption":"O primeiro-ministro israelita Benjamin Netanyahu"},{"@type":"BreadcrumbList","@id":"https:\/\/portaltela.pt\/noticias\/2026\/03\/31\/israel-pode-perder-estatuto-no-conselho-da-europa-por-lei-de-pena-de-morte\/#breadcrumb","itemListElement":[{"@type":"ListItem","position":1,"name":"In\u00edcio","item":"https:\/\/portaltela.pt\/"},{"@type":"ListItem","position":2,"name":"Israel pode perder estatuto no Conselho da Europa por lei de pena de morte"}]},{"@type":"WebSite","@id":"https:\/\/portaltela.pt\/#website","url":"https:\/\/portaltela.pt\/","name":"Portal Tela Portugal","description":"","potentialAction":[{"@type":"SearchAction","target":{"@type":"EntryPoint","urlTemplate":"https:\/\/portaltela.pt\/?s={search_term_string}"},"query-input":{"@type":"PropertyValueSpecification","valueRequired":true,"valueName":"search_term_string"}}],"inLanguage":"pt-PT"},{"@type":"Person","@id":"https:\/\/portaltela.pt\/#\/schema\/person\/c4278d4a6028830caff9ee44b42d32ed","name":"Telinha","image":{"@type":"ImageObject","inLanguage":"pt-PT","@id":"https:\/\/portaltela.pt\/s.01k8rhncp4jt1\/2025\/11\/talking-bot-125x125.png","url":"https:\/\/portaltela.pt\/s.01k8rhncp4jt1\/2025\/11\/talking-bot-125x125.png","contentUrl":"https:\/\/portaltela.pt\/s.01k8rhncp4jt1\/2025\/11\/talking-bot-125x125.png","caption":"Telinha"},"sameAs":["https:\/\/portaltela.pt\/"],"url":"https:\/\/portaltela.pt\/por\/367410592786\/"}]}},"_links":{"self":[{"href":"https:\/\/portaltela.pt\/api\/wp\/v2\/posts\/428169","targetHints":{"allow":["GET"]}}],"collection":[{"href":"https:\/\/portaltela.pt\/api\/wp\/v2\/posts"}],"about":[{"href":"https:\/\/portaltela.pt\/api\/wp\/v2\/types\/post"}],"author":[{"embeddable":true,"href":"https:\/\/portaltela.pt\/api\/wp\/v2\/users\/2"}],"replies":[{"embeddable":true,"href":"https:\/\/portaltela.pt\/api\/wp\/v2\/comments?post=428169"}],"version-history":[{"count":0,"href":"https:\/\/portaltela.pt\/api\/wp\/v2\/posts\/428169\/revisions"}],"wp:featuredmedia":[{"embeddable":true,"href":"https:\/\/portaltela.pt\/api\/wp\/v2\/media\/428182"}],"wp:attachment":[{"href":"https:\/\/portaltela.pt\/api\/wp\/v2\/media?parent=428169"}],"wp:term":[{"taxonomy":"category","embeddable":true,"href":"https:\/\/portaltela.pt\/api\/wp\/v2\/categories?post=428169"},{"taxonomy":"post_tag","embeddable":true,"href":"https:\/\/portaltela.pt\/api\/wp\/v2\/tags?post=428169"}],"curies":[{"name":"wp","href":"https:\/\/api.w.org\/{rel}","templated":true}]}}