{"id":428166,"date":"2026-03-31T15:02:16","date_gmt":"2026-03-31T18:02:16","guid":{"rendered":"https:\/\/portaltela.pt\/noticias\/2026\/03\/31\/lammens-elogia-carrick-pela-clareza-do-que-pretende\/"},"modified":"2026-03-31T15:02:16","modified_gmt":"2026-03-31T18:02:16","slug":"lammens-elogia-carrick-pela-clareza-do-que-pretende","status":"publish","type":"post","link":"https:\/\/portaltela.pt\/desporto\/futebol\/2026\/03\/31\/lammens-elogia-carrick-pela-clareza-do-que-pretende\/","title":{"rendered":"Lammens elogia Carrick pela clareza do que pretende"},"content":{"rendered":"<p>Senne Lammens, guarda-redes do Manchester United, real\u00e7ou a clareza do discurso de Michael Carrick e a sua abordagem simples como caracter\u00edsticas marcantes do treinador. O jogador afirmou que a comunica\u00e7\u00e3o chega de forma direta, sem complicar conceitos para o plantel.<\/p>\n<p>Desde o primeiro encontro sob a orienta\u00e7\u00e3o de Carrick, o guarda-redes belga disse que o t\u00e9cnico \u00e9 transparente sobre os objetivos. Segundo Lammens, a mensagem \u00e9 facilmente compreendida por todos, evitando ambiguidade e confus\u00e3o.<\/p>\n<p>Ainda de acordo com o atleta, Carrick evita criar dificuldades desnecess\u00e1rias e concede oportunidades a todos os jogadores para exibirem as suas qualidades. O foco parece estar na simplicidade e na efici\u00eancia comunicativa.<\/p>\n","protected":false},"excerpt":{"rendered":"<ul>\n<li>Senne Lammens, guarda-redes do Manchester United, elogiou a clareza de discurso e a simplicidade do treinador Michael Carrick.<\/li>\n<li>O atleta belga destacou que a primeira impress\u00e3o foi a capacidade de explicar tudo de forma clara e transmitir a mensagem corretamente.<\/li>\n<li>Lammens afirmou que, ao contr\u00e1rio de alguns t\u00e9cnicos, Carrick n\u00e3o complica as coisas desnecessariamente.<\/li>\n<li>O guarda-redes ressaltou que Carrick manteve a orienta\u00e7\u00e3o simples desde o primeiro jogo, dando oportunidades a todos para mostrarem as suas qualidades.<\/li>\n<\/ul>\n","protected":false},"author":2,"featured_media":428167,"comment_status":"closed","ping_status":"closed","sticky":false,"template":"","format":"standard","meta":{"footnotes":""},"categories":[21,24],"tags":[2607,32,242,3187,2512,2477],"class_list":["post-428166","post","type-post","status-publish","format-standard","has-post-thumbnail","hentry","category-desporto","category-futebol","tag-comunicacao","tag-futebol","tag-jogadores","tag-manchester-united","tag-michael-carrick","tag-treinadores"],"yoast_head":"<!-- This site is optimized with the Yoast SEO plugin v27.2 - https:\/\/yoast.com\/product\/yoast-seo-wordpress\/ -->\n<title>Lammens elogia Carrick pela clareza do que pretende - Portal Tela Portugal<\/title>\n<meta name=\"robots\" content=\"index, follow, max-snippet:-1, max-image-preview:large, max-video-preview:-1\" \/>\n<meta property=\"og:locale\" content=\"pt_PT\" \/>\n<meta property=\"og:type\" content=\"article\" \/>\n<meta property=\"og:title\" content=\"Lammens elogia Carrick pela clareza do que pretende - Portal Tela Portugal\" \/>\n<meta property=\"og:description\" content=\"Senne Lammens, guarda-redes do Manchester United, elogiou a clareza de discurso e a simplicidade do treinador Michael Carrick. O atleta belga destacou que a primeira impress\u00e3o foi a capacidade de explicar tudo de forma clara e transmitir a mensagem corretamente. Lammens afirmou que, ao contr\u00e1rio de alguns t\u00e9cnicos, Carrick n\u00e3o complica as coisas desnecessariamente. O guarda-redes ressaltou que Carrick manteve a orienta\u00e7\u00e3o simples desde o primeiro jogo, dando oportunidades a todos para mostrarem as suas qualidades.\" \/>\n<meta property=\"og:url\" content=\"https:\/\/portaltela.pt\/noticias\/2026\/03\/31\/lammens-elogia-carrick-pela-clareza-do-que-pretende\/\" \/>\n<meta property=\"og:site_name\" content=\"Portal Tela Portugal\" \/>\n<meta property=\"article:published_time\" content=\"2026-03-31T18:02:16+00:00\" \/>\n<meta name=\"author\" content=\"Telinha\" \/>\n<meta name=\"twitter:card\" content=\"summary_large_image\" \/>\n<meta name=\"twitter:label1\" content=\"Escrito por\" \/>\n\t<meta name=\"twitter:data1\" content=\"Telinha\" \/>\n\t<meta name=\"twitter:label2\" content=\"Tempo estimado de leitura\" \/>\n\t<meta name=\"twitter:data2\" content=\"1 minuto\" \/>\n<script type=\"application\/ld+json\" class=\"yoast-schema-graph\">{\"@context\":\"https:\/\/schema.org\",\"@graph\":[{\"@type\":\"Article\",\"@id\":\"https:\/\/portaltela.pt\/noticias\/2026\/03\/31\/lammens-elogia-carrick-pela-clareza-do-que-pretende\/#article\",\"isPartOf\":{\"@id\":\"https:\/\/portaltela.pt\/noticias\/2026\/03\/31\/lammens-elogia-carrick-pela-clareza-do-que-pretende\/\"},\"author\":{\"name\":\"Telinha\",\"@id\":\"https:\/\/portaltela.pt\/#\/schema\/person\/c4278d4a6028830caff9ee44b42d32ed\"},\"headline\":\"Lammens elogia Carrick pela clareza do que pretende\",\"datePublished\":\"2026-03-31T18:02:16+00:00\",\"mainEntityOfPage\":{\"@id\":\"https:\/\/portaltela.pt\/noticias\/2026\/03\/31\/lammens-elogia-carrick-pela-clareza-do-que-pretende\/\"},\"wordCount\":121,\"image\":{\"@id\":\"https:\/\/portaltela.pt\/noticias\/2026\/03\/31\/lammens-elogia-carrick-pela-clareza-do-que-pretende\/#primaryimage\"},\"thumbnailUrl\":\"https:\/\/portaltela.pt\/s.01k8rhncp4jt1\/2026\/03\/img_920x518uu2026-03-31-18-53-54-2430328.jpg\",\"keywords\":[\"comunica\u00e7\u00e3o\",\"futebol\",\"jogadores\",\"Manchester United\",\"Michael Carrick\",\"treinadores\"],\"articleSection\":[\"Desporto\",\"Futebol\"],\"inLanguage\":\"pt-PT\"},{\"@type\":\"WebPage\",\"@id\":\"https:\/\/portaltela.pt\/noticias\/2026\/03\/31\/lammens-elogia-carrick-pela-clareza-do-que-pretende\/\",\"url\":\"https:\/\/portaltela.pt\/noticias\/2026\/03\/31\/lammens-elogia-carrick-pela-clareza-do-que-pretende\/\",\"name\":\"Lammens elogia Carrick pela clareza do que pretende - Portal Tela Portugal\",\"isPartOf\":{\"@id\":\"https:\/\/portaltela.pt\/#website\"},\"primaryImageOfPage\":{\"@id\":\"https:\/\/portaltela.pt\/noticias\/2026\/03\/31\/lammens-elogia-carrick-pela-clareza-do-que-pretende\/#primaryimage\"},\"image\":{\"@id\":\"https:\/\/portaltela.pt\/noticias\/2026\/03\/31\/lammens-elogia-carrick-pela-clareza-do-que-pretende\/#primaryimage\"},\"thumbnailUrl\":\"https:\/\/portaltela.pt\/s.01k8rhncp4jt1\/2026\/03\/img_920x518uu2026-03-31-18-53-54-2430328.jpg\",\"datePublished\":\"2026-03-31T18:02:16+00:00\",\"author\":{\"@id\":\"https:\/\/portaltela.pt\/#\/schema\/person\/c4278d4a6028830caff9ee44b42d32ed\"},\"breadcrumb\":{\"@id\":\"https:\/\/portaltela.pt\/noticias\/2026\/03\/31\/lammens-elogia-carrick-pela-clareza-do-que-pretende\/#breadcrumb\"},\"inLanguage\":\"pt-PT\",\"potentialAction\":[{\"@type\":\"ReadAction\",\"target\":[\"https:\/\/portaltela.pt\/noticias\/2026\/03\/31\/lammens-elogia-carrick-pela-clareza-do-que-pretende\/\"]}]},{\"@type\":\"ImageObject\",\"inLanguage\":\"pt-PT\",\"@id\":\"https:\/\/portaltela.pt\/noticias\/2026\/03\/31\/lammens-elogia-carrick-pela-clareza-do-que-pretende\/#primaryimage\",\"url\":\"https:\/\/portaltela.pt\/s.01k8rhncp4jt1\/2026\/03\/img_920x518uu2026-03-31-18-53-54-2430328.jpg\",\"contentUrl\":\"https:\/\/portaltela.pt\/s.01k8rhncp4jt1\/2026\/03\/img_920x518uu2026-03-31-18-53-54-2430328.jpg\",\"width\":796,\"height\":448,\"caption\":\"Lammens ao servi\u00e7o da B\u00e9lgica\"},{\"@type\":\"BreadcrumbList\",\"@id\":\"https:\/\/portaltela.pt\/noticias\/2026\/03\/31\/lammens-elogia-carrick-pela-clareza-do-que-pretende\/#breadcrumb\",\"itemListElement\":[{\"@type\":\"ListItem\",\"position\":1,\"name\":\"In\u00edcio\",\"item\":\"https:\/\/portaltela.pt\/\"},{\"@type\":\"ListItem\",\"position\":2,\"name\":\"Lammens elogia Carrick pela clareza do que pretende\"}]},{\"@type\":\"WebSite\",\"@id\":\"https:\/\/portaltela.pt\/#website\",\"url\":\"https:\/\/portaltela.pt\/\",\"name\":\"Portal Tela Portugal\",\"description\":\"\",\"potentialAction\":[{\"@type\":\"SearchAction\",\"target\":{\"@type\":\"EntryPoint\",\"urlTemplate\":\"https:\/\/portaltela.pt\/?s={search_term_string}\"},\"query-input\":{\"@type\":\"PropertyValueSpecification\",\"valueRequired\":true,\"valueName\":\"search_term_string\"}}],\"inLanguage\":\"pt-PT\"},{\"@type\":\"Person\",\"@id\":\"https:\/\/portaltela.pt\/#\/schema\/person\/c4278d4a6028830caff9ee44b42d32ed\",\"name\":\"Telinha\",\"image\":{\"@type\":\"ImageObject\",\"inLanguage\":\"pt-PT\",\"@id\":\"https:\/\/portaltela.pt\/s.01k8rhncp4jt1\/2025\/11\/talking-bot-125x125.png\",\"url\":\"https:\/\/portaltela.pt\/s.01k8rhncp4jt1\/2025\/11\/talking-bot-125x125.png\",\"contentUrl\":\"https:\/\/portaltela.pt\/s.01k8rhncp4jt1\/2025\/11\/talking-bot-125x125.png\",\"caption\":\"Telinha\"},\"sameAs\":[\"https:\/\/portaltela.pt\/\"],\"url\":\"https:\/\/portaltela.pt\/por\/367410592786\/\"}]}<\/script>\n<!-- \/ Yoast SEO plugin. -->","yoast_head_json":{"title":"Lammens elogia Carrick pela clareza do que pretende - Portal Tela Portugal","robots":{"index":"index","follow":"follow","max-snippet":"max-snippet:-1","max-image-preview":"max-image-preview:large","max-video-preview":"max-video-preview:-1"},"og_locale":"pt_PT","og_type":"article","og_title":"Lammens elogia Carrick pela clareza do que pretende - Portal Tela Portugal","og_description":"Senne Lammens, guarda-redes do Manchester United, elogiou a clareza de discurso e a simplicidade do treinador Michael Carrick. O atleta belga destacou que a primeira impress\u00e3o foi a capacidade de explicar tudo de forma clara e transmitir a mensagem corretamente. Lammens afirmou que, ao contr\u00e1rio de alguns t\u00e9cnicos, Carrick n\u00e3o complica as coisas desnecessariamente. O guarda-redes ressaltou que Carrick manteve a orienta\u00e7\u00e3o simples desde o primeiro jogo, dando oportunidades a todos para mostrarem as suas qualidades.","og_url":"https:\/\/portaltela.pt\/noticias\/2026\/03\/31\/lammens-elogia-carrick-pela-clareza-do-que-pretende\/","og_site_name":"Portal Tela Portugal","article_published_time":"2026-03-31T18:02:16+00:00","author":"Telinha","twitter_card":"summary_large_image","twitter_misc":{"Escrito por":"Telinha","Tempo estimado de leitura":"1 minuto"},"schema":{"@context":"https:\/\/schema.org","@graph":[{"@type":"Article","@id":"https:\/\/portaltela.pt\/noticias\/2026\/03\/31\/lammens-elogia-carrick-pela-clareza-do-que-pretende\/#article","isPartOf":{"@id":"https:\/\/portaltela.pt\/noticias\/2026\/03\/31\/lammens-elogia-carrick-pela-clareza-do-que-pretende\/"},"author":{"name":"Telinha","@id":"https:\/\/portaltela.pt\/#\/schema\/person\/c4278d4a6028830caff9ee44b42d32ed"},"headline":"Lammens elogia Carrick pela clareza do que pretende","datePublished":"2026-03-31T18:02:16+00:00","mainEntityOfPage":{"@id":"https:\/\/portaltela.pt\/noticias\/2026\/03\/31\/lammens-elogia-carrick-pela-clareza-do-que-pretende\/"},"wordCount":121,"image":{"@id":"https:\/\/portaltela.pt\/noticias\/2026\/03\/31\/lammens-elogia-carrick-pela-clareza-do-que-pretende\/#primaryimage"},"thumbnailUrl":"https:\/\/portaltela.pt\/s.01k8rhncp4jt1\/2026\/03\/img_920x518uu2026-03-31-18-53-54-2430328.jpg","keywords":["comunica\u00e7\u00e3o","futebol","jogadores","Manchester United","Michael Carrick","treinadores"],"articleSection":["Desporto","Futebol"],"inLanguage":"pt-PT"},{"@type":"WebPage","@id":"https:\/\/portaltela.pt\/noticias\/2026\/03\/31\/lammens-elogia-carrick-pela-clareza-do-que-pretende\/","url":"https:\/\/portaltela.pt\/noticias\/2026\/03\/31\/lammens-elogia-carrick-pela-clareza-do-que-pretende\/","name":"Lammens elogia Carrick pela clareza do que pretende - Portal Tela Portugal","isPartOf":{"@id":"https:\/\/portaltela.pt\/#website"},"primaryImageOfPage":{"@id":"https:\/\/portaltela.pt\/noticias\/2026\/03\/31\/lammens-elogia-carrick-pela-clareza-do-que-pretende\/#primaryimage"},"image":{"@id":"https:\/\/portaltela.pt\/noticias\/2026\/03\/31\/lammens-elogia-carrick-pela-clareza-do-que-pretende\/#primaryimage"},"thumbnailUrl":"https:\/\/portaltela.pt\/s.01k8rhncp4jt1\/2026\/03\/img_920x518uu2026-03-31-18-53-54-2430328.jpg","datePublished":"2026-03-31T18:02:16+00:00","author":{"@id":"https:\/\/portaltela.pt\/#\/schema\/person\/c4278d4a6028830caff9ee44b42d32ed"},"breadcrumb":{"@id":"https:\/\/portaltela.pt\/noticias\/2026\/03\/31\/lammens-elogia-carrick-pela-clareza-do-que-pretende\/#breadcrumb"},"inLanguage":"pt-PT","potentialAction":[{"@type":"ReadAction","target":["https:\/\/portaltela.pt\/noticias\/2026\/03\/31\/lammens-elogia-carrick-pela-clareza-do-que-pretende\/"]}]},{"@type":"ImageObject","inLanguage":"pt-PT","@id":"https:\/\/portaltela.pt\/noticias\/2026\/03\/31\/lammens-elogia-carrick-pela-clareza-do-que-pretende\/#primaryimage","url":"https:\/\/portaltela.pt\/s.01k8rhncp4jt1\/2026\/03\/img_920x518uu2026-03-31-18-53-54-2430328.jpg","contentUrl":"https:\/\/portaltela.pt\/s.01k8rhncp4jt1\/2026\/03\/img_920x518uu2026-03-31-18-53-54-2430328.jpg","width":796,"height":448,"caption":"Lammens ao servi\u00e7o da B\u00e9lgica"},{"@type":"BreadcrumbList","@id":"https:\/\/portaltela.pt\/noticias\/2026\/03\/31\/lammens-elogia-carrick-pela-clareza-do-que-pretende\/#breadcrumb","itemListElement":[{"@type":"ListItem","position":1,"name":"In\u00edcio","item":"https:\/\/portaltela.pt\/"},{"@type":"ListItem","position":2,"name":"Lammens elogia Carrick pela clareza do que pretende"}]},{"@type":"WebSite","@id":"https:\/\/portaltela.pt\/#website","url":"https:\/\/portaltela.pt\/","name":"Portal Tela Portugal","description":"","potentialAction":[{"@type":"SearchAction","target":{"@type":"EntryPoint","urlTemplate":"https:\/\/portaltela.pt\/?s={search_term_string}"},"query-input":{"@type":"PropertyValueSpecification","valueRequired":true,"valueName":"search_term_string"}}],"inLanguage":"pt-PT"},{"@type":"Person","@id":"https:\/\/portaltela.pt\/#\/schema\/person\/c4278d4a6028830caff9ee44b42d32ed","name":"Telinha","image":{"@type":"ImageObject","inLanguage":"pt-PT","@id":"https:\/\/portaltela.pt\/s.01k8rhncp4jt1\/2025\/11\/talking-bot-125x125.png","url":"https:\/\/portaltela.pt\/s.01k8rhncp4jt1\/2025\/11\/talking-bot-125x125.png","contentUrl":"https:\/\/portaltela.pt\/s.01k8rhncp4jt1\/2025\/11\/talking-bot-125x125.png","caption":"Telinha"},"sameAs":["https:\/\/portaltela.pt\/"],"url":"https:\/\/portaltela.pt\/por\/367410592786\/"}]}},"_links":{"self":[{"href":"https:\/\/portaltela.pt\/api\/wp\/v2\/posts\/428166","targetHints":{"allow":["GET"]}}],"collection":[{"href":"https:\/\/portaltela.pt\/api\/wp\/v2\/posts"}],"about":[{"href":"https:\/\/portaltela.pt\/api\/wp\/v2\/types\/post"}],"author":[{"embeddable":true,"href":"https:\/\/portaltela.pt\/api\/wp\/v2\/users\/2"}],"replies":[{"embeddable":true,"href":"https:\/\/portaltela.pt\/api\/wp\/v2\/comments?post=428166"}],"version-history":[{"count":0,"href":"https:\/\/portaltela.pt\/api\/wp\/v2\/posts\/428166\/revisions"}],"wp:featuredmedia":[{"embeddable":true,"href":"https:\/\/portaltela.pt\/api\/wp\/v2\/media\/428167"}],"wp:attachment":[{"href":"https:\/\/portaltela.pt\/api\/wp\/v2\/media?parent=428166"}],"wp:term":[{"taxonomy":"category","embeddable":true,"href":"https:\/\/portaltela.pt\/api\/wp\/v2\/categories?post=428166"},{"taxonomy":"post_tag","embeddable":true,"href":"https:\/\/portaltela.pt\/api\/wp\/v2\/tags?post=428166"}],"curies":[{"name":"wp","href":"https:\/\/api.w.org\/{rel}","templated":true}]}}