{"id":428162,"date":"2026-03-31T14:47:33","date_gmt":"2026-03-31T17:47:33","guid":{"rendered":"https:\/\/portaltela.pt\/noticias\/2026\/03\/31\/comprador-na-florida-lanca-saco-de-cocaina-pela-janela-ao-ver-a-policia\/"},"modified":"2026-03-31T14:47:33","modified_gmt":"2026-03-31T17:47:33","slug":"comprador-na-florida-lanca-saco-de-cocaina-pela-janela-ao-ver-a-policia","status":"publish","type":"post","link":"https:\/\/portaltela.pt\/policia\/2026\/03\/31\/comprador-na-florida-lanca-saco-de-cocaina-pela-janela-ao-ver-a-policia\/","title":{"rendered":"Comprador na Fl\u00f3rida lan\u00e7a saco de coca\u00edna pela janela ao ver a pol\u00edcia"},"content":{"rendered":"<p>Tr\u00eas indiv\u00edduos foram detidos em Daytona Beach, na Fl\u00f3rida, por tr\u00e1fico de droga, durante uma opera\u00e7\u00e3o policial. As autoridades apreenderam 831 gramas de coca\u00edna e 10 mil d\u00f3lares. A a\u00e7\u00e3o resultou em deten\u00e7\u00f5es.<\/p>\n<p>Um v\u00eddeo divulgado pelas for\u00e7as de seguran\u00e7a mostra um agente a lan\u00e7ar um saco de coca\u00edna pela janela do carro, na dire\u00e7\u00e3o do traficante a quem a droga tinha sido vendida. O momento ficou registado pelas c\u00e2maras da opera\u00e7\u00e3o.<\/p>\n<p>As deten\u00e7\u00f5es e as apreens\u00f5es integram uma investiga\u00e7\u00e3o em curso sobre redes de tr\u00e1fico na regi\u00e3o. N\u00e3o foram divulgados detalhes sobre identidades ou acusa\u00e7\u00f5es formais.<\/p>\n","protected":false},"excerpt":{"rendered":"<ul>\n<li>Tr\u00eas pessoas foram detidas em Daytona Beach, na Fl\u00f3rida, por tr\u00e1fico de droga.<\/li>\n<li>A opera\u00e7\u00e3o resultou na apreens\u00e3o de 831 gramas de coca\u00edna e 10.000 d\u00f3lares.<\/li>\n<li>Um momento inusitado foi capturado em v\u00eddeo, mostrando algu\u00e9m atirar um saco de coca\u00edna pela janela do carro para o traficante a quem tinha comprado a droga.<\/li>\n<li>As deten\u00e7\u00f5es e a apreens\u00e3o ocorreram no \u00e2mbito da opera\u00e7\u00e3o policial em curso na regi\u00e3o.<\/li>\n<li>A pol\u00edcia n\u00e3o detalhou identidades nem eventuais liga\u00e7\u00f5es entre os suspeitos.<\/li>\n<\/ul>\n","protected":false},"author":2,"featured_media":428164,"comment_status":"closed","ping_status":"closed","sticky":false,"template":"","format":"standard","meta":{"footnotes":""},"categories":[6907,6781],"tags":[7000,3699,1600,215,96,2349],"class_list":["post-428162","post","type-post","status-publish","format-standard","has-post-thumbnail","hentry","category-crime","category-policia","tag-apreensoes","tag-cocaina","tag-estados-unidos","tag-investigacao","tag-trafico-de-droga","tag-trafico-de-drogas"],"yoast_head":"<!-- This site is optimized with the Yoast SEO plugin v27.2 - https:\/\/yoast.com\/product\/yoast-seo-wordpress\/ -->\n<title>Comprador na Fl\u00f3rida lan\u00e7a saco de coca\u00edna pela janela ao ver a pol\u00edcia - Portal Tela Portugal<\/title>\n<meta name=\"robots\" content=\"index, follow, max-snippet:-1, max-image-preview:large, max-video-preview:-1\" \/>\n<meta property=\"og:locale\" content=\"pt_PT\" \/>\n<meta property=\"og:type\" content=\"article\" \/>\n<meta property=\"og:title\" content=\"Comprador na Fl\u00f3rida lan\u00e7a saco de coca\u00edna pela janela ao ver a pol\u00edcia - Portal Tela Portugal\" \/>\n<meta property=\"og:description\" content=\"Tr\u00eas pessoas foram detidas em Daytona Beach, na Fl\u00f3rida, por tr\u00e1fico de droga. A opera\u00e7\u00e3o resultou na apreens\u00e3o de 831 gramas de coca\u00edna e 10.000 d\u00f3lares. Um momento inusitado foi capturado em v\u00eddeo, mostrando algu\u00e9m atirar um saco de coca\u00edna pela janela do carro para o traficante a quem tinha comprado a droga. As deten\u00e7\u00f5es e a apreens\u00e3o ocorreram no \u00e2mbito da opera\u00e7\u00e3o policial em curso na regi\u00e3o. A pol\u00edcia n\u00e3o detalhou identidades nem eventuais liga\u00e7\u00f5es entre os suspeitos.\" \/>\n<meta property=\"og:url\" content=\"https:\/\/portaltela.pt\/noticias\/2026\/03\/31\/comprador-na-florida-lanca-saco-de-cocaina-pela-janela-ao-ver-a-policia\/\" \/>\n<meta property=\"og:site_name\" content=\"Portal Tela Portugal\" \/>\n<meta property=\"article:published_time\" content=\"2026-03-31T17:47:33+00:00\" \/>\n<meta name=\"author\" content=\"Telinha\" \/>\n<meta name=\"twitter:card\" content=\"summary_large_image\" \/>\n<meta name=\"twitter:label1\" content=\"Escrito por\" \/>\n\t<meta name=\"twitter:data1\" content=\"Telinha\" \/>\n\t<meta name=\"twitter:label2\" content=\"Tempo estimado de leitura\" \/>\n\t<meta name=\"twitter:data2\" content=\"1 minuto\" \/>\n<script type=\"application\/ld+json\" class=\"yoast-schema-graph\">{\"@context\":\"https:\/\/schema.org\",\"@graph\":[{\"@type\":\"Article\",\"@id\":\"https:\/\/portaltela.pt\/noticias\/2026\/03\/31\/comprador-na-florida-lanca-saco-de-cocaina-pela-janela-ao-ver-a-policia\/#article\",\"isPartOf\":{\"@id\":\"https:\/\/portaltela.pt\/noticias\/2026\/03\/31\/comprador-na-florida-lanca-saco-de-cocaina-pela-janela-ao-ver-a-policia\/\"},\"author\":{\"name\":\"Telinha\",\"@id\":\"https:\/\/portaltela.pt\/#\/schema\/person\/c4278d4a6028830caff9ee44b42d32ed\"},\"headline\":\"Comprador na Fl\u00f3rida lan\u00e7a saco de coca\u00edna pela janela ao ver a pol\u00edcia\",\"datePublished\":\"2026-03-31T17:47:33+00:00\",\"mainEntityOfPage\":{\"@id\":\"https:\/\/portaltela.pt\/noticias\/2026\/03\/31\/comprador-na-florida-lanca-saco-de-cocaina-pela-janela-ao-ver-a-policia\/\"},\"wordCount\":136,\"image\":{\"@id\":\"https:\/\/portaltela.pt\/noticias\/2026\/03\/31\/comprador-na-florida-lanca-saco-de-cocaina-pela-janela-ao-ver-a-policia\/#primaryimage\"},\"thumbnailUrl\":\"https:\/\/portaltela.pt\/s.01k8rhncp4jt1\/2026\/03\/img_1280x722uu2026-03-31-18-27-37-2275859.jpg\",\"keywords\":[\"apreens\u00f5es\",\"coca\u00edna\",\"Estados Unidos\",\"investiga\u00e7\u00e3o\",\"tr\u00e1fico de droga\",\"tr\u00e1fico de drogas\"],\"articleSection\":[\"Crime\",\"Pol\u00edcia\"],\"inLanguage\":\"pt-PT\"},{\"@type\":\"WebPage\",\"@id\":\"https:\/\/portaltela.pt\/noticias\/2026\/03\/31\/comprador-na-florida-lanca-saco-de-cocaina-pela-janela-ao-ver-a-policia\/\",\"url\":\"https:\/\/portaltela.pt\/noticias\/2026\/03\/31\/comprador-na-florida-lanca-saco-de-cocaina-pela-janela-ao-ver-a-policia\/\",\"name\":\"Comprador na Fl\u00f3rida lan\u00e7a saco de coca\u00edna pela janela ao ver a pol\u00edcia - Portal Tela Portugal\",\"isPartOf\":{\"@id\":\"https:\/\/portaltela.pt\/#website\"},\"primaryImageOfPage\":{\"@id\":\"https:\/\/portaltela.pt\/noticias\/2026\/03\/31\/comprador-na-florida-lanca-saco-de-cocaina-pela-janela-ao-ver-a-policia\/#primaryimage\"},\"image\":{\"@id\":\"https:\/\/portaltela.pt\/noticias\/2026\/03\/31\/comprador-na-florida-lanca-saco-de-cocaina-pela-janela-ao-ver-a-policia\/#primaryimage\"},\"thumbnailUrl\":\"https:\/\/portaltela.pt\/s.01k8rhncp4jt1\/2026\/03\/img_1280x722uu2026-03-31-18-27-37-2275859.jpg\",\"datePublished\":\"2026-03-31T17:47:33+00:00\",\"author\":{\"@id\":\"https:\/\/portaltela.pt\/#\/schema\/person\/c4278d4a6028830caff9ee44b42d32ed\"},\"breadcrumb\":{\"@id\":\"https:\/\/portaltela.pt\/noticias\/2026\/03\/31\/comprador-na-florida-lanca-saco-de-cocaina-pela-janela-ao-ver-a-policia\/#breadcrumb\"},\"inLanguage\":\"pt-PT\",\"potentialAction\":[{\"@type\":\"ReadAction\",\"target\":[\"https:\/\/portaltela.pt\/noticias\/2026\/03\/31\/comprador-na-florida-lanca-saco-de-cocaina-pela-janela-ao-ver-a-policia\/\"]}]},{\"@type\":\"ImageObject\",\"inLanguage\":\"pt-PT\",\"@id\":\"https:\/\/portaltela.pt\/noticias\/2026\/03\/31\/comprador-na-florida-lanca-saco-de-cocaina-pela-janela-ao-ver-a-policia\/#primaryimage\",\"url\":\"https:\/\/portaltela.pt\/s.01k8rhncp4jt1\/2026\/03\/img_1280x722uu2026-03-31-18-27-37-2275859.jpg\",\"contentUrl\":\"https:\/\/portaltela.pt\/s.01k8rhncp4jt1\/2026\/03\/img_1280x722uu2026-03-31-18-27-37-2275859.jpg\",\"width\":796,\"height\":448,\"caption\":\"Photo\"},{\"@type\":\"BreadcrumbList\",\"@id\":\"https:\/\/portaltela.pt\/noticias\/2026\/03\/31\/comprador-na-florida-lanca-saco-de-cocaina-pela-janela-ao-ver-a-policia\/#breadcrumb\",\"itemListElement\":[{\"@type\":\"ListItem\",\"position\":1,\"name\":\"In\u00edcio\",\"item\":\"https:\/\/portaltela.pt\/\"},{\"@type\":\"ListItem\",\"position\":2,\"name\":\"Comprador na Fl\u00f3rida lan\u00e7a saco de coca\u00edna pela janela ao ver a pol\u00edcia\"}]},{\"@type\":\"WebSite\",\"@id\":\"https:\/\/portaltela.pt\/#website\",\"url\":\"https:\/\/portaltela.pt\/\",\"name\":\"Portal Tela Portugal\",\"description\":\"\",\"potentialAction\":[{\"@type\":\"SearchAction\",\"target\":{\"@type\":\"EntryPoint\",\"urlTemplate\":\"https:\/\/portaltela.pt\/?s={search_term_string}\"},\"query-input\":{\"@type\":\"PropertyValueSpecification\",\"valueRequired\":true,\"valueName\":\"search_term_string\"}}],\"inLanguage\":\"pt-PT\"},{\"@type\":\"Person\",\"@id\":\"https:\/\/portaltela.pt\/#\/schema\/person\/c4278d4a6028830caff9ee44b42d32ed\",\"name\":\"Telinha\",\"image\":{\"@type\":\"ImageObject\",\"inLanguage\":\"pt-PT\",\"@id\":\"https:\/\/portaltela.pt\/s.01k8rhncp4jt1\/2025\/11\/talking-bot-125x125.png\",\"url\":\"https:\/\/portaltela.pt\/s.01k8rhncp4jt1\/2025\/11\/talking-bot-125x125.png\",\"contentUrl\":\"https:\/\/portaltela.pt\/s.01k8rhncp4jt1\/2025\/11\/talking-bot-125x125.png\",\"caption\":\"Telinha\"},\"sameAs\":[\"https:\/\/portaltela.pt\/\"],\"url\":\"https:\/\/portaltela.pt\/por\/367410592786\/\"}]}<\/script>\n<!-- \/ Yoast SEO plugin. -->","yoast_head_json":{"title":"Comprador na Fl\u00f3rida lan\u00e7a saco de coca\u00edna pela janela ao ver a pol\u00edcia - Portal Tela Portugal","robots":{"index":"index","follow":"follow","max-snippet":"max-snippet:-1","max-image-preview":"max-image-preview:large","max-video-preview":"max-video-preview:-1"},"og_locale":"pt_PT","og_type":"article","og_title":"Comprador na Fl\u00f3rida lan\u00e7a saco de coca\u00edna pela janela ao ver a pol\u00edcia - Portal Tela Portugal","og_description":"Tr\u00eas pessoas foram detidas em Daytona Beach, na Fl\u00f3rida, por tr\u00e1fico de droga. A opera\u00e7\u00e3o resultou na apreens\u00e3o de 831 gramas de coca\u00edna e 10.000 d\u00f3lares. Um momento inusitado foi capturado em v\u00eddeo, mostrando algu\u00e9m atirar um saco de coca\u00edna pela janela do carro para o traficante a quem tinha comprado a droga. As deten\u00e7\u00f5es e a apreens\u00e3o ocorreram no \u00e2mbito da opera\u00e7\u00e3o policial em curso na regi\u00e3o. A pol\u00edcia n\u00e3o detalhou identidades nem eventuais liga\u00e7\u00f5es entre os suspeitos.","og_url":"https:\/\/portaltela.pt\/noticias\/2026\/03\/31\/comprador-na-florida-lanca-saco-de-cocaina-pela-janela-ao-ver-a-policia\/","og_site_name":"Portal Tela Portugal","article_published_time":"2026-03-31T17:47:33+00:00","author":"Telinha","twitter_card":"summary_large_image","twitter_misc":{"Escrito por":"Telinha","Tempo estimado de leitura":"1 minuto"},"schema":{"@context":"https:\/\/schema.org","@graph":[{"@type":"Article","@id":"https:\/\/portaltela.pt\/noticias\/2026\/03\/31\/comprador-na-florida-lanca-saco-de-cocaina-pela-janela-ao-ver-a-policia\/#article","isPartOf":{"@id":"https:\/\/portaltela.pt\/noticias\/2026\/03\/31\/comprador-na-florida-lanca-saco-de-cocaina-pela-janela-ao-ver-a-policia\/"},"author":{"name":"Telinha","@id":"https:\/\/portaltela.pt\/#\/schema\/person\/c4278d4a6028830caff9ee44b42d32ed"},"headline":"Comprador na Fl\u00f3rida lan\u00e7a saco de coca\u00edna pela janela ao ver a pol\u00edcia","datePublished":"2026-03-31T17:47:33+00:00","mainEntityOfPage":{"@id":"https:\/\/portaltela.pt\/noticias\/2026\/03\/31\/comprador-na-florida-lanca-saco-de-cocaina-pela-janela-ao-ver-a-policia\/"},"wordCount":136,"image":{"@id":"https:\/\/portaltela.pt\/noticias\/2026\/03\/31\/comprador-na-florida-lanca-saco-de-cocaina-pela-janela-ao-ver-a-policia\/#primaryimage"},"thumbnailUrl":"https:\/\/portaltela.pt\/s.01k8rhncp4jt1\/2026\/03\/img_1280x722uu2026-03-31-18-27-37-2275859.jpg","keywords":["apreens\u00f5es","coca\u00edna","Estados Unidos","investiga\u00e7\u00e3o","tr\u00e1fico de droga","tr\u00e1fico de drogas"],"articleSection":["Crime","Pol\u00edcia"],"inLanguage":"pt-PT"},{"@type":"WebPage","@id":"https:\/\/portaltela.pt\/noticias\/2026\/03\/31\/comprador-na-florida-lanca-saco-de-cocaina-pela-janela-ao-ver-a-policia\/","url":"https:\/\/portaltela.pt\/noticias\/2026\/03\/31\/comprador-na-florida-lanca-saco-de-cocaina-pela-janela-ao-ver-a-policia\/","name":"Comprador na Fl\u00f3rida lan\u00e7a saco de coca\u00edna pela janela ao ver a pol\u00edcia - Portal Tela Portugal","isPartOf":{"@id":"https:\/\/portaltela.pt\/#website"},"primaryImageOfPage":{"@id":"https:\/\/portaltela.pt\/noticias\/2026\/03\/31\/comprador-na-florida-lanca-saco-de-cocaina-pela-janela-ao-ver-a-policia\/#primaryimage"},"image":{"@id":"https:\/\/portaltela.pt\/noticias\/2026\/03\/31\/comprador-na-florida-lanca-saco-de-cocaina-pela-janela-ao-ver-a-policia\/#primaryimage"},"thumbnailUrl":"https:\/\/portaltela.pt\/s.01k8rhncp4jt1\/2026\/03\/img_1280x722uu2026-03-31-18-27-37-2275859.jpg","datePublished":"2026-03-31T17:47:33+00:00","author":{"@id":"https:\/\/portaltela.pt\/#\/schema\/person\/c4278d4a6028830caff9ee44b42d32ed"},"breadcrumb":{"@id":"https:\/\/portaltela.pt\/noticias\/2026\/03\/31\/comprador-na-florida-lanca-saco-de-cocaina-pela-janela-ao-ver-a-policia\/#breadcrumb"},"inLanguage":"pt-PT","potentialAction":[{"@type":"ReadAction","target":["https:\/\/portaltela.pt\/noticias\/2026\/03\/31\/comprador-na-florida-lanca-saco-de-cocaina-pela-janela-ao-ver-a-policia\/"]}]},{"@type":"ImageObject","inLanguage":"pt-PT","@id":"https:\/\/portaltela.pt\/noticias\/2026\/03\/31\/comprador-na-florida-lanca-saco-de-cocaina-pela-janela-ao-ver-a-policia\/#primaryimage","url":"https:\/\/portaltela.pt\/s.01k8rhncp4jt1\/2026\/03\/img_1280x722uu2026-03-31-18-27-37-2275859.jpg","contentUrl":"https:\/\/portaltela.pt\/s.01k8rhncp4jt1\/2026\/03\/img_1280x722uu2026-03-31-18-27-37-2275859.jpg","width":796,"height":448,"caption":"Photo"},{"@type":"BreadcrumbList","@id":"https:\/\/portaltela.pt\/noticias\/2026\/03\/31\/comprador-na-florida-lanca-saco-de-cocaina-pela-janela-ao-ver-a-policia\/#breadcrumb","itemListElement":[{"@type":"ListItem","position":1,"name":"In\u00edcio","item":"https:\/\/portaltela.pt\/"},{"@type":"ListItem","position":2,"name":"Comprador na Fl\u00f3rida lan\u00e7a saco de coca\u00edna pela janela ao ver a pol\u00edcia"}]},{"@type":"WebSite","@id":"https:\/\/portaltela.pt\/#website","url":"https:\/\/portaltela.pt\/","name":"Portal Tela Portugal","description":"","potentialAction":[{"@type":"SearchAction","target":{"@type":"EntryPoint","urlTemplate":"https:\/\/portaltela.pt\/?s={search_term_string}"},"query-input":{"@type":"PropertyValueSpecification","valueRequired":true,"valueName":"search_term_string"}}],"inLanguage":"pt-PT"},{"@type":"Person","@id":"https:\/\/portaltela.pt\/#\/schema\/person\/c4278d4a6028830caff9ee44b42d32ed","name":"Telinha","image":{"@type":"ImageObject","inLanguage":"pt-PT","@id":"https:\/\/portaltela.pt\/s.01k8rhncp4jt1\/2025\/11\/talking-bot-125x125.png","url":"https:\/\/portaltela.pt\/s.01k8rhncp4jt1\/2025\/11\/talking-bot-125x125.png","contentUrl":"https:\/\/portaltela.pt\/s.01k8rhncp4jt1\/2025\/11\/talking-bot-125x125.png","caption":"Telinha"},"sameAs":["https:\/\/portaltela.pt\/"],"url":"https:\/\/portaltela.pt\/por\/367410592786\/"}]}},"_links":{"self":[{"href":"https:\/\/portaltela.pt\/api\/wp\/v2\/posts\/428162","targetHints":{"allow":["GET"]}}],"collection":[{"href":"https:\/\/portaltela.pt\/api\/wp\/v2\/posts"}],"about":[{"href":"https:\/\/portaltela.pt\/api\/wp\/v2\/types\/post"}],"author":[{"embeddable":true,"href":"https:\/\/portaltela.pt\/api\/wp\/v2\/users\/2"}],"replies":[{"embeddable":true,"href":"https:\/\/portaltela.pt\/api\/wp\/v2\/comments?post=428162"}],"version-history":[{"count":0,"href":"https:\/\/portaltela.pt\/api\/wp\/v2\/posts\/428162\/revisions"}],"wp:featuredmedia":[{"embeddable":true,"href":"https:\/\/portaltela.pt\/api\/wp\/v2\/media\/428164"}],"wp:attachment":[{"href":"https:\/\/portaltela.pt\/api\/wp\/v2\/media?parent=428162"}],"wp:term":[{"taxonomy":"category","embeddable":true,"href":"https:\/\/portaltela.pt\/api\/wp\/v2\/categories?post=428162"},{"taxonomy":"post_tag","embeddable":true,"href":"https:\/\/portaltela.pt\/api\/wp\/v2\/tags?post=428162"}],"curies":[{"name":"wp","href":"https:\/\/api.w.org\/{rel}","templated":true}]}}