{"id":428146,"date":"2026-03-31T14:47:17","date_gmt":"2026-03-31T17:47:17","guid":{"rendered":"https:\/\/portaltela.pt\/noticias\/2026\/03\/31\/beckham-elogia-carrick-e-exatamente-o-que-precisavamos\/"},"modified":"2026-03-31T14:47:17","modified_gmt":"2026-03-31T17:47:17","slug":"beckham-elogia-carrick-e-exatamente-o-que-precisavamos","status":"publish","type":"post","link":"https:\/\/portaltela.pt\/desporto\/futebol\/2026\/03\/31\/beckham-elogia-carrick-e-exatamente-o-que-precisavamos\/","title":{"rendered":"Beckham elogia Carrick: \u00e9 exatamente o que precis\u00e1vamos"},"content":{"rendered":"<p>David Beckham, antigo jogador do Manchester United e atual presidente do Inter Miami, elogiou o trabalho de Michael Carrick desde que assumiu o papel de treinador interino do clube, defendendo a sua promo\u00e7\u00e3o a t\u00e9cnico efetivo.<\/p>\n<p>O ex-capit\u00e3o afirmou, numa entrevista \u00e0 talkSPORT, que os \u00faltimos meses t\u00eam sido mais est\u00e1veis para o clube do que os anos anteriores, destacando a experi\u00eancia de Carrick e a tranquilidade que trouxe ao elenco.<\/p>\n<p>Beckham sublinhou que Carrick conhece o clube, os jogadores e o estilo de jogo que o Manchester United deve adotar, elogiando a forma como conseguiu unir a equipa.<\/p>\n<p>Segundo o que foi referido, o antigo m\u00e9dio considera que Carrick j\u00e1 demonstrou qualidades que justificam uma passagem de interino a cargo permanente, valorizando o impacto positivo no clube.<\/p>\n","protected":false},"excerpt":{"rendered":"<ul>\n<li>David Beckham elogiou Michael Carrick pelo trabalho desenvolvido desde que assumiu o Manchester United<\/li>\n<li>A entrevista foi dada \u00e0 talkSPORT, com Beckham a dizer que os \u00faltimos meses t\u00eam sido mais confort\u00e1veis que os \u00faltimos dez anos<\/li>\n<li>Sempre que Carrick tem experi\u00eancia, traz calma ao clube e conhece bem o plantel<\/li>\n<li>O antigo jogador destaca que Carrick sabe como o United joga e como deve jogar, elogiando a forma como uniu a equipa<\/li>\n<li>Sugere que Carrick deve passar de treinador interino a treinador efetivo<\/li>\n<\/ul>\n","protected":false},"author":2,"featured_media":428154,"comment_status":"closed","ping_status":"closed","sticky":false,"template":"","format":"standard","meta":{"footnotes":""},"categories":[21,24],"tags":[477,152,32,3282,3187,2477],"class_list":["post-428146","post","type-post","status-publish","format-standard","has-post-thumbnail","hentry","category-desporto","category-futebol","tag-desempenho","tag-desporto","tag-futebol","tag-interino","tag-manchester-united","tag-treinadores"],"yoast_head":"<!-- This site is optimized with the Yoast SEO plugin v27.2 - https:\/\/yoast.com\/product\/yoast-seo-wordpress\/ -->\n<title>Beckham elogia Carrick: \u00e9 exatamente o que precis\u00e1vamos - Portal Tela Portugal<\/title>\n<meta name=\"robots\" content=\"index, follow, max-snippet:-1, max-image-preview:large, max-video-preview:-1\" \/>\n<meta property=\"og:locale\" content=\"pt_PT\" \/>\n<meta property=\"og:type\" content=\"article\" \/>\n<meta property=\"og:title\" content=\"Beckham elogia Carrick: \u00e9 exatamente o que precis\u00e1vamos - Portal Tela Portugal\" \/>\n<meta property=\"og:description\" content=\"David Beckham elogiou Michael Carrick pelo trabalho desenvolvido desde que assumiu o Manchester United A entrevista foi dada \u00e0 talkSPORT, com Beckham a dizer que os \u00faltimos meses t\u00eam sido mais confort\u00e1veis que os \u00faltimos dez anos Sempre que Carrick tem experi\u00eancia, traz calma ao clube e conhece bem o plantel O antigo jogador destaca que Carrick sabe como o United joga e como deve jogar, elogiando a forma como uniu a equipa Sugere que Carrick deve passar de treinador interino a treinador efetivo\" \/>\n<meta property=\"og:url\" content=\"https:\/\/portaltela.pt\/noticias\/2026\/03\/31\/beckham-elogia-carrick-e-exatamente-o-que-precisavamos\/\" \/>\n<meta property=\"og:site_name\" content=\"Portal Tela Portugal\" \/>\n<meta property=\"article:published_time\" content=\"2026-03-31T17:47:17+00:00\" \/>\n<meta name=\"author\" content=\"Telinha\" \/>\n<meta name=\"twitter:card\" content=\"summary_large_image\" \/>\n<meta name=\"twitter:label1\" content=\"Escrito por\" \/>\n\t<meta name=\"twitter:data1\" content=\"Telinha\" \/>\n\t<meta name=\"twitter:label2\" content=\"Tempo estimado de leitura\" \/>\n\t<meta name=\"twitter:data2\" content=\"1 minuto\" \/>\n<script type=\"application\/ld+json\" class=\"yoast-schema-graph\">{\"@context\":\"https:\/\/schema.org\",\"@graph\":[{\"@type\":\"Article\",\"@id\":\"https:\/\/portaltela.pt\/noticias\/2026\/03\/31\/beckham-elogia-carrick-e-exatamente-o-que-precisavamos\/#article\",\"isPartOf\":{\"@id\":\"https:\/\/portaltela.pt\/noticias\/2026\/03\/31\/beckham-elogia-carrick-e-exatamente-o-que-precisavamos\/\"},\"author\":{\"name\":\"Telinha\",\"@id\":\"https:\/\/portaltela.pt\/#\/schema\/person\/c4278d4a6028830caff9ee44b42d32ed\"},\"headline\":\"Beckham elogia Carrick: \u00e9 exatamente o que precis\u00e1vamos\",\"datePublished\":\"2026-03-31T17:47:17+00:00\",\"mainEntityOfPage\":{\"@id\":\"https:\/\/portaltela.pt\/noticias\/2026\/03\/31\/beckham-elogia-carrick-e-exatamente-o-que-precisavamos\/\"},\"wordCount\":142,\"image\":{\"@id\":\"https:\/\/portaltela.pt\/noticias\/2026\/03\/31\/beckham-elogia-carrick-e-exatamente-o-que-precisavamos\/#primaryimage\"},\"thumbnailUrl\":\"https:\/\/portaltela.pt\/s.01k8rhncp4jt1\/2026\/03\/img_920x518uu2026-03-31-10-01-33-2430233.jpg\",\"keywords\":[\"desempenho\",\"desporto\",\"futebol\",\"interino\",\"Manchester United\",\"treinadores\"],\"articleSection\":[\"Desporto\",\"Futebol\"],\"inLanguage\":\"pt-PT\"},{\"@type\":\"WebPage\",\"@id\":\"https:\/\/portaltela.pt\/noticias\/2026\/03\/31\/beckham-elogia-carrick-e-exatamente-o-que-precisavamos\/\",\"url\":\"https:\/\/portaltela.pt\/noticias\/2026\/03\/31\/beckham-elogia-carrick-e-exatamente-o-que-precisavamos\/\",\"name\":\"Beckham elogia Carrick: \u00e9 exatamente o que precis\u00e1vamos - Portal Tela Portugal\",\"isPartOf\":{\"@id\":\"https:\/\/portaltela.pt\/#website\"},\"primaryImageOfPage\":{\"@id\":\"https:\/\/portaltela.pt\/noticias\/2026\/03\/31\/beckham-elogia-carrick-e-exatamente-o-que-precisavamos\/#primaryimage\"},\"image\":{\"@id\":\"https:\/\/portaltela.pt\/noticias\/2026\/03\/31\/beckham-elogia-carrick-e-exatamente-o-que-precisavamos\/#primaryimage\"},\"thumbnailUrl\":\"https:\/\/portaltela.pt\/s.01k8rhncp4jt1\/2026\/03\/img_920x518uu2026-03-31-10-01-33-2430233.jpg\",\"datePublished\":\"2026-03-31T17:47:17+00:00\",\"author\":{\"@id\":\"https:\/\/portaltela.pt\/#\/schema\/person\/c4278d4a6028830caff9ee44b42d32ed\"},\"breadcrumb\":{\"@id\":\"https:\/\/portaltela.pt\/noticias\/2026\/03\/31\/beckham-elogia-carrick-e-exatamente-o-que-precisavamos\/#breadcrumb\"},\"inLanguage\":\"pt-PT\",\"potentialAction\":[{\"@type\":\"ReadAction\",\"target\":[\"https:\/\/portaltela.pt\/noticias\/2026\/03\/31\/beckham-elogia-carrick-e-exatamente-o-que-precisavamos\/\"]}]},{\"@type\":\"ImageObject\",\"inLanguage\":\"pt-PT\",\"@id\":\"https:\/\/portaltela.pt\/noticias\/2026\/03\/31\/beckham-elogia-carrick-e-exatamente-o-que-precisavamos\/#primaryimage\",\"url\":\"https:\/\/portaltela.pt\/s.01k8rhncp4jt1\/2026\/03\/img_920x518uu2026-03-31-10-01-33-2430233.jpg\",\"contentUrl\":\"https:\/\/portaltela.pt\/s.01k8rhncp4jt1\/2026\/03\/img_920x518uu2026-03-31-10-01-33-2430233.jpg\",\"width\":796,\"height\":448,\"caption\":\"Beckham quer que Carrick fique no Man. United\"},{\"@type\":\"BreadcrumbList\",\"@id\":\"https:\/\/portaltela.pt\/noticias\/2026\/03\/31\/beckham-elogia-carrick-e-exatamente-o-que-precisavamos\/#breadcrumb\",\"itemListElement\":[{\"@type\":\"ListItem\",\"position\":1,\"name\":\"In\u00edcio\",\"item\":\"https:\/\/portaltela.pt\/\"},{\"@type\":\"ListItem\",\"position\":2,\"name\":\"Beckham elogia Carrick: \u00e9 exatamente o que precis\u00e1vamos\"}]},{\"@type\":\"WebSite\",\"@id\":\"https:\/\/portaltela.pt\/#website\",\"url\":\"https:\/\/portaltela.pt\/\",\"name\":\"Portal Tela Portugal\",\"description\":\"\",\"potentialAction\":[{\"@type\":\"SearchAction\",\"target\":{\"@type\":\"EntryPoint\",\"urlTemplate\":\"https:\/\/portaltela.pt\/?s={search_term_string}\"},\"query-input\":{\"@type\":\"PropertyValueSpecification\",\"valueRequired\":true,\"valueName\":\"search_term_string\"}}],\"inLanguage\":\"pt-PT\"},{\"@type\":\"Person\",\"@id\":\"https:\/\/portaltela.pt\/#\/schema\/person\/c4278d4a6028830caff9ee44b42d32ed\",\"name\":\"Telinha\",\"image\":{\"@type\":\"ImageObject\",\"inLanguage\":\"pt-PT\",\"@id\":\"https:\/\/portaltela.pt\/s.01k8rhncp4jt1\/2025\/11\/talking-bot-125x125.png\",\"url\":\"https:\/\/portaltela.pt\/s.01k8rhncp4jt1\/2025\/11\/talking-bot-125x125.png\",\"contentUrl\":\"https:\/\/portaltela.pt\/s.01k8rhncp4jt1\/2025\/11\/talking-bot-125x125.png\",\"caption\":\"Telinha\"},\"sameAs\":[\"https:\/\/portaltela.pt\/\"],\"url\":\"https:\/\/portaltela.pt\/por\/367410592786\/\"}]}<\/script>\n<!-- \/ Yoast SEO plugin. -->","yoast_head_json":{"title":"Beckham elogia Carrick: \u00e9 exatamente o que precis\u00e1vamos - Portal Tela Portugal","robots":{"index":"index","follow":"follow","max-snippet":"max-snippet:-1","max-image-preview":"max-image-preview:large","max-video-preview":"max-video-preview:-1"},"og_locale":"pt_PT","og_type":"article","og_title":"Beckham elogia Carrick: \u00e9 exatamente o que precis\u00e1vamos - Portal Tela Portugal","og_description":"David Beckham elogiou Michael Carrick pelo trabalho desenvolvido desde que assumiu o Manchester United A entrevista foi dada \u00e0 talkSPORT, com Beckham a dizer que os \u00faltimos meses t\u00eam sido mais confort\u00e1veis que os \u00faltimos dez anos Sempre que Carrick tem experi\u00eancia, traz calma ao clube e conhece bem o plantel O antigo jogador destaca que Carrick sabe como o United joga e como deve jogar, elogiando a forma como uniu a equipa Sugere que Carrick deve passar de treinador interino a treinador efetivo","og_url":"https:\/\/portaltela.pt\/noticias\/2026\/03\/31\/beckham-elogia-carrick-e-exatamente-o-que-precisavamos\/","og_site_name":"Portal Tela Portugal","article_published_time":"2026-03-31T17:47:17+00:00","author":"Telinha","twitter_card":"summary_large_image","twitter_misc":{"Escrito por":"Telinha","Tempo estimado de leitura":"1 minuto"},"schema":{"@context":"https:\/\/schema.org","@graph":[{"@type":"Article","@id":"https:\/\/portaltela.pt\/noticias\/2026\/03\/31\/beckham-elogia-carrick-e-exatamente-o-que-precisavamos\/#article","isPartOf":{"@id":"https:\/\/portaltela.pt\/noticias\/2026\/03\/31\/beckham-elogia-carrick-e-exatamente-o-que-precisavamos\/"},"author":{"name":"Telinha","@id":"https:\/\/portaltela.pt\/#\/schema\/person\/c4278d4a6028830caff9ee44b42d32ed"},"headline":"Beckham elogia Carrick: \u00e9 exatamente o que precis\u00e1vamos","datePublished":"2026-03-31T17:47:17+00:00","mainEntityOfPage":{"@id":"https:\/\/portaltela.pt\/noticias\/2026\/03\/31\/beckham-elogia-carrick-e-exatamente-o-que-precisavamos\/"},"wordCount":142,"image":{"@id":"https:\/\/portaltela.pt\/noticias\/2026\/03\/31\/beckham-elogia-carrick-e-exatamente-o-que-precisavamos\/#primaryimage"},"thumbnailUrl":"https:\/\/portaltela.pt\/s.01k8rhncp4jt1\/2026\/03\/img_920x518uu2026-03-31-10-01-33-2430233.jpg","keywords":["desempenho","desporto","futebol","interino","Manchester United","treinadores"],"articleSection":["Desporto","Futebol"],"inLanguage":"pt-PT"},{"@type":"WebPage","@id":"https:\/\/portaltela.pt\/noticias\/2026\/03\/31\/beckham-elogia-carrick-e-exatamente-o-que-precisavamos\/","url":"https:\/\/portaltela.pt\/noticias\/2026\/03\/31\/beckham-elogia-carrick-e-exatamente-o-que-precisavamos\/","name":"Beckham elogia Carrick: \u00e9 exatamente o que precis\u00e1vamos - Portal Tela Portugal","isPartOf":{"@id":"https:\/\/portaltela.pt\/#website"},"primaryImageOfPage":{"@id":"https:\/\/portaltela.pt\/noticias\/2026\/03\/31\/beckham-elogia-carrick-e-exatamente-o-que-precisavamos\/#primaryimage"},"image":{"@id":"https:\/\/portaltela.pt\/noticias\/2026\/03\/31\/beckham-elogia-carrick-e-exatamente-o-que-precisavamos\/#primaryimage"},"thumbnailUrl":"https:\/\/portaltela.pt\/s.01k8rhncp4jt1\/2026\/03\/img_920x518uu2026-03-31-10-01-33-2430233.jpg","datePublished":"2026-03-31T17:47:17+00:00","author":{"@id":"https:\/\/portaltela.pt\/#\/schema\/person\/c4278d4a6028830caff9ee44b42d32ed"},"breadcrumb":{"@id":"https:\/\/portaltela.pt\/noticias\/2026\/03\/31\/beckham-elogia-carrick-e-exatamente-o-que-precisavamos\/#breadcrumb"},"inLanguage":"pt-PT","potentialAction":[{"@type":"ReadAction","target":["https:\/\/portaltela.pt\/noticias\/2026\/03\/31\/beckham-elogia-carrick-e-exatamente-o-que-precisavamos\/"]}]},{"@type":"ImageObject","inLanguage":"pt-PT","@id":"https:\/\/portaltela.pt\/noticias\/2026\/03\/31\/beckham-elogia-carrick-e-exatamente-o-que-precisavamos\/#primaryimage","url":"https:\/\/portaltela.pt\/s.01k8rhncp4jt1\/2026\/03\/img_920x518uu2026-03-31-10-01-33-2430233.jpg","contentUrl":"https:\/\/portaltela.pt\/s.01k8rhncp4jt1\/2026\/03\/img_920x518uu2026-03-31-10-01-33-2430233.jpg","width":796,"height":448,"caption":"Beckham quer que Carrick fique no Man. United"},{"@type":"BreadcrumbList","@id":"https:\/\/portaltela.pt\/noticias\/2026\/03\/31\/beckham-elogia-carrick-e-exatamente-o-que-precisavamos\/#breadcrumb","itemListElement":[{"@type":"ListItem","position":1,"name":"In\u00edcio","item":"https:\/\/portaltela.pt\/"},{"@type":"ListItem","position":2,"name":"Beckham elogia Carrick: \u00e9 exatamente o que precis\u00e1vamos"}]},{"@type":"WebSite","@id":"https:\/\/portaltela.pt\/#website","url":"https:\/\/portaltela.pt\/","name":"Portal Tela Portugal","description":"","potentialAction":[{"@type":"SearchAction","target":{"@type":"EntryPoint","urlTemplate":"https:\/\/portaltela.pt\/?s={search_term_string}"},"query-input":{"@type":"PropertyValueSpecification","valueRequired":true,"valueName":"search_term_string"}}],"inLanguage":"pt-PT"},{"@type":"Person","@id":"https:\/\/portaltela.pt\/#\/schema\/person\/c4278d4a6028830caff9ee44b42d32ed","name":"Telinha","image":{"@type":"ImageObject","inLanguage":"pt-PT","@id":"https:\/\/portaltela.pt\/s.01k8rhncp4jt1\/2025\/11\/talking-bot-125x125.png","url":"https:\/\/portaltela.pt\/s.01k8rhncp4jt1\/2025\/11\/talking-bot-125x125.png","contentUrl":"https:\/\/portaltela.pt\/s.01k8rhncp4jt1\/2025\/11\/talking-bot-125x125.png","caption":"Telinha"},"sameAs":["https:\/\/portaltela.pt\/"],"url":"https:\/\/portaltela.pt\/por\/367410592786\/"}]}},"_links":{"self":[{"href":"https:\/\/portaltela.pt\/api\/wp\/v2\/posts\/428146","targetHints":{"allow":["GET"]}}],"collection":[{"href":"https:\/\/portaltela.pt\/api\/wp\/v2\/posts"}],"about":[{"href":"https:\/\/portaltela.pt\/api\/wp\/v2\/types\/post"}],"author":[{"embeddable":true,"href":"https:\/\/portaltela.pt\/api\/wp\/v2\/users\/2"}],"replies":[{"embeddable":true,"href":"https:\/\/portaltela.pt\/api\/wp\/v2\/comments?post=428146"}],"version-history":[{"count":0,"href":"https:\/\/portaltela.pt\/api\/wp\/v2\/posts\/428146\/revisions"}],"wp:featuredmedia":[{"embeddable":true,"href":"https:\/\/portaltela.pt\/api\/wp\/v2\/media\/428154"}],"wp:attachment":[{"href":"https:\/\/portaltela.pt\/api\/wp\/v2\/media?parent=428146"}],"wp:term":[{"taxonomy":"category","embeddable":true,"href":"https:\/\/portaltela.pt\/api\/wp\/v2\/categories?post=428146"},{"taxonomy":"post_tag","embeddable":true,"href":"https:\/\/portaltela.pt\/api\/wp\/v2\/tags?post=428146"}],"curies":[{"name":"wp","href":"https:\/\/api.w.org\/{rel}","templated":true}]}}