{"id":428145,"date":"2026-03-31T14:47:17","date_gmt":"2026-03-31T17:47:17","guid":{"rendered":"https:\/\/portaltela.pt\/noticias\/2026\/03\/31\/bruxelas-exige-cortes-de-combustiveis-na-ue-por-crise-no-medio-oriente\/"},"modified":"2026-03-31T14:47:17","modified_gmt":"2026-03-31T17:47:17","slug":"bruxelas-exige-cortes-de-combustiveis-na-ue-por-crise-no-medio-oriente","status":"publish","type":"post","link":"https:\/\/portaltela.pt\/energia\/2026\/03\/31\/bruxelas-exige-cortes-de-combustiveis-na-ue-por-crise-no-medio-oriente\/","title":{"rendered":"Bruxelas exige cortes de combust\u00edveis na UE por crise no M\u00e9dio Oriente"},"content":{"rendered":"<p>A crise petrol\u00edfera no M\u00e9dio Oriente agravou-se com o conflito na regi\u00e3o, levando a Bruxelas a exigir a\u00e7\u00f5es r\u00e1pidas para reduzir o consumo de combust\u00edveis f\u00f3sseis na Uni\u00e3o Europeia. A Comiss\u00e3o Europeia recomenda poupan\u00e7a de energia, coordena\u00e7\u00e3o entre Estados-membros e refor\u00e7o de reservas para assegurar o aprovisionamento de petr\u00f3leo e g\u00e1s no pr\u00f3ximo inverno.<\/p>\n<p>A Comiss\u00e3o alerta fam\u00edlias, empresas e Estados para adotarem medidas de economia. Entre as propostas est\u00e3o reduzir o uso de ve\u00edculos particulares, aumentar a efici\u00eancia energ\u00e9tica e apostar em fontes renov\u00e1veis sempre que poss\u00edvel. O objetivo \u00e9 conter impactos nos pre\u00e7os e na seguran\u00e7a energ\u00e9tica.<\/p>\n<p>Segundo o documento da Comiss\u00e3o, \u00e9 essencial refor\u00e7ar as reservas estrat\u00e9gicas de petr\u00f3leo e g\u00e1s e manter coordena\u00e7\u00e3o entre pa\u00edses da UE para evitar rupturas no abastecimento. A instabilidade no mercado global de energia tem refletido varia\u00e7\u00f5es de pre\u00e7os e de seguran\u00e7a para a regi\u00e3o.<\/p>\n<p>A Comiss\u00e3o Europeia enfatiza tamb\u00e9m a acelera\u00e7\u00e3o da transi\u00e7\u00e3o para fontes mais sustent\u00e1veis. Protegida pela diversifica\u00e7\u00e3o, a UE busca diminuir a depend\u00eancia de importa\u00e7\u00f5es de petr\u00f3leo e g\u00e1s. Energias como solar e e\u00f3lica ganham destaque como parte da resposta.<\/p>\n<p>Entre as medidas est\u00e3o a redu\u00e7\u00e3o de consumo em edif\u00edcios p\u00fablicos e privados, a promo\u00e7\u00e3o do transporte p\u00fablico e incentivos para ve\u00edculos el\u00e9tricos. A UE trabalha num plano de emerg\u00eancia conjunto para assegurar o fornecimento energ\u00e9tico durante o inverno.<\/p>\n<p>A crise \u00e9 apresentada como sinal da vulnerabilidade do mercado global de energia e da necessidade de diversifica\u00e7\u00e3o de fontes. Bruxelas insiste na coopera\u00e7\u00e3o internacional e na solidariedade entre Estados-membros para manter a estabilidade energ\u00e9tica da UE.<\/p>\n<h3>Medidas de poupan\u00e7a e coopera\u00e7\u00e3o<\/h3>\n<p>O texto oficial descreve a\u00e7\u00f5es coordenadas para diferentes setores, com foco na racionaliza\u00e7\u00e3o do consumo. A prioridade \u00e9 preservar a oferta de energia sem comprometer servi\u00e7os essenciais.<\/p>\n<h3>Transi\u00e7\u00e3o energ\u00e9tica como resposta<\/h3>\n<p>A Comiss\u00e3o sublinha que investir em energias renov\u00e1veis reduz a exposi\u00e7\u00e3o a choques externos. O refor\u00e7o de infraestruturas de energia limpa \u00e9 visto como parte central da estrat\u00e9gia de resili\u00eancia.<\/p>\n<h3>Plano de emerg\u00eancia para o inverno<\/h3>\n<p>O objetivo \u00e9 assegurar o abastecimento, alinhando reservas estrat\u00e9gicas com fontes alternativas. O plano envolve todos os Estados-membros e visa minimizar riscos de interrup\u00e7\u00f5es no fornecimento.<\/p>\n","protected":false},"excerpt":{"rendered":"<ul>\n<li>A Uni\u00e3o Europeia enfrenta uma crise petrol\u00edfera agravada pela guerra no M\u00e9dio Oriente e exige cortes urgentes no consumo de combust\u00edveis por fam\u00edlias, empresas e Estados.<\/li>\n<li>A Comiss\u00e3o Europeia recomenda medidas de poupan\u00e7a, coordena\u00e7\u00e3o entre Estados-membros e refor\u00e7o das reservas estrat\u00e9gicas de petr\u00f3leo e g\u00e1s para assegurar o abastecimento no pr\u00f3ximo inverno.<\/li>\n<li>S\u00e3o propostas a\u00e7\u00f5es como reduzir o uso de ve\u00edculos privados, aumentar a efici\u00eancia energ\u00e9tica, promover fontes renov\u00e1veis e incentivar o uso de transporte p\u00fablico.<\/li>\n<li>A UE defende acelerar a transi\u00e7\u00e3o para energia solar e e\u00f3lica para diminuir a depend\u00eancia de petr\u00f3leo e g\u00e1s importados e tornar a pol\u00edtica energ\u00e9tica mais resiliente.<\/li>\n<li>O plano inclui reduzir o consumo em edif\u00edcios, estimular investimentos em ve\u00edculos el\u00e9tricos e criar um plano de emerg\u00eancia conjunto para garantir o fornecimento energ\u00e9tico durante o inverno.<\/li>\n<\/ul>\n","protected":false},"author":2,"featured_media":428149,"comment_status":"closed","ping_status":"closed","sticky":false,"template":"","format":"standard","meta":{"footnotes":""},"categories":[6806],"tags":[28,174,2105,3603,811,2055],"class_list":["post-428145","post","type-post","status-publish","format-standard","has-post-thumbnail","hentry","category-energia","tag-economia","tag-energia","tag-energia-limpa","tag-energias-renovaveis","tag-protecao-ambiental","tag-uniao-europeia"],"yoast_head":"<!-- This site is optimized with the Yoast SEO plugin v27.2 - https:\/\/yoast.com\/product\/yoast-seo-wordpress\/ -->\n<title>Bruxelas exige cortes de combust\u00edveis na UE por crise no M\u00e9dio Oriente - Portal Tela Portugal<\/title>\n<meta name=\"robots\" content=\"index, follow, max-snippet:-1, max-image-preview:large, max-video-preview:-1\" \/>\n<meta property=\"og:locale\" content=\"pt_PT\" \/>\n<meta property=\"og:type\" content=\"article\" \/>\n<meta property=\"og:title\" content=\"Bruxelas exige cortes de combust\u00edveis na UE por crise no M\u00e9dio Oriente - Portal Tela Portugal\" \/>\n<meta property=\"og:description\" content=\"A Uni\u00e3o Europeia enfrenta uma crise petrol\u00edfera agravada pela guerra no M\u00e9dio Oriente e exige cortes urgentes no consumo de combust\u00edveis por fam\u00edlias, empresas e Estados. A Comiss\u00e3o Europeia recomenda medidas de poupan\u00e7a, coordena\u00e7\u00e3o entre Estados-membros e refor\u00e7o das reservas estrat\u00e9gicas de petr\u00f3leo e g\u00e1s para assegurar o abastecimento no pr\u00f3ximo inverno. S\u00e3o propostas a\u00e7\u00f5es como reduzir o uso de ve\u00edculos privados, aumentar a efici\u00eancia energ\u00e9tica, promover fontes renov\u00e1veis e incentivar o uso de transporte p\u00fablico. A UE defende acelerar a transi\u00e7\u00e3o para energia solar e e\u00f3lica para diminuir a depend\u00eancia de petr\u00f3leo e g\u00e1s importados e tornar a pol\u00edtica energ\u00e9tica mais resiliente. O plano inclui reduzir o consumo em edif\u00edcios, estimular investimentos em ve\u00edculos el\u00e9tricos e criar um plano de emerg\u00eancia conjunto para garantir o fornecimento energ\u00e9tico durante o inverno.\" \/>\n<meta property=\"og:url\" content=\"https:\/\/portaltela.pt\/noticias\/2026\/03\/31\/bruxelas-exige-cortes-de-combustiveis-na-ue-por-crise-no-medio-oriente\/\" \/>\n<meta property=\"og:site_name\" content=\"Portal Tela Portugal\" \/>\n<meta property=\"article:published_time\" content=\"2026-03-31T17:47:17+00:00\" \/>\n<meta name=\"author\" content=\"Telinha\" \/>\n<meta name=\"twitter:card\" content=\"summary_large_image\" \/>\n<meta name=\"twitter:label1\" content=\"Escrito por\" \/>\n\t<meta name=\"twitter:data1\" content=\"Telinha\" \/>\n\t<meta name=\"twitter:label2\" content=\"Tempo estimado de leitura\" \/>\n\t<meta name=\"twitter:data2\" content=\"2 minutos\" \/>\n<script type=\"application\/ld+json\" class=\"yoast-schema-graph\">{\"@context\":\"https:\/\/schema.org\",\"@graph\":[{\"@type\":\"Article\",\"@id\":\"https:\/\/portaltela.pt\/noticias\/2026\/03\/31\/bruxelas-exige-cortes-de-combustiveis-na-ue-por-crise-no-medio-oriente\/#article\",\"isPartOf\":{\"@id\":\"https:\/\/portaltela.pt\/noticias\/2026\/03\/31\/bruxelas-exige-cortes-de-combustiveis-na-ue-por-crise-no-medio-oriente\/\"},\"author\":{\"name\":\"Telinha\",\"@id\":\"https:\/\/portaltela.pt\/#\/schema\/person\/c4278d4a6028830caff9ee44b42d32ed\"},\"headline\":\"Bruxelas exige cortes de combust\u00edveis na UE por crise no M\u00e9dio Oriente\",\"datePublished\":\"2026-03-31T17:47:17+00:00\",\"mainEntityOfPage\":{\"@id\":\"https:\/\/portaltela.pt\/noticias\/2026\/03\/31\/bruxelas-exige-cortes-de-combustiveis-na-ue-por-crise-no-medio-oriente\/\"},\"wordCount\":442,\"image\":{\"@id\":\"https:\/\/portaltela.pt\/noticias\/2026\/03\/31\/bruxelas-exige-cortes-de-combustiveis-na-ue-por-crise-no-medio-oriente\/#primaryimage\"},\"thumbnailUrl\":\"https:\/\/portaltela.pt\/s.01k8rhncp4jt1\/2026\/03\/dn2Fimport2Fdncxpgxxypnfpero2Fo8mbl8hss7im.jpg\",\"keywords\":[\"economia\",\"energia\",\"energia limpa\",\"energias renov\u00e1veis\",\"prote\u00e7\u00e3o ambiental\",\"Uni\u00e3o Europeia\"],\"articleSection\":[\"Energia\"],\"inLanguage\":\"pt-PT\"},{\"@type\":\"WebPage\",\"@id\":\"https:\/\/portaltela.pt\/noticias\/2026\/03\/31\/bruxelas-exige-cortes-de-combustiveis-na-ue-por-crise-no-medio-oriente\/\",\"url\":\"https:\/\/portaltela.pt\/noticias\/2026\/03\/31\/bruxelas-exige-cortes-de-combustiveis-na-ue-por-crise-no-medio-oriente\/\",\"name\":\"Bruxelas exige cortes de combust\u00edveis na UE por crise no M\u00e9dio Oriente - Portal Tela Portugal\",\"isPartOf\":{\"@id\":\"https:\/\/portaltela.pt\/#website\"},\"primaryImageOfPage\":{\"@id\":\"https:\/\/portaltela.pt\/noticias\/2026\/03\/31\/bruxelas-exige-cortes-de-combustiveis-na-ue-por-crise-no-medio-oriente\/#primaryimage\"},\"image\":{\"@id\":\"https:\/\/portaltela.pt\/noticias\/2026\/03\/31\/bruxelas-exige-cortes-de-combustiveis-na-ue-por-crise-no-medio-oriente\/#primaryimage\"},\"thumbnailUrl\":\"https:\/\/portaltela.pt\/s.01k8rhncp4jt1\/2026\/03\/dn2Fimport2Fdncxpgxxypnfpero2Fo8mbl8hss7im.jpg\",\"datePublished\":\"2026-03-31T17:47:17+00:00\",\"author\":{\"@id\":\"https:\/\/portaltela.pt\/#\/schema\/person\/c4278d4a6028830caff9ee44b42d32ed\"},\"breadcrumb\":{\"@id\":\"https:\/\/portaltela.pt\/noticias\/2026\/03\/31\/bruxelas-exige-cortes-de-combustiveis-na-ue-por-crise-no-medio-oriente\/#breadcrumb\"},\"inLanguage\":\"pt-PT\",\"potentialAction\":[{\"@type\":\"ReadAction\",\"target\":[\"https:\/\/portaltela.pt\/noticias\/2026\/03\/31\/bruxelas-exige-cortes-de-combustiveis-na-ue-por-crise-no-medio-oriente\/\"]}]},{\"@type\":\"ImageObject\",\"inLanguage\":\"pt-PT\",\"@id\":\"https:\/\/portaltela.pt\/noticias\/2026\/03\/31\/bruxelas-exige-cortes-de-combustiveis-na-ue-por-crise-no-medio-oriente\/#primaryimage\",\"url\":\"https:\/\/portaltela.pt\/s.01k8rhncp4jt1\/2026\/03\/dn2Fimport2Fdncxpgxxypnfpero2Fo8mbl8hss7im.jpg\",\"contentUrl\":\"https:\/\/portaltela.pt\/s.01k8rhncp4jt1\/2026\/03\/dn2Fimport2Fdncxpgxxypnfpero2Fo8mbl8hss7im.jpg\",\"width\":1200,\"height\":762,\"caption\":\"Bruxelas: europeus t\u00eam de come\u00e7ar a cortar no consumo de combust\u00edveis\"},{\"@type\":\"BreadcrumbList\",\"@id\":\"https:\/\/portaltela.pt\/noticias\/2026\/03\/31\/bruxelas-exige-cortes-de-combustiveis-na-ue-por-crise-no-medio-oriente\/#breadcrumb\",\"itemListElement\":[{\"@type\":\"ListItem\",\"position\":1,\"name\":\"In\u00edcio\",\"item\":\"https:\/\/portaltela.pt\/\"},{\"@type\":\"ListItem\",\"position\":2,\"name\":\"Bruxelas exige cortes de combust\u00edveis na UE por crise no M\u00e9dio Oriente\"}]},{\"@type\":\"WebSite\",\"@id\":\"https:\/\/portaltela.pt\/#website\",\"url\":\"https:\/\/portaltela.pt\/\",\"name\":\"Portal Tela Portugal\",\"description\":\"\",\"potentialAction\":[{\"@type\":\"SearchAction\",\"target\":{\"@type\":\"EntryPoint\",\"urlTemplate\":\"https:\/\/portaltela.pt\/?s={search_term_string}\"},\"query-input\":{\"@type\":\"PropertyValueSpecification\",\"valueRequired\":true,\"valueName\":\"search_term_string\"}}],\"inLanguage\":\"pt-PT\"},{\"@type\":\"Person\",\"@id\":\"https:\/\/portaltela.pt\/#\/schema\/person\/c4278d4a6028830caff9ee44b42d32ed\",\"name\":\"Telinha\",\"image\":{\"@type\":\"ImageObject\",\"inLanguage\":\"pt-PT\",\"@id\":\"https:\/\/portaltela.pt\/s.01k8rhncp4jt1\/2025\/11\/talking-bot-125x125.png\",\"url\":\"https:\/\/portaltela.pt\/s.01k8rhncp4jt1\/2025\/11\/talking-bot-125x125.png\",\"contentUrl\":\"https:\/\/portaltela.pt\/s.01k8rhncp4jt1\/2025\/11\/talking-bot-125x125.png\",\"caption\":\"Telinha\"},\"sameAs\":[\"https:\/\/portaltela.pt\/\"],\"url\":\"https:\/\/portaltela.pt\/por\/367410592786\/\"}]}<\/script>\n<!-- \/ Yoast SEO plugin. -->","yoast_head_json":{"title":"Bruxelas exige cortes de combust\u00edveis na UE por crise no M\u00e9dio Oriente - Portal Tela Portugal","robots":{"index":"index","follow":"follow","max-snippet":"max-snippet:-1","max-image-preview":"max-image-preview:large","max-video-preview":"max-video-preview:-1"},"og_locale":"pt_PT","og_type":"article","og_title":"Bruxelas exige cortes de combust\u00edveis na UE por crise no M\u00e9dio Oriente - Portal Tela Portugal","og_description":"A Uni\u00e3o Europeia enfrenta uma crise petrol\u00edfera agravada pela guerra no M\u00e9dio Oriente e exige cortes urgentes no consumo de combust\u00edveis por fam\u00edlias, empresas e Estados. A Comiss\u00e3o Europeia recomenda medidas de poupan\u00e7a, coordena\u00e7\u00e3o entre Estados-membros e refor\u00e7o das reservas estrat\u00e9gicas de petr\u00f3leo e g\u00e1s para assegurar o abastecimento no pr\u00f3ximo inverno. S\u00e3o propostas a\u00e7\u00f5es como reduzir o uso de ve\u00edculos privados, aumentar a efici\u00eancia energ\u00e9tica, promover fontes renov\u00e1veis e incentivar o uso de transporte p\u00fablico. A UE defende acelerar a transi\u00e7\u00e3o para energia solar e e\u00f3lica para diminuir a depend\u00eancia de petr\u00f3leo e g\u00e1s importados e tornar a pol\u00edtica energ\u00e9tica mais resiliente. O plano inclui reduzir o consumo em edif\u00edcios, estimular investimentos em ve\u00edculos el\u00e9tricos e criar um plano de emerg\u00eancia conjunto para garantir o fornecimento energ\u00e9tico durante o inverno.","og_url":"https:\/\/portaltela.pt\/noticias\/2026\/03\/31\/bruxelas-exige-cortes-de-combustiveis-na-ue-por-crise-no-medio-oriente\/","og_site_name":"Portal Tela Portugal","article_published_time":"2026-03-31T17:47:17+00:00","author":"Telinha","twitter_card":"summary_large_image","twitter_misc":{"Escrito por":"Telinha","Tempo estimado de leitura":"2 minutos"},"schema":{"@context":"https:\/\/schema.org","@graph":[{"@type":"Article","@id":"https:\/\/portaltela.pt\/noticias\/2026\/03\/31\/bruxelas-exige-cortes-de-combustiveis-na-ue-por-crise-no-medio-oriente\/#article","isPartOf":{"@id":"https:\/\/portaltela.pt\/noticias\/2026\/03\/31\/bruxelas-exige-cortes-de-combustiveis-na-ue-por-crise-no-medio-oriente\/"},"author":{"name":"Telinha","@id":"https:\/\/portaltela.pt\/#\/schema\/person\/c4278d4a6028830caff9ee44b42d32ed"},"headline":"Bruxelas exige cortes de combust\u00edveis na UE por crise no M\u00e9dio Oriente","datePublished":"2026-03-31T17:47:17+00:00","mainEntityOfPage":{"@id":"https:\/\/portaltela.pt\/noticias\/2026\/03\/31\/bruxelas-exige-cortes-de-combustiveis-na-ue-por-crise-no-medio-oriente\/"},"wordCount":442,"image":{"@id":"https:\/\/portaltela.pt\/noticias\/2026\/03\/31\/bruxelas-exige-cortes-de-combustiveis-na-ue-por-crise-no-medio-oriente\/#primaryimage"},"thumbnailUrl":"https:\/\/portaltela.pt\/s.01k8rhncp4jt1\/2026\/03\/dn2Fimport2Fdncxpgxxypnfpero2Fo8mbl8hss7im.jpg","keywords":["economia","energia","energia limpa","energias renov\u00e1veis","prote\u00e7\u00e3o ambiental","Uni\u00e3o Europeia"],"articleSection":["Energia"],"inLanguage":"pt-PT"},{"@type":"WebPage","@id":"https:\/\/portaltela.pt\/noticias\/2026\/03\/31\/bruxelas-exige-cortes-de-combustiveis-na-ue-por-crise-no-medio-oriente\/","url":"https:\/\/portaltela.pt\/noticias\/2026\/03\/31\/bruxelas-exige-cortes-de-combustiveis-na-ue-por-crise-no-medio-oriente\/","name":"Bruxelas exige cortes de combust\u00edveis na UE por crise no M\u00e9dio Oriente - Portal Tela Portugal","isPartOf":{"@id":"https:\/\/portaltela.pt\/#website"},"primaryImageOfPage":{"@id":"https:\/\/portaltela.pt\/noticias\/2026\/03\/31\/bruxelas-exige-cortes-de-combustiveis-na-ue-por-crise-no-medio-oriente\/#primaryimage"},"image":{"@id":"https:\/\/portaltela.pt\/noticias\/2026\/03\/31\/bruxelas-exige-cortes-de-combustiveis-na-ue-por-crise-no-medio-oriente\/#primaryimage"},"thumbnailUrl":"https:\/\/portaltela.pt\/s.01k8rhncp4jt1\/2026\/03\/dn2Fimport2Fdncxpgxxypnfpero2Fo8mbl8hss7im.jpg","datePublished":"2026-03-31T17:47:17+00:00","author":{"@id":"https:\/\/portaltela.pt\/#\/schema\/person\/c4278d4a6028830caff9ee44b42d32ed"},"breadcrumb":{"@id":"https:\/\/portaltela.pt\/noticias\/2026\/03\/31\/bruxelas-exige-cortes-de-combustiveis-na-ue-por-crise-no-medio-oriente\/#breadcrumb"},"inLanguage":"pt-PT","potentialAction":[{"@type":"ReadAction","target":["https:\/\/portaltela.pt\/noticias\/2026\/03\/31\/bruxelas-exige-cortes-de-combustiveis-na-ue-por-crise-no-medio-oriente\/"]}]},{"@type":"ImageObject","inLanguage":"pt-PT","@id":"https:\/\/portaltela.pt\/noticias\/2026\/03\/31\/bruxelas-exige-cortes-de-combustiveis-na-ue-por-crise-no-medio-oriente\/#primaryimage","url":"https:\/\/portaltela.pt\/s.01k8rhncp4jt1\/2026\/03\/dn2Fimport2Fdncxpgxxypnfpero2Fo8mbl8hss7im.jpg","contentUrl":"https:\/\/portaltela.pt\/s.01k8rhncp4jt1\/2026\/03\/dn2Fimport2Fdncxpgxxypnfpero2Fo8mbl8hss7im.jpg","width":1200,"height":762,"caption":"Bruxelas: europeus t\u00eam de come\u00e7ar a cortar no consumo de combust\u00edveis"},{"@type":"BreadcrumbList","@id":"https:\/\/portaltela.pt\/noticias\/2026\/03\/31\/bruxelas-exige-cortes-de-combustiveis-na-ue-por-crise-no-medio-oriente\/#breadcrumb","itemListElement":[{"@type":"ListItem","position":1,"name":"In\u00edcio","item":"https:\/\/portaltela.pt\/"},{"@type":"ListItem","position":2,"name":"Bruxelas exige cortes de combust\u00edveis na UE por crise no M\u00e9dio Oriente"}]},{"@type":"WebSite","@id":"https:\/\/portaltela.pt\/#website","url":"https:\/\/portaltela.pt\/","name":"Portal Tela Portugal","description":"","potentialAction":[{"@type":"SearchAction","target":{"@type":"EntryPoint","urlTemplate":"https:\/\/portaltela.pt\/?s={search_term_string}"},"query-input":{"@type":"PropertyValueSpecification","valueRequired":true,"valueName":"search_term_string"}}],"inLanguage":"pt-PT"},{"@type":"Person","@id":"https:\/\/portaltela.pt\/#\/schema\/person\/c4278d4a6028830caff9ee44b42d32ed","name":"Telinha","image":{"@type":"ImageObject","inLanguage":"pt-PT","@id":"https:\/\/portaltela.pt\/s.01k8rhncp4jt1\/2025\/11\/talking-bot-125x125.png","url":"https:\/\/portaltela.pt\/s.01k8rhncp4jt1\/2025\/11\/talking-bot-125x125.png","contentUrl":"https:\/\/portaltela.pt\/s.01k8rhncp4jt1\/2025\/11\/talking-bot-125x125.png","caption":"Telinha"},"sameAs":["https:\/\/portaltela.pt\/"],"url":"https:\/\/portaltela.pt\/por\/367410592786\/"}]}},"_links":{"self":[{"href":"https:\/\/portaltela.pt\/api\/wp\/v2\/posts\/428145","targetHints":{"allow":["GET"]}}],"collection":[{"href":"https:\/\/portaltela.pt\/api\/wp\/v2\/posts"}],"about":[{"href":"https:\/\/portaltela.pt\/api\/wp\/v2\/types\/post"}],"author":[{"embeddable":true,"href":"https:\/\/portaltela.pt\/api\/wp\/v2\/users\/2"}],"replies":[{"embeddable":true,"href":"https:\/\/portaltela.pt\/api\/wp\/v2\/comments?post=428145"}],"version-history":[{"count":0,"href":"https:\/\/portaltela.pt\/api\/wp\/v2\/posts\/428145\/revisions"}],"wp:featuredmedia":[{"embeddable":true,"href":"https:\/\/portaltela.pt\/api\/wp\/v2\/media\/428149"}],"wp:attachment":[{"href":"https:\/\/portaltela.pt\/api\/wp\/v2\/media?parent=428145"}],"wp:term":[{"taxonomy":"category","embeddable":true,"href":"https:\/\/portaltela.pt\/api\/wp\/v2\/categories?post=428145"},{"taxonomy":"post_tag","embeddable":true,"href":"https:\/\/portaltela.pt\/api\/wp\/v2\/tags?post=428145"}],"curies":[{"name":"wp","href":"https:\/\/api.w.org\/{rel}","templated":true}]}}