{"id":428127,"date":"2026-03-31T14:32:45","date_gmt":"2026-03-31T17:32:45","guid":{"rendered":"https:\/\/portaltela.pt\/noticias\/2026\/03\/31\/diogo-costa-e-carolina-joao-entre-os-5-melhores-na-classe-470-princesa-sofia\/"},"modified":"2026-03-31T14:32:45","modified_gmt":"2026-03-31T17:32:45","slug":"diogo-costa-e-carolina-joao-entre-os-5-melhores-na-classe-470-princesa-sofia","status":"publish","type":"post","link":"https:\/\/portaltela.pt\/desporto\/futebol\/2026\/03\/31\/diogo-costa-e-carolina-joao-entre-os-5-melhores-na-classe-470-princesa-sofia\/","title":{"rendered":"Diogo Costa e Carolina Jo\u00e3o entre os 5 melhores na classe 470, Princesa Sofia"},"content":{"rendered":"<p>Diogo Costa e Carolina Jo\u00e3o terminaram o segundo dia do Trof\u00e9u Princesa Sofia na quinta posi\u00e7\u00e3o da classe 470. Entraram em Palma de Maiorca com a expectativa de ficar entre os tr\u00eas primeiros e, ap\u00f3s regatas disputadas, ficaram acima do 21\u00ba lugar da primeira jornada.<\/p>\n<p>Os ol\u00edmpicos portugueses somam agora 21 pontos, depois de terem descido da posi\u00e7\u00e3o anterior de s\u00e9timos. Segundo a dupla, um in\u00edcio de dia com vento inst\u00e1vel atrapalhou o desempenho, mas uma melhoria na segunda regata n\u00e3o foi suficiente para recuperar o afastamento.<\/p>\n<p>Carolina Jo\u00e3o explicou que houve azar a meio das regatas, o que dificultou a recupera\u00e7\u00e3o no final. A dupla do Clube Naval de Cascais mant\u00e9m-se entre as primeiras posi\u00e7\u00f5es da frota de ouro, com a lideran\u00e7a a pertencer a Matisse Pacaud e Lucie de Gennes (Fran\u00e7a), com 10 pontos.<\/p>\n<p>Beatriz Gago e Rodolfo Pires tamb\u00e9m desceram, ocupando agora a 17.\u00aa posi\u00e7\u00e3o com 31 pontos. O emparelhamento de Portim\u00e3o terminou o dia com regatas a distribuir-se entre 14.\u00ba e 11.\u00ba lugares, mantendo possibilidades de entrada na frota de ouro.<\/p>\n<p>O p\u00f3dio da classe 470 permanece composto por Elena Berta e Giulio Calabro (It\u00e1lia) com 15 pontos e Roy Levi e Ariel Gal (Israel) com 18 pontos, restantes \u00e0 frente de Costa\/Jo\u00e3o, segundo a classifica\u00e7\u00e3o provis\u00f3ria.<\/p>\n<p>Na kite, Mafalda Pires de Lima iniciou a prova na 16.\u00aa posi\u00e7\u00e3o ap\u00f3s quatro regatas, com avalia\u00e7\u00f5es positivas de prepara\u00e7\u00e3o mas notas de melhoria. Disse ter entrado bem na \u00e1gua, mas ainda carecer de ajustes para transformar o rendimento.<\/p>\n<p>Tom\u00e1s Pires de Lima n\u00e3o participou em Palma de Maiorca devido a uma infe\u00e7\u00e3o bacteriana, enquanto Ricardo Correia iniciou a classe IQ Foil com um 73.\u00ba lugar. O atleta manteve a regularidade observada pelo registo mais baixo entre os portadores da bandeira portuguesa.<\/p>\n<p>Na estreia em 49er FX, Teresa Quartin e Rita Borges alcan\u00e7aram a 60.\u00aa posi\u00e7\u00e3o, com resultados di\u00e1rios de 29.\u00ba, 30.\u00ba e 31.\u00ba lugares. A competi\u00e7\u00e3o segue com mais regatas programadas para os pr\u00f3ximos dias, com atletas nacionais a competir pela fase de ouro.<\/p>\n","protected":false},"excerpt":{"rendered":"<ul>\n<li>Diogo Costa e Carolina Jo\u00e3o terminaram o segundo dia no Trof\u00e9u Princesa Sofia na quinta posi\u00e7\u00e3o da classe 470, com 21 pontos, depois de entrarem na regata em Palma de Maiorca na segunda posi\u00e7\u00e3o.<\/li>\n<li>A dupla admitiu ter tido azar numa das regatas e tomado uma m\u00e1 decis\u00e3o no final da bolina, o que hipotecou a posi\u00e7\u00e3o no Top 3.<\/li>\n<li>A lideran\u00e7a da classe 470 \u00e9 de Matisse Pacaud e Lucie de Gennes (Fran\u00e7a) com 10 pontos, seguidos por Elena Berta e Giulio Calabro (It\u00e1lia) com 15 e Roy Levi e Ariel Gal (Israel) com 18.<\/li>\n<li>Beatriz Gago e Rodolfo Pires ca\u00edram para 17.\u00aa posi\u00e7\u00e3o, com 31 pontos, enquanto os velejadores do Clube Naval de Portim\u00e3o seguiram para a frota de ouro com regatas de 14.\u00ba e 11.\u00ba lugares.<\/li>\n<li>Mafalda Pires de Lima entrou no kite e ficou na 16.\u00aa posi\u00e7\u00e3o ap\u00f3s quatro regatas, mantendo-se na 16.\u00aa posi\u00e7\u00e3o da classifica\u00e7\u00e3o com 40 pontos.<\/li>\n<\/ul>\n","protected":false},"author":2,"featured_media":428129,"comment_status":"closed","ping_status":"closed","sticky":false,"template":"","format":"standard","meta":{"footnotes":""},"categories":[21,24],"tags":[252,152,81,1350,4384,1014],"class_list":["post-428127","post","type-post","status-publish","format-standard","has-post-thumbnail","hentry","category-desporto","category-futebol","tag-atletas","tag-desporto","tag-internacionais","tag-nacionais","tag-nautica","tag-portugal"],"yoast_head":"<!-- This site is optimized with the Yoast SEO plugin v27.2 - https:\/\/yoast.com\/product\/yoast-seo-wordpress\/ -->\n<title>Diogo Costa e Carolina Jo\u00e3o entre os 5 melhores na classe 470, Princesa Sofia - Portal Tela Portugal<\/title>\n<meta name=\"robots\" content=\"index, follow, max-snippet:-1, max-image-preview:large, max-video-preview:-1\" \/>\n<meta property=\"og:locale\" content=\"pt_PT\" \/>\n<meta property=\"og:type\" content=\"article\" \/>\n<meta property=\"og:title\" content=\"Diogo Costa e Carolina Jo\u00e3o entre os 5 melhores na classe 470, Princesa Sofia - Portal Tela Portugal\" \/>\n<meta property=\"og:description\" content=\"Diogo Costa e Carolina Jo\u00e3o terminaram o segundo dia no Trof\u00e9u Princesa Sofia na quinta posi\u00e7\u00e3o da classe 470, com 21 pontos, depois de entrarem na regata em Palma de Maiorca na segunda posi\u00e7\u00e3o. A dupla admitiu ter tido azar numa das regatas e tomado uma m\u00e1 decis\u00e3o no final da bolina, o que hipotecou a posi\u00e7\u00e3o no Top 3. A lideran\u00e7a da classe 470 \u00e9 de Matisse Pacaud e Lucie de Gennes (Fran\u00e7a) com 10 pontos, seguidos por Elena Berta e Giulio Calabro (It\u00e1lia) com 15 e Roy Levi e Ariel Gal (Israel) com 18. Beatriz Gago e Rodolfo Pires ca\u00edram para 17.\u00aa posi\u00e7\u00e3o, com 31 pontos, enquanto os velejadores do Clube Naval de Portim\u00e3o seguiram para a frota de ouro com regatas de 14.\u00ba e 11.\u00ba lugares. Mafalda Pires de Lima entrou no kite e ficou na 16.\u00aa posi\u00e7\u00e3o ap\u00f3s quatro regatas, mantendo-se na 16.\u00aa posi\u00e7\u00e3o da classifica\u00e7\u00e3o com 40 pontos.\" \/>\n<meta property=\"og:url\" content=\"https:\/\/portaltela.pt\/noticias\/2026\/03\/31\/diogo-costa-e-carolina-joao-entre-os-5-melhores-na-classe-470-princesa-sofia\/\" \/>\n<meta property=\"og:site_name\" content=\"Portal Tela Portugal\" \/>\n<meta property=\"article:published_time\" content=\"2026-03-31T17:32:45+00:00\" \/>\n<meta name=\"author\" content=\"Telinha\" \/>\n<meta name=\"twitter:card\" content=\"summary_large_image\" \/>\n<meta name=\"twitter:label1\" content=\"Escrito por\" \/>\n\t<meta name=\"twitter:data1\" content=\"Telinha\" \/>\n\t<meta name=\"twitter:label2\" content=\"Tempo estimado de leitura\" \/>\n\t<meta name=\"twitter:data2\" content=\"2 minutos\" \/>\n<script type=\"application\/ld+json\" class=\"yoast-schema-graph\">{\"@context\":\"https:\/\/schema.org\",\"@graph\":[{\"@type\":\"Article\",\"@id\":\"https:\/\/portaltela.pt\/noticias\/2026\/03\/31\/diogo-costa-e-carolina-joao-entre-os-5-melhores-na-classe-470-princesa-sofia\/#article\",\"isPartOf\":{\"@id\":\"https:\/\/portaltela.pt\/noticias\/2026\/03\/31\/diogo-costa-e-carolina-joao-entre-os-5-melhores-na-classe-470-princesa-sofia\/\"},\"author\":{\"name\":\"Telinha\",\"@id\":\"https:\/\/portaltela.pt\/#\/schema\/person\/c4278d4a6028830caff9ee44b42d32ed\"},\"headline\":\"Diogo Costa e Carolina Jo\u00e3o entre os 5 melhores na classe 470, Princesa Sofia\",\"datePublished\":\"2026-03-31T17:32:45+00:00\",\"mainEntityOfPage\":{\"@id\":\"https:\/\/portaltela.pt\/noticias\/2026\/03\/31\/diogo-costa-e-carolina-joao-entre-os-5-melhores-na-classe-470-princesa-sofia\/\"},\"wordCount\":369,\"image\":{\"@id\":\"https:\/\/portaltela.pt\/noticias\/2026\/03\/31\/diogo-costa-e-carolina-joao-entre-os-5-melhores-na-classe-470-princesa-sofia\/#primaryimage\"},\"thumbnailUrl\":\"https:\/\/portaltela.pt\/s.01k8rhncp4jt1\/2026\/03\/img_920x518uu2025-03-31-22-13-53-2353101.jpg\",\"keywords\":[\"atletas\",\"desporto\",\"internacionais\",\"Nacionais\",\"N\u00e1utica\",\"Portugal\"],\"articleSection\":[\"Desporto\",\"Futebol\"],\"inLanguage\":\"pt-PT\"},{\"@type\":\"WebPage\",\"@id\":\"https:\/\/portaltela.pt\/noticias\/2026\/03\/31\/diogo-costa-e-carolina-joao-entre-os-5-melhores-na-classe-470-princesa-sofia\/\",\"url\":\"https:\/\/portaltela.pt\/noticias\/2026\/03\/31\/diogo-costa-e-carolina-joao-entre-os-5-melhores-na-classe-470-princesa-sofia\/\",\"name\":\"Diogo Costa e Carolina Jo\u00e3o entre os 5 melhores na classe 470, Princesa Sofia - Portal Tela Portugal\",\"isPartOf\":{\"@id\":\"https:\/\/portaltela.pt\/#website\"},\"primaryImageOfPage\":{\"@id\":\"https:\/\/portaltela.pt\/noticias\/2026\/03\/31\/diogo-costa-e-carolina-joao-entre-os-5-melhores-na-classe-470-princesa-sofia\/#primaryimage\"},\"image\":{\"@id\":\"https:\/\/portaltela.pt\/noticias\/2026\/03\/31\/diogo-costa-e-carolina-joao-entre-os-5-melhores-na-classe-470-princesa-sofia\/#primaryimage\"},\"thumbnailUrl\":\"https:\/\/portaltela.pt\/s.01k8rhncp4jt1\/2026\/03\/img_920x518uu2025-03-31-22-13-53-2353101.jpg\",\"datePublished\":\"2026-03-31T17:32:45+00:00\",\"author\":{\"@id\":\"https:\/\/portaltela.pt\/#\/schema\/person\/c4278d4a6028830caff9ee44b42d32ed\"},\"breadcrumb\":{\"@id\":\"https:\/\/portaltela.pt\/noticias\/2026\/03\/31\/diogo-costa-e-carolina-joao-entre-os-5-melhores-na-classe-470-princesa-sofia\/#breadcrumb\"},\"inLanguage\":\"pt-PT\",\"potentialAction\":[{\"@type\":\"ReadAction\",\"target\":[\"https:\/\/portaltela.pt\/noticias\/2026\/03\/31\/diogo-costa-e-carolina-joao-entre-os-5-melhores-na-classe-470-princesa-sofia\/\"]}]},{\"@type\":\"ImageObject\",\"inLanguage\":\"pt-PT\",\"@id\":\"https:\/\/portaltela.pt\/noticias\/2026\/03\/31\/diogo-costa-e-carolina-joao-entre-os-5-melhores-na-classe-470-princesa-sofia\/#primaryimage\",\"url\":\"https:\/\/portaltela.pt\/s.01k8rhncp4jt1\/2026\/03\/img_920x518uu2025-03-31-22-13-53-2353101.jpg\",\"contentUrl\":\"https:\/\/portaltela.pt\/s.01k8rhncp4jt1\/2026\/03\/img_920x518uu2025-03-31-22-13-53-2353101.jpg\",\"width\":920,\"height\":518,\"caption\":\"Carolina Jo\u00e3o e Diogo Costa\"},{\"@type\":\"BreadcrumbList\",\"@id\":\"https:\/\/portaltela.pt\/noticias\/2026\/03\/31\/diogo-costa-e-carolina-joao-entre-os-5-melhores-na-classe-470-princesa-sofia\/#breadcrumb\",\"itemListElement\":[{\"@type\":\"ListItem\",\"position\":1,\"name\":\"In\u00edcio\",\"item\":\"https:\/\/portaltela.pt\/\"},{\"@type\":\"ListItem\",\"position\":2,\"name\":\"Diogo Costa e Carolina Jo\u00e3o entre os 5 melhores na classe 470, Princesa Sofia\"}]},{\"@type\":\"WebSite\",\"@id\":\"https:\/\/portaltela.pt\/#website\",\"url\":\"https:\/\/portaltela.pt\/\",\"name\":\"Portal Tela Portugal\",\"description\":\"\",\"potentialAction\":[{\"@type\":\"SearchAction\",\"target\":{\"@type\":\"EntryPoint\",\"urlTemplate\":\"https:\/\/portaltela.pt\/?s={search_term_string}\"},\"query-input\":{\"@type\":\"PropertyValueSpecification\",\"valueRequired\":true,\"valueName\":\"search_term_string\"}}],\"inLanguage\":\"pt-PT\"},{\"@type\":\"Person\",\"@id\":\"https:\/\/portaltela.pt\/#\/schema\/person\/c4278d4a6028830caff9ee44b42d32ed\",\"name\":\"Telinha\",\"image\":{\"@type\":\"ImageObject\",\"inLanguage\":\"pt-PT\",\"@id\":\"https:\/\/portaltela.pt\/s.01k8rhncp4jt1\/2025\/11\/talking-bot-125x125.png\",\"url\":\"https:\/\/portaltela.pt\/s.01k8rhncp4jt1\/2025\/11\/talking-bot-125x125.png\",\"contentUrl\":\"https:\/\/portaltela.pt\/s.01k8rhncp4jt1\/2025\/11\/talking-bot-125x125.png\",\"caption\":\"Telinha\"},\"sameAs\":[\"https:\/\/portaltela.pt\/\"],\"url\":\"https:\/\/portaltela.pt\/por\/367410592786\/\"}]}<\/script>\n<!-- \/ Yoast SEO plugin. -->","yoast_head_json":{"title":"Diogo Costa e Carolina Jo\u00e3o entre os 5 melhores na classe 470, Princesa Sofia - Portal Tela Portugal","robots":{"index":"index","follow":"follow","max-snippet":"max-snippet:-1","max-image-preview":"max-image-preview:large","max-video-preview":"max-video-preview:-1"},"og_locale":"pt_PT","og_type":"article","og_title":"Diogo Costa e Carolina Jo\u00e3o entre os 5 melhores na classe 470, Princesa Sofia - Portal Tela Portugal","og_description":"Diogo Costa e Carolina Jo\u00e3o terminaram o segundo dia no Trof\u00e9u Princesa Sofia na quinta posi\u00e7\u00e3o da classe 470, com 21 pontos, depois de entrarem na regata em Palma de Maiorca na segunda posi\u00e7\u00e3o. A dupla admitiu ter tido azar numa das regatas e tomado uma m\u00e1 decis\u00e3o no final da bolina, o que hipotecou a posi\u00e7\u00e3o no Top 3. A lideran\u00e7a da classe 470 \u00e9 de Matisse Pacaud e Lucie de Gennes (Fran\u00e7a) com 10 pontos, seguidos por Elena Berta e Giulio Calabro (It\u00e1lia) com 15 e Roy Levi e Ariel Gal (Israel) com 18. Beatriz Gago e Rodolfo Pires ca\u00edram para 17.\u00aa posi\u00e7\u00e3o, com 31 pontos, enquanto os velejadores do Clube Naval de Portim\u00e3o seguiram para a frota de ouro com regatas de 14.\u00ba e 11.\u00ba lugares. Mafalda Pires de Lima entrou no kite e ficou na 16.\u00aa posi\u00e7\u00e3o ap\u00f3s quatro regatas, mantendo-se na 16.\u00aa posi\u00e7\u00e3o da classifica\u00e7\u00e3o com 40 pontos.","og_url":"https:\/\/portaltela.pt\/noticias\/2026\/03\/31\/diogo-costa-e-carolina-joao-entre-os-5-melhores-na-classe-470-princesa-sofia\/","og_site_name":"Portal Tela Portugal","article_published_time":"2026-03-31T17:32:45+00:00","author":"Telinha","twitter_card":"summary_large_image","twitter_misc":{"Escrito por":"Telinha","Tempo estimado de leitura":"2 minutos"},"schema":{"@context":"https:\/\/schema.org","@graph":[{"@type":"Article","@id":"https:\/\/portaltela.pt\/noticias\/2026\/03\/31\/diogo-costa-e-carolina-joao-entre-os-5-melhores-na-classe-470-princesa-sofia\/#article","isPartOf":{"@id":"https:\/\/portaltela.pt\/noticias\/2026\/03\/31\/diogo-costa-e-carolina-joao-entre-os-5-melhores-na-classe-470-princesa-sofia\/"},"author":{"name":"Telinha","@id":"https:\/\/portaltela.pt\/#\/schema\/person\/c4278d4a6028830caff9ee44b42d32ed"},"headline":"Diogo Costa e Carolina Jo\u00e3o entre os 5 melhores na classe 470, Princesa Sofia","datePublished":"2026-03-31T17:32:45+00:00","mainEntityOfPage":{"@id":"https:\/\/portaltela.pt\/noticias\/2026\/03\/31\/diogo-costa-e-carolina-joao-entre-os-5-melhores-na-classe-470-princesa-sofia\/"},"wordCount":369,"image":{"@id":"https:\/\/portaltela.pt\/noticias\/2026\/03\/31\/diogo-costa-e-carolina-joao-entre-os-5-melhores-na-classe-470-princesa-sofia\/#primaryimage"},"thumbnailUrl":"https:\/\/portaltela.pt\/s.01k8rhncp4jt1\/2026\/03\/img_920x518uu2025-03-31-22-13-53-2353101.jpg","keywords":["atletas","desporto","internacionais","Nacionais","N\u00e1utica","Portugal"],"articleSection":["Desporto","Futebol"],"inLanguage":"pt-PT"},{"@type":"WebPage","@id":"https:\/\/portaltela.pt\/noticias\/2026\/03\/31\/diogo-costa-e-carolina-joao-entre-os-5-melhores-na-classe-470-princesa-sofia\/","url":"https:\/\/portaltela.pt\/noticias\/2026\/03\/31\/diogo-costa-e-carolina-joao-entre-os-5-melhores-na-classe-470-princesa-sofia\/","name":"Diogo Costa e Carolina Jo\u00e3o entre os 5 melhores na classe 470, Princesa Sofia - Portal Tela Portugal","isPartOf":{"@id":"https:\/\/portaltela.pt\/#website"},"primaryImageOfPage":{"@id":"https:\/\/portaltela.pt\/noticias\/2026\/03\/31\/diogo-costa-e-carolina-joao-entre-os-5-melhores-na-classe-470-princesa-sofia\/#primaryimage"},"image":{"@id":"https:\/\/portaltela.pt\/noticias\/2026\/03\/31\/diogo-costa-e-carolina-joao-entre-os-5-melhores-na-classe-470-princesa-sofia\/#primaryimage"},"thumbnailUrl":"https:\/\/portaltela.pt\/s.01k8rhncp4jt1\/2026\/03\/img_920x518uu2025-03-31-22-13-53-2353101.jpg","datePublished":"2026-03-31T17:32:45+00:00","author":{"@id":"https:\/\/portaltela.pt\/#\/schema\/person\/c4278d4a6028830caff9ee44b42d32ed"},"breadcrumb":{"@id":"https:\/\/portaltela.pt\/noticias\/2026\/03\/31\/diogo-costa-e-carolina-joao-entre-os-5-melhores-na-classe-470-princesa-sofia\/#breadcrumb"},"inLanguage":"pt-PT","potentialAction":[{"@type":"ReadAction","target":["https:\/\/portaltela.pt\/noticias\/2026\/03\/31\/diogo-costa-e-carolina-joao-entre-os-5-melhores-na-classe-470-princesa-sofia\/"]}]},{"@type":"ImageObject","inLanguage":"pt-PT","@id":"https:\/\/portaltela.pt\/noticias\/2026\/03\/31\/diogo-costa-e-carolina-joao-entre-os-5-melhores-na-classe-470-princesa-sofia\/#primaryimage","url":"https:\/\/portaltela.pt\/s.01k8rhncp4jt1\/2026\/03\/img_920x518uu2025-03-31-22-13-53-2353101.jpg","contentUrl":"https:\/\/portaltela.pt\/s.01k8rhncp4jt1\/2026\/03\/img_920x518uu2025-03-31-22-13-53-2353101.jpg","width":920,"height":518,"caption":"Carolina Jo\u00e3o e Diogo Costa"},{"@type":"BreadcrumbList","@id":"https:\/\/portaltela.pt\/noticias\/2026\/03\/31\/diogo-costa-e-carolina-joao-entre-os-5-melhores-na-classe-470-princesa-sofia\/#breadcrumb","itemListElement":[{"@type":"ListItem","position":1,"name":"In\u00edcio","item":"https:\/\/portaltela.pt\/"},{"@type":"ListItem","position":2,"name":"Diogo Costa e Carolina Jo\u00e3o entre os 5 melhores na classe 470, Princesa Sofia"}]},{"@type":"WebSite","@id":"https:\/\/portaltela.pt\/#website","url":"https:\/\/portaltela.pt\/","name":"Portal Tela Portugal","description":"","potentialAction":[{"@type":"SearchAction","target":{"@type":"EntryPoint","urlTemplate":"https:\/\/portaltela.pt\/?s={search_term_string}"},"query-input":{"@type":"PropertyValueSpecification","valueRequired":true,"valueName":"search_term_string"}}],"inLanguage":"pt-PT"},{"@type":"Person","@id":"https:\/\/portaltela.pt\/#\/schema\/person\/c4278d4a6028830caff9ee44b42d32ed","name":"Telinha","image":{"@type":"ImageObject","inLanguage":"pt-PT","@id":"https:\/\/portaltela.pt\/s.01k8rhncp4jt1\/2025\/11\/talking-bot-125x125.png","url":"https:\/\/portaltela.pt\/s.01k8rhncp4jt1\/2025\/11\/talking-bot-125x125.png","contentUrl":"https:\/\/portaltela.pt\/s.01k8rhncp4jt1\/2025\/11\/talking-bot-125x125.png","caption":"Telinha"},"sameAs":["https:\/\/portaltela.pt\/"],"url":"https:\/\/portaltela.pt\/por\/367410592786\/"}]}},"_links":{"self":[{"href":"https:\/\/portaltela.pt\/api\/wp\/v2\/posts\/428127","targetHints":{"allow":["GET"]}}],"collection":[{"href":"https:\/\/portaltela.pt\/api\/wp\/v2\/posts"}],"about":[{"href":"https:\/\/portaltela.pt\/api\/wp\/v2\/types\/post"}],"author":[{"embeddable":true,"href":"https:\/\/portaltela.pt\/api\/wp\/v2\/users\/2"}],"replies":[{"embeddable":true,"href":"https:\/\/portaltela.pt\/api\/wp\/v2\/comments?post=428127"}],"version-history":[{"count":0,"href":"https:\/\/portaltela.pt\/api\/wp\/v2\/posts\/428127\/revisions"}],"wp:featuredmedia":[{"embeddable":true,"href":"https:\/\/portaltela.pt\/api\/wp\/v2\/media\/428129"}],"wp:attachment":[{"href":"https:\/\/portaltela.pt\/api\/wp\/v2\/media?parent=428127"}],"wp:term":[{"taxonomy":"category","embeddable":true,"href":"https:\/\/portaltela.pt\/api\/wp\/v2\/categories?post=428127"},{"taxonomy":"post_tag","embeddable":true,"href":"https:\/\/portaltela.pt\/api\/wp\/v2\/tags?post=428127"}],"curies":[{"name":"wp","href":"https:\/\/api.w.org\/{rel}","templated":true}]}}