{"id":428121,"date":"2026-03-31T14:32:43","date_gmt":"2026-03-31T17:32:43","guid":{"rendered":"https:\/\/portaltela.pt\/noticias\/2026\/03\/31\/chega-defende-que-quem-pede-nacionalidade-nao-pode-receber-subsidios-do-estado\/"},"modified":"2026-03-31T14:32:43","modified_gmt":"2026-03-31T17:32:43","slug":"chega-defende-que-quem-pede-nacionalidade-nao-pode-receber-subsidios-do-estado","status":"publish","type":"post","link":"https:\/\/portaltela.pt\/noticias\/2026\/03\/31\/chega-defende-que-quem-pede-nacionalidade-nao-pode-receber-subsidios-do-estado\/","title":{"rendered":"Chega defende que quem pede nacionalidade n\u00e3o pode receber subs\u00eddios do Estado"},"content":{"rendered":"<p>Com a vota\u00e7\u00e3o da Lei da Nacionalidade agendada para quarta-feira, o Chega defende que crimes como tr\u00e1fico de droga, tr\u00e1fico de armas e associa\u00e7\u00e3o criminosa devem levar \u00e0 perda de nacionalidade.<\/p>\n<p>Depois do an\u00fancio, o CHEGA prop\u00f5e que os requerentes de nacionalidade portuguesa tenham capacidade para assegurar a sua subsist\u00eancia e n\u00e3o sejam benefici\u00e1rios de apoios sociais durante o per\u00edodo de resid\u00eancia.<\/p>\n<p>O partido de Andr\u00e9 Ventura quer ainda que os crimes de tr\u00e1fico de droga, tr\u00e1fico e media\u00e7\u00e3o de armas, bem como a associa\u00e7\u00e3o criminosa, constem no aditamento ao c\u00f3digo penal que prev\u00ea a perda de nacionalidade como san\u00e7\u00e3o acess\u00f3ria.<\/p>\n","protected":false},"excerpt":{"rendered":"<ul>\n<li>O Chega defende que crimes de tr\u00e1fico de droga, tr\u00e1fico de armas e associa\u00e7\u00e3o criminosa devem levar \u00e0 perda de nacionalidade portuguesa.<\/li>\n<li>O partido exige que quem requer a nacionalidade demonstre capacidade para assegurar a subsist\u00eancia e n\u00e3o seja benefici\u00e1rio de apoios sociais durante o per\u00edodo de resid\u00eancia.<\/li>\n<li>A proposta surge no contexto da vota\u00e7\u00e3o da Lei da Nacionalidade, prevista para quarta-feira.<\/li>\n<li>O Chega tamb\u00e9m quer que os crimes acima mencionados constem no aditamento ao c\u00f3digo penal que prev\u00ea a perda de nacionalidade como san\u00e7\u00e3o acess\u00f3ria.<\/li>\n<\/ul>\n","protected":false},"author":2,"featured_media":428131,"comment_status":"closed","ping_status":"closed","sticky":false,"template":"","format":"standard","meta":{"footnotes":""},"categories":[6815,1],"tags":[1151,177,2435,1251,2423,96],"class_list":["post-428121","post","type-post","status-publish","format-standard","has-post-thumbnail","hentry","category-justica","category-noticias","tag-associacao-criminosa","tag-crimes","tag-nacionalidade","tag-subsidios","tag-trafico-de-armas","tag-trafico-de-droga"],"yoast_head":"<!-- This site is optimized with the Yoast SEO plugin v27.2 - https:\/\/yoast.com\/product\/yoast-seo-wordpress\/ -->\n<title>Chega defende que quem pede nacionalidade n\u00e3o pode receber subs\u00eddios do Estado - Portal Tela Portugal<\/title>\n<meta name=\"robots\" content=\"index, follow, max-snippet:-1, max-image-preview:large, max-video-preview:-1\" \/>\n<meta property=\"og:locale\" content=\"pt_PT\" \/>\n<meta property=\"og:type\" content=\"article\" \/>\n<meta property=\"og:title\" content=\"Chega defende que quem pede nacionalidade n\u00e3o pode receber subs\u00eddios do Estado - Portal Tela Portugal\" \/>\n<meta property=\"og:description\" content=\"O Chega defende que crimes de tr\u00e1fico de droga, tr\u00e1fico de armas e associa\u00e7\u00e3o criminosa devem levar \u00e0 perda de nacionalidade portuguesa. O partido exige que quem requer a nacionalidade demonstre capacidade para assegurar a subsist\u00eancia e n\u00e3o seja benefici\u00e1rio de apoios sociais durante o per\u00edodo de resid\u00eancia. A proposta surge no contexto da vota\u00e7\u00e3o da Lei da Nacionalidade, prevista para quarta-feira. O Chega tamb\u00e9m quer que os crimes acima mencionados constem no aditamento ao c\u00f3digo penal que prev\u00ea a perda de nacionalidade como san\u00e7\u00e3o acess\u00f3ria.\" \/>\n<meta property=\"og:url\" content=\"https:\/\/portaltela.pt\/noticias\/2026\/03\/31\/chega-defende-que-quem-pede-nacionalidade-nao-pode-receber-subsidios-do-estado\/\" \/>\n<meta property=\"og:site_name\" content=\"Portal Tela Portugal\" \/>\n<meta property=\"article:published_time\" content=\"2026-03-31T17:32:43+00:00\" \/>\n<meta name=\"author\" content=\"Telinha\" \/>\n<meta name=\"twitter:card\" content=\"summary_large_image\" \/>\n<meta name=\"twitter:label1\" content=\"Escrito por\" \/>\n\t<meta name=\"twitter:data1\" content=\"Telinha\" \/>\n\t<meta name=\"twitter:label2\" content=\"Tempo estimado de leitura\" \/>\n\t<meta name=\"twitter:data2\" content=\"1 minuto\" \/>\n<script type=\"application\/ld+json\" class=\"yoast-schema-graph\">{\"@context\":\"https:\/\/schema.org\",\"@graph\":[{\"@type\":\"Article\",\"@id\":\"https:\/\/portaltela.pt\/noticias\/2026\/03\/31\/chega-defende-que-quem-pede-nacionalidade-nao-pode-receber-subsidios-do-estado\/#article\",\"isPartOf\":{\"@id\":\"https:\/\/portaltela.pt\/noticias\/2026\/03\/31\/chega-defende-que-quem-pede-nacionalidade-nao-pode-receber-subsidios-do-estado\/\"},\"author\":{\"name\":\"Telinha\",\"@id\":\"https:\/\/portaltela.pt\/#\/schema\/person\/c4278d4a6028830caff9ee44b42d32ed\"},\"headline\":\"Chega defende que quem pede nacionalidade n\u00e3o pode receber subs\u00eddios do Estado\",\"datePublished\":\"2026-03-31T17:32:43+00:00\",\"mainEntityOfPage\":{\"@id\":\"https:\/\/portaltela.pt\/noticias\/2026\/03\/31\/chega-defende-que-quem-pede-nacionalidade-nao-pode-receber-subsidios-do-estado\/\"},\"wordCount\":132,\"image\":{\"@id\":\"https:\/\/portaltela.pt\/noticias\/2026\/03\/31\/chega-defende-que-quem-pede-nacionalidade-nao-pode-receber-subsidios-do-estado\/#primaryimage\"},\"thumbnailUrl\":\"https:\/\/portaltela.pt\/s.01k8rhncp4jt1\/2026\/03\/2078290.jpg\",\"keywords\":[\"associa\u00e7\u00e3o criminosa\",\"crimes\",\"nacionalidade\",\"subs\u00eddios\",\"tr\u00e1fico de armas\",\"tr\u00e1fico de droga\"],\"articleSection\":[\"Justi\u00e7a\",\"Not\u00edcias\"],\"inLanguage\":\"pt-PT\"},{\"@type\":\"WebPage\",\"@id\":\"https:\/\/portaltela.pt\/noticias\/2026\/03\/31\/chega-defende-que-quem-pede-nacionalidade-nao-pode-receber-subsidios-do-estado\/\",\"url\":\"https:\/\/portaltela.pt\/noticias\/2026\/03\/31\/chega-defende-que-quem-pede-nacionalidade-nao-pode-receber-subsidios-do-estado\/\",\"name\":\"Chega defende que quem pede nacionalidade n\u00e3o pode receber subs\u00eddios do Estado - Portal Tela Portugal\",\"isPartOf\":{\"@id\":\"https:\/\/portaltela.pt\/#website\"},\"primaryImageOfPage\":{\"@id\":\"https:\/\/portaltela.pt\/noticias\/2026\/03\/31\/chega-defende-que-quem-pede-nacionalidade-nao-pode-receber-subsidios-do-estado\/#primaryimage\"},\"image\":{\"@id\":\"https:\/\/portaltela.pt\/noticias\/2026\/03\/31\/chega-defende-que-quem-pede-nacionalidade-nao-pode-receber-subsidios-do-estado\/#primaryimage\"},\"thumbnailUrl\":\"https:\/\/portaltela.pt\/s.01k8rhncp4jt1\/2026\/03\/2078290.jpg\",\"datePublished\":\"2026-03-31T17:32:43+00:00\",\"author\":{\"@id\":\"https:\/\/portaltela.pt\/#\/schema\/person\/c4278d4a6028830caff9ee44b42d32ed\"},\"breadcrumb\":{\"@id\":\"https:\/\/portaltela.pt\/noticias\/2026\/03\/31\/chega-defende-que-quem-pede-nacionalidade-nao-pode-receber-subsidios-do-estado\/#breadcrumb\"},\"inLanguage\":\"pt-PT\",\"potentialAction\":[{\"@type\":\"ReadAction\",\"target\":[\"https:\/\/portaltela.pt\/noticias\/2026\/03\/31\/chega-defende-que-quem-pede-nacionalidade-nao-pode-receber-subsidios-do-estado\/\"]}]},{\"@type\":\"ImageObject\",\"inLanguage\":\"pt-PT\",\"@id\":\"https:\/\/portaltela.pt\/noticias\/2026\/03\/31\/chega-defende-que-quem-pede-nacionalidade-nao-pode-receber-subsidios-do-estado\/#primaryimage\",\"url\":\"https:\/\/portaltela.pt\/s.01k8rhncp4jt1\/2026\/03\/2078290.jpg\",\"contentUrl\":\"https:\/\/portaltela.pt\/s.01k8rhncp4jt1\/2026\/03\/2078290.jpg\",\"width\":796,\"height\":448,\"caption\":\"Na segunda-feira, Andr\u00e9 Ventura lamentou n\u00e3o ter acordo com o PSD para viabilizar nova Lei da Nacionalidade\"},{\"@type\":\"BreadcrumbList\",\"@id\":\"https:\/\/portaltela.pt\/noticias\/2026\/03\/31\/chega-defende-que-quem-pede-nacionalidade-nao-pode-receber-subsidios-do-estado\/#breadcrumb\",\"itemListElement\":[{\"@type\":\"ListItem\",\"position\":1,\"name\":\"In\u00edcio\",\"item\":\"https:\/\/portaltela.pt\/\"},{\"@type\":\"ListItem\",\"position\":2,\"name\":\"Chega defende que quem pede nacionalidade n\u00e3o pode receber subs\u00eddios do Estado\"}]},{\"@type\":\"WebSite\",\"@id\":\"https:\/\/portaltela.pt\/#website\",\"url\":\"https:\/\/portaltela.pt\/\",\"name\":\"Portal Tela Portugal\",\"description\":\"\",\"potentialAction\":[{\"@type\":\"SearchAction\",\"target\":{\"@type\":\"EntryPoint\",\"urlTemplate\":\"https:\/\/portaltela.pt\/?s={search_term_string}\"},\"query-input\":{\"@type\":\"PropertyValueSpecification\",\"valueRequired\":true,\"valueName\":\"search_term_string\"}}],\"inLanguage\":\"pt-PT\"},{\"@type\":\"Person\",\"@id\":\"https:\/\/portaltela.pt\/#\/schema\/person\/c4278d4a6028830caff9ee44b42d32ed\",\"name\":\"Telinha\",\"image\":{\"@type\":\"ImageObject\",\"inLanguage\":\"pt-PT\",\"@id\":\"https:\/\/portaltela.pt\/s.01k8rhncp4jt1\/2025\/11\/talking-bot-125x125.png\",\"url\":\"https:\/\/portaltela.pt\/s.01k8rhncp4jt1\/2025\/11\/talking-bot-125x125.png\",\"contentUrl\":\"https:\/\/portaltela.pt\/s.01k8rhncp4jt1\/2025\/11\/talking-bot-125x125.png\",\"caption\":\"Telinha\"},\"sameAs\":[\"https:\/\/portaltela.pt\/\"],\"url\":\"https:\/\/portaltela.pt\/por\/367410592786\/\"}]}<\/script>\n<!-- \/ Yoast SEO plugin. -->","yoast_head_json":{"title":"Chega defende que quem pede nacionalidade n\u00e3o pode receber subs\u00eddios do Estado - Portal Tela Portugal","robots":{"index":"index","follow":"follow","max-snippet":"max-snippet:-1","max-image-preview":"max-image-preview:large","max-video-preview":"max-video-preview:-1"},"og_locale":"pt_PT","og_type":"article","og_title":"Chega defende que quem pede nacionalidade n\u00e3o pode receber subs\u00eddios do Estado - Portal Tela Portugal","og_description":"O Chega defende que crimes de tr\u00e1fico de droga, tr\u00e1fico de armas e associa\u00e7\u00e3o criminosa devem levar \u00e0 perda de nacionalidade portuguesa. O partido exige que quem requer a nacionalidade demonstre capacidade para assegurar a subsist\u00eancia e n\u00e3o seja benefici\u00e1rio de apoios sociais durante o per\u00edodo de resid\u00eancia. A proposta surge no contexto da vota\u00e7\u00e3o da Lei da Nacionalidade, prevista para quarta-feira. O Chega tamb\u00e9m quer que os crimes acima mencionados constem no aditamento ao c\u00f3digo penal que prev\u00ea a perda de nacionalidade como san\u00e7\u00e3o acess\u00f3ria.","og_url":"https:\/\/portaltela.pt\/noticias\/2026\/03\/31\/chega-defende-que-quem-pede-nacionalidade-nao-pode-receber-subsidios-do-estado\/","og_site_name":"Portal Tela Portugal","article_published_time":"2026-03-31T17:32:43+00:00","author":"Telinha","twitter_card":"summary_large_image","twitter_misc":{"Escrito por":"Telinha","Tempo estimado de leitura":"1 minuto"},"schema":{"@context":"https:\/\/schema.org","@graph":[{"@type":"Article","@id":"https:\/\/portaltela.pt\/noticias\/2026\/03\/31\/chega-defende-que-quem-pede-nacionalidade-nao-pode-receber-subsidios-do-estado\/#article","isPartOf":{"@id":"https:\/\/portaltela.pt\/noticias\/2026\/03\/31\/chega-defende-que-quem-pede-nacionalidade-nao-pode-receber-subsidios-do-estado\/"},"author":{"name":"Telinha","@id":"https:\/\/portaltela.pt\/#\/schema\/person\/c4278d4a6028830caff9ee44b42d32ed"},"headline":"Chega defende que quem pede nacionalidade n\u00e3o pode receber subs\u00eddios do Estado","datePublished":"2026-03-31T17:32:43+00:00","mainEntityOfPage":{"@id":"https:\/\/portaltela.pt\/noticias\/2026\/03\/31\/chega-defende-que-quem-pede-nacionalidade-nao-pode-receber-subsidios-do-estado\/"},"wordCount":132,"image":{"@id":"https:\/\/portaltela.pt\/noticias\/2026\/03\/31\/chega-defende-que-quem-pede-nacionalidade-nao-pode-receber-subsidios-do-estado\/#primaryimage"},"thumbnailUrl":"https:\/\/portaltela.pt\/s.01k8rhncp4jt1\/2026\/03\/2078290.jpg","keywords":["associa\u00e7\u00e3o criminosa","crimes","nacionalidade","subs\u00eddios","tr\u00e1fico de armas","tr\u00e1fico de droga"],"articleSection":["Justi\u00e7a","Not\u00edcias"],"inLanguage":"pt-PT"},{"@type":"WebPage","@id":"https:\/\/portaltela.pt\/noticias\/2026\/03\/31\/chega-defende-que-quem-pede-nacionalidade-nao-pode-receber-subsidios-do-estado\/","url":"https:\/\/portaltela.pt\/noticias\/2026\/03\/31\/chega-defende-que-quem-pede-nacionalidade-nao-pode-receber-subsidios-do-estado\/","name":"Chega defende que quem pede nacionalidade n\u00e3o pode receber subs\u00eddios do Estado - Portal Tela Portugal","isPartOf":{"@id":"https:\/\/portaltela.pt\/#website"},"primaryImageOfPage":{"@id":"https:\/\/portaltela.pt\/noticias\/2026\/03\/31\/chega-defende-que-quem-pede-nacionalidade-nao-pode-receber-subsidios-do-estado\/#primaryimage"},"image":{"@id":"https:\/\/portaltela.pt\/noticias\/2026\/03\/31\/chega-defende-que-quem-pede-nacionalidade-nao-pode-receber-subsidios-do-estado\/#primaryimage"},"thumbnailUrl":"https:\/\/portaltela.pt\/s.01k8rhncp4jt1\/2026\/03\/2078290.jpg","datePublished":"2026-03-31T17:32:43+00:00","author":{"@id":"https:\/\/portaltela.pt\/#\/schema\/person\/c4278d4a6028830caff9ee44b42d32ed"},"breadcrumb":{"@id":"https:\/\/portaltela.pt\/noticias\/2026\/03\/31\/chega-defende-que-quem-pede-nacionalidade-nao-pode-receber-subsidios-do-estado\/#breadcrumb"},"inLanguage":"pt-PT","potentialAction":[{"@type":"ReadAction","target":["https:\/\/portaltela.pt\/noticias\/2026\/03\/31\/chega-defende-que-quem-pede-nacionalidade-nao-pode-receber-subsidios-do-estado\/"]}]},{"@type":"ImageObject","inLanguage":"pt-PT","@id":"https:\/\/portaltela.pt\/noticias\/2026\/03\/31\/chega-defende-que-quem-pede-nacionalidade-nao-pode-receber-subsidios-do-estado\/#primaryimage","url":"https:\/\/portaltela.pt\/s.01k8rhncp4jt1\/2026\/03\/2078290.jpg","contentUrl":"https:\/\/portaltela.pt\/s.01k8rhncp4jt1\/2026\/03\/2078290.jpg","width":796,"height":448,"caption":"Na segunda-feira, Andr\u00e9 Ventura lamentou n\u00e3o ter acordo com o PSD para viabilizar nova Lei da Nacionalidade"},{"@type":"BreadcrumbList","@id":"https:\/\/portaltela.pt\/noticias\/2026\/03\/31\/chega-defende-que-quem-pede-nacionalidade-nao-pode-receber-subsidios-do-estado\/#breadcrumb","itemListElement":[{"@type":"ListItem","position":1,"name":"In\u00edcio","item":"https:\/\/portaltela.pt\/"},{"@type":"ListItem","position":2,"name":"Chega defende que quem pede nacionalidade n\u00e3o pode receber subs\u00eddios do Estado"}]},{"@type":"WebSite","@id":"https:\/\/portaltela.pt\/#website","url":"https:\/\/portaltela.pt\/","name":"Portal Tela Portugal","description":"","potentialAction":[{"@type":"SearchAction","target":{"@type":"EntryPoint","urlTemplate":"https:\/\/portaltela.pt\/?s={search_term_string}"},"query-input":{"@type":"PropertyValueSpecification","valueRequired":true,"valueName":"search_term_string"}}],"inLanguage":"pt-PT"},{"@type":"Person","@id":"https:\/\/portaltela.pt\/#\/schema\/person\/c4278d4a6028830caff9ee44b42d32ed","name":"Telinha","image":{"@type":"ImageObject","inLanguage":"pt-PT","@id":"https:\/\/portaltela.pt\/s.01k8rhncp4jt1\/2025\/11\/talking-bot-125x125.png","url":"https:\/\/portaltela.pt\/s.01k8rhncp4jt1\/2025\/11\/talking-bot-125x125.png","contentUrl":"https:\/\/portaltela.pt\/s.01k8rhncp4jt1\/2025\/11\/talking-bot-125x125.png","caption":"Telinha"},"sameAs":["https:\/\/portaltela.pt\/"],"url":"https:\/\/portaltela.pt\/por\/367410592786\/"}]}},"_links":{"self":[{"href":"https:\/\/portaltela.pt\/api\/wp\/v2\/posts\/428121","targetHints":{"allow":["GET"]}}],"collection":[{"href":"https:\/\/portaltela.pt\/api\/wp\/v2\/posts"}],"about":[{"href":"https:\/\/portaltela.pt\/api\/wp\/v2\/types\/post"}],"author":[{"embeddable":true,"href":"https:\/\/portaltela.pt\/api\/wp\/v2\/users\/2"}],"replies":[{"embeddable":true,"href":"https:\/\/portaltela.pt\/api\/wp\/v2\/comments?post=428121"}],"version-history":[{"count":0,"href":"https:\/\/portaltela.pt\/api\/wp\/v2\/posts\/428121\/revisions"}],"wp:featuredmedia":[{"embeddable":true,"href":"https:\/\/portaltela.pt\/api\/wp\/v2\/media\/428131"}],"wp:attachment":[{"href":"https:\/\/portaltela.pt\/api\/wp\/v2\/media?parent=428121"}],"wp:term":[{"taxonomy":"category","embeddable":true,"href":"https:\/\/portaltela.pt\/api\/wp\/v2\/categories?post=428121"},{"taxonomy":"post_tag","embeddable":true,"href":"https:\/\/portaltela.pt\/api\/wp\/v2\/tags?post=428121"}],"curies":[{"name":"wp","href":"https:\/\/api.w.org\/{rel}","templated":true}]}}