{"id":428104,"date":"2026-03-31T14:32:18","date_gmt":"2026-03-31T17:32:18","guid":{"rendered":"https:\/\/portaltela.pt\/noticias\/2026\/03\/31\/mulheres-na-eslovenia-mantem-viva-a-arte-pascal-centenaria-das-drsanke\/"},"modified":"2026-03-31T14:32:18","modified_gmt":"2026-03-31T17:32:18","slug":"mulheres-na-eslovenia-mantem-viva-a-arte-pascal-centenaria-das-drsanke","status":"publish","type":"post","link":"https:\/\/portaltela.pt\/noticias\/2026\/03\/31\/mulheres-na-eslovenia-mantem-viva-a-arte-pascal-centenaria-das-drsanke\/","title":{"rendered":"Mulheres na Eslov\u00e9nia mant\u00eam viva a arte pascal centen\u00e1ria das drsanke"},"content":{"rendered":"<p>No sul da Eslov\u00e9nia, mulheres reavivam a arte pascal centen\u00e1ria das &#8216;drsanke&#8217;, esculpindo desenhos em ovos tingidos com cascas de cebola. A pr\u00e1tica est\u00e1 intimamente ligada \u00e0 regi\u00e3o de Bela Krajina e \u00e0s tradi\u00e7\u00f5es locais de P\u00e1scoa.<\/p>\n<p>As artes\u00e3s utilizam pequenas facas ou tesouras para gravar os desenhos na casca do ovo, criando motivos florais, animais e religiosos em tra\u00e7os finos. Cada pe\u00e7a demora cerca de uma hora a ficar pronta, transformando um objeto simples numa lembran\u00e7a artesanal.<\/p>\n<p>O processo envolve cozinhar os ovos durante pelo menos uma hora e guard\u00e1-los em local fresco para a secagem do interior. Uma camada de \u00f3leo ajuda a conservar as pe\u00e7as durante anos.<\/p>\n<p>Milena Staresinic, quase a completar 80 anos, descreve a tradi\u00e7\u00e3o como um reposit\u00f3rio de mem\u00f3rias e significado. Aprendeu com o pai, numa \u00e9poca em que oferecer um ovo na P\u00e1scoa era uma forma discreta de demonstrar afeto.<\/p>\n<h3>Oficinas nas escolas mant\u00eam a pr\u00e1tica<\/h3>\n<p>Participantes jovens aprendem a gravar sem tra\u00e7os predefinidos, confiando no instinto e no sentido de equil\u00edbrio. As oficinas t\u00eam como objetivo ensinar a t\u00e9cnica e manter a artesania viva entre as novas gera\u00e7\u00f5es.<\/p>\n<p>Estas iniciativas contribuem para preservar o patrim\u00f3nio artesanal da regi\u00e3o e asseguram que a t\u00e9cnica continue a ser transmitida de gera\u00e7\u00e3o em gera\u00e7\u00e3o.<\/p>\n","protected":false},"excerpt":{"rendered":"<ul>\n<li>No sul da Eslov\u00e9nia, mulheres recuperam a arte &#8216;drsanke&#8217; de decorar ovos da P\u00e1scoa na regi\u00e3o de Bela Krajina.<\/li>\n<li>Os ovos s\u00e3o tingidos com cascas de cebola e gravados com facas, criando motivos florais, animais e religiosos em tra\u00e7os finos.<\/li>\n<li>Cada ovo demora cerca de uma hora a ficar pronto, ap\u00f3s ser cozido durante pelo menos uma hora e guardado em local fresco para secar.<\/li>\n<li>Uma camada de \u00f3leo ajuda a conservar as pe\u00e7as durante anos; a artes\u00e3 Milena Staresinic, quase com 80 anos, aprendeu a tradi\u00e7\u00e3o com o pai.<\/li>\n<li>Oficinas em escolas da regi\u00e3o ajudam a manter viva a pr\u00e1tica, com crian\u00e7as a aprenderem a gravar sem desenhar primeiro e a confiar no instinto.<\/li>\n<\/ul>\n","protected":false},"author":2,"featured_media":428110,"comment_status":"closed","ping_status":"closed","sticky":false,"template":"","format":"standard","meta":{"footnotes":""},"categories":[7375,1],"tags":[70,222,145,814,1175,146],"class_list":["post-428104","post","type-post","status-publish","format-standard","has-post-thumbnail","hentry","category-cultura","category-noticias","tag-arte","tag-artesanato","tag-cultura","tag-patrimonio","tag-patrimonio-cultural","tag-tradicoes"],"yoast_head":"<!-- This site is optimized with the Yoast SEO plugin v27.2 - https:\/\/yoast.com\/product\/yoast-seo-wordpress\/ -->\n<title>Mulheres na Eslov\u00e9nia mant\u00eam viva a arte pascal centen\u00e1ria das drsanke - Portal Tela Portugal<\/title>\n<meta name=\"robots\" content=\"index, follow, max-snippet:-1, max-image-preview:large, max-video-preview:-1\" \/>\n<meta property=\"og:locale\" content=\"pt_PT\" \/>\n<meta property=\"og:type\" content=\"article\" \/>\n<meta property=\"og:title\" content=\"Mulheres na Eslov\u00e9nia mant\u00eam viva a arte pascal centen\u00e1ria das drsanke - Portal Tela Portugal\" \/>\n<meta property=\"og:description\" content=\"No sul da Eslov\u00e9nia, mulheres recuperam a arte &#039;drsanke&#039; de decorar ovos da P\u00e1scoa na regi\u00e3o de Bela Krajina. Os ovos s\u00e3o tingidos com cascas de cebola e gravados com facas, criando motivos florais, animais e religiosos em tra\u00e7os finos. Cada ovo demora cerca de uma hora a ficar pronto, ap\u00f3s ser cozido durante pelo menos uma hora e guardado em local fresco para secar. Uma camada de \u00f3leo ajuda a conservar as pe\u00e7as durante anos; a artes\u00e3 Milena Staresinic, quase com 80 anos, aprendeu a tradi\u00e7\u00e3o com o pai. Oficinas em escolas da regi\u00e3o ajudam a manter viva a pr\u00e1tica, com crian\u00e7as a aprenderem a gravar sem desenhar primeiro e a confiar no instinto.\" \/>\n<meta property=\"og:url\" content=\"https:\/\/portaltela.pt\/noticias\/2026\/03\/31\/mulheres-na-eslovenia-mantem-viva-a-arte-pascal-centenaria-das-drsanke\/\" \/>\n<meta property=\"og:site_name\" content=\"Portal Tela Portugal\" \/>\n<meta property=\"article:published_time\" content=\"2026-03-31T17:32:18+00:00\" \/>\n<meta name=\"author\" content=\"Telinha\" \/>\n<meta name=\"twitter:card\" content=\"summary_large_image\" \/>\n<meta name=\"twitter:label1\" content=\"Escrito por\" \/>\n\t<meta name=\"twitter:data1\" content=\"Telinha\" \/>\n\t<meta name=\"twitter:label2\" content=\"Tempo estimado de leitura\" \/>\n\t<meta name=\"twitter:data2\" content=\"1 minuto\" \/>\n<script type=\"application\/ld+json\" class=\"yoast-schema-graph\">{\"@context\":\"https:\/\/schema.org\",\"@graph\":[{\"@type\":\"Article\",\"@id\":\"https:\/\/portaltela.pt\/noticias\/2026\/03\/31\/mulheres-na-eslovenia-mantem-viva-a-arte-pascal-centenaria-das-drsanke\/#article\",\"isPartOf\":{\"@id\":\"https:\/\/portaltela.pt\/noticias\/2026\/03\/31\/mulheres-na-eslovenia-mantem-viva-a-arte-pascal-centenaria-das-drsanke\/\"},\"author\":{\"name\":\"Telinha\",\"@id\":\"https:\/\/portaltela.pt\/#\/schema\/person\/c4278d4a6028830caff9ee44b42d32ed\"},\"headline\":\"Mulheres na Eslov\u00e9nia mant\u00eam viva a arte pascal centen\u00e1ria das drsanke\",\"datePublished\":\"2026-03-31T17:32:18+00:00\",\"mainEntityOfPage\":{\"@id\":\"https:\/\/portaltela.pt\/noticias\/2026\/03\/31\/mulheres-na-eslovenia-mantem-viva-a-arte-pascal-centenaria-das-drsanke\/\"},\"wordCount\":249,\"image\":{\"@id\":\"https:\/\/portaltela.pt\/noticias\/2026\/03\/31\/mulheres-na-eslovenia-mantem-viva-a-arte-pascal-centenaria-das-drsanke\/#primaryimage\"},\"thumbnailUrl\":\"https:\/\/portaltela.pt\/s.01k8rhncp4jt1\/2026\/03\/1536x864_cmsv2_7ffe076c-e2fc-57ff-8ab6-9fcefacf8c0e-9705600.jpg\",\"keywords\":[\"arte\",\"artesanato\",\"cultura\",\"patrim\u00f3nio\",\"Patrim\u00f3nio Cultural\",\"tradi\u00e7\u00f5es\"],\"articleSection\":[\"Cultura\",\"Not\u00edcias\"],\"inLanguage\":\"pt-PT\"},{\"@type\":\"WebPage\",\"@id\":\"https:\/\/portaltela.pt\/noticias\/2026\/03\/31\/mulheres-na-eslovenia-mantem-viva-a-arte-pascal-centenaria-das-drsanke\/\",\"url\":\"https:\/\/portaltela.pt\/noticias\/2026\/03\/31\/mulheres-na-eslovenia-mantem-viva-a-arte-pascal-centenaria-das-drsanke\/\",\"name\":\"Mulheres na Eslov\u00e9nia mant\u00eam viva a arte pascal centen\u00e1ria das drsanke - Portal Tela Portugal\",\"isPartOf\":{\"@id\":\"https:\/\/portaltela.pt\/#website\"},\"primaryImageOfPage\":{\"@id\":\"https:\/\/portaltela.pt\/noticias\/2026\/03\/31\/mulheres-na-eslovenia-mantem-viva-a-arte-pascal-centenaria-das-drsanke\/#primaryimage\"},\"image\":{\"@id\":\"https:\/\/portaltela.pt\/noticias\/2026\/03\/31\/mulheres-na-eslovenia-mantem-viva-a-arte-pascal-centenaria-das-drsanke\/#primaryimage\"},\"thumbnailUrl\":\"https:\/\/portaltela.pt\/s.01k8rhncp4jt1\/2026\/03\/1536x864_cmsv2_7ffe076c-e2fc-57ff-8ab6-9fcefacf8c0e-9705600.jpg\",\"datePublished\":\"2026-03-31T17:32:18+00:00\",\"author\":{\"@id\":\"https:\/\/portaltela.pt\/#\/schema\/person\/c4278d4a6028830caff9ee44b42d32ed\"},\"breadcrumb\":{\"@id\":\"https:\/\/portaltela.pt\/noticias\/2026\/03\/31\/mulheres-na-eslovenia-mantem-viva-a-arte-pascal-centenaria-das-drsanke\/#breadcrumb\"},\"inLanguage\":\"pt-PT\",\"potentialAction\":[{\"@type\":\"ReadAction\",\"target\":[\"https:\/\/portaltela.pt\/noticias\/2026\/03\/31\/mulheres-na-eslovenia-mantem-viva-a-arte-pascal-centenaria-das-drsanke\/\"]}]},{\"@type\":\"ImageObject\",\"inLanguage\":\"pt-PT\",\"@id\":\"https:\/\/portaltela.pt\/noticias\/2026\/03\/31\/mulheres-na-eslovenia-mantem-viva-a-arte-pascal-centenaria-das-drsanke\/#primaryimage\",\"url\":\"https:\/\/portaltela.pt\/s.01k8rhncp4jt1\/2026\/03\/1536x864_cmsv2_7ffe076c-e2fc-57ff-8ab6-9fcefacf8c0e-9705600.jpg\",\"contentUrl\":\"https:\/\/portaltela.pt\/s.01k8rhncp4jt1\/2026\/03\/1536x864_cmsv2_7ffe076c-e2fc-57ff-8ab6-9fcefacf8c0e-9705600.jpg\",\"width\":796,\"height\":448,\"caption\":\"Ovos da P\u00e1scoa esculpidos \u00e0 m\u00e3o, Suhor, Eslov\u00e9nia, 28 de mar\u00e7o de 2026\"},{\"@type\":\"BreadcrumbList\",\"@id\":\"https:\/\/portaltela.pt\/noticias\/2026\/03\/31\/mulheres-na-eslovenia-mantem-viva-a-arte-pascal-centenaria-das-drsanke\/#breadcrumb\",\"itemListElement\":[{\"@type\":\"ListItem\",\"position\":1,\"name\":\"In\u00edcio\",\"item\":\"https:\/\/portaltela.pt\/\"},{\"@type\":\"ListItem\",\"position\":2,\"name\":\"Mulheres na Eslov\u00e9nia mant\u00eam viva a arte pascal centen\u00e1ria das drsanke\"}]},{\"@type\":\"WebSite\",\"@id\":\"https:\/\/portaltela.pt\/#website\",\"url\":\"https:\/\/portaltela.pt\/\",\"name\":\"Portal Tela Portugal\",\"description\":\"\",\"potentialAction\":[{\"@type\":\"SearchAction\",\"target\":{\"@type\":\"EntryPoint\",\"urlTemplate\":\"https:\/\/portaltela.pt\/?s={search_term_string}\"},\"query-input\":{\"@type\":\"PropertyValueSpecification\",\"valueRequired\":true,\"valueName\":\"search_term_string\"}}],\"inLanguage\":\"pt-PT\"},{\"@type\":\"Person\",\"@id\":\"https:\/\/portaltela.pt\/#\/schema\/person\/c4278d4a6028830caff9ee44b42d32ed\",\"name\":\"Telinha\",\"image\":{\"@type\":\"ImageObject\",\"inLanguage\":\"pt-PT\",\"@id\":\"https:\/\/portaltela.pt\/s.01k8rhncp4jt1\/2025\/11\/talking-bot-125x125.png\",\"url\":\"https:\/\/portaltela.pt\/s.01k8rhncp4jt1\/2025\/11\/talking-bot-125x125.png\",\"contentUrl\":\"https:\/\/portaltela.pt\/s.01k8rhncp4jt1\/2025\/11\/talking-bot-125x125.png\",\"caption\":\"Telinha\"},\"sameAs\":[\"https:\/\/portaltela.pt\/\"],\"url\":\"https:\/\/portaltela.pt\/por\/367410592786\/\"}]}<\/script>\n<!-- \/ Yoast SEO plugin. -->","yoast_head_json":{"title":"Mulheres na Eslov\u00e9nia mant\u00eam viva a arte pascal centen\u00e1ria das drsanke - Portal Tela Portugal","robots":{"index":"index","follow":"follow","max-snippet":"max-snippet:-1","max-image-preview":"max-image-preview:large","max-video-preview":"max-video-preview:-1"},"og_locale":"pt_PT","og_type":"article","og_title":"Mulheres na Eslov\u00e9nia mant\u00eam viva a arte pascal centen\u00e1ria das drsanke - Portal Tela Portugal","og_description":"No sul da Eslov\u00e9nia, mulheres recuperam a arte 'drsanke' de decorar ovos da P\u00e1scoa na regi\u00e3o de Bela Krajina. Os ovos s\u00e3o tingidos com cascas de cebola e gravados com facas, criando motivos florais, animais e religiosos em tra\u00e7os finos. Cada ovo demora cerca de uma hora a ficar pronto, ap\u00f3s ser cozido durante pelo menos uma hora e guardado em local fresco para secar. Uma camada de \u00f3leo ajuda a conservar as pe\u00e7as durante anos; a artes\u00e3 Milena Staresinic, quase com 80 anos, aprendeu a tradi\u00e7\u00e3o com o pai. Oficinas em escolas da regi\u00e3o ajudam a manter viva a pr\u00e1tica, com crian\u00e7as a aprenderem a gravar sem desenhar primeiro e a confiar no instinto.","og_url":"https:\/\/portaltela.pt\/noticias\/2026\/03\/31\/mulheres-na-eslovenia-mantem-viva-a-arte-pascal-centenaria-das-drsanke\/","og_site_name":"Portal Tela Portugal","article_published_time":"2026-03-31T17:32:18+00:00","author":"Telinha","twitter_card":"summary_large_image","twitter_misc":{"Escrito por":"Telinha","Tempo estimado de leitura":"1 minuto"},"schema":{"@context":"https:\/\/schema.org","@graph":[{"@type":"Article","@id":"https:\/\/portaltela.pt\/noticias\/2026\/03\/31\/mulheres-na-eslovenia-mantem-viva-a-arte-pascal-centenaria-das-drsanke\/#article","isPartOf":{"@id":"https:\/\/portaltela.pt\/noticias\/2026\/03\/31\/mulheres-na-eslovenia-mantem-viva-a-arte-pascal-centenaria-das-drsanke\/"},"author":{"name":"Telinha","@id":"https:\/\/portaltela.pt\/#\/schema\/person\/c4278d4a6028830caff9ee44b42d32ed"},"headline":"Mulheres na Eslov\u00e9nia mant\u00eam viva a arte pascal centen\u00e1ria das drsanke","datePublished":"2026-03-31T17:32:18+00:00","mainEntityOfPage":{"@id":"https:\/\/portaltela.pt\/noticias\/2026\/03\/31\/mulheres-na-eslovenia-mantem-viva-a-arte-pascal-centenaria-das-drsanke\/"},"wordCount":249,"image":{"@id":"https:\/\/portaltela.pt\/noticias\/2026\/03\/31\/mulheres-na-eslovenia-mantem-viva-a-arte-pascal-centenaria-das-drsanke\/#primaryimage"},"thumbnailUrl":"https:\/\/portaltela.pt\/s.01k8rhncp4jt1\/2026\/03\/1536x864_cmsv2_7ffe076c-e2fc-57ff-8ab6-9fcefacf8c0e-9705600.jpg","keywords":["arte","artesanato","cultura","patrim\u00f3nio","Patrim\u00f3nio Cultural","tradi\u00e7\u00f5es"],"articleSection":["Cultura","Not\u00edcias"],"inLanguage":"pt-PT"},{"@type":"WebPage","@id":"https:\/\/portaltela.pt\/noticias\/2026\/03\/31\/mulheres-na-eslovenia-mantem-viva-a-arte-pascal-centenaria-das-drsanke\/","url":"https:\/\/portaltela.pt\/noticias\/2026\/03\/31\/mulheres-na-eslovenia-mantem-viva-a-arte-pascal-centenaria-das-drsanke\/","name":"Mulheres na Eslov\u00e9nia mant\u00eam viva a arte pascal centen\u00e1ria das drsanke - Portal Tela Portugal","isPartOf":{"@id":"https:\/\/portaltela.pt\/#website"},"primaryImageOfPage":{"@id":"https:\/\/portaltela.pt\/noticias\/2026\/03\/31\/mulheres-na-eslovenia-mantem-viva-a-arte-pascal-centenaria-das-drsanke\/#primaryimage"},"image":{"@id":"https:\/\/portaltela.pt\/noticias\/2026\/03\/31\/mulheres-na-eslovenia-mantem-viva-a-arte-pascal-centenaria-das-drsanke\/#primaryimage"},"thumbnailUrl":"https:\/\/portaltela.pt\/s.01k8rhncp4jt1\/2026\/03\/1536x864_cmsv2_7ffe076c-e2fc-57ff-8ab6-9fcefacf8c0e-9705600.jpg","datePublished":"2026-03-31T17:32:18+00:00","author":{"@id":"https:\/\/portaltela.pt\/#\/schema\/person\/c4278d4a6028830caff9ee44b42d32ed"},"breadcrumb":{"@id":"https:\/\/portaltela.pt\/noticias\/2026\/03\/31\/mulheres-na-eslovenia-mantem-viva-a-arte-pascal-centenaria-das-drsanke\/#breadcrumb"},"inLanguage":"pt-PT","potentialAction":[{"@type":"ReadAction","target":["https:\/\/portaltela.pt\/noticias\/2026\/03\/31\/mulheres-na-eslovenia-mantem-viva-a-arte-pascal-centenaria-das-drsanke\/"]}]},{"@type":"ImageObject","inLanguage":"pt-PT","@id":"https:\/\/portaltela.pt\/noticias\/2026\/03\/31\/mulheres-na-eslovenia-mantem-viva-a-arte-pascal-centenaria-das-drsanke\/#primaryimage","url":"https:\/\/portaltela.pt\/s.01k8rhncp4jt1\/2026\/03\/1536x864_cmsv2_7ffe076c-e2fc-57ff-8ab6-9fcefacf8c0e-9705600.jpg","contentUrl":"https:\/\/portaltela.pt\/s.01k8rhncp4jt1\/2026\/03\/1536x864_cmsv2_7ffe076c-e2fc-57ff-8ab6-9fcefacf8c0e-9705600.jpg","width":796,"height":448,"caption":"Ovos da P\u00e1scoa esculpidos \u00e0 m\u00e3o, Suhor, Eslov\u00e9nia, 28 de mar\u00e7o de 2026"},{"@type":"BreadcrumbList","@id":"https:\/\/portaltela.pt\/noticias\/2026\/03\/31\/mulheres-na-eslovenia-mantem-viva-a-arte-pascal-centenaria-das-drsanke\/#breadcrumb","itemListElement":[{"@type":"ListItem","position":1,"name":"In\u00edcio","item":"https:\/\/portaltela.pt\/"},{"@type":"ListItem","position":2,"name":"Mulheres na Eslov\u00e9nia mant\u00eam viva a arte pascal centen\u00e1ria das drsanke"}]},{"@type":"WebSite","@id":"https:\/\/portaltela.pt\/#website","url":"https:\/\/portaltela.pt\/","name":"Portal Tela Portugal","description":"","potentialAction":[{"@type":"SearchAction","target":{"@type":"EntryPoint","urlTemplate":"https:\/\/portaltela.pt\/?s={search_term_string}"},"query-input":{"@type":"PropertyValueSpecification","valueRequired":true,"valueName":"search_term_string"}}],"inLanguage":"pt-PT"},{"@type":"Person","@id":"https:\/\/portaltela.pt\/#\/schema\/person\/c4278d4a6028830caff9ee44b42d32ed","name":"Telinha","image":{"@type":"ImageObject","inLanguage":"pt-PT","@id":"https:\/\/portaltela.pt\/s.01k8rhncp4jt1\/2025\/11\/talking-bot-125x125.png","url":"https:\/\/portaltela.pt\/s.01k8rhncp4jt1\/2025\/11\/talking-bot-125x125.png","contentUrl":"https:\/\/portaltela.pt\/s.01k8rhncp4jt1\/2025\/11\/talking-bot-125x125.png","caption":"Telinha"},"sameAs":["https:\/\/portaltela.pt\/"],"url":"https:\/\/portaltela.pt\/por\/367410592786\/"}]}},"_links":{"self":[{"href":"https:\/\/portaltela.pt\/api\/wp\/v2\/posts\/428104","targetHints":{"allow":["GET"]}}],"collection":[{"href":"https:\/\/portaltela.pt\/api\/wp\/v2\/posts"}],"about":[{"href":"https:\/\/portaltela.pt\/api\/wp\/v2\/types\/post"}],"author":[{"embeddable":true,"href":"https:\/\/portaltela.pt\/api\/wp\/v2\/users\/2"}],"replies":[{"embeddable":true,"href":"https:\/\/portaltela.pt\/api\/wp\/v2\/comments?post=428104"}],"version-history":[{"count":0,"href":"https:\/\/portaltela.pt\/api\/wp\/v2\/posts\/428104\/revisions"}],"wp:featuredmedia":[{"embeddable":true,"href":"https:\/\/portaltela.pt\/api\/wp\/v2\/media\/428110"}],"wp:attachment":[{"href":"https:\/\/portaltela.pt\/api\/wp\/v2\/media?parent=428104"}],"wp:term":[{"taxonomy":"category","embeddable":true,"href":"https:\/\/portaltela.pt\/api\/wp\/v2\/categories?post=428104"},{"taxonomy":"post_tag","embeddable":true,"href":"https:\/\/portaltela.pt\/api\/wp\/v2\/tags?post=428104"}],"curies":[{"name":"wp","href":"https:\/\/api.w.org\/{rel}","templated":true}]}}