{"id":428103,"date":"2026-03-31T14:32:16","date_gmt":"2026-03-31T17:32:16","guid":{"rendered":"https:\/\/portaltela.pt\/noticias\/2026\/03\/31\/capitulo-perfeito-com-novo-periodo-de-espera-a-procura-das-melhores-ondas\/"},"modified":"2026-03-31T14:32:16","modified_gmt":"2026-03-31T17:32:16","slug":"capitulo-perfeito-com-novo-periodo-de-espera-a-procura-das-melhores-ondas","status":"publish","type":"post","link":"https:\/\/portaltela.pt\/desporto\/futebol\/2026\/03\/31\/capitulo-perfeito-com-novo-periodo-de-espera-a-procura-das-melhores-ondas\/","title":{"rendered":"Cap\u00edtulo Perfeito com novo per\u00edodo de espera \u00e0 procura das melhores ondas"},"content":{"rendered":"<p>Foi anunciada uma nova calendariza\u00e7\u00e3o para o Cap\u00edtulo Perfeito, prova internacional de surf dedicada aos tubos, que passa a realizar-se em tr\u00eas palcos em 2026: Mo\u00e7ambique, Indon\u00e9sia e Carcavelos, em Cascais. O adiamento de Carcavelos, limite do evento principal, levou a altera\u00e7\u00f5es no calend\u00e1rio geral.<\/p>\n<p>A edi\u00e7\u00e3o de Carcavelos ter\u00e1 o per\u00edodo de espera entre 01 de novembro e 15 de dezembro. A etapa de Mo\u00e7ambique, na Praia da Barra, estende-se at\u00e9 30 de abril. A Indon\u00e9sia mant\u00e9m o intervalo entre 01 e 15 de setembro. Cada palco segue a mesma l\u00f3gica de composi\u00e7\u00e3o de surfistas, com vencedores a receber 10.000 euros e um convite para o Cap\u00edtulo Perfeito de Carcavelos em 2027.<\/p>\n<h3>Altera\u00e7\u00f5es e prazos<\/h3>\n<p>Devido ao atraso em Carcavelos, os quatro finalistas de 2025 v\u00e3o compor o line-up da etapa mo\u00e7ambicana: Cam Richards, Noah Beschen, Balaram Stack e Pedro Calado. Wildcards locais, como Junior e Mini Cho, dever\u00e3o integrar o elenco, juntamente com outros convidados internacionais a anunciar.<\/p>\n<p>Na Indon\u00e9sia, a estrutura de competi\u00e7\u00e3o permanece igual, incluindo os quatro finalistas de 2025. O vencedor desta etapa tamb\u00e9m recebe 10.000 euros e o al\u00edvio de um convite para competir em Carcavelos em 2027. A organiza\u00e7\u00e3o refor\u00e7a que os finalistas de Carcavelos em 2026 ter\u00e3o wildcards para a edi\u00e7\u00e3o de 2027.<\/p>\n<p>O promotor Rui Costa descreveu o adiamento como uma forma de manter o padr\u00e3o de excel\u00eancia do evento, enfatizando a aposta na qualidade das ondas e na experi\u00eancia dos surfistas convidados. O objetivo \u00e9 garantir um momento de competi\u00e7\u00e3o de alto n\u00edvel, compat\u00edvel com a reputa\u00e7\u00e3o das marcas envolvidas.<\/p>\n","protected":false},"excerpt":{"rendered":"<ul>\n<li>O Cap\u00edtulo Perfeito de surf 2026 decorrer\u00e1 em tr\u00eas palcos: Carcavelos (Portugal), Mo\u00e7ambique e Indon\u00e9sia, com novas datas anunciadas.<\/li>\n<li>O per\u00edodo de espera em Carcavelos passa a ser entre 01 de novembro e 15 de dezembro; Mo\u00e7ambique ter\u00e1 calend\u00e1rio alargado at\u00e9 30 de abril.<\/li>\n<li>Os finalistas de 2025 (Cam Richards, Noah Beschen, Balaram Stack e Pedro Calado) comp\u00f5em o lineup Mo\u00e7ambique, juntamente com wildcards e um convidado internacional a anunciar.<\/li>\n<li>O vencedor da etapa em Mo\u00e7ambique recebe 10.000 euros e um convite para a prova-m\u00e3e em Carcavelos em 2027; a Indon\u00e9sia mant\u00e9m o direito semelhante de pr\u00e9mio e convite.<\/li>\n<li>A organiza\u00e7\u00e3o assegura wildcards para os finalistas de 2026 em Carcavelos na edi\u00e7\u00e3o de 2027 e justifica o adiamento pela busca da excel\u00eancia das ondas, mantendo o compromisso com o n\u00edvel t\u00e9cnico do evento.<\/li>\n<\/ul>\n","protected":false},"author":2,"featured_media":428108,"comment_status":"closed","ping_status":"closed","sticky":false,"template":"","format":"standard","meta":{"footnotes":""},"categories":[21,24],"tags":[2652,1111,1285,152,6118,1911],"class_list":["post-428103","post","type-post","status-publish","format-standard","has-post-thumbnail","hentry","category-desporto","category-futebol","tag-carcavelos","tag-cascais","tag-competicao","tag-desporto","tag-indonesia","tag-mocambique"],"yoast_head":"<!-- This site is optimized with the Yoast SEO plugin v27.2 - https:\/\/yoast.com\/product\/yoast-seo-wordpress\/ -->\n<title>Cap\u00edtulo Perfeito com novo per\u00edodo de espera \u00e0 procura das melhores ondas - Portal Tela Portugal<\/title>\n<meta name=\"robots\" content=\"index, follow, max-snippet:-1, max-image-preview:large, max-video-preview:-1\" \/>\n<meta property=\"og:locale\" content=\"pt_PT\" \/>\n<meta property=\"og:type\" content=\"article\" \/>\n<meta property=\"og:title\" content=\"Cap\u00edtulo Perfeito com novo per\u00edodo de espera \u00e0 procura das melhores ondas - Portal Tela Portugal\" \/>\n<meta property=\"og:description\" content=\"O Cap\u00edtulo Perfeito de surf 2026 decorrer\u00e1 em tr\u00eas palcos: Carcavelos (Portugal), Mo\u00e7ambique e Indon\u00e9sia, com novas datas anunciadas. O per\u00edodo de espera em Carcavelos passa a ser entre 01 de novembro e 15 de dezembro; Mo\u00e7ambique ter\u00e1 calend\u00e1rio alargado at\u00e9 30 de abril. Os finalistas de 2025 (Cam Richards, Noah Beschen, Balaram Stack e Pedro Calado) comp\u00f5em o lineup Mo\u00e7ambique, juntamente com wildcards e um convidado internacional a anunciar. O vencedor da etapa em Mo\u00e7ambique recebe 10.000 euros e um convite para a prova-m\u00e3e em Carcavelos em 2027; a Indon\u00e9sia mant\u00e9m o direito semelhante de pr\u00e9mio e convite. A organiza\u00e7\u00e3o assegura wildcards para os finalistas de 2026 em Carcavelos na edi\u00e7\u00e3o de 2027 e justifica o adiamento pela busca da excel\u00eancia das ondas, mantendo o compromisso com o n\u00edvel t\u00e9cnico do evento.\" \/>\n<meta property=\"og:url\" content=\"https:\/\/portaltela.pt\/noticias\/2026\/03\/31\/capitulo-perfeito-com-novo-periodo-de-espera-a-procura-das-melhores-ondas\/\" \/>\n<meta property=\"og:site_name\" content=\"Portal Tela Portugal\" \/>\n<meta property=\"article:published_time\" content=\"2026-03-31T17:32:16+00:00\" \/>\n<meta name=\"author\" content=\"Telinha\" \/>\n<meta name=\"twitter:card\" content=\"summary_large_image\" \/>\n<meta name=\"twitter:label1\" content=\"Escrito por\" \/>\n\t<meta name=\"twitter:data1\" content=\"Telinha\" \/>\n\t<meta name=\"twitter:label2\" content=\"Tempo estimado de leitura\" \/>\n\t<meta name=\"twitter:data2\" content=\"1 minuto\" \/>\n<script type=\"application\/ld+json\" class=\"yoast-schema-graph\">{\"@context\":\"https:\/\/schema.org\",\"@graph\":[{\"@type\":\"Article\",\"@id\":\"https:\/\/portaltela.pt\/noticias\/2026\/03\/31\/capitulo-perfeito-com-novo-periodo-de-espera-a-procura-das-melhores-ondas\/#article\",\"isPartOf\":{\"@id\":\"https:\/\/portaltela.pt\/noticias\/2026\/03\/31\/capitulo-perfeito-com-novo-periodo-de-espera-a-procura-das-melhores-ondas\/\"},\"author\":{\"name\":\"Telinha\",\"@id\":\"https:\/\/portaltela.pt\/#\/schema\/person\/c4278d4a6028830caff9ee44b42d32ed\"},\"headline\":\"Cap\u00edtulo Perfeito com novo per\u00edodo de espera \u00e0 procura das melhores ondas\",\"datePublished\":\"2026-03-31T17:32:16+00:00\",\"mainEntityOfPage\":{\"@id\":\"https:\/\/portaltela.pt\/noticias\/2026\/03\/31\/capitulo-perfeito-com-novo-periodo-de-espera-a-procura-das-melhores-ondas\/\"},\"wordCount\":292,\"image\":{\"@id\":\"https:\/\/portaltela.pt\/noticias\/2026\/03\/31\/capitulo-perfeito-com-novo-periodo-de-espera-a-procura-das-melhores-ondas\/#primaryimage\"},\"thumbnailUrl\":\"https:\/\/portaltela.pt\/s.01k8rhncp4jt1\/2026\/03\/img_920x518uu2025-02-22-20-47-51-2342350.jpg\",\"keywords\":[\"Carcavelos\",\"Cascais\",\"competi\u00e7\u00e3o\",\"desporto\",\"Indon\u00e9sia\",\"Mo\u00e7ambique\"],\"articleSection\":[\"Desporto\",\"Futebol\"],\"inLanguage\":\"pt-PT\"},{\"@type\":\"WebPage\",\"@id\":\"https:\/\/portaltela.pt\/noticias\/2026\/03\/31\/capitulo-perfeito-com-novo-periodo-de-espera-a-procura-das-melhores-ondas\/\",\"url\":\"https:\/\/portaltela.pt\/noticias\/2026\/03\/31\/capitulo-perfeito-com-novo-periodo-de-espera-a-procura-das-melhores-ondas\/\",\"name\":\"Cap\u00edtulo Perfeito com novo per\u00edodo de espera \u00e0 procura das melhores ondas - Portal Tela Portugal\",\"isPartOf\":{\"@id\":\"https:\/\/portaltela.pt\/#website\"},\"primaryImageOfPage\":{\"@id\":\"https:\/\/portaltela.pt\/noticias\/2026\/03\/31\/capitulo-perfeito-com-novo-periodo-de-espera-a-procura-das-melhores-ondas\/#primaryimage\"},\"image\":{\"@id\":\"https:\/\/portaltela.pt\/noticias\/2026\/03\/31\/capitulo-perfeito-com-novo-periodo-de-espera-a-procura-das-melhores-ondas\/#primaryimage\"},\"thumbnailUrl\":\"https:\/\/portaltela.pt\/s.01k8rhncp4jt1\/2026\/03\/img_920x518uu2025-02-22-20-47-51-2342350.jpg\",\"datePublished\":\"2026-03-31T17:32:16+00:00\",\"author\":{\"@id\":\"https:\/\/portaltela.pt\/#\/schema\/person\/c4278d4a6028830caff9ee44b42d32ed\"},\"breadcrumb\":{\"@id\":\"https:\/\/portaltela.pt\/noticias\/2026\/03\/31\/capitulo-perfeito-com-novo-periodo-de-espera-a-procura-das-melhores-ondas\/#breadcrumb\"},\"inLanguage\":\"pt-PT\",\"potentialAction\":[{\"@type\":\"ReadAction\",\"target\":[\"https:\/\/portaltela.pt\/noticias\/2026\/03\/31\/capitulo-perfeito-com-novo-periodo-de-espera-a-procura-das-melhores-ondas\/\"]}]},{\"@type\":\"ImageObject\",\"inLanguage\":\"pt-PT\",\"@id\":\"https:\/\/portaltela.pt\/noticias\/2026\/03\/31\/capitulo-perfeito-com-novo-periodo-de-espera-a-procura-das-melhores-ondas\/#primaryimage\",\"url\":\"https:\/\/portaltela.pt\/s.01k8rhncp4jt1\/2026\/03\/img_920x518uu2025-02-22-20-47-51-2342350.jpg\",\"contentUrl\":\"https:\/\/portaltela.pt\/s.01k8rhncp4jt1\/2026\/03\/img_920x518uu2025-02-22-20-47-51-2342350.jpg\",\"width\":796,\"height\":448,\"caption\":\"Prova de surf \u00e9 dedicada aos tubos\"},{\"@type\":\"BreadcrumbList\",\"@id\":\"https:\/\/portaltela.pt\/noticias\/2026\/03\/31\/capitulo-perfeito-com-novo-periodo-de-espera-a-procura-das-melhores-ondas\/#breadcrumb\",\"itemListElement\":[{\"@type\":\"ListItem\",\"position\":1,\"name\":\"In\u00edcio\",\"item\":\"https:\/\/portaltela.pt\/\"},{\"@type\":\"ListItem\",\"position\":2,\"name\":\"Cap\u00edtulo Perfeito com novo per\u00edodo de espera \u00e0 procura das melhores ondas\"}]},{\"@type\":\"WebSite\",\"@id\":\"https:\/\/portaltela.pt\/#website\",\"url\":\"https:\/\/portaltela.pt\/\",\"name\":\"Portal Tela Portugal\",\"description\":\"\",\"potentialAction\":[{\"@type\":\"SearchAction\",\"target\":{\"@type\":\"EntryPoint\",\"urlTemplate\":\"https:\/\/portaltela.pt\/?s={search_term_string}\"},\"query-input\":{\"@type\":\"PropertyValueSpecification\",\"valueRequired\":true,\"valueName\":\"search_term_string\"}}],\"inLanguage\":\"pt-PT\"},{\"@type\":\"Person\",\"@id\":\"https:\/\/portaltela.pt\/#\/schema\/person\/c4278d4a6028830caff9ee44b42d32ed\",\"name\":\"Telinha\",\"image\":{\"@type\":\"ImageObject\",\"inLanguage\":\"pt-PT\",\"@id\":\"https:\/\/portaltela.pt\/s.01k8rhncp4jt1\/2025\/11\/talking-bot-125x125.png\",\"url\":\"https:\/\/portaltela.pt\/s.01k8rhncp4jt1\/2025\/11\/talking-bot-125x125.png\",\"contentUrl\":\"https:\/\/portaltela.pt\/s.01k8rhncp4jt1\/2025\/11\/talking-bot-125x125.png\",\"caption\":\"Telinha\"},\"sameAs\":[\"https:\/\/portaltela.pt\/\"],\"url\":\"https:\/\/portaltela.pt\/por\/367410592786\/\"}]}<\/script>\n<!-- \/ Yoast SEO plugin. -->","yoast_head_json":{"title":"Cap\u00edtulo Perfeito com novo per\u00edodo de espera \u00e0 procura das melhores ondas - Portal Tela Portugal","robots":{"index":"index","follow":"follow","max-snippet":"max-snippet:-1","max-image-preview":"max-image-preview:large","max-video-preview":"max-video-preview:-1"},"og_locale":"pt_PT","og_type":"article","og_title":"Cap\u00edtulo Perfeito com novo per\u00edodo de espera \u00e0 procura das melhores ondas - Portal Tela Portugal","og_description":"O Cap\u00edtulo Perfeito de surf 2026 decorrer\u00e1 em tr\u00eas palcos: Carcavelos (Portugal), Mo\u00e7ambique e Indon\u00e9sia, com novas datas anunciadas. O per\u00edodo de espera em Carcavelos passa a ser entre 01 de novembro e 15 de dezembro; Mo\u00e7ambique ter\u00e1 calend\u00e1rio alargado at\u00e9 30 de abril. Os finalistas de 2025 (Cam Richards, Noah Beschen, Balaram Stack e Pedro Calado) comp\u00f5em o lineup Mo\u00e7ambique, juntamente com wildcards e um convidado internacional a anunciar. O vencedor da etapa em Mo\u00e7ambique recebe 10.000 euros e um convite para a prova-m\u00e3e em Carcavelos em 2027; a Indon\u00e9sia mant\u00e9m o direito semelhante de pr\u00e9mio e convite. A organiza\u00e7\u00e3o assegura wildcards para os finalistas de 2026 em Carcavelos na edi\u00e7\u00e3o de 2027 e justifica o adiamento pela busca da excel\u00eancia das ondas, mantendo o compromisso com o n\u00edvel t\u00e9cnico do evento.","og_url":"https:\/\/portaltela.pt\/noticias\/2026\/03\/31\/capitulo-perfeito-com-novo-periodo-de-espera-a-procura-das-melhores-ondas\/","og_site_name":"Portal Tela Portugal","article_published_time":"2026-03-31T17:32:16+00:00","author":"Telinha","twitter_card":"summary_large_image","twitter_misc":{"Escrito por":"Telinha","Tempo estimado de leitura":"1 minuto"},"schema":{"@context":"https:\/\/schema.org","@graph":[{"@type":"Article","@id":"https:\/\/portaltela.pt\/noticias\/2026\/03\/31\/capitulo-perfeito-com-novo-periodo-de-espera-a-procura-das-melhores-ondas\/#article","isPartOf":{"@id":"https:\/\/portaltela.pt\/noticias\/2026\/03\/31\/capitulo-perfeito-com-novo-periodo-de-espera-a-procura-das-melhores-ondas\/"},"author":{"name":"Telinha","@id":"https:\/\/portaltela.pt\/#\/schema\/person\/c4278d4a6028830caff9ee44b42d32ed"},"headline":"Cap\u00edtulo Perfeito com novo per\u00edodo de espera \u00e0 procura das melhores ondas","datePublished":"2026-03-31T17:32:16+00:00","mainEntityOfPage":{"@id":"https:\/\/portaltela.pt\/noticias\/2026\/03\/31\/capitulo-perfeito-com-novo-periodo-de-espera-a-procura-das-melhores-ondas\/"},"wordCount":292,"image":{"@id":"https:\/\/portaltela.pt\/noticias\/2026\/03\/31\/capitulo-perfeito-com-novo-periodo-de-espera-a-procura-das-melhores-ondas\/#primaryimage"},"thumbnailUrl":"https:\/\/portaltela.pt\/s.01k8rhncp4jt1\/2026\/03\/img_920x518uu2025-02-22-20-47-51-2342350.jpg","keywords":["Carcavelos","Cascais","competi\u00e7\u00e3o","desporto","Indon\u00e9sia","Mo\u00e7ambique"],"articleSection":["Desporto","Futebol"],"inLanguage":"pt-PT"},{"@type":"WebPage","@id":"https:\/\/portaltela.pt\/noticias\/2026\/03\/31\/capitulo-perfeito-com-novo-periodo-de-espera-a-procura-das-melhores-ondas\/","url":"https:\/\/portaltela.pt\/noticias\/2026\/03\/31\/capitulo-perfeito-com-novo-periodo-de-espera-a-procura-das-melhores-ondas\/","name":"Cap\u00edtulo Perfeito com novo per\u00edodo de espera \u00e0 procura das melhores ondas - Portal Tela Portugal","isPartOf":{"@id":"https:\/\/portaltela.pt\/#website"},"primaryImageOfPage":{"@id":"https:\/\/portaltela.pt\/noticias\/2026\/03\/31\/capitulo-perfeito-com-novo-periodo-de-espera-a-procura-das-melhores-ondas\/#primaryimage"},"image":{"@id":"https:\/\/portaltela.pt\/noticias\/2026\/03\/31\/capitulo-perfeito-com-novo-periodo-de-espera-a-procura-das-melhores-ondas\/#primaryimage"},"thumbnailUrl":"https:\/\/portaltela.pt\/s.01k8rhncp4jt1\/2026\/03\/img_920x518uu2025-02-22-20-47-51-2342350.jpg","datePublished":"2026-03-31T17:32:16+00:00","author":{"@id":"https:\/\/portaltela.pt\/#\/schema\/person\/c4278d4a6028830caff9ee44b42d32ed"},"breadcrumb":{"@id":"https:\/\/portaltela.pt\/noticias\/2026\/03\/31\/capitulo-perfeito-com-novo-periodo-de-espera-a-procura-das-melhores-ondas\/#breadcrumb"},"inLanguage":"pt-PT","potentialAction":[{"@type":"ReadAction","target":["https:\/\/portaltela.pt\/noticias\/2026\/03\/31\/capitulo-perfeito-com-novo-periodo-de-espera-a-procura-das-melhores-ondas\/"]}]},{"@type":"ImageObject","inLanguage":"pt-PT","@id":"https:\/\/portaltela.pt\/noticias\/2026\/03\/31\/capitulo-perfeito-com-novo-periodo-de-espera-a-procura-das-melhores-ondas\/#primaryimage","url":"https:\/\/portaltela.pt\/s.01k8rhncp4jt1\/2026\/03\/img_920x518uu2025-02-22-20-47-51-2342350.jpg","contentUrl":"https:\/\/portaltela.pt\/s.01k8rhncp4jt1\/2026\/03\/img_920x518uu2025-02-22-20-47-51-2342350.jpg","width":796,"height":448,"caption":"Prova de surf \u00e9 dedicada aos tubos"},{"@type":"BreadcrumbList","@id":"https:\/\/portaltela.pt\/noticias\/2026\/03\/31\/capitulo-perfeito-com-novo-periodo-de-espera-a-procura-das-melhores-ondas\/#breadcrumb","itemListElement":[{"@type":"ListItem","position":1,"name":"In\u00edcio","item":"https:\/\/portaltela.pt\/"},{"@type":"ListItem","position":2,"name":"Cap\u00edtulo Perfeito com novo per\u00edodo de espera \u00e0 procura das melhores ondas"}]},{"@type":"WebSite","@id":"https:\/\/portaltela.pt\/#website","url":"https:\/\/portaltela.pt\/","name":"Portal Tela Portugal","description":"","potentialAction":[{"@type":"SearchAction","target":{"@type":"EntryPoint","urlTemplate":"https:\/\/portaltela.pt\/?s={search_term_string}"},"query-input":{"@type":"PropertyValueSpecification","valueRequired":true,"valueName":"search_term_string"}}],"inLanguage":"pt-PT"},{"@type":"Person","@id":"https:\/\/portaltela.pt\/#\/schema\/person\/c4278d4a6028830caff9ee44b42d32ed","name":"Telinha","image":{"@type":"ImageObject","inLanguage":"pt-PT","@id":"https:\/\/portaltela.pt\/s.01k8rhncp4jt1\/2025\/11\/talking-bot-125x125.png","url":"https:\/\/portaltela.pt\/s.01k8rhncp4jt1\/2025\/11\/talking-bot-125x125.png","contentUrl":"https:\/\/portaltela.pt\/s.01k8rhncp4jt1\/2025\/11\/talking-bot-125x125.png","caption":"Telinha"},"sameAs":["https:\/\/portaltela.pt\/"],"url":"https:\/\/portaltela.pt\/por\/367410592786\/"}]}},"_links":{"self":[{"href":"https:\/\/portaltela.pt\/api\/wp\/v2\/posts\/428103","targetHints":{"allow":["GET"]}}],"collection":[{"href":"https:\/\/portaltela.pt\/api\/wp\/v2\/posts"}],"about":[{"href":"https:\/\/portaltela.pt\/api\/wp\/v2\/types\/post"}],"author":[{"embeddable":true,"href":"https:\/\/portaltela.pt\/api\/wp\/v2\/users\/2"}],"replies":[{"embeddable":true,"href":"https:\/\/portaltela.pt\/api\/wp\/v2\/comments?post=428103"}],"version-history":[{"count":0,"href":"https:\/\/portaltela.pt\/api\/wp\/v2\/posts\/428103\/revisions"}],"wp:featuredmedia":[{"embeddable":true,"href":"https:\/\/portaltela.pt\/api\/wp\/v2\/media\/428108"}],"wp:attachment":[{"href":"https:\/\/portaltela.pt\/api\/wp\/v2\/media?parent=428103"}],"wp:term":[{"taxonomy":"category","embeddable":true,"href":"https:\/\/portaltela.pt\/api\/wp\/v2\/categories?post=428103"},{"taxonomy":"post_tag","embeddable":true,"href":"https:\/\/portaltela.pt\/api\/wp\/v2\/tags?post=428103"}],"curies":[{"name":"wp","href":"https:\/\/api.w.org\/{rel}","templated":true}]}}