{"id":428095,"date":"2026-03-31T14:22:02","date_gmt":"2026-03-31T17:22:02","guid":{"rendered":"https:\/\/portaltela.pt\/noticias\/2026\/03\/31\/rui-borges-elogia-descanso-mental-comenta-guardiola-sobre-demissoes-em-portugal\/"},"modified":"2026-03-31T14:22:02","modified_gmt":"2026-03-31T17:22:02","slug":"rui-borges-elogia-descanso-mental-comenta-guardiola-sobre-demissoes-em-portugal","status":"publish","type":"post","link":"https:\/\/portaltela.pt\/desporto\/futebol\/2026\/03\/31\/rui-borges-elogia-descanso-mental-comenta-guardiola-sobre-demissoes-em-portugal\/","title":{"rendered":"Rui Borges elogia descanso mental; comenta Guardiola sobre demiss\u00f5es em Portugal"},"content":{"rendered":"<p>Rui Borges, treinador do Sporting, participou num painel sobre treino de alto rendimento no F\u00f3rum ANTF 2026, em Albufeira. O debate, moderado por Tarantini, contou com Paulo Fonseca (via videoconfer\u00eancia) e Carlos Carvalhal. O objetivo foi analisar como manter a equipa fresca para a agenda da \u00e9poca.<\/p>\n<p>Borges destacou a dificuldade de treinar com jogos a cada tr\u00eas dias e a press\u00e3o pela recupera\u00e7\u00e3o. Em Portugal, segundo o treinador, a gest\u00e3o de plantel \u00e9 mais abrupta, com resultados imediatos a condicionarem decis\u00f5es dos presidentes.<\/p>\n<p>O t\u00e9cnico transmontano explicou que a recupera\u00e7\u00e3o n\u00e3o \u00e9 apenas f\u00edsica, mas tamb\u00e9m mental. Referiu a import\u00e2ncia de folgas pre-jogo e de adaptar treinos ao estado emocional dos jogadores, especialmente quando h\u00e1 fatores pessoais recentes, como a paternidade.<\/p>\n<h3>Gest\u00e3o mental na pr\u00e1tica<\/h3>\n<p>Numa abordagem pr\u00e1tica, Borges referiu que o di\u00e1logo com os jogadores ajuda a perceber o rendimento. Explicou que o descanso mental pode ser priorit\u00e1rio face a exerc\u00edcios mais intensos, mantendo a imagem de treino.<\/p>\n<p>No confronto com o Bodo\/Glimt, o desgaste mental revelou-se t\u00e3o relevante quanto o f\u00edsico. Ap\u00f3s uma vit\u00f3ria expressiva, comunicou-se com a equipa, entregou dois dias de folga e refor\u00e7ou a concentra\u00e7\u00e3o para o pr\u00f3ximo jogo.<\/p>\n<p>O treinador sublinhou o trabalho conjunto com a equipa t\u00e9cnica e o restante departamento para disponibilizar ferramentas de reabilita\u00e7\u00e3o f\u00edsica e mental. Enfatizou a import\u00e2ncia de conversar com os futebolistas para compreender o seu estado.<\/p>\n","protected":false},"excerpt":{"rendered":"<ul>\n<li>Rui Borges participou no F\u00f3rum ANTF 2026, em Albufeira, num painel sobre treino de alto rendimento.<\/li>\n<li>O painel contou com Paulo Fonseca (via videoconfer\u00eancia) e Carlos Carvalhal, moderado por Tarantini.<\/li>\n<li>O treinador do Sporting destacou a import\u00e2ncia do descanso mental e da recupera\u00e7\u00e3o, dizendo que o cansa\u00e7o da mente pode ser maior que o f\u00edsico.<\/li>\n<li>Criticou a pr\u00e1tica em Portugal de despedir treinadores na hora, comparando com exemplos no estrangeiro onde h\u00e1 folgas antes dos jogos para recuperar os jogadores.<\/li>\n<li>Referiu casos como o Bodo\/Glimt, sublinhando a necessidade de conhecer os jogadores, conversar com eles e adaptar folgas para que respondam bem no jogo, fortalecendo a componente mental.<\/li>\n<\/ul>\n","protected":false},"author":2,"featured_media":428096,"comment_status":"closed","ping_status":"closed","sticky":false,"template":"","format":"standard","meta":{"footnotes":""},"categories":[21,24],"tags":[152,32,5936,55,1652,2477],"class_list":["post-428095","post","type-post","status-publish","format-standard","has-post-thumbnail","hentry","category-desporto","category-futebol","tag-desporto","tag-futebol","tag-planeamento-desportivo","tag-saude-mental","tag-sporting","tag-treinadores"],"yoast_head":"<!-- This site is optimized with the Yoast SEO plugin v27.2 - https:\/\/yoast.com\/product\/yoast-seo-wordpress\/ -->\n<title>Rui Borges elogia descanso mental; comenta Guardiola sobre demiss\u00f5es em Portugal - Portal Tela Portugal<\/title>\n<meta name=\"robots\" content=\"index, follow, max-snippet:-1, max-image-preview:large, max-video-preview:-1\" \/>\n<meta property=\"og:locale\" content=\"pt_PT\" \/>\n<meta property=\"og:type\" content=\"article\" \/>\n<meta property=\"og:title\" content=\"Rui Borges elogia descanso mental; comenta Guardiola sobre demiss\u00f5es em Portugal - Portal Tela Portugal\" \/>\n<meta property=\"og:description\" content=\"Rui Borges participou no F\u00f3rum ANTF 2026, em Albufeira, num painel sobre treino de alto rendimento. O painel contou com Paulo Fonseca (via videoconfer\u00eancia) e Carlos Carvalhal, moderado por Tarantini. O treinador do Sporting destacou a import\u00e2ncia do descanso mental e da recupera\u00e7\u00e3o, dizendo que o cansa\u00e7o da mente pode ser maior que o f\u00edsico. Criticou a pr\u00e1tica em Portugal de despedir treinadores na hora, comparando com exemplos no estrangeiro onde h\u00e1 folgas antes dos jogos para recuperar os jogadores. Referiu casos como o Bodo\/Glimt, sublinhando a necessidade de conhecer os jogadores, conversar com eles e adaptar folgas para que respondam bem no jogo, fortalecendo a componente mental.\" \/>\n<meta property=\"og:url\" content=\"https:\/\/portaltela.pt\/noticias\/2026\/03\/31\/rui-borges-elogia-descanso-mental-comenta-guardiola-sobre-demissoes-em-portugal\/\" \/>\n<meta property=\"og:site_name\" content=\"Portal Tela Portugal\" \/>\n<meta property=\"article:published_time\" content=\"2026-03-31T17:22:02+00:00\" \/>\n<meta name=\"author\" content=\"Telinha\" \/>\n<meta name=\"twitter:card\" content=\"summary_large_image\" \/>\n<meta name=\"twitter:label1\" content=\"Escrito por\" \/>\n\t<meta name=\"twitter:data1\" content=\"Telinha\" \/>\n\t<meta name=\"twitter:label2\" content=\"Tempo estimado de leitura\" \/>\n\t<meta name=\"twitter:data2\" content=\"1 minuto\" \/>\n<script type=\"application\/ld+json\" class=\"yoast-schema-graph\">{\"@context\":\"https:\/\/schema.org\",\"@graph\":[{\"@type\":\"Article\",\"@id\":\"https:\/\/portaltela.pt\/noticias\/2026\/03\/31\/rui-borges-elogia-descanso-mental-comenta-guardiola-sobre-demissoes-em-portugal\/#article\",\"isPartOf\":{\"@id\":\"https:\/\/portaltela.pt\/noticias\/2026\/03\/31\/rui-borges-elogia-descanso-mental-comenta-guardiola-sobre-demissoes-em-portugal\/\"},\"author\":{\"name\":\"Telinha\",\"@id\":\"https:\/\/portaltela.pt\/#\/schema\/person\/c4278d4a6028830caff9ee44b42d32ed\"},\"headline\":\"Rui Borges elogia descanso mental; comenta Guardiola sobre demiss\u00f5es em Portugal\",\"datePublished\":\"2026-03-31T17:22:02+00:00\",\"mainEntityOfPage\":{\"@id\":\"https:\/\/portaltela.pt\/noticias\/2026\/03\/31\/rui-borges-elogia-descanso-mental-comenta-guardiola-sobre-demissoes-em-portugal\/\"},\"wordCount\":270,\"image\":{\"@id\":\"https:\/\/portaltela.pt\/noticias\/2026\/03\/31\/rui-borges-elogia-descanso-mental-comenta-guardiola-sobre-demissoes-em-portugal\/#primaryimage\"},\"thumbnailUrl\":\"https:\/\/portaltela.pt\/s.01k8rhncp4jt1\/2026\/03\/img_1200x721uu2026-03-31-17-58-45-2430317.jpg\",\"keywords\":[\"desporto\",\"futebol\",\"planeamento desportivo\",\"sa\u00fade mental\",\"Sporting\",\"treinadores\"],\"articleSection\":[\"Desporto\",\"Futebol\"],\"inLanguage\":\"pt-PT\"},{\"@type\":\"WebPage\",\"@id\":\"https:\/\/portaltela.pt\/noticias\/2026\/03\/31\/rui-borges-elogia-descanso-mental-comenta-guardiola-sobre-demissoes-em-portugal\/\",\"url\":\"https:\/\/portaltela.pt\/noticias\/2026\/03\/31\/rui-borges-elogia-descanso-mental-comenta-guardiola-sobre-demissoes-em-portugal\/\",\"name\":\"Rui Borges elogia descanso mental; comenta Guardiola sobre demiss\u00f5es em Portugal - Portal Tela Portugal\",\"isPartOf\":{\"@id\":\"https:\/\/portaltela.pt\/#website\"},\"primaryImageOfPage\":{\"@id\":\"https:\/\/portaltela.pt\/noticias\/2026\/03\/31\/rui-borges-elogia-descanso-mental-comenta-guardiola-sobre-demissoes-em-portugal\/#primaryimage\"},\"image\":{\"@id\":\"https:\/\/portaltela.pt\/noticias\/2026\/03\/31\/rui-borges-elogia-descanso-mental-comenta-guardiola-sobre-demissoes-em-portugal\/#primaryimage\"},\"thumbnailUrl\":\"https:\/\/portaltela.pt\/s.01k8rhncp4jt1\/2026\/03\/img_1200x721uu2026-03-31-17-58-45-2430317.jpg\",\"datePublished\":\"2026-03-31T17:22:02+00:00\",\"author\":{\"@id\":\"https:\/\/portaltela.pt\/#\/schema\/person\/c4278d4a6028830caff9ee44b42d32ed\"},\"breadcrumb\":{\"@id\":\"https:\/\/portaltela.pt\/noticias\/2026\/03\/31\/rui-borges-elogia-descanso-mental-comenta-guardiola-sobre-demissoes-em-portugal\/#breadcrumb\"},\"inLanguage\":\"pt-PT\",\"potentialAction\":[{\"@type\":\"ReadAction\",\"target\":[\"https:\/\/portaltela.pt\/noticias\/2026\/03\/31\/rui-borges-elogia-descanso-mental-comenta-guardiola-sobre-demissoes-em-portugal\/\"]}]},{\"@type\":\"ImageObject\",\"inLanguage\":\"pt-PT\",\"@id\":\"https:\/\/portaltela.pt\/noticias\/2026\/03\/31\/rui-borges-elogia-descanso-mental-comenta-guardiola-sobre-demissoes-em-portugal\/#primaryimage\",\"url\":\"https:\/\/portaltela.pt\/s.01k8rhncp4jt1\/2026\/03\/img_1200x721uu2026-03-31-17-58-45-2430317.jpg\",\"contentUrl\":\"https:\/\/portaltela.pt\/s.01k8rhncp4jt1\/2026\/03\/img_1200x721uu2026-03-31-17-58-45-2430317.jpg\",\"width\":796,\"height\":448,\"caption\":\"Rui Borges recordou resposta categ\u00f3rica dos jogadores em Alverca ap\u00f3s o 5-0 ao Bodo\/Glimt\"},{\"@type\":\"BreadcrumbList\",\"@id\":\"https:\/\/portaltela.pt\/noticias\/2026\/03\/31\/rui-borges-elogia-descanso-mental-comenta-guardiola-sobre-demissoes-em-portugal\/#breadcrumb\",\"itemListElement\":[{\"@type\":\"ListItem\",\"position\":1,\"name\":\"In\u00edcio\",\"item\":\"https:\/\/portaltela.pt\/\"},{\"@type\":\"ListItem\",\"position\":2,\"name\":\"Rui Borges elogia descanso mental; comenta Guardiola sobre demiss\u00f5es em Portugal\"}]},{\"@type\":\"WebSite\",\"@id\":\"https:\/\/portaltela.pt\/#website\",\"url\":\"https:\/\/portaltela.pt\/\",\"name\":\"Portal Tela Portugal\",\"description\":\"\",\"potentialAction\":[{\"@type\":\"SearchAction\",\"target\":{\"@type\":\"EntryPoint\",\"urlTemplate\":\"https:\/\/portaltela.pt\/?s={search_term_string}\"},\"query-input\":{\"@type\":\"PropertyValueSpecification\",\"valueRequired\":true,\"valueName\":\"search_term_string\"}}],\"inLanguage\":\"pt-PT\"},{\"@type\":\"Person\",\"@id\":\"https:\/\/portaltela.pt\/#\/schema\/person\/c4278d4a6028830caff9ee44b42d32ed\",\"name\":\"Telinha\",\"image\":{\"@type\":\"ImageObject\",\"inLanguage\":\"pt-PT\",\"@id\":\"https:\/\/portaltela.pt\/s.01k8rhncp4jt1\/2025\/11\/talking-bot-125x125.png\",\"url\":\"https:\/\/portaltela.pt\/s.01k8rhncp4jt1\/2025\/11\/talking-bot-125x125.png\",\"contentUrl\":\"https:\/\/portaltela.pt\/s.01k8rhncp4jt1\/2025\/11\/talking-bot-125x125.png\",\"caption\":\"Telinha\"},\"sameAs\":[\"https:\/\/portaltela.pt\/\"],\"url\":\"https:\/\/portaltela.pt\/por\/367410592786\/\"}]}<\/script>\n<!-- \/ Yoast SEO plugin. -->","yoast_head_json":{"title":"Rui Borges elogia descanso mental; comenta Guardiola sobre demiss\u00f5es em Portugal - Portal Tela Portugal","robots":{"index":"index","follow":"follow","max-snippet":"max-snippet:-1","max-image-preview":"max-image-preview:large","max-video-preview":"max-video-preview:-1"},"og_locale":"pt_PT","og_type":"article","og_title":"Rui Borges elogia descanso mental; comenta Guardiola sobre demiss\u00f5es em Portugal - Portal Tela Portugal","og_description":"Rui Borges participou no F\u00f3rum ANTF 2026, em Albufeira, num painel sobre treino de alto rendimento. O painel contou com Paulo Fonseca (via videoconfer\u00eancia) e Carlos Carvalhal, moderado por Tarantini. O treinador do Sporting destacou a import\u00e2ncia do descanso mental e da recupera\u00e7\u00e3o, dizendo que o cansa\u00e7o da mente pode ser maior que o f\u00edsico. Criticou a pr\u00e1tica em Portugal de despedir treinadores na hora, comparando com exemplos no estrangeiro onde h\u00e1 folgas antes dos jogos para recuperar os jogadores. Referiu casos como o Bodo\/Glimt, sublinhando a necessidade de conhecer os jogadores, conversar com eles e adaptar folgas para que respondam bem no jogo, fortalecendo a componente mental.","og_url":"https:\/\/portaltela.pt\/noticias\/2026\/03\/31\/rui-borges-elogia-descanso-mental-comenta-guardiola-sobre-demissoes-em-portugal\/","og_site_name":"Portal Tela Portugal","article_published_time":"2026-03-31T17:22:02+00:00","author":"Telinha","twitter_card":"summary_large_image","twitter_misc":{"Escrito por":"Telinha","Tempo estimado de leitura":"1 minuto"},"schema":{"@context":"https:\/\/schema.org","@graph":[{"@type":"Article","@id":"https:\/\/portaltela.pt\/noticias\/2026\/03\/31\/rui-borges-elogia-descanso-mental-comenta-guardiola-sobre-demissoes-em-portugal\/#article","isPartOf":{"@id":"https:\/\/portaltela.pt\/noticias\/2026\/03\/31\/rui-borges-elogia-descanso-mental-comenta-guardiola-sobre-demissoes-em-portugal\/"},"author":{"name":"Telinha","@id":"https:\/\/portaltela.pt\/#\/schema\/person\/c4278d4a6028830caff9ee44b42d32ed"},"headline":"Rui Borges elogia descanso mental; comenta Guardiola sobre demiss\u00f5es em Portugal","datePublished":"2026-03-31T17:22:02+00:00","mainEntityOfPage":{"@id":"https:\/\/portaltela.pt\/noticias\/2026\/03\/31\/rui-borges-elogia-descanso-mental-comenta-guardiola-sobre-demissoes-em-portugal\/"},"wordCount":270,"image":{"@id":"https:\/\/portaltela.pt\/noticias\/2026\/03\/31\/rui-borges-elogia-descanso-mental-comenta-guardiola-sobre-demissoes-em-portugal\/#primaryimage"},"thumbnailUrl":"https:\/\/portaltela.pt\/s.01k8rhncp4jt1\/2026\/03\/img_1200x721uu2026-03-31-17-58-45-2430317.jpg","keywords":["desporto","futebol","planeamento desportivo","sa\u00fade mental","Sporting","treinadores"],"articleSection":["Desporto","Futebol"],"inLanguage":"pt-PT"},{"@type":"WebPage","@id":"https:\/\/portaltela.pt\/noticias\/2026\/03\/31\/rui-borges-elogia-descanso-mental-comenta-guardiola-sobre-demissoes-em-portugal\/","url":"https:\/\/portaltela.pt\/noticias\/2026\/03\/31\/rui-borges-elogia-descanso-mental-comenta-guardiola-sobre-demissoes-em-portugal\/","name":"Rui Borges elogia descanso mental; comenta Guardiola sobre demiss\u00f5es em Portugal - Portal Tela Portugal","isPartOf":{"@id":"https:\/\/portaltela.pt\/#website"},"primaryImageOfPage":{"@id":"https:\/\/portaltela.pt\/noticias\/2026\/03\/31\/rui-borges-elogia-descanso-mental-comenta-guardiola-sobre-demissoes-em-portugal\/#primaryimage"},"image":{"@id":"https:\/\/portaltela.pt\/noticias\/2026\/03\/31\/rui-borges-elogia-descanso-mental-comenta-guardiola-sobre-demissoes-em-portugal\/#primaryimage"},"thumbnailUrl":"https:\/\/portaltela.pt\/s.01k8rhncp4jt1\/2026\/03\/img_1200x721uu2026-03-31-17-58-45-2430317.jpg","datePublished":"2026-03-31T17:22:02+00:00","author":{"@id":"https:\/\/portaltela.pt\/#\/schema\/person\/c4278d4a6028830caff9ee44b42d32ed"},"breadcrumb":{"@id":"https:\/\/portaltela.pt\/noticias\/2026\/03\/31\/rui-borges-elogia-descanso-mental-comenta-guardiola-sobre-demissoes-em-portugal\/#breadcrumb"},"inLanguage":"pt-PT","potentialAction":[{"@type":"ReadAction","target":["https:\/\/portaltela.pt\/noticias\/2026\/03\/31\/rui-borges-elogia-descanso-mental-comenta-guardiola-sobre-demissoes-em-portugal\/"]}]},{"@type":"ImageObject","inLanguage":"pt-PT","@id":"https:\/\/portaltela.pt\/noticias\/2026\/03\/31\/rui-borges-elogia-descanso-mental-comenta-guardiola-sobre-demissoes-em-portugal\/#primaryimage","url":"https:\/\/portaltela.pt\/s.01k8rhncp4jt1\/2026\/03\/img_1200x721uu2026-03-31-17-58-45-2430317.jpg","contentUrl":"https:\/\/portaltela.pt\/s.01k8rhncp4jt1\/2026\/03\/img_1200x721uu2026-03-31-17-58-45-2430317.jpg","width":796,"height":448,"caption":"Rui Borges recordou resposta categ\u00f3rica dos jogadores em Alverca ap\u00f3s o 5-0 ao Bodo\/Glimt"},{"@type":"BreadcrumbList","@id":"https:\/\/portaltela.pt\/noticias\/2026\/03\/31\/rui-borges-elogia-descanso-mental-comenta-guardiola-sobre-demissoes-em-portugal\/#breadcrumb","itemListElement":[{"@type":"ListItem","position":1,"name":"In\u00edcio","item":"https:\/\/portaltela.pt\/"},{"@type":"ListItem","position":2,"name":"Rui Borges elogia descanso mental; comenta Guardiola sobre demiss\u00f5es em Portugal"}]},{"@type":"WebSite","@id":"https:\/\/portaltela.pt\/#website","url":"https:\/\/portaltela.pt\/","name":"Portal Tela Portugal","description":"","potentialAction":[{"@type":"SearchAction","target":{"@type":"EntryPoint","urlTemplate":"https:\/\/portaltela.pt\/?s={search_term_string}"},"query-input":{"@type":"PropertyValueSpecification","valueRequired":true,"valueName":"search_term_string"}}],"inLanguage":"pt-PT"},{"@type":"Person","@id":"https:\/\/portaltela.pt\/#\/schema\/person\/c4278d4a6028830caff9ee44b42d32ed","name":"Telinha","image":{"@type":"ImageObject","inLanguage":"pt-PT","@id":"https:\/\/portaltela.pt\/s.01k8rhncp4jt1\/2025\/11\/talking-bot-125x125.png","url":"https:\/\/portaltela.pt\/s.01k8rhncp4jt1\/2025\/11\/talking-bot-125x125.png","contentUrl":"https:\/\/portaltela.pt\/s.01k8rhncp4jt1\/2025\/11\/talking-bot-125x125.png","caption":"Telinha"},"sameAs":["https:\/\/portaltela.pt\/"],"url":"https:\/\/portaltela.pt\/por\/367410592786\/"}]}},"_links":{"self":[{"href":"https:\/\/portaltela.pt\/api\/wp\/v2\/posts\/428095","targetHints":{"allow":["GET"]}}],"collection":[{"href":"https:\/\/portaltela.pt\/api\/wp\/v2\/posts"}],"about":[{"href":"https:\/\/portaltela.pt\/api\/wp\/v2\/types\/post"}],"author":[{"embeddable":true,"href":"https:\/\/portaltela.pt\/api\/wp\/v2\/users\/2"}],"replies":[{"embeddable":true,"href":"https:\/\/portaltela.pt\/api\/wp\/v2\/comments?post=428095"}],"version-history":[{"count":0,"href":"https:\/\/portaltela.pt\/api\/wp\/v2\/posts\/428095\/revisions"}],"wp:featuredmedia":[{"embeddable":true,"href":"https:\/\/portaltela.pt\/api\/wp\/v2\/media\/428096"}],"wp:attachment":[{"href":"https:\/\/portaltela.pt\/api\/wp\/v2\/media?parent=428095"}],"wp:term":[{"taxonomy":"category","embeddable":true,"href":"https:\/\/portaltela.pt\/api\/wp\/v2\/categories?post=428095"},{"taxonomy":"post_tag","embeddable":true,"href":"https:\/\/portaltela.pt\/api\/wp\/v2\/tags?post=428095"}],"curies":[{"name":"wp","href":"https:\/\/api.w.org\/{rel}","templated":true}]}}