{"id":428084,"date":"2026-03-31T14:17:32","date_gmt":"2026-03-31T17:17:32","guid":{"rendered":"https:\/\/portaltela.pt\/noticias\/2026\/03\/31\/portugal-registou-a-maior-subida-de-precos-em-marco\/"},"modified":"2026-03-31T14:17:32","modified_gmt":"2026-03-31T17:17:32","slug":"portugal-registou-a-maior-subida-de-precos-em-marco","status":"publish","type":"post","link":"https:\/\/portaltela.pt\/noticias\/economia\/2026\/03\/31\/portugal-registou-a-maior-subida-de-precos-em-marco\/","title":{"rendered":"Portugal registou a maior subida de pre\u00e7os em mar\u00e7o"},"content":{"rendered":"<p>Portugal foi o pa\u00eds da zona euro com o maior aumento m\u00e9dio de pre\u00e7os entre fevereiro e mar\u00e7o, segundo o Instituto Nacional de Estat\u00edstica (INE). A infla\u00e7\u00e3o acelerou para 2,7%, com o pre\u00e7o dos combust\u00edveis a explicar quase a totalidade do agravamento.<\/p>\n<p>Os dados apontam para sinais de subidas futuras das taxas de juro do BCE. A t\u00edtulo de exemplo, a presta\u00e7\u00e3o da casa est\u00e1 a aumentar neste m\u00eas em contratos com Euribor a 3, 6 e 12 meses.<\/p>\n<p>De acordo com o Eurostat, a infla\u00e7\u00e3o em Portugal de fevereiro para mar\u00e7o foi de 2,3%, a mais elevada entre os pa\u00edses da moeda \u00fanica. A m\u00e9dia da regi\u00e3o de 20 pa\u00edses situou-se em 1,2%.<\/p>\n<p>Os n\u00fameros refletem tamb\u00e9m impactos da escalada geopol\u00edtica entre Estados Unidos, Israel e Ir\u00e3o, que tem influenciado as din\u00e2micas de pre\u00e7os na Europa.<\/p>\n","protected":false},"excerpt":{"rendered":"<ul>\n<li>Portugal foi o pa\u00eds da zona euro com o maior aumento m\u00e9dio de pre\u00e7os entre fevereiro e mar\u00e7o, segundo o INE.<\/li>\n<li>A infla\u00e7\u00e3o em Portugal acelerou para 2,7%, com o pre\u00e7o dos combust\u00edveis a explicar quase a totalidade do agravamento.<\/li>\n<li>Os sinais apontam para subidas das taxas de juro do BCE, numa altura em que as presta\u00e7\u00f5es da casa sobem em contratos com Euribor a tr\u00eas, seis e doze meses.<\/li>\n<li>A infla\u00e7\u00e3o entre fevereiro e mar\u00e7o em Portugal representa a maior varia\u00e7\u00e3o da zona euro, de acordo com o Eurostat.<\/li>\n<li>A m\u00e9dia da zona euro situou-se em 1,2%, com Portugal a registar 2,3% entre fevereiro e mar\u00e7o; a compara\u00e7\u00e3o exige recuar a mar\u00e7o e abril de 2022 devido \u00e0 guerra na Ucr\u00e2nia.<\/li>\n<\/ul>\n","protected":false},"author":2,"featured_media":428092,"comment_status":"closed","ping_status":"closed","sticky":false,"template":"","format":"standard","meta":{"footnotes":""},"categories":[2,6850],"tags":[6115,7465,28,6437,66,150],"class_list":["post-428084","post","type-post","status-publish","format-standard","has-post-thumbnail","hentry","category-economia","category-financas","tag-_economia","tag-combustiveis","tag-economia","tag-geoestrategia","tag-geopolitica","tag-habitacao"],"yoast_head":"<!-- This site is optimized with the Yoast SEO plugin v27.2 - https:\/\/yoast.com\/product\/yoast-seo-wordpress\/ -->\n<title>Portugal registou a maior subida de pre\u00e7os em mar\u00e7o - Portal Tela Portugal<\/title>\n<meta name=\"robots\" content=\"index, follow, max-snippet:-1, max-image-preview:large, max-video-preview:-1\" \/>\n<meta property=\"og:locale\" content=\"pt_PT\" \/>\n<meta property=\"og:type\" content=\"article\" \/>\n<meta property=\"og:title\" content=\"Portugal registou a maior subida de pre\u00e7os em mar\u00e7o - Portal Tela Portugal\" \/>\n<meta property=\"og:description\" content=\"Portugal foi o pa\u00eds da zona euro com o maior aumento m\u00e9dio de pre\u00e7os entre fevereiro e mar\u00e7o, segundo o INE. A infla\u00e7\u00e3o em Portugal acelerou para 2,7%, com o pre\u00e7o dos combust\u00edveis a explicar quase a totalidade do agravamento. Os sinais apontam para subidas das taxas de juro do BCE, numa altura em que as presta\u00e7\u00f5es da casa sobem em contratos com Euribor a tr\u00eas, seis e doze meses. A infla\u00e7\u00e3o entre fevereiro e mar\u00e7o em Portugal representa a maior varia\u00e7\u00e3o da zona euro, de acordo com o Eurostat. A m\u00e9dia da zona euro situou-se em 1,2%, com Portugal a registar 2,3% entre fevereiro e mar\u00e7o; a compara\u00e7\u00e3o exige recuar a mar\u00e7o e abril de 2022 devido \u00e0 guerra na Ucr\u00e2nia.\" \/>\n<meta property=\"og:url\" content=\"https:\/\/portaltela.pt\/noticias\/2026\/03\/31\/portugal-registou-a-maior-subida-de-precos-em-marco\/\" \/>\n<meta property=\"og:site_name\" content=\"Portal Tela Portugal\" \/>\n<meta property=\"article:published_time\" content=\"2026-03-31T17:17:32+00:00\" \/>\n<meta name=\"author\" content=\"Telinha\" \/>\n<meta name=\"twitter:card\" content=\"summary_large_image\" \/>\n<meta name=\"twitter:label1\" content=\"Escrito por\" \/>\n\t<meta name=\"twitter:data1\" content=\"Telinha\" \/>\n\t<meta name=\"twitter:label2\" content=\"Tempo estimado de leitura\" \/>\n\t<meta name=\"twitter:data2\" content=\"1 minuto\" \/>\n<script type=\"application\/ld+json\" class=\"yoast-schema-graph\">{\"@context\":\"https:\/\/schema.org\",\"@graph\":[{\"@type\":\"Article\",\"@id\":\"https:\/\/portaltela.pt\/noticias\/2026\/03\/31\/portugal-registou-a-maior-subida-de-precos-em-marco\/#article\",\"isPartOf\":{\"@id\":\"https:\/\/portaltela.pt\/noticias\/2026\/03\/31\/portugal-registou-a-maior-subida-de-precos-em-marco\/\"},\"author\":{\"name\":\"Telinha\",\"@id\":\"https:\/\/portaltela.pt\/#\/schema\/person\/c4278d4a6028830caff9ee44b42d32ed\"},\"headline\":\"Portugal registou a maior subida de pre\u00e7os em mar\u00e7o\",\"datePublished\":\"2026-03-31T17:17:32+00:00\",\"mainEntityOfPage\":{\"@id\":\"https:\/\/portaltela.pt\/noticias\/2026\/03\/31\/portugal-registou-a-maior-subida-de-precos-em-marco\/\"},\"wordCount\":164,\"image\":{\"@id\":\"https:\/\/portaltela.pt\/noticias\/2026\/03\/31\/portugal-registou-a-maior-subida-de-precos-em-marco\/#primaryimage\"},\"thumbnailUrl\":\"https:\/\/portaltela.pt\/s.01k8rhncp4jt1\/2026\/03\/image-1882.jpg\",\"keywords\":[\"_economia\",\"combust\u00edveis\",\"economia\",\"geoestrat\u00e9gia\",\"geopol\u00edtica\",\"habita\u00e7\u00e3o\"],\"articleSection\":[\"Economia\",\"Finan\u00e7as\"],\"inLanguage\":\"pt-PT\"},{\"@type\":\"WebPage\",\"@id\":\"https:\/\/portaltela.pt\/noticias\/2026\/03\/31\/portugal-registou-a-maior-subida-de-precos-em-marco\/\",\"url\":\"https:\/\/portaltela.pt\/noticias\/2026\/03\/31\/portugal-registou-a-maior-subida-de-precos-em-marco\/\",\"name\":\"Portugal registou a maior subida de pre\u00e7os em mar\u00e7o - Portal Tela Portugal\",\"isPartOf\":{\"@id\":\"https:\/\/portaltela.pt\/#website\"},\"primaryImageOfPage\":{\"@id\":\"https:\/\/portaltela.pt\/noticias\/2026\/03\/31\/portugal-registou-a-maior-subida-de-precos-em-marco\/#primaryimage\"},\"image\":{\"@id\":\"https:\/\/portaltela.pt\/noticias\/2026\/03\/31\/portugal-registou-a-maior-subida-de-precos-em-marco\/#primaryimage\"},\"thumbnailUrl\":\"https:\/\/portaltela.pt\/s.01k8rhncp4jt1\/2026\/03\/image-1882.jpg\",\"datePublished\":\"2026-03-31T17:17:32+00:00\",\"author\":{\"@id\":\"https:\/\/portaltela.pt\/#\/schema\/person\/c4278d4a6028830caff9ee44b42d32ed\"},\"breadcrumb\":{\"@id\":\"https:\/\/portaltela.pt\/noticias\/2026\/03\/31\/portugal-registou-a-maior-subida-de-precos-em-marco\/#breadcrumb\"},\"inLanguage\":\"pt-PT\",\"potentialAction\":[{\"@type\":\"ReadAction\",\"target\":[\"https:\/\/portaltela.pt\/noticias\/2026\/03\/31\/portugal-registou-a-maior-subida-de-precos-em-marco\/\"]}]},{\"@type\":\"ImageObject\",\"inLanguage\":\"pt-PT\",\"@id\":\"https:\/\/portaltela.pt\/noticias\/2026\/03\/31\/portugal-registou-a-maior-subida-de-precos-em-marco\/#primaryimage\",\"url\":\"https:\/\/portaltela.pt\/s.01k8rhncp4jt1\/2026\/03\/image-1882.jpg\",\"contentUrl\":\"https:\/\/portaltela.pt\/s.01k8rhncp4jt1\/2026\/03\/image-1882.jpg\",\"width\":796,\"height\":448,\"caption\":\"Pre\u00e7o dos combust\u00edveis est\u00e3o a influenciar valor dos restantes produtos\"},{\"@type\":\"BreadcrumbList\",\"@id\":\"https:\/\/portaltela.pt\/noticias\/2026\/03\/31\/portugal-registou-a-maior-subida-de-precos-em-marco\/#breadcrumb\",\"itemListElement\":[{\"@type\":\"ListItem\",\"position\":1,\"name\":\"In\u00edcio\",\"item\":\"https:\/\/portaltela.pt\/\"},{\"@type\":\"ListItem\",\"position\":2,\"name\":\"Portugal registou a maior subida de pre\u00e7os em mar\u00e7o\"}]},{\"@type\":\"WebSite\",\"@id\":\"https:\/\/portaltela.pt\/#website\",\"url\":\"https:\/\/portaltela.pt\/\",\"name\":\"Portal Tela Portugal\",\"description\":\"\",\"potentialAction\":[{\"@type\":\"SearchAction\",\"target\":{\"@type\":\"EntryPoint\",\"urlTemplate\":\"https:\/\/portaltela.pt\/?s={search_term_string}\"},\"query-input\":{\"@type\":\"PropertyValueSpecification\",\"valueRequired\":true,\"valueName\":\"search_term_string\"}}],\"inLanguage\":\"pt-PT\"},{\"@type\":\"Person\",\"@id\":\"https:\/\/portaltela.pt\/#\/schema\/person\/c4278d4a6028830caff9ee44b42d32ed\",\"name\":\"Telinha\",\"image\":{\"@type\":\"ImageObject\",\"inLanguage\":\"pt-PT\",\"@id\":\"https:\/\/portaltela.pt\/s.01k8rhncp4jt1\/2025\/11\/talking-bot-125x125.png\",\"url\":\"https:\/\/portaltela.pt\/s.01k8rhncp4jt1\/2025\/11\/talking-bot-125x125.png\",\"contentUrl\":\"https:\/\/portaltela.pt\/s.01k8rhncp4jt1\/2025\/11\/talking-bot-125x125.png\",\"caption\":\"Telinha\"},\"sameAs\":[\"https:\/\/portaltela.pt\/\"],\"url\":\"https:\/\/portaltela.pt\/por\/367410592786\/\"}]}<\/script>\n<!-- \/ Yoast SEO plugin. -->","yoast_head_json":{"title":"Portugal registou a maior subida de pre\u00e7os em mar\u00e7o - Portal Tela Portugal","robots":{"index":"index","follow":"follow","max-snippet":"max-snippet:-1","max-image-preview":"max-image-preview:large","max-video-preview":"max-video-preview:-1"},"og_locale":"pt_PT","og_type":"article","og_title":"Portugal registou a maior subida de pre\u00e7os em mar\u00e7o - Portal Tela Portugal","og_description":"Portugal foi o pa\u00eds da zona euro com o maior aumento m\u00e9dio de pre\u00e7os entre fevereiro e mar\u00e7o, segundo o INE. A infla\u00e7\u00e3o em Portugal acelerou para 2,7%, com o pre\u00e7o dos combust\u00edveis a explicar quase a totalidade do agravamento. Os sinais apontam para subidas das taxas de juro do BCE, numa altura em que as presta\u00e7\u00f5es da casa sobem em contratos com Euribor a tr\u00eas, seis e doze meses. A infla\u00e7\u00e3o entre fevereiro e mar\u00e7o em Portugal representa a maior varia\u00e7\u00e3o da zona euro, de acordo com o Eurostat. A m\u00e9dia da zona euro situou-se em 1,2%, com Portugal a registar 2,3% entre fevereiro e mar\u00e7o; a compara\u00e7\u00e3o exige recuar a mar\u00e7o e abril de 2022 devido \u00e0 guerra na Ucr\u00e2nia.","og_url":"https:\/\/portaltela.pt\/noticias\/2026\/03\/31\/portugal-registou-a-maior-subida-de-precos-em-marco\/","og_site_name":"Portal Tela Portugal","article_published_time":"2026-03-31T17:17:32+00:00","author":"Telinha","twitter_card":"summary_large_image","twitter_misc":{"Escrito por":"Telinha","Tempo estimado de leitura":"1 minuto"},"schema":{"@context":"https:\/\/schema.org","@graph":[{"@type":"Article","@id":"https:\/\/portaltela.pt\/noticias\/2026\/03\/31\/portugal-registou-a-maior-subida-de-precos-em-marco\/#article","isPartOf":{"@id":"https:\/\/portaltela.pt\/noticias\/2026\/03\/31\/portugal-registou-a-maior-subida-de-precos-em-marco\/"},"author":{"name":"Telinha","@id":"https:\/\/portaltela.pt\/#\/schema\/person\/c4278d4a6028830caff9ee44b42d32ed"},"headline":"Portugal registou a maior subida de pre\u00e7os em mar\u00e7o","datePublished":"2026-03-31T17:17:32+00:00","mainEntityOfPage":{"@id":"https:\/\/portaltela.pt\/noticias\/2026\/03\/31\/portugal-registou-a-maior-subida-de-precos-em-marco\/"},"wordCount":164,"image":{"@id":"https:\/\/portaltela.pt\/noticias\/2026\/03\/31\/portugal-registou-a-maior-subida-de-precos-em-marco\/#primaryimage"},"thumbnailUrl":"https:\/\/portaltela.pt\/s.01k8rhncp4jt1\/2026\/03\/image-1882.jpg","keywords":["_economia","combust\u00edveis","economia","geoestrat\u00e9gia","geopol\u00edtica","habita\u00e7\u00e3o"],"articleSection":["Economia","Finan\u00e7as"],"inLanguage":"pt-PT"},{"@type":"WebPage","@id":"https:\/\/portaltela.pt\/noticias\/2026\/03\/31\/portugal-registou-a-maior-subida-de-precos-em-marco\/","url":"https:\/\/portaltela.pt\/noticias\/2026\/03\/31\/portugal-registou-a-maior-subida-de-precos-em-marco\/","name":"Portugal registou a maior subida de pre\u00e7os em mar\u00e7o - Portal Tela Portugal","isPartOf":{"@id":"https:\/\/portaltela.pt\/#website"},"primaryImageOfPage":{"@id":"https:\/\/portaltela.pt\/noticias\/2026\/03\/31\/portugal-registou-a-maior-subida-de-precos-em-marco\/#primaryimage"},"image":{"@id":"https:\/\/portaltela.pt\/noticias\/2026\/03\/31\/portugal-registou-a-maior-subida-de-precos-em-marco\/#primaryimage"},"thumbnailUrl":"https:\/\/portaltela.pt\/s.01k8rhncp4jt1\/2026\/03\/image-1882.jpg","datePublished":"2026-03-31T17:17:32+00:00","author":{"@id":"https:\/\/portaltela.pt\/#\/schema\/person\/c4278d4a6028830caff9ee44b42d32ed"},"breadcrumb":{"@id":"https:\/\/portaltela.pt\/noticias\/2026\/03\/31\/portugal-registou-a-maior-subida-de-precos-em-marco\/#breadcrumb"},"inLanguage":"pt-PT","potentialAction":[{"@type":"ReadAction","target":["https:\/\/portaltela.pt\/noticias\/2026\/03\/31\/portugal-registou-a-maior-subida-de-precos-em-marco\/"]}]},{"@type":"ImageObject","inLanguage":"pt-PT","@id":"https:\/\/portaltela.pt\/noticias\/2026\/03\/31\/portugal-registou-a-maior-subida-de-precos-em-marco\/#primaryimage","url":"https:\/\/portaltela.pt\/s.01k8rhncp4jt1\/2026\/03\/image-1882.jpg","contentUrl":"https:\/\/portaltela.pt\/s.01k8rhncp4jt1\/2026\/03\/image-1882.jpg","width":796,"height":448,"caption":"Pre\u00e7o dos combust\u00edveis est\u00e3o a influenciar valor dos restantes produtos"},{"@type":"BreadcrumbList","@id":"https:\/\/portaltela.pt\/noticias\/2026\/03\/31\/portugal-registou-a-maior-subida-de-precos-em-marco\/#breadcrumb","itemListElement":[{"@type":"ListItem","position":1,"name":"In\u00edcio","item":"https:\/\/portaltela.pt\/"},{"@type":"ListItem","position":2,"name":"Portugal registou a maior subida de pre\u00e7os em mar\u00e7o"}]},{"@type":"WebSite","@id":"https:\/\/portaltela.pt\/#website","url":"https:\/\/portaltela.pt\/","name":"Portal Tela Portugal","description":"","potentialAction":[{"@type":"SearchAction","target":{"@type":"EntryPoint","urlTemplate":"https:\/\/portaltela.pt\/?s={search_term_string}"},"query-input":{"@type":"PropertyValueSpecification","valueRequired":true,"valueName":"search_term_string"}}],"inLanguage":"pt-PT"},{"@type":"Person","@id":"https:\/\/portaltela.pt\/#\/schema\/person\/c4278d4a6028830caff9ee44b42d32ed","name":"Telinha","image":{"@type":"ImageObject","inLanguage":"pt-PT","@id":"https:\/\/portaltela.pt\/s.01k8rhncp4jt1\/2025\/11\/talking-bot-125x125.png","url":"https:\/\/portaltela.pt\/s.01k8rhncp4jt1\/2025\/11\/talking-bot-125x125.png","contentUrl":"https:\/\/portaltela.pt\/s.01k8rhncp4jt1\/2025\/11\/talking-bot-125x125.png","caption":"Telinha"},"sameAs":["https:\/\/portaltela.pt\/"],"url":"https:\/\/portaltela.pt\/por\/367410592786\/"}]}},"_links":{"self":[{"href":"https:\/\/portaltela.pt\/api\/wp\/v2\/posts\/428084","targetHints":{"allow":["GET"]}}],"collection":[{"href":"https:\/\/portaltela.pt\/api\/wp\/v2\/posts"}],"about":[{"href":"https:\/\/portaltela.pt\/api\/wp\/v2\/types\/post"}],"author":[{"embeddable":true,"href":"https:\/\/portaltela.pt\/api\/wp\/v2\/users\/2"}],"replies":[{"embeddable":true,"href":"https:\/\/portaltela.pt\/api\/wp\/v2\/comments?post=428084"}],"version-history":[{"count":0,"href":"https:\/\/portaltela.pt\/api\/wp\/v2\/posts\/428084\/revisions"}],"wp:featuredmedia":[{"embeddable":true,"href":"https:\/\/portaltela.pt\/api\/wp\/v2\/media\/428092"}],"wp:attachment":[{"href":"https:\/\/portaltela.pt\/api\/wp\/v2\/media?parent=428084"}],"wp:term":[{"taxonomy":"category","embeddable":true,"href":"https:\/\/portaltela.pt\/api\/wp\/v2\/categories?post=428084"},{"taxonomy":"post_tag","embeddable":true,"href":"https:\/\/portaltela.pt\/api\/wp\/v2\/tags?post=428084"}],"curies":[{"name":"wp","href":"https:\/\/api.w.org\/{rel}","templated":true}]}}