{"id":428080,"date":"2026-03-31T14:17:28","date_gmt":"2026-03-31T17:17:28","guid":{"rendered":"https:\/\/portaltela.pt\/noticias\/2026\/03\/31\/assembleia-municipal-de-oeiras-rejeita-mocao-de-censura-a-isaltino-morais\/"},"modified":"2026-03-31T14:17:28","modified_gmt":"2026-03-31T17:17:28","slug":"assembleia-municipal-de-oeiras-rejeita-mocao-de-censura-a-isaltino-morais","status":"publish","type":"post","link":"https:\/\/portaltela.pt\/noticias\/politica\/2026\/03\/31\/assembleia-municipal-de-oeiras-rejeita-mocao-de-censura-a-isaltino-morais\/","title":{"rendered":"Assembleia Municipal de Oeiras rejeita mo\u00e7\u00e3o de censura a Isaltino Morais"},"content":{"rendered":"<p>A Assembleia Municipal de Oeiras chumbou esta ter\u00e7a-feira uma mo\u00e7\u00e3o de censura apresentada pelo Chega contra o presidente da C\u00e2mara, Isaltino Morais. A proposta defendia a suspens\u00e3o do mandato devido a acusa\u00e7\u00f5es do Minist\u00e9rio P\u00fablico sobre despesas com refei\u00e7\u00f5es, no distrito de Lisboa.<\/p>\n<p>A mo\u00e7\u00e3o foi rejeitada por maioria. Votos contra: Isaltino Inovar Oeiras 25 (INOV), PS, Evoluir Oeiras (Livre\/BE\/Volt), CDU e PAN. Absten\u00e7\u00e3o: IL. Votos favor\u00e1veis: Chega, que apresentou a iniciativa.<\/p>\n<p>O MP acusa Morais e mais 22 respons\u00e1veis de peculato e abuso de poder, ligados a despesas superiores a 150 mil euros em refei\u00e7\u00f5es. O Minist\u00e9rio P\u00fablico aponta para suposta pr\u00e1tica entre v\u00e1rias pessoas.<\/p>\n<p>O presidente da C\u00e2mara explicou que as despesas, cerca de 150 mil euros, correspondem a sete anos e a milhares de refei\u00e7\u00f5es, recusando qualquer alega\u00e7\u00e3o de uso indevido de dinheiros p\u00fablicos. Citou cerca de 5.000 refei\u00e7\u00f5es no conjunto.<\/p>\n<p>A Assembleia Municipal de Oeiras \u00e9 composta por 21 membros eleitos pelo Inov25, mais 3 do PS, 3 do Chega, 2 da coliga\u00e7\u00e3o Livre\/BE\/Volt, 2 da IL, 1 CDU e 1 PAN. Por iner\u00eancia, integram tamb\u00e9m 5 presidentes de junta do Inov25.<\/p>\n","protected":false},"excerpt":{"rendered":"<ul>\n<li>A Assembleia Municipal de Oeiras chumbou, por maioria, uma mo\u00e7\u00e3o de censura apresentada pelo Chega contra o presidente da C\u00e2mara, Isaltino Morais.<\/li>\n<li>A mo\u00e7\u00e3o defendia a suspens\u00e3o do mandato do autarca na sequ\u00eancia de uma acusa\u00e7\u00e3o do Minist\u00e9rio P\u00fablico relacionadas com despesas em refei\u00e7\u00f5es superiores a 150 mil euros.<\/li>\n<li>Votaram contra a mo\u00e7\u00e3o os representantes do INOV, PS, Evoluir Oeiras (Livre\/BE\/Volt), CDU e PAN; houve absten\u00e7\u00e3o da IL e votos favor\u00e1veis do Chega.<\/li>\n<li>Durante o debate, v\u00e1rios partidos criticaram a confus\u00e3o entre acusa\u00e7\u00e3o e condena\u00e7\u00e3o e defenderam transpar\u00eancia na gest\u00e3o de dinheiros p\u00fablicos.<\/li>\n<li>Isaltino Morais disse que as despesas, em cerca de sete anos, correspondem a mais de cinco mil refei\u00e7\u00f5es e rejeitou a ideia de uso indevido de dinheiros p\u00fablicos.<\/li>\n<\/ul>\n","protected":false},"author":2,"featured_media":428087,"comment_status":"closed","ping_status":"closed","sticky":false,"template":"","format":"standard","meta":{"footnotes":""},"categories":[1,5],"tags":[212,5483,981,1198,259,2832],"class_list":["post-428080","post","type-post","status-publish","format-standard","has-post-thumbnail","hentry","category-noticias","category-politica","tag-abuso-de-poder","tag-assembleia-municipal","tag-lisboa","tag-oeiras","tag-peculato","tag-politica"],"yoast_head":"<!-- This site is optimized with the Yoast SEO plugin v27.2 - https:\/\/yoast.com\/product\/yoast-seo-wordpress\/ -->\n<title>Assembleia Municipal de Oeiras rejeita mo\u00e7\u00e3o de censura a Isaltino Morais - Portal Tela Portugal<\/title>\n<meta name=\"robots\" content=\"index, follow, max-snippet:-1, max-image-preview:large, max-video-preview:-1\" \/>\n<meta property=\"og:locale\" content=\"pt_PT\" \/>\n<meta property=\"og:type\" content=\"article\" \/>\n<meta property=\"og:title\" content=\"Assembleia Municipal de Oeiras rejeita mo\u00e7\u00e3o de censura a Isaltino Morais - Portal Tela Portugal\" \/>\n<meta property=\"og:description\" content=\"A Assembleia Municipal de Oeiras chumbou, por maioria, uma mo\u00e7\u00e3o de censura apresentada pelo Chega contra o presidente da C\u00e2mara, Isaltino Morais. A mo\u00e7\u00e3o defendia a suspens\u00e3o do mandato do autarca na sequ\u00eancia de uma acusa\u00e7\u00e3o do Minist\u00e9rio P\u00fablico relacionadas com despesas em refei\u00e7\u00f5es superiores a 150 mil euros. Votaram contra a mo\u00e7\u00e3o os representantes do INOV, PS, Evoluir Oeiras (Livre\/BE\/Volt), CDU e PAN; houve absten\u00e7\u00e3o da IL e votos favor\u00e1veis do Chega. Durante o debate, v\u00e1rios partidos criticaram a confus\u00e3o entre acusa\u00e7\u00e3o e condena\u00e7\u00e3o e defenderam transpar\u00eancia na gest\u00e3o de dinheiros p\u00fablicos. Isaltino Morais disse que as despesas, em cerca de sete anos, correspondem a mais de cinco mil refei\u00e7\u00f5es e rejeitou a ideia de uso indevido de dinheiros p\u00fablicos.\" \/>\n<meta property=\"og:url\" content=\"https:\/\/portaltela.pt\/noticias\/2026\/03\/31\/assembleia-municipal-de-oeiras-rejeita-mocao-de-censura-a-isaltino-morais\/\" \/>\n<meta property=\"og:site_name\" content=\"Portal Tela Portugal\" \/>\n<meta property=\"article:published_time\" content=\"2026-03-31T17:17:28+00:00\" \/>\n<meta name=\"author\" content=\"Telinha\" \/>\n<meta name=\"twitter:card\" content=\"summary_large_image\" \/>\n<meta name=\"twitter:label1\" content=\"Escrito por\" \/>\n\t<meta name=\"twitter:data1\" content=\"Telinha\" \/>\n\t<meta name=\"twitter:label2\" content=\"Tempo estimado de leitura\" \/>\n\t<meta name=\"twitter:data2\" content=\"1 minuto\" \/>\n<script type=\"application\/ld+json\" class=\"yoast-schema-graph\">{\"@context\":\"https:\/\/schema.org\",\"@graph\":[{\"@type\":\"Article\",\"@id\":\"https:\/\/portaltela.pt\/noticias\/2026\/03\/31\/assembleia-municipal-de-oeiras-rejeita-mocao-de-censura-a-isaltino-morais\/#article\",\"isPartOf\":{\"@id\":\"https:\/\/portaltela.pt\/noticias\/2026\/03\/31\/assembleia-municipal-de-oeiras-rejeita-mocao-de-censura-a-isaltino-morais\/\"},\"author\":{\"name\":\"Telinha\",\"@id\":\"https:\/\/portaltela.pt\/#\/schema\/person\/c4278d4a6028830caff9ee44b42d32ed\"},\"headline\":\"Assembleia Municipal de Oeiras rejeita mo\u00e7\u00e3o de censura a Isaltino Morais\",\"datePublished\":\"2026-03-31T17:17:28+00:00\",\"mainEntityOfPage\":{\"@id\":\"https:\/\/portaltela.pt\/noticias\/2026\/03\/31\/assembleia-municipal-de-oeiras-rejeita-mocao-de-censura-a-isaltino-morais\/\"},\"wordCount\":213,\"image\":{\"@id\":\"https:\/\/portaltela.pt\/noticias\/2026\/03\/31\/assembleia-municipal-de-oeiras-rejeita-mocao-de-censura-a-isaltino-morais\/#primaryimage\"},\"thumbnailUrl\":\"https:\/\/portaltela.pt\/s.01k8rhncp4jt1\/2026\/03\/img_1500x1000uu2025-10-27-16-23-32-2243954.jpg\",\"keywords\":[\"abuso de poder\",\"Assembleia Municipal\",\"Lisboa\",\"Oeiras\",\"peculato\",\"pol\u00edtica\"],\"articleSection\":[\"Not\u00edcias\",\"Pol\u00edtica\"],\"inLanguage\":\"pt-PT\"},{\"@type\":\"WebPage\",\"@id\":\"https:\/\/portaltela.pt\/noticias\/2026\/03\/31\/assembleia-municipal-de-oeiras-rejeita-mocao-de-censura-a-isaltino-morais\/\",\"url\":\"https:\/\/portaltela.pt\/noticias\/2026\/03\/31\/assembleia-municipal-de-oeiras-rejeita-mocao-de-censura-a-isaltino-morais\/\",\"name\":\"Assembleia Municipal de Oeiras rejeita mo\u00e7\u00e3o de censura a Isaltino Morais - Portal Tela Portugal\",\"isPartOf\":{\"@id\":\"https:\/\/portaltela.pt\/#website\"},\"primaryImageOfPage\":{\"@id\":\"https:\/\/portaltela.pt\/noticias\/2026\/03\/31\/assembleia-municipal-de-oeiras-rejeita-mocao-de-censura-a-isaltino-morais\/#primaryimage\"},\"image\":{\"@id\":\"https:\/\/portaltela.pt\/noticias\/2026\/03\/31\/assembleia-municipal-de-oeiras-rejeita-mocao-de-censura-a-isaltino-morais\/#primaryimage\"},\"thumbnailUrl\":\"https:\/\/portaltela.pt\/s.01k8rhncp4jt1\/2026\/03\/img_1500x1000uu2025-10-27-16-23-32-2243954.jpg\",\"datePublished\":\"2026-03-31T17:17:28+00:00\",\"author\":{\"@id\":\"https:\/\/portaltela.pt\/#\/schema\/person\/c4278d4a6028830caff9ee44b42d32ed\"},\"breadcrumb\":{\"@id\":\"https:\/\/portaltela.pt\/noticias\/2026\/03\/31\/assembleia-municipal-de-oeiras-rejeita-mocao-de-censura-a-isaltino-morais\/#breadcrumb\"},\"inLanguage\":\"pt-PT\",\"potentialAction\":[{\"@type\":\"ReadAction\",\"target\":[\"https:\/\/portaltela.pt\/noticias\/2026\/03\/31\/assembleia-municipal-de-oeiras-rejeita-mocao-de-censura-a-isaltino-morais\/\"]}]},{\"@type\":\"ImageObject\",\"inLanguage\":\"pt-PT\",\"@id\":\"https:\/\/portaltela.pt\/noticias\/2026\/03\/31\/assembleia-municipal-de-oeiras-rejeita-mocao-de-censura-a-isaltino-morais\/#primaryimage\",\"url\":\"https:\/\/portaltela.pt\/s.01k8rhncp4jt1\/2026\/03\/img_1500x1000uu2025-10-27-16-23-32-2243954.jpg\",\"contentUrl\":\"https:\/\/portaltela.pt\/s.01k8rhncp4jt1\/2026\/03\/img_1500x1000uu2025-10-27-16-23-32-2243954.jpg\",\"width\":796,\"height\":448,\"caption\":\"Isaltino Morais\"},{\"@type\":\"BreadcrumbList\",\"@id\":\"https:\/\/portaltela.pt\/noticias\/2026\/03\/31\/assembleia-municipal-de-oeiras-rejeita-mocao-de-censura-a-isaltino-morais\/#breadcrumb\",\"itemListElement\":[{\"@type\":\"ListItem\",\"position\":1,\"name\":\"In\u00edcio\",\"item\":\"https:\/\/portaltela.pt\/\"},{\"@type\":\"ListItem\",\"position\":2,\"name\":\"Assembleia Municipal de Oeiras rejeita mo\u00e7\u00e3o de censura a Isaltino Morais\"}]},{\"@type\":\"WebSite\",\"@id\":\"https:\/\/portaltela.pt\/#website\",\"url\":\"https:\/\/portaltela.pt\/\",\"name\":\"Portal Tela Portugal\",\"description\":\"\",\"potentialAction\":[{\"@type\":\"SearchAction\",\"target\":{\"@type\":\"EntryPoint\",\"urlTemplate\":\"https:\/\/portaltela.pt\/?s={search_term_string}\"},\"query-input\":{\"@type\":\"PropertyValueSpecification\",\"valueRequired\":true,\"valueName\":\"search_term_string\"}}],\"inLanguage\":\"pt-PT\"},{\"@type\":\"Person\",\"@id\":\"https:\/\/portaltela.pt\/#\/schema\/person\/c4278d4a6028830caff9ee44b42d32ed\",\"name\":\"Telinha\",\"image\":{\"@type\":\"ImageObject\",\"inLanguage\":\"pt-PT\",\"@id\":\"https:\/\/portaltela.pt\/s.01k8rhncp4jt1\/2025\/11\/talking-bot-125x125.png\",\"url\":\"https:\/\/portaltela.pt\/s.01k8rhncp4jt1\/2025\/11\/talking-bot-125x125.png\",\"contentUrl\":\"https:\/\/portaltela.pt\/s.01k8rhncp4jt1\/2025\/11\/talking-bot-125x125.png\",\"caption\":\"Telinha\"},\"sameAs\":[\"https:\/\/portaltela.pt\/\"],\"url\":\"https:\/\/portaltela.pt\/por\/367410592786\/\"}]}<\/script>\n<!-- \/ Yoast SEO plugin. -->","yoast_head_json":{"title":"Assembleia Municipal de Oeiras rejeita mo\u00e7\u00e3o de censura a Isaltino Morais - Portal Tela Portugal","robots":{"index":"index","follow":"follow","max-snippet":"max-snippet:-1","max-image-preview":"max-image-preview:large","max-video-preview":"max-video-preview:-1"},"og_locale":"pt_PT","og_type":"article","og_title":"Assembleia Municipal de Oeiras rejeita mo\u00e7\u00e3o de censura a Isaltino Morais - Portal Tela Portugal","og_description":"A Assembleia Municipal de Oeiras chumbou, por maioria, uma mo\u00e7\u00e3o de censura apresentada pelo Chega contra o presidente da C\u00e2mara, Isaltino Morais. A mo\u00e7\u00e3o defendia a suspens\u00e3o do mandato do autarca na sequ\u00eancia de uma acusa\u00e7\u00e3o do Minist\u00e9rio P\u00fablico relacionadas com despesas em refei\u00e7\u00f5es superiores a 150 mil euros. Votaram contra a mo\u00e7\u00e3o os representantes do INOV, PS, Evoluir Oeiras (Livre\/BE\/Volt), CDU e PAN; houve absten\u00e7\u00e3o da IL e votos favor\u00e1veis do Chega. Durante o debate, v\u00e1rios partidos criticaram a confus\u00e3o entre acusa\u00e7\u00e3o e condena\u00e7\u00e3o e defenderam transpar\u00eancia na gest\u00e3o de dinheiros p\u00fablicos. Isaltino Morais disse que as despesas, em cerca de sete anos, correspondem a mais de cinco mil refei\u00e7\u00f5es e rejeitou a ideia de uso indevido de dinheiros p\u00fablicos.","og_url":"https:\/\/portaltela.pt\/noticias\/2026\/03\/31\/assembleia-municipal-de-oeiras-rejeita-mocao-de-censura-a-isaltino-morais\/","og_site_name":"Portal Tela Portugal","article_published_time":"2026-03-31T17:17:28+00:00","author":"Telinha","twitter_card":"summary_large_image","twitter_misc":{"Escrito por":"Telinha","Tempo estimado de leitura":"1 minuto"},"schema":{"@context":"https:\/\/schema.org","@graph":[{"@type":"Article","@id":"https:\/\/portaltela.pt\/noticias\/2026\/03\/31\/assembleia-municipal-de-oeiras-rejeita-mocao-de-censura-a-isaltino-morais\/#article","isPartOf":{"@id":"https:\/\/portaltela.pt\/noticias\/2026\/03\/31\/assembleia-municipal-de-oeiras-rejeita-mocao-de-censura-a-isaltino-morais\/"},"author":{"name":"Telinha","@id":"https:\/\/portaltela.pt\/#\/schema\/person\/c4278d4a6028830caff9ee44b42d32ed"},"headline":"Assembleia Municipal de Oeiras rejeita mo\u00e7\u00e3o de censura a Isaltino Morais","datePublished":"2026-03-31T17:17:28+00:00","mainEntityOfPage":{"@id":"https:\/\/portaltela.pt\/noticias\/2026\/03\/31\/assembleia-municipal-de-oeiras-rejeita-mocao-de-censura-a-isaltino-morais\/"},"wordCount":213,"image":{"@id":"https:\/\/portaltela.pt\/noticias\/2026\/03\/31\/assembleia-municipal-de-oeiras-rejeita-mocao-de-censura-a-isaltino-morais\/#primaryimage"},"thumbnailUrl":"https:\/\/portaltela.pt\/s.01k8rhncp4jt1\/2026\/03\/img_1500x1000uu2025-10-27-16-23-32-2243954.jpg","keywords":["abuso de poder","Assembleia Municipal","Lisboa","Oeiras","peculato","pol\u00edtica"],"articleSection":["Not\u00edcias","Pol\u00edtica"],"inLanguage":"pt-PT"},{"@type":"WebPage","@id":"https:\/\/portaltela.pt\/noticias\/2026\/03\/31\/assembleia-municipal-de-oeiras-rejeita-mocao-de-censura-a-isaltino-morais\/","url":"https:\/\/portaltela.pt\/noticias\/2026\/03\/31\/assembleia-municipal-de-oeiras-rejeita-mocao-de-censura-a-isaltino-morais\/","name":"Assembleia Municipal de Oeiras rejeita mo\u00e7\u00e3o de censura a Isaltino Morais - Portal Tela Portugal","isPartOf":{"@id":"https:\/\/portaltela.pt\/#website"},"primaryImageOfPage":{"@id":"https:\/\/portaltela.pt\/noticias\/2026\/03\/31\/assembleia-municipal-de-oeiras-rejeita-mocao-de-censura-a-isaltino-morais\/#primaryimage"},"image":{"@id":"https:\/\/portaltela.pt\/noticias\/2026\/03\/31\/assembleia-municipal-de-oeiras-rejeita-mocao-de-censura-a-isaltino-morais\/#primaryimage"},"thumbnailUrl":"https:\/\/portaltela.pt\/s.01k8rhncp4jt1\/2026\/03\/img_1500x1000uu2025-10-27-16-23-32-2243954.jpg","datePublished":"2026-03-31T17:17:28+00:00","author":{"@id":"https:\/\/portaltela.pt\/#\/schema\/person\/c4278d4a6028830caff9ee44b42d32ed"},"breadcrumb":{"@id":"https:\/\/portaltela.pt\/noticias\/2026\/03\/31\/assembleia-municipal-de-oeiras-rejeita-mocao-de-censura-a-isaltino-morais\/#breadcrumb"},"inLanguage":"pt-PT","potentialAction":[{"@type":"ReadAction","target":["https:\/\/portaltela.pt\/noticias\/2026\/03\/31\/assembleia-municipal-de-oeiras-rejeita-mocao-de-censura-a-isaltino-morais\/"]}]},{"@type":"ImageObject","inLanguage":"pt-PT","@id":"https:\/\/portaltela.pt\/noticias\/2026\/03\/31\/assembleia-municipal-de-oeiras-rejeita-mocao-de-censura-a-isaltino-morais\/#primaryimage","url":"https:\/\/portaltela.pt\/s.01k8rhncp4jt1\/2026\/03\/img_1500x1000uu2025-10-27-16-23-32-2243954.jpg","contentUrl":"https:\/\/portaltela.pt\/s.01k8rhncp4jt1\/2026\/03\/img_1500x1000uu2025-10-27-16-23-32-2243954.jpg","width":796,"height":448,"caption":"Isaltino Morais"},{"@type":"BreadcrumbList","@id":"https:\/\/portaltela.pt\/noticias\/2026\/03\/31\/assembleia-municipal-de-oeiras-rejeita-mocao-de-censura-a-isaltino-morais\/#breadcrumb","itemListElement":[{"@type":"ListItem","position":1,"name":"In\u00edcio","item":"https:\/\/portaltela.pt\/"},{"@type":"ListItem","position":2,"name":"Assembleia Municipal de Oeiras rejeita mo\u00e7\u00e3o de censura a Isaltino Morais"}]},{"@type":"WebSite","@id":"https:\/\/portaltela.pt\/#website","url":"https:\/\/portaltela.pt\/","name":"Portal Tela Portugal","description":"","potentialAction":[{"@type":"SearchAction","target":{"@type":"EntryPoint","urlTemplate":"https:\/\/portaltela.pt\/?s={search_term_string}"},"query-input":{"@type":"PropertyValueSpecification","valueRequired":true,"valueName":"search_term_string"}}],"inLanguage":"pt-PT"},{"@type":"Person","@id":"https:\/\/portaltela.pt\/#\/schema\/person\/c4278d4a6028830caff9ee44b42d32ed","name":"Telinha","image":{"@type":"ImageObject","inLanguage":"pt-PT","@id":"https:\/\/portaltela.pt\/s.01k8rhncp4jt1\/2025\/11\/talking-bot-125x125.png","url":"https:\/\/portaltela.pt\/s.01k8rhncp4jt1\/2025\/11\/talking-bot-125x125.png","contentUrl":"https:\/\/portaltela.pt\/s.01k8rhncp4jt1\/2025\/11\/talking-bot-125x125.png","caption":"Telinha"},"sameAs":["https:\/\/portaltela.pt\/"],"url":"https:\/\/portaltela.pt\/por\/367410592786\/"}]}},"_links":{"self":[{"href":"https:\/\/portaltela.pt\/api\/wp\/v2\/posts\/428080","targetHints":{"allow":["GET"]}}],"collection":[{"href":"https:\/\/portaltela.pt\/api\/wp\/v2\/posts"}],"about":[{"href":"https:\/\/portaltela.pt\/api\/wp\/v2\/types\/post"}],"author":[{"embeddable":true,"href":"https:\/\/portaltela.pt\/api\/wp\/v2\/users\/2"}],"replies":[{"embeddable":true,"href":"https:\/\/portaltela.pt\/api\/wp\/v2\/comments?post=428080"}],"version-history":[{"count":0,"href":"https:\/\/portaltela.pt\/api\/wp\/v2\/posts\/428080\/revisions"}],"wp:featuredmedia":[{"embeddable":true,"href":"https:\/\/portaltela.pt\/api\/wp\/v2\/media\/428087"}],"wp:attachment":[{"href":"https:\/\/portaltela.pt\/api\/wp\/v2\/media?parent=428080"}],"wp:term":[{"taxonomy":"category","embeddable":true,"href":"https:\/\/portaltela.pt\/api\/wp\/v2\/categories?post=428080"},{"taxonomy":"post_tag","embeddable":true,"href":"https:\/\/portaltela.pt\/api\/wp\/v2\/tags?post=428080"}],"curies":[{"name":"wp","href":"https:\/\/api.w.org\/{rel}","templated":true}]}}