{"id":428079,"date":"2026-03-31T14:17:28","date_gmt":"2026-03-31T17:17:28","guid":{"rendered":"https:\/\/portaltela.pt\/noticias\/2026\/03\/31\/napoles-castigara-lukaku-e-pode-afasta-lo-do-plantel\/"},"modified":"2026-03-31T14:17:28","modified_gmt":"2026-03-31T17:17:28","slug":"napoles-castigara-lukaku-e-pode-afasta-lo-do-plantel","status":"publish","type":"post","link":"https:\/\/portaltela.pt\/desporto\/futebol\/2026\/03\/31\/napoles-castigara-lukaku-e-pode-afasta-lo-do-plantel\/","title":{"rendered":"N\u00e1poles castigar\u00e1 Lukaku e pode afast\u00e1-lo do plantel"},"content":{"rendered":"<p>O Napoli apontou medidas disciplinares a Lukaku ap\u00f3s o avan\u00e7o ter falhado o rein\u00edcio dos treinos. O clube indica que o jogador n\u00e3o esteve presente no treino de ter\u00e7a-feira e que pode tomar a\u00e7\u00f5es adequadas, incluindo a possibilidade de afastamento do plantel e multa.<\/p>\n<p>O avan\u00e7ado de 32 anos, com contrato at\u00e9 junho de 2027, encontra-se, por vontade pr\u00f3pria, na B\u00e9lgica a recuperar de uma les\u00e3o na anca. A aus\u00eancia foi registada no regresso aos trabalhos, informado pelo clube em comunicado.<\/p>\n<h3>Contorno disciplinar<\/h3>\n<p>A equipa italiana n\u00e3o detalha as san\u00e7\u00f5es em concreto, apenas sublinha que est\u00e1 a avaliar as medidas cab\u00edveis. A situa\u00e7\u00e3o centra-se no facto de Lukaku ter escolhido permanecer fora de It\u00e1lia durante o rein\u00edcio da prepara\u00e7\u00e3o.<\/p>\n<p>A decis\u00e3o do Napoli acontece num momento de tens\u00e3o entre disciplina interna e gest\u00e3o de plantel. A not\u00edcia acrescenta que a dire\u00e7\u00e3o avalia o impacto da aus\u00eancia no planeamento da temporada.<\/p>\n<h3>Contexto<\/h3>\n<p>Lukaku chegou a Napoli com o objetivo de contribuir para o desempenho competitivo do clube. A utiliza\u00e7\u00e3o do jogador, a cumprir um longo contrato, poder\u00e1 depender desta avalia\u00e7\u00e3o disciplinar e da vontade de ambas as partes.<\/p>\n","protected":false},"excerpt":{"rendered":"<ul>\n<li>O N\u00e1poles pode punir disciplinarmente Lukaku por n\u00e3o ter comparecido ao rein\u00edcio dos treinos.<\/li>\n<li>Existe a possibilidade de o castigo incluir o afastamento do plantel, al\u00e9m de uma multa.<\/li>\n<li>O clube informou que se reserva o direito de avaliar medidas disciplinares adequadas.<\/li>\n<li>Lukaku, 32 anos, encontra-se na B\u00e9lgica a recuperar de uma les\u00e3o na anca, por iniciativa pr\u00f3pria.<\/li>\n<li>O contrato dele com o N\u00e1poles \u00e9 v\u00e1lido at\u00e9 junho de 2027.<\/li>\n<\/ul>\n","protected":false},"author":2,"featured_media":428088,"comment_status":"closed","ping_status":"closed","sticky":false,"template":"","format":"standard","meta":{"footnotes":""},"categories":[21,24],"tags":[1125,4220,32,1857,2538,6515],"class_list":["post-428079","post","type-post","status-publish","format-standard","has-post-thumbnail","hentry","category-desporto","category-futebol","tag-contratos","tag-disciplina","tag-futebol","tag-italia","tag-lesoes","tag-lukaku"],"yoast_head":"<!-- This site is optimized with the Yoast SEO plugin v27.2 - https:\/\/yoast.com\/product\/yoast-seo-wordpress\/ -->\n<title>N\u00e1poles castigar\u00e1 Lukaku e pode afast\u00e1-lo do plantel - Portal Tela Portugal<\/title>\n<meta name=\"robots\" content=\"index, follow, max-snippet:-1, max-image-preview:large, max-video-preview:-1\" \/>\n<meta property=\"og:locale\" content=\"pt_PT\" \/>\n<meta property=\"og:type\" content=\"article\" \/>\n<meta property=\"og:title\" content=\"N\u00e1poles castigar\u00e1 Lukaku e pode afast\u00e1-lo do plantel - Portal Tela Portugal\" \/>\n<meta property=\"og:description\" content=\"O N\u00e1poles pode punir disciplinarmente Lukaku por n\u00e3o ter comparecido ao rein\u00edcio dos treinos. Existe a possibilidade de o castigo incluir o afastamento do plantel, al\u00e9m de uma multa. O clube informou que se reserva o direito de avaliar medidas disciplinares adequadas. Lukaku, 32 anos, encontra-se na B\u00e9lgica a recuperar de uma les\u00e3o na anca, por iniciativa pr\u00f3pria. O contrato dele com o N\u00e1poles \u00e9 v\u00e1lido at\u00e9 junho de 2027.\" \/>\n<meta property=\"og:url\" content=\"https:\/\/portaltela.pt\/noticias\/2026\/03\/31\/napoles-castigara-lukaku-e-pode-afasta-lo-do-plantel\/\" \/>\n<meta property=\"og:site_name\" content=\"Portal Tela Portugal\" \/>\n<meta property=\"article:published_time\" content=\"2026-03-31T17:17:28+00:00\" \/>\n<meta name=\"author\" content=\"Telinha\" \/>\n<meta name=\"twitter:card\" content=\"summary_large_image\" \/>\n<meta name=\"twitter:label1\" content=\"Escrito por\" \/>\n\t<meta name=\"twitter:data1\" content=\"Telinha\" \/>\n\t<meta name=\"twitter:label2\" content=\"Tempo estimado de leitura\" \/>\n\t<meta name=\"twitter:data2\" content=\"1 minuto\" \/>\n<script type=\"application\/ld+json\" class=\"yoast-schema-graph\">{\"@context\":\"https:\/\/schema.org\",\"@graph\":[{\"@type\":\"Article\",\"@id\":\"https:\/\/portaltela.pt\/noticias\/2026\/03\/31\/napoles-castigara-lukaku-e-pode-afasta-lo-do-plantel\/#article\",\"isPartOf\":{\"@id\":\"https:\/\/portaltela.pt\/noticias\/2026\/03\/31\/napoles-castigara-lukaku-e-pode-afasta-lo-do-plantel\/\"},\"author\":{\"name\":\"Telinha\",\"@id\":\"https:\/\/portaltela.pt\/#\/schema\/person\/c4278d4a6028830caff9ee44b42d32ed\"},\"headline\":\"N\u00e1poles castigar\u00e1 Lukaku e pode afast\u00e1-lo do plantel\",\"datePublished\":\"2026-03-31T17:17:28+00:00\",\"mainEntityOfPage\":{\"@id\":\"https:\/\/portaltela.pt\/noticias\/2026\/03\/31\/napoles-castigara-lukaku-e-pode-afasta-lo-do-plantel\/\"},\"wordCount\":221,\"image\":{\"@id\":\"https:\/\/portaltela.pt\/noticias\/2026\/03\/31\/napoles-castigara-lukaku-e-pode-afasta-lo-do-plantel\/#primaryimage\"},\"thumbnailUrl\":\"https:\/\/portaltela.pt\/s.01k8rhncp4jt1\/2026\/03\/img_920x518uu2025-10-15-10-05-55-2396316.jpg\",\"keywords\":[\"contratos\",\"disciplina\",\"futebol\",\"It\u00e1lia\",\"les\u00f5es\",\"Lukaku\"],\"articleSection\":[\"Desporto\",\"Futebol\"],\"inLanguage\":\"pt-PT\"},{\"@type\":\"WebPage\",\"@id\":\"https:\/\/portaltela.pt\/noticias\/2026\/03\/31\/napoles-castigara-lukaku-e-pode-afasta-lo-do-plantel\/\",\"url\":\"https:\/\/portaltela.pt\/noticias\/2026\/03\/31\/napoles-castigara-lukaku-e-pode-afasta-lo-do-plantel\/\",\"name\":\"N\u00e1poles castigar\u00e1 Lukaku e pode afast\u00e1-lo do plantel - Portal Tela Portugal\",\"isPartOf\":{\"@id\":\"https:\/\/portaltela.pt\/#website\"},\"primaryImageOfPage\":{\"@id\":\"https:\/\/portaltela.pt\/noticias\/2026\/03\/31\/napoles-castigara-lukaku-e-pode-afasta-lo-do-plantel\/#primaryimage\"},\"image\":{\"@id\":\"https:\/\/portaltela.pt\/noticias\/2026\/03\/31\/napoles-castigara-lukaku-e-pode-afasta-lo-do-plantel\/#primaryimage\"},\"thumbnailUrl\":\"https:\/\/portaltela.pt\/s.01k8rhncp4jt1\/2026\/03\/img_920x518uu2025-10-15-10-05-55-2396316.jpg\",\"datePublished\":\"2026-03-31T17:17:28+00:00\",\"author\":{\"@id\":\"https:\/\/portaltela.pt\/#\/schema\/person\/c4278d4a6028830caff9ee44b42d32ed\"},\"breadcrumb\":{\"@id\":\"https:\/\/portaltela.pt\/noticias\/2026\/03\/31\/napoles-castigara-lukaku-e-pode-afasta-lo-do-plantel\/#breadcrumb\"},\"inLanguage\":\"pt-PT\",\"potentialAction\":[{\"@type\":\"ReadAction\",\"target\":[\"https:\/\/portaltela.pt\/noticias\/2026\/03\/31\/napoles-castigara-lukaku-e-pode-afasta-lo-do-plantel\/\"]}]},{\"@type\":\"ImageObject\",\"inLanguage\":\"pt-PT\",\"@id\":\"https:\/\/portaltela.pt\/noticias\/2026\/03\/31\/napoles-castigara-lukaku-e-pode-afasta-lo-do-plantel\/#primaryimage\",\"url\":\"https:\/\/portaltela.pt\/s.01k8rhncp4jt1\/2026\/03\/img_920x518uu2025-10-15-10-05-55-2396316.jpg\",\"contentUrl\":\"https:\/\/portaltela.pt\/s.01k8rhncp4jt1\/2026\/03\/img_920x518uu2025-10-15-10-05-55-2396316.jpg\",\"width\":796,\"height\":448,\"caption\":\"Lukaku est\u00e1 a recuperar de uma les\u00e3o na anca\"},{\"@type\":\"BreadcrumbList\",\"@id\":\"https:\/\/portaltela.pt\/noticias\/2026\/03\/31\/napoles-castigara-lukaku-e-pode-afasta-lo-do-plantel\/#breadcrumb\",\"itemListElement\":[{\"@type\":\"ListItem\",\"position\":1,\"name\":\"In\u00edcio\",\"item\":\"https:\/\/portaltela.pt\/\"},{\"@type\":\"ListItem\",\"position\":2,\"name\":\"N\u00e1poles castigar\u00e1 Lukaku e pode afast\u00e1-lo do plantel\"}]},{\"@type\":\"WebSite\",\"@id\":\"https:\/\/portaltela.pt\/#website\",\"url\":\"https:\/\/portaltela.pt\/\",\"name\":\"Portal Tela Portugal\",\"description\":\"\",\"potentialAction\":[{\"@type\":\"SearchAction\",\"target\":{\"@type\":\"EntryPoint\",\"urlTemplate\":\"https:\/\/portaltela.pt\/?s={search_term_string}\"},\"query-input\":{\"@type\":\"PropertyValueSpecification\",\"valueRequired\":true,\"valueName\":\"search_term_string\"}}],\"inLanguage\":\"pt-PT\"},{\"@type\":\"Person\",\"@id\":\"https:\/\/portaltela.pt\/#\/schema\/person\/c4278d4a6028830caff9ee44b42d32ed\",\"name\":\"Telinha\",\"image\":{\"@type\":\"ImageObject\",\"inLanguage\":\"pt-PT\",\"@id\":\"https:\/\/portaltela.pt\/s.01k8rhncp4jt1\/2025\/11\/talking-bot-125x125.png\",\"url\":\"https:\/\/portaltela.pt\/s.01k8rhncp4jt1\/2025\/11\/talking-bot-125x125.png\",\"contentUrl\":\"https:\/\/portaltela.pt\/s.01k8rhncp4jt1\/2025\/11\/talking-bot-125x125.png\",\"caption\":\"Telinha\"},\"sameAs\":[\"https:\/\/portaltela.pt\/\"],\"url\":\"https:\/\/portaltela.pt\/por\/367410592786\/\"}]}<\/script>\n<!-- \/ Yoast SEO plugin. -->","yoast_head_json":{"title":"N\u00e1poles castigar\u00e1 Lukaku e pode afast\u00e1-lo do plantel - Portal Tela Portugal","robots":{"index":"index","follow":"follow","max-snippet":"max-snippet:-1","max-image-preview":"max-image-preview:large","max-video-preview":"max-video-preview:-1"},"og_locale":"pt_PT","og_type":"article","og_title":"N\u00e1poles castigar\u00e1 Lukaku e pode afast\u00e1-lo do plantel - Portal Tela Portugal","og_description":"O N\u00e1poles pode punir disciplinarmente Lukaku por n\u00e3o ter comparecido ao rein\u00edcio dos treinos. Existe a possibilidade de o castigo incluir o afastamento do plantel, al\u00e9m de uma multa. O clube informou que se reserva o direito de avaliar medidas disciplinares adequadas. Lukaku, 32 anos, encontra-se na B\u00e9lgica a recuperar de uma les\u00e3o na anca, por iniciativa pr\u00f3pria. O contrato dele com o N\u00e1poles \u00e9 v\u00e1lido at\u00e9 junho de 2027.","og_url":"https:\/\/portaltela.pt\/noticias\/2026\/03\/31\/napoles-castigara-lukaku-e-pode-afasta-lo-do-plantel\/","og_site_name":"Portal Tela Portugal","article_published_time":"2026-03-31T17:17:28+00:00","author":"Telinha","twitter_card":"summary_large_image","twitter_misc":{"Escrito por":"Telinha","Tempo estimado de leitura":"1 minuto"},"schema":{"@context":"https:\/\/schema.org","@graph":[{"@type":"Article","@id":"https:\/\/portaltela.pt\/noticias\/2026\/03\/31\/napoles-castigara-lukaku-e-pode-afasta-lo-do-plantel\/#article","isPartOf":{"@id":"https:\/\/portaltela.pt\/noticias\/2026\/03\/31\/napoles-castigara-lukaku-e-pode-afasta-lo-do-plantel\/"},"author":{"name":"Telinha","@id":"https:\/\/portaltela.pt\/#\/schema\/person\/c4278d4a6028830caff9ee44b42d32ed"},"headline":"N\u00e1poles castigar\u00e1 Lukaku e pode afast\u00e1-lo do plantel","datePublished":"2026-03-31T17:17:28+00:00","mainEntityOfPage":{"@id":"https:\/\/portaltela.pt\/noticias\/2026\/03\/31\/napoles-castigara-lukaku-e-pode-afasta-lo-do-plantel\/"},"wordCount":221,"image":{"@id":"https:\/\/portaltela.pt\/noticias\/2026\/03\/31\/napoles-castigara-lukaku-e-pode-afasta-lo-do-plantel\/#primaryimage"},"thumbnailUrl":"https:\/\/portaltela.pt\/s.01k8rhncp4jt1\/2026\/03\/img_920x518uu2025-10-15-10-05-55-2396316.jpg","keywords":["contratos","disciplina","futebol","It\u00e1lia","les\u00f5es","Lukaku"],"articleSection":["Desporto","Futebol"],"inLanguage":"pt-PT"},{"@type":"WebPage","@id":"https:\/\/portaltela.pt\/noticias\/2026\/03\/31\/napoles-castigara-lukaku-e-pode-afasta-lo-do-plantel\/","url":"https:\/\/portaltela.pt\/noticias\/2026\/03\/31\/napoles-castigara-lukaku-e-pode-afasta-lo-do-plantel\/","name":"N\u00e1poles castigar\u00e1 Lukaku e pode afast\u00e1-lo do plantel - Portal Tela Portugal","isPartOf":{"@id":"https:\/\/portaltela.pt\/#website"},"primaryImageOfPage":{"@id":"https:\/\/portaltela.pt\/noticias\/2026\/03\/31\/napoles-castigara-lukaku-e-pode-afasta-lo-do-plantel\/#primaryimage"},"image":{"@id":"https:\/\/portaltela.pt\/noticias\/2026\/03\/31\/napoles-castigara-lukaku-e-pode-afasta-lo-do-plantel\/#primaryimage"},"thumbnailUrl":"https:\/\/portaltela.pt\/s.01k8rhncp4jt1\/2026\/03\/img_920x518uu2025-10-15-10-05-55-2396316.jpg","datePublished":"2026-03-31T17:17:28+00:00","author":{"@id":"https:\/\/portaltela.pt\/#\/schema\/person\/c4278d4a6028830caff9ee44b42d32ed"},"breadcrumb":{"@id":"https:\/\/portaltela.pt\/noticias\/2026\/03\/31\/napoles-castigara-lukaku-e-pode-afasta-lo-do-plantel\/#breadcrumb"},"inLanguage":"pt-PT","potentialAction":[{"@type":"ReadAction","target":["https:\/\/portaltela.pt\/noticias\/2026\/03\/31\/napoles-castigara-lukaku-e-pode-afasta-lo-do-plantel\/"]}]},{"@type":"ImageObject","inLanguage":"pt-PT","@id":"https:\/\/portaltela.pt\/noticias\/2026\/03\/31\/napoles-castigara-lukaku-e-pode-afasta-lo-do-plantel\/#primaryimage","url":"https:\/\/portaltela.pt\/s.01k8rhncp4jt1\/2026\/03\/img_920x518uu2025-10-15-10-05-55-2396316.jpg","contentUrl":"https:\/\/portaltela.pt\/s.01k8rhncp4jt1\/2026\/03\/img_920x518uu2025-10-15-10-05-55-2396316.jpg","width":796,"height":448,"caption":"Lukaku est\u00e1 a recuperar de uma les\u00e3o na anca"},{"@type":"BreadcrumbList","@id":"https:\/\/portaltela.pt\/noticias\/2026\/03\/31\/napoles-castigara-lukaku-e-pode-afasta-lo-do-plantel\/#breadcrumb","itemListElement":[{"@type":"ListItem","position":1,"name":"In\u00edcio","item":"https:\/\/portaltela.pt\/"},{"@type":"ListItem","position":2,"name":"N\u00e1poles castigar\u00e1 Lukaku e pode afast\u00e1-lo do plantel"}]},{"@type":"WebSite","@id":"https:\/\/portaltela.pt\/#website","url":"https:\/\/portaltela.pt\/","name":"Portal Tela Portugal","description":"","potentialAction":[{"@type":"SearchAction","target":{"@type":"EntryPoint","urlTemplate":"https:\/\/portaltela.pt\/?s={search_term_string}"},"query-input":{"@type":"PropertyValueSpecification","valueRequired":true,"valueName":"search_term_string"}}],"inLanguage":"pt-PT"},{"@type":"Person","@id":"https:\/\/portaltela.pt\/#\/schema\/person\/c4278d4a6028830caff9ee44b42d32ed","name":"Telinha","image":{"@type":"ImageObject","inLanguage":"pt-PT","@id":"https:\/\/portaltela.pt\/s.01k8rhncp4jt1\/2025\/11\/talking-bot-125x125.png","url":"https:\/\/portaltela.pt\/s.01k8rhncp4jt1\/2025\/11\/talking-bot-125x125.png","contentUrl":"https:\/\/portaltela.pt\/s.01k8rhncp4jt1\/2025\/11\/talking-bot-125x125.png","caption":"Telinha"},"sameAs":["https:\/\/portaltela.pt\/"],"url":"https:\/\/portaltela.pt\/por\/367410592786\/"}]}},"_links":{"self":[{"href":"https:\/\/portaltela.pt\/api\/wp\/v2\/posts\/428079","targetHints":{"allow":["GET"]}}],"collection":[{"href":"https:\/\/portaltela.pt\/api\/wp\/v2\/posts"}],"about":[{"href":"https:\/\/portaltela.pt\/api\/wp\/v2\/types\/post"}],"author":[{"embeddable":true,"href":"https:\/\/portaltela.pt\/api\/wp\/v2\/users\/2"}],"replies":[{"embeddable":true,"href":"https:\/\/portaltela.pt\/api\/wp\/v2\/comments?post=428079"}],"version-history":[{"count":0,"href":"https:\/\/portaltela.pt\/api\/wp\/v2\/posts\/428079\/revisions"}],"wp:featuredmedia":[{"embeddable":true,"href":"https:\/\/portaltela.pt\/api\/wp\/v2\/media\/428088"}],"wp:attachment":[{"href":"https:\/\/portaltela.pt\/api\/wp\/v2\/media?parent=428079"}],"wp:term":[{"taxonomy":"category","embeddable":true,"href":"https:\/\/portaltela.pt\/api\/wp\/v2\/categories?post=428079"},{"taxonomy":"post_tag","embeddable":true,"href":"https:\/\/portaltela.pt\/api\/wp\/v2\/tags?post=428079"}],"curies":[{"name":"wp","href":"https:\/\/api.w.org\/{rel}","templated":true}]}}