{"id":428070,"date":"2026-03-31T14:02:36","date_gmt":"2026-03-31T17:02:36","guid":{"rendered":"https:\/\/portaltela.pt\/noticias\/2026\/03\/31\/armando-alves-artista-que-se-dividiu-entre-pintura-e-artes-graficas\/"},"modified":"2026-03-31T14:02:36","modified_gmt":"2026-03-31T17:02:36","slug":"armando-alves-artista-que-se-dividiu-entre-pintura-e-artes-graficas","status":"publish","type":"post","link":"https:\/\/portaltela.pt\/noticias\/2026\/03\/31\/armando-alves-artista-que-se-dividiu-entre-pintura-e-artes-graficas\/","title":{"rendered":"Armando Alves, artista que se dividiu entre pintura e artes gr\u00e1ficas"},"content":{"rendered":"<p>Armando Alves, pintor e designer gr\u00e1fico, morreu aos 90 anos. O an\u00fancio foi feito pela Faculdade de Belas Artes da Universidade do Porto. O artista integrou o grupo Os Quatro Vintes e ficou conhecido pela mem\u00f3ria gr\u00e1fica da vida cultural do Porto.<\/p>\n<p>Al\u00e9m da pintura, Alves impulsionou as artes gr\u00e1ficas a partir dos anos 1960 e lan\u00e7ou o ensino acad\u00e9mico, contribuindo para a edi\u00e7\u00e3o liter\u00e1ria e a publicidade. A sua obra cruzou salas de exposi\u00e7\u00f5es, livros e cartazes.<\/p>\n<p>A passagem do tempo trouxe reconhecimento p\u00fablico, incluindo uma retrospetiva em novembro pela cooperativa \u00c1rvore, no Porto. O an\u00fancio da falecimento veio com o impulso de registar a sua trajet\u00f3ria.<\/p>\n<p>Nascido a 7 de novembro de 1935, em Estremoz, estudou em Lisboa e no Porto, onde concluiu a licenciatura em Pintura na ESBAP. Em 1968 ingressou no grupo Os Quatro Vintes.<\/p>\n<h3>A atua\u00e7\u00e3o gr\u00e1fica e educativa<\/h3>\n<p>Durante 1962 a 1973, Alves foi professor assistente na ESBAP e introduziu o estudo das artes gr\u00e1ficas, hoje design grafico. Naquela \u00e9poca, a \u00e1rea come\u00e7ou a assumir identidade pr\u00f3pria.<\/p>\n<p>No Porto, destacaram-se as atividades gr\u00e1ficas que acompanharam a produ\u00e7\u00e3o pict\u00f3rica. Alves dirigiu obras liter\u00e1rias, cat\u00e1logos, cartazes e programas de exposi\u00e7\u00f5es e concertos.<\/p>\n<p>O trabalho em design manteve uma liga\u00e7\u00e3o estreita com a pintura, que Alves descrevia como a sua identidade central, enquanto as artes gr\u00e1ficas representavam uma continuidade criativa.<\/p>\n<h3>Exposi\u00e7\u00f5es e parcerias<\/h3>\n<p>Ao lado de \u00c2ngelo de Sousa, Jos\u00e9 Rodrigues e Jorge Pinheiro, o artista exp\u00f4s em Porto, Lisboa e Paris no final dos anos 1960. Mostras passaram pela Galeria Domingues Alvarez, Zen e outras institui\u00e7\u00f5es da \u00e9poca.<\/p>\n<p>Alves colaborou com editoras como Inova, Limiar e Oiro do Dia, dirigindo edi\u00e7\u00f5es que associaram palavra e imagem a figuras hist\u00f3ricas portuguesas.<\/p>\n<p>Na pintura, iniciou-se pela figura\u00e7\u00e3o e evoluiu para o informalismo mat\u00e9rico, com cromatismo em ocre e tons quentes, marcando o estilo da \u00e9poca.<\/p>\n<h3>Liga\u00e7\u00e3o ao Alentejo<\/h3>\n<p>A origem alentejana influenciou a paleta, a paisagem, a luz e a mat\u00e9ria na sua obra. O artista reconheceu essa liga\u00e7\u00e3o como um alicerce cont\u00ednuo ao longo da carreira.<\/p>\n<p>Estremoz foi tamb\u00e9m parte do seu mapa pessoal, com uma vis\u00e3o sobre o impacto do 25 de Abril e da democracia, registada na Autobiografia de 2009.<\/p>\n<h3>Reconhecimentos e legado<\/h3>\n<p>Armando Alves recebeu o grau de Grande-Oficial da Ordem do M\u00e9rito em 2006 e o Pr\u00e9mio de Artes Casino da P\u00f3voa em 2009. O seu trabalho est\u00e1 em cole\u00e7\u00f5es de v\u00e1rias institui\u00e7\u00f5es portuguesas.<\/p>\n<p>A obra gr\u00e1fica de Alves incluiu a direc\u00e7\u00e3o de edi\u00e7\u00f5es especiais, como Cartas Portuguesas, associando desenhos a textos de Eug\u00e9nio de Andrade e Jos\u00e9 Rodrigues, em celebra\u00e7\u00e3o de 300 anos.<\/p>\n<p>O Porto ficou marcado pela mem\u00f3ria gr\u00e1fica ali constru\u00edda, que, segundo o pr\u00f3prio, foi um motor para a cultura local e para a renova\u00e7\u00e3o de pr\u00e1ticas artes visuais.<\/p>\n","protected":false},"excerpt":{"rendered":"<ul>\n<li>O pintor Armando Alves morreu aos 90 anos e foi membro do grupo Os Quatro Vintes, pioneiro na constru\u00e7\u00e3o de uma mem\u00f3ria gr\u00e1fica da vida cultural do Porto.<\/li>\n<li>Entre finais dos anos sessenta e in\u00edcio dos setenta valorizou e renovou as artes gr\u00e1ficas, introduzindo-as no ensino, na edi\u00e7\u00e3o liter\u00e1ria e na publicidade.<\/li>\n<li>Esteve como professor assistente na Escola Superior de Belas-Artes do Porto entre 1962 e 1973, contribuindo para o surgimento do design gr\u00e1fico na cidade.<\/li>\n<li>Em 2006 recebeu o grau de Grande-Oficial da Ordem do M\u00e9rito e, em 2009, ganhou o Pr\u00e9mio de Artes Casino da P\u00f3voa; a \u00c1rvore homenageou-o em novembro com uma retrospetiva.<\/li>\n<li>A sua obra inclui direc\u00e7\u00e3o de edi\u00e7\u00f5es e contributos para cartas portuguesas, antologias e trabalhos em Portugal e no estrangeiro, com vagas em v\u00e1rias cole\u00e7\u00f5es p\u00fablicas.<\/li>\n<\/ul>\n","protected":false},"author":2,"featured_media":428072,"comment_status":"closed","ping_status":"closed","sticky":false,"template":"","format":"standard","meta":{"footnotes":""},"categories":[7375,1],"tags":[70,143,1098,1397,130,982],"class_list":["post-428070","post","type-post","status-publish","format-standard","has-post-thumbnail","hentry","category-cultura","category-noticias","tag-arte","tag-design","tag-estremoz","tag-exposicoes","tag-livros","tag-porto"],"yoast_head":"<!-- This site is optimized with the Yoast SEO plugin v27.2 - https:\/\/yoast.com\/product\/yoast-seo-wordpress\/ -->\n<title>Armando Alves, artista que se dividiu entre pintura e artes gr\u00e1ficas - Portal Tela Portugal<\/title>\n<meta name=\"robots\" content=\"index, follow, max-snippet:-1, max-image-preview:large, max-video-preview:-1\" \/>\n<meta property=\"og:locale\" content=\"pt_PT\" \/>\n<meta property=\"og:type\" content=\"article\" \/>\n<meta property=\"og:title\" content=\"Armando Alves, artista que se dividiu entre pintura e artes gr\u00e1ficas - Portal Tela Portugal\" \/>\n<meta property=\"og:description\" content=\"O pintor Armando Alves morreu aos 90 anos e foi membro do grupo Os Quatro Vintes, pioneiro na constru\u00e7\u00e3o de uma mem\u00f3ria gr\u00e1fica da vida cultural do Porto. Entre finais dos anos sessenta e in\u00edcio dos setenta valorizou e renovou as artes gr\u00e1ficas, introduzindo-as no ensino, na edi\u00e7\u00e3o liter\u00e1ria e na publicidade. Esteve como professor assistente na Escola Superior de Belas-Artes do Porto entre 1962 e 1973, contribuindo para o surgimento do design gr\u00e1fico na cidade. Em 2006 recebeu o grau de Grande-Oficial da Ordem do M\u00e9rito e, em 2009, ganhou o Pr\u00e9mio de Artes Casino da P\u00f3voa; a \u00c1rvore homenageou-o em novembro com uma retrospetiva. A sua obra inclui direc\u00e7\u00e3o de edi\u00e7\u00f5es e contributos para cartas portuguesas, antologias e trabalhos em Portugal e no estrangeiro, com vagas em v\u00e1rias cole\u00e7\u00f5es p\u00fablicas.\" \/>\n<meta property=\"og:url\" content=\"https:\/\/portaltela.pt\/noticias\/2026\/03\/31\/armando-alves-artista-que-se-dividiu-entre-pintura-e-artes-graficas\/\" \/>\n<meta property=\"og:site_name\" content=\"Portal Tela Portugal\" \/>\n<meta property=\"article:published_time\" content=\"2026-03-31T17:02:36+00:00\" \/>\n<meta name=\"author\" content=\"Telinha\" \/>\n<meta name=\"twitter:card\" content=\"summary_large_image\" \/>\n<meta name=\"twitter:label1\" content=\"Escrito por\" \/>\n\t<meta name=\"twitter:data1\" content=\"Telinha\" \/>\n\t<meta name=\"twitter:label2\" content=\"Tempo estimado de leitura\" \/>\n\t<meta name=\"twitter:data2\" content=\"3 minutos\" \/>\n<script type=\"application\/ld+json\" class=\"yoast-schema-graph\">{\"@context\":\"https:\/\/schema.org\",\"@graph\":[{\"@type\":\"Article\",\"@id\":\"https:\/\/portaltela.pt\/noticias\/2026\/03\/31\/armando-alves-artista-que-se-dividiu-entre-pintura-e-artes-graficas\/#article\",\"isPartOf\":{\"@id\":\"https:\/\/portaltela.pt\/noticias\/2026\/03\/31\/armando-alves-artista-que-se-dividiu-entre-pintura-e-artes-graficas\/\"},\"author\":{\"name\":\"Telinha\",\"@id\":\"https:\/\/portaltela.pt\/#\/schema\/person\/c4278d4a6028830caff9ee44b42d32ed\"},\"headline\":\"Armando Alves, artista que se dividiu entre pintura e artes gr\u00e1ficas\",\"datePublished\":\"2026-03-31T17:02:36+00:00\",\"mainEntityOfPage\":{\"@id\":\"https:\/\/portaltela.pt\/noticias\/2026\/03\/31\/armando-alves-artista-que-se-dividiu-entre-pintura-e-artes-graficas\/\"},\"wordCount\":515,\"image\":{\"@id\":\"https:\/\/portaltela.pt\/noticias\/2026\/03\/31\/armando-alves-artista-que-se-dividiu-entre-pintura-e-artes-graficas\/#primaryimage\"},\"thumbnailUrl\":\"https:\/\/portaltela.pt\/s.01k8rhncp4jt1\/2026\/03\/image-1880.jpg\",\"keywords\":[\"arte\",\"design\",\"Estremoz\",\"exposi\u00e7\u00f5es\",\"livros\",\"Porto\"],\"articleSection\":[\"Cultura\",\"Not\u00edcias\"],\"inLanguage\":\"pt-PT\"},{\"@type\":\"WebPage\",\"@id\":\"https:\/\/portaltela.pt\/noticias\/2026\/03\/31\/armando-alves-artista-que-se-dividiu-entre-pintura-e-artes-graficas\/\",\"url\":\"https:\/\/portaltela.pt\/noticias\/2026\/03\/31\/armando-alves-artista-que-se-dividiu-entre-pintura-e-artes-graficas\/\",\"name\":\"Armando Alves, artista que se dividiu entre pintura e artes gr\u00e1ficas - Portal Tela Portugal\",\"isPartOf\":{\"@id\":\"https:\/\/portaltela.pt\/#website\"},\"primaryImageOfPage\":{\"@id\":\"https:\/\/portaltela.pt\/noticias\/2026\/03\/31\/armando-alves-artista-que-se-dividiu-entre-pintura-e-artes-graficas\/#primaryimage\"},\"image\":{\"@id\":\"https:\/\/portaltela.pt\/noticias\/2026\/03\/31\/armando-alves-artista-que-se-dividiu-entre-pintura-e-artes-graficas\/#primaryimage\"},\"thumbnailUrl\":\"https:\/\/portaltela.pt\/s.01k8rhncp4jt1\/2026\/03\/image-1880.jpg\",\"datePublished\":\"2026-03-31T17:02:36+00:00\",\"author\":{\"@id\":\"https:\/\/portaltela.pt\/#\/schema\/person\/c4278d4a6028830caff9ee44b42d32ed\"},\"breadcrumb\":{\"@id\":\"https:\/\/portaltela.pt\/noticias\/2026\/03\/31\/armando-alves-artista-que-se-dividiu-entre-pintura-e-artes-graficas\/#breadcrumb\"},\"inLanguage\":\"pt-PT\",\"potentialAction\":[{\"@type\":\"ReadAction\",\"target\":[\"https:\/\/portaltela.pt\/noticias\/2026\/03\/31\/armando-alves-artista-que-se-dividiu-entre-pintura-e-artes-graficas\/\"]}]},{\"@type\":\"ImageObject\",\"inLanguage\":\"pt-PT\",\"@id\":\"https:\/\/portaltela.pt\/noticias\/2026\/03\/31\/armando-alves-artista-que-se-dividiu-entre-pintura-e-artes-graficas\/#primaryimage\",\"url\":\"https:\/\/portaltela.pt\/s.01k8rhncp4jt1\/2026\/03\/image-1880.jpg\",\"contentUrl\":\"https:\/\/portaltela.pt\/s.01k8rhncp4jt1\/2026\/03\/image-1880.jpg\",\"width\":796,\"height\":448,\"caption\":\"Armando Alves tinha 90 anos\"},{\"@type\":\"BreadcrumbList\",\"@id\":\"https:\/\/portaltela.pt\/noticias\/2026\/03\/31\/armando-alves-artista-que-se-dividiu-entre-pintura-e-artes-graficas\/#breadcrumb\",\"itemListElement\":[{\"@type\":\"ListItem\",\"position\":1,\"name\":\"In\u00edcio\",\"item\":\"https:\/\/portaltela.pt\/\"},{\"@type\":\"ListItem\",\"position\":2,\"name\":\"Armando Alves, artista que se dividiu entre pintura e artes gr\u00e1ficas\"}]},{\"@type\":\"WebSite\",\"@id\":\"https:\/\/portaltela.pt\/#website\",\"url\":\"https:\/\/portaltela.pt\/\",\"name\":\"Portal Tela Portugal\",\"description\":\"\",\"potentialAction\":[{\"@type\":\"SearchAction\",\"target\":{\"@type\":\"EntryPoint\",\"urlTemplate\":\"https:\/\/portaltela.pt\/?s={search_term_string}\"},\"query-input\":{\"@type\":\"PropertyValueSpecification\",\"valueRequired\":true,\"valueName\":\"search_term_string\"}}],\"inLanguage\":\"pt-PT\"},{\"@type\":\"Person\",\"@id\":\"https:\/\/portaltela.pt\/#\/schema\/person\/c4278d4a6028830caff9ee44b42d32ed\",\"name\":\"Telinha\",\"image\":{\"@type\":\"ImageObject\",\"inLanguage\":\"pt-PT\",\"@id\":\"https:\/\/portaltela.pt\/s.01k8rhncp4jt1\/2025\/11\/talking-bot-125x125.png\",\"url\":\"https:\/\/portaltela.pt\/s.01k8rhncp4jt1\/2025\/11\/talking-bot-125x125.png\",\"contentUrl\":\"https:\/\/portaltela.pt\/s.01k8rhncp4jt1\/2025\/11\/talking-bot-125x125.png\",\"caption\":\"Telinha\"},\"sameAs\":[\"https:\/\/portaltela.pt\/\"],\"url\":\"https:\/\/portaltela.pt\/por\/367410592786\/\"}]}<\/script>\n<!-- \/ Yoast SEO plugin. -->","yoast_head_json":{"title":"Armando Alves, artista que se dividiu entre pintura e artes gr\u00e1ficas - Portal Tela Portugal","robots":{"index":"index","follow":"follow","max-snippet":"max-snippet:-1","max-image-preview":"max-image-preview:large","max-video-preview":"max-video-preview:-1"},"og_locale":"pt_PT","og_type":"article","og_title":"Armando Alves, artista que se dividiu entre pintura e artes gr\u00e1ficas - Portal Tela Portugal","og_description":"O pintor Armando Alves morreu aos 90 anos e foi membro do grupo Os Quatro Vintes, pioneiro na constru\u00e7\u00e3o de uma mem\u00f3ria gr\u00e1fica da vida cultural do Porto. Entre finais dos anos sessenta e in\u00edcio dos setenta valorizou e renovou as artes gr\u00e1ficas, introduzindo-as no ensino, na edi\u00e7\u00e3o liter\u00e1ria e na publicidade. Esteve como professor assistente na Escola Superior de Belas-Artes do Porto entre 1962 e 1973, contribuindo para o surgimento do design gr\u00e1fico na cidade. Em 2006 recebeu o grau de Grande-Oficial da Ordem do M\u00e9rito e, em 2009, ganhou o Pr\u00e9mio de Artes Casino da P\u00f3voa; a \u00c1rvore homenageou-o em novembro com uma retrospetiva. A sua obra inclui direc\u00e7\u00e3o de edi\u00e7\u00f5es e contributos para cartas portuguesas, antologias e trabalhos em Portugal e no estrangeiro, com vagas em v\u00e1rias cole\u00e7\u00f5es p\u00fablicas.","og_url":"https:\/\/portaltela.pt\/noticias\/2026\/03\/31\/armando-alves-artista-que-se-dividiu-entre-pintura-e-artes-graficas\/","og_site_name":"Portal Tela Portugal","article_published_time":"2026-03-31T17:02:36+00:00","author":"Telinha","twitter_card":"summary_large_image","twitter_misc":{"Escrito por":"Telinha","Tempo estimado de leitura":"3 minutos"},"schema":{"@context":"https:\/\/schema.org","@graph":[{"@type":"Article","@id":"https:\/\/portaltela.pt\/noticias\/2026\/03\/31\/armando-alves-artista-que-se-dividiu-entre-pintura-e-artes-graficas\/#article","isPartOf":{"@id":"https:\/\/portaltela.pt\/noticias\/2026\/03\/31\/armando-alves-artista-que-se-dividiu-entre-pintura-e-artes-graficas\/"},"author":{"name":"Telinha","@id":"https:\/\/portaltela.pt\/#\/schema\/person\/c4278d4a6028830caff9ee44b42d32ed"},"headline":"Armando Alves, artista que se dividiu entre pintura e artes gr\u00e1ficas","datePublished":"2026-03-31T17:02:36+00:00","mainEntityOfPage":{"@id":"https:\/\/portaltela.pt\/noticias\/2026\/03\/31\/armando-alves-artista-que-se-dividiu-entre-pintura-e-artes-graficas\/"},"wordCount":515,"image":{"@id":"https:\/\/portaltela.pt\/noticias\/2026\/03\/31\/armando-alves-artista-que-se-dividiu-entre-pintura-e-artes-graficas\/#primaryimage"},"thumbnailUrl":"https:\/\/portaltela.pt\/s.01k8rhncp4jt1\/2026\/03\/image-1880.jpg","keywords":["arte","design","Estremoz","exposi\u00e7\u00f5es","livros","Porto"],"articleSection":["Cultura","Not\u00edcias"],"inLanguage":"pt-PT"},{"@type":"WebPage","@id":"https:\/\/portaltela.pt\/noticias\/2026\/03\/31\/armando-alves-artista-que-se-dividiu-entre-pintura-e-artes-graficas\/","url":"https:\/\/portaltela.pt\/noticias\/2026\/03\/31\/armando-alves-artista-que-se-dividiu-entre-pintura-e-artes-graficas\/","name":"Armando Alves, artista que se dividiu entre pintura e artes gr\u00e1ficas - Portal Tela Portugal","isPartOf":{"@id":"https:\/\/portaltela.pt\/#website"},"primaryImageOfPage":{"@id":"https:\/\/portaltela.pt\/noticias\/2026\/03\/31\/armando-alves-artista-que-se-dividiu-entre-pintura-e-artes-graficas\/#primaryimage"},"image":{"@id":"https:\/\/portaltela.pt\/noticias\/2026\/03\/31\/armando-alves-artista-que-se-dividiu-entre-pintura-e-artes-graficas\/#primaryimage"},"thumbnailUrl":"https:\/\/portaltela.pt\/s.01k8rhncp4jt1\/2026\/03\/image-1880.jpg","datePublished":"2026-03-31T17:02:36+00:00","author":{"@id":"https:\/\/portaltela.pt\/#\/schema\/person\/c4278d4a6028830caff9ee44b42d32ed"},"breadcrumb":{"@id":"https:\/\/portaltela.pt\/noticias\/2026\/03\/31\/armando-alves-artista-que-se-dividiu-entre-pintura-e-artes-graficas\/#breadcrumb"},"inLanguage":"pt-PT","potentialAction":[{"@type":"ReadAction","target":["https:\/\/portaltela.pt\/noticias\/2026\/03\/31\/armando-alves-artista-que-se-dividiu-entre-pintura-e-artes-graficas\/"]}]},{"@type":"ImageObject","inLanguage":"pt-PT","@id":"https:\/\/portaltela.pt\/noticias\/2026\/03\/31\/armando-alves-artista-que-se-dividiu-entre-pintura-e-artes-graficas\/#primaryimage","url":"https:\/\/portaltela.pt\/s.01k8rhncp4jt1\/2026\/03\/image-1880.jpg","contentUrl":"https:\/\/portaltela.pt\/s.01k8rhncp4jt1\/2026\/03\/image-1880.jpg","width":796,"height":448,"caption":"Armando Alves tinha 90 anos"},{"@type":"BreadcrumbList","@id":"https:\/\/portaltela.pt\/noticias\/2026\/03\/31\/armando-alves-artista-que-se-dividiu-entre-pintura-e-artes-graficas\/#breadcrumb","itemListElement":[{"@type":"ListItem","position":1,"name":"In\u00edcio","item":"https:\/\/portaltela.pt\/"},{"@type":"ListItem","position":2,"name":"Armando Alves, artista que se dividiu entre pintura e artes gr\u00e1ficas"}]},{"@type":"WebSite","@id":"https:\/\/portaltela.pt\/#website","url":"https:\/\/portaltela.pt\/","name":"Portal Tela Portugal","description":"","potentialAction":[{"@type":"SearchAction","target":{"@type":"EntryPoint","urlTemplate":"https:\/\/portaltela.pt\/?s={search_term_string}"},"query-input":{"@type":"PropertyValueSpecification","valueRequired":true,"valueName":"search_term_string"}}],"inLanguage":"pt-PT"},{"@type":"Person","@id":"https:\/\/portaltela.pt\/#\/schema\/person\/c4278d4a6028830caff9ee44b42d32ed","name":"Telinha","image":{"@type":"ImageObject","inLanguage":"pt-PT","@id":"https:\/\/portaltela.pt\/s.01k8rhncp4jt1\/2025\/11\/talking-bot-125x125.png","url":"https:\/\/portaltela.pt\/s.01k8rhncp4jt1\/2025\/11\/talking-bot-125x125.png","contentUrl":"https:\/\/portaltela.pt\/s.01k8rhncp4jt1\/2025\/11\/talking-bot-125x125.png","caption":"Telinha"},"sameAs":["https:\/\/portaltela.pt\/"],"url":"https:\/\/portaltela.pt\/por\/367410592786\/"}]}},"_links":{"self":[{"href":"https:\/\/portaltela.pt\/api\/wp\/v2\/posts\/428070","targetHints":{"allow":["GET"]}}],"collection":[{"href":"https:\/\/portaltela.pt\/api\/wp\/v2\/posts"}],"about":[{"href":"https:\/\/portaltela.pt\/api\/wp\/v2\/types\/post"}],"author":[{"embeddable":true,"href":"https:\/\/portaltela.pt\/api\/wp\/v2\/users\/2"}],"replies":[{"embeddable":true,"href":"https:\/\/portaltela.pt\/api\/wp\/v2\/comments?post=428070"}],"version-history":[{"count":0,"href":"https:\/\/portaltela.pt\/api\/wp\/v2\/posts\/428070\/revisions"}],"wp:featuredmedia":[{"embeddable":true,"href":"https:\/\/portaltela.pt\/api\/wp\/v2\/media\/428072"}],"wp:attachment":[{"href":"https:\/\/portaltela.pt\/api\/wp\/v2\/media?parent=428070"}],"wp:term":[{"taxonomy":"category","embeddable":true,"href":"https:\/\/portaltela.pt\/api\/wp\/v2\/categories?post=428070"},{"taxonomy":"post_tag","embeddable":true,"href":"https:\/\/portaltela.pt\/api\/wp\/v2\/tags?post=428070"}],"curies":[{"name":"wp","href":"https:\/\/api.w.org\/{rel}","templated":true}]}}