{"id":428069,"date":"2026-03-31T14:02:34","date_gmt":"2026-03-31T17:02:34","guid":{"rendered":"https:\/\/portaltela.pt\/noticias\/2026\/03\/31\/portugal-eliminado-pela-inglaterra-e-falha-acesso-a-fase-final-do-europeu-sub-19\/"},"modified":"2026-03-31T14:02:34","modified_gmt":"2026-03-31T17:02:34","slug":"portugal-eliminado-pela-inglaterra-e-falha-acesso-a-fase-final-do-europeu-sub-19","status":"publish","type":"post","link":"https:\/\/portaltela.pt\/desporto\/futebol\/2026\/03\/31\/portugal-eliminado-pela-inglaterra-e-falha-acesso-a-fase-final-do-europeu-sub-19\/","title":{"rendered":"Portugal eliminado pela Inglaterra e falha acesso \u00e0 fase final do Europeu sub-19"},"content":{"rendered":"<p>Portugal sub-19 sofreu uma derrota pesada por 0-6 frente \u00e0 Inglaterra, na \u00faltima jornada de apuramento para o Europeu da categoria. Com o resultado, fechou o grupo 3.\u00ba, com 4 pontos, e falhou o acesso \u00e0 fase final no Pa\u00eds de Gales.<\/p>\n<p>O encontro, realizado em Braga, ditou que a S\u00e9rvia conquistasse a lideran\u00e7a do grupo 2 da Ronda de Elite ao vencer a Pol\u00f3nia por 1-0. O golo s\u00e9rvio surgiu aos 78 minutos, na sequ\u00eancia de uma jogada junto \u00e0 \u00e1rea contr\u00e1ria.<\/p>\n<p>Logo aos 4 minutos, Nfonkeu abriu o caminho para a Inglaterra. Depois de um lance que F\u00e1bio Neto contestou, Jesse Derry finalizou ao poste e entrou, colocando os ingleses na dianteira.<\/p>\n<p>Aos 50 minutos, Max Dowman ampliou a vantagem com uma arrancada desde perto do meio-campo e remate certeiro na \u00e1rea advers\u00e1ria, aumentando a diferen\u00e7a para 2-0.<\/p>\n<p>Pouco depois, Dowman novamente causou perigo na direita, cruzando para a \u00e1rea onde Diogo Ferreira n\u00e3o conseguiu segurar, surgindo Jesse Derry para o 3-0. O criativo ingl\u00eas celebrou ao estilo de Cristiano Ronaldo.<\/p>\n<p>Aos 75 minutos, Ezra Mayers aproveitou uma jogada coletiva para fazer o 4-0, num momento em que a defesa portuguesa esteve pouco atenta. Perto do final, Shumaira Mheuka marcou o quinto, e Harry Howeell fechou a contagem com um remate poderoso.<\/p>\n<p>A sele\u00e7\u00e3o portuguesa, orientada por Em\u00edlio Peixe, n\u00e3o conseguiu responder de forma eficaz \u00e0 press\u00e3o inglesa e viu-se obrigada a festejar apenas o orgulho, sem conseguir assegurar a presen\u00e7a na fase final do Europeu sub-19.<\/p>\n","protected":false},"excerpt":{"rendered":"<ul>\n<li>Portugal perdeu por 0-6 com a Inglaterra, em Braga, na \u00faltima jornada da Ronda de Elite do Europeu sub\u201119, ficando em 3.\u00ba lugar no grupo com 4 pontos.<\/li>\n<li>A derrota impede a participa\u00e7\u00e3o portuguesa na fase final, deixando a S\u00e9rvia \u2014 l\u00edder do grupo \u2014 apurada ao vencer a Pol\u00f3nia por 1-0.<\/li>\n<li>O jogo come\u00e7ou com golo de Jesse Derry aos 4 minutos, ap\u00f3s jogada pela direita.<\/li>\n<li>Max Dowman fez o segundo aos 50 minutos, e Derry marcou novamente aos 60 minutos para o 0-3.<\/li>\n<li>Ezra Mayers fez o quarto aos 75 minutos, seguido de Shumaira Mheuka e, nos minutos finais, Harry Howeell a fechar o marcador.<\/li>\n<\/ul>\n","protected":false},"author":2,"featured_media":428071,"comment_status":"closed","ping_status":"closed","sticky":false,"template":"","format":"standard","meta":{"footnotes":""},"categories":[21,24],"tags":[59,32,4591,1014,1253,2057],"class_list":["post-428069","post","type-post","status-publish","format-standard","has-post-thumbnail","hentry","category-desporto","category-futebol","tag-europeus","tag-futebol","tag-inglaterra","tag-portugal","tag-selecao","tag-selecao-nacional"],"yoast_head":"<!-- This site is optimized with the Yoast SEO plugin v27.2 - https:\/\/yoast.com\/product\/yoast-seo-wordpress\/ -->\n<title>Portugal eliminado pela Inglaterra e falha acesso \u00e0 fase final do Europeu sub-19 - Portal Tela Portugal<\/title>\n<meta name=\"robots\" content=\"index, follow, max-snippet:-1, max-image-preview:large, max-video-preview:-1\" \/>\n<meta property=\"og:locale\" content=\"pt_PT\" \/>\n<meta property=\"og:type\" content=\"article\" \/>\n<meta property=\"og:title\" content=\"Portugal eliminado pela Inglaterra e falha acesso \u00e0 fase final do Europeu sub-19 - Portal Tela Portugal\" \/>\n<meta property=\"og:description\" content=\"Portugal perdeu por 0-6 com a Inglaterra, em Braga, na \u00faltima jornada da Ronda de Elite do Europeu sub\u201119, ficando em 3.\u00ba lugar no grupo com 4 pontos. A derrota impede a participa\u00e7\u00e3o portuguesa na fase final, deixando a S\u00e9rvia \u2014 l\u00edder do grupo \u2014 apurada ao vencer a Pol\u00f3nia por 1-0. O jogo come\u00e7ou com golo de Jesse Derry aos 4 minutos, ap\u00f3s jogada pela direita. Max Dowman fez o segundo aos 50 minutos, e Derry marcou novamente aos 60 minutos para o 0-3. Ezra Mayers fez o quarto aos 75 minutos, seguido de Shumaira Mheuka e, nos minutos finais, Harry Howeell a fechar o marcador.\" \/>\n<meta property=\"og:url\" content=\"https:\/\/portaltela.pt\/noticias\/2026\/03\/31\/portugal-eliminado-pela-inglaterra-e-falha-acesso-a-fase-final-do-europeu-sub-19\/\" \/>\n<meta property=\"og:site_name\" content=\"Portal Tela Portugal\" \/>\n<meta property=\"article:published_time\" content=\"2026-03-31T17:02:34+00:00\" \/>\n<meta name=\"author\" content=\"Telinha\" \/>\n<meta name=\"twitter:card\" content=\"summary_large_image\" \/>\n<meta name=\"twitter:label1\" content=\"Escrito por\" \/>\n\t<meta name=\"twitter:data1\" content=\"Telinha\" \/>\n\t<meta name=\"twitter:label2\" content=\"Tempo estimado de leitura\" \/>\n\t<meta name=\"twitter:data2\" content=\"1 minuto\" \/>\n<script type=\"application\/ld+json\" class=\"yoast-schema-graph\">{\"@context\":\"https:\/\/schema.org\",\"@graph\":[{\"@type\":\"Article\",\"@id\":\"https:\/\/portaltela.pt\/noticias\/2026\/03\/31\/portugal-eliminado-pela-inglaterra-e-falha-acesso-a-fase-final-do-europeu-sub-19\/#article\",\"isPartOf\":{\"@id\":\"https:\/\/portaltela.pt\/noticias\/2026\/03\/31\/portugal-eliminado-pela-inglaterra-e-falha-acesso-a-fase-final-do-europeu-sub-19\/\"},\"author\":{\"name\":\"Telinha\",\"@id\":\"https:\/\/portaltela.pt\/#\/schema\/person\/c4278d4a6028830caff9ee44b42d32ed\"},\"headline\":\"Portugal eliminado pela Inglaterra e falha acesso \u00e0 fase final do Europeu sub-19\",\"datePublished\":\"2026-03-31T17:02:34+00:00\",\"mainEntityOfPage\":{\"@id\":\"https:\/\/portaltela.pt\/noticias\/2026\/03\/31\/portugal-eliminado-pela-inglaterra-e-falha-acesso-a-fase-final-do-europeu-sub-19\/\"},\"wordCount\":267,\"image\":{\"@id\":\"https:\/\/portaltela.pt\/noticias\/2026\/03\/31\/portugal-eliminado-pela-inglaterra-e-falha-acesso-a-fase-final-do-europeu-sub-19\/#primaryimage\"},\"thumbnailUrl\":\"https:\/\/portaltela.pt\/s.01k8rhncp4jt1\/2026\/03\/img_920x518uu2026-03-31-18-00-05-2430318.jpg\",\"keywords\":[\"europeus\",\"futebol\",\"Inglaterra\",\"Portugal\",\"Sele\u00e7\u00e3o\",\"Sele\u00e7\u00e3o Nacional\"],\"articleSection\":[\"Desporto\",\"Futebol\"],\"inLanguage\":\"pt-PT\"},{\"@type\":\"WebPage\",\"@id\":\"https:\/\/portaltela.pt\/noticias\/2026\/03\/31\/portugal-eliminado-pela-inglaterra-e-falha-acesso-a-fase-final-do-europeu-sub-19\/\",\"url\":\"https:\/\/portaltela.pt\/noticias\/2026\/03\/31\/portugal-eliminado-pela-inglaterra-e-falha-acesso-a-fase-final-do-europeu-sub-19\/\",\"name\":\"Portugal eliminado pela Inglaterra e falha acesso \u00e0 fase final do Europeu sub-19 - Portal Tela Portugal\",\"isPartOf\":{\"@id\":\"https:\/\/portaltela.pt\/#website\"},\"primaryImageOfPage\":{\"@id\":\"https:\/\/portaltela.pt\/noticias\/2026\/03\/31\/portugal-eliminado-pela-inglaterra-e-falha-acesso-a-fase-final-do-europeu-sub-19\/#primaryimage\"},\"image\":{\"@id\":\"https:\/\/portaltela.pt\/noticias\/2026\/03\/31\/portugal-eliminado-pela-inglaterra-e-falha-acesso-a-fase-final-do-europeu-sub-19\/#primaryimage\"},\"thumbnailUrl\":\"https:\/\/portaltela.pt\/s.01k8rhncp4jt1\/2026\/03\/img_920x518uu2026-03-31-18-00-05-2430318.jpg\",\"datePublished\":\"2026-03-31T17:02:34+00:00\",\"author\":{\"@id\":\"https:\/\/portaltela.pt\/#\/schema\/person\/c4278d4a6028830caff9ee44b42d32ed\"},\"breadcrumb\":{\"@id\":\"https:\/\/portaltela.pt\/noticias\/2026\/03\/31\/portugal-eliminado-pela-inglaterra-e-falha-acesso-a-fase-final-do-europeu-sub-19\/#breadcrumb\"},\"inLanguage\":\"pt-PT\",\"potentialAction\":[{\"@type\":\"ReadAction\",\"target\":[\"https:\/\/portaltela.pt\/noticias\/2026\/03\/31\/portugal-eliminado-pela-inglaterra-e-falha-acesso-a-fase-final-do-europeu-sub-19\/\"]}]},{\"@type\":\"ImageObject\",\"inLanguage\":\"pt-PT\",\"@id\":\"https:\/\/portaltela.pt\/noticias\/2026\/03\/31\/portugal-eliminado-pela-inglaterra-e-falha-acesso-a-fase-final-do-europeu-sub-19\/#primaryimage\",\"url\":\"https:\/\/portaltela.pt\/s.01k8rhncp4jt1\/2026\/03\/img_920x518uu2026-03-31-18-00-05-2430318.jpg\",\"contentUrl\":\"https:\/\/portaltela.pt\/s.01k8rhncp4jt1\/2026\/03\/img_920x518uu2026-03-31-18-00-05-2430318.jpg\",\"width\":796,\"height\":448,\"caption\":\"Portugal derrotado pela Inglaterra\"},{\"@type\":\"BreadcrumbList\",\"@id\":\"https:\/\/portaltela.pt\/noticias\/2026\/03\/31\/portugal-eliminado-pela-inglaterra-e-falha-acesso-a-fase-final-do-europeu-sub-19\/#breadcrumb\",\"itemListElement\":[{\"@type\":\"ListItem\",\"position\":1,\"name\":\"In\u00edcio\",\"item\":\"https:\/\/portaltela.pt\/\"},{\"@type\":\"ListItem\",\"position\":2,\"name\":\"Portugal eliminado pela Inglaterra e falha acesso \u00e0 fase final do Europeu sub-19\"}]},{\"@type\":\"WebSite\",\"@id\":\"https:\/\/portaltela.pt\/#website\",\"url\":\"https:\/\/portaltela.pt\/\",\"name\":\"Portal Tela Portugal\",\"description\":\"\",\"potentialAction\":[{\"@type\":\"SearchAction\",\"target\":{\"@type\":\"EntryPoint\",\"urlTemplate\":\"https:\/\/portaltela.pt\/?s={search_term_string}\"},\"query-input\":{\"@type\":\"PropertyValueSpecification\",\"valueRequired\":true,\"valueName\":\"search_term_string\"}}],\"inLanguage\":\"pt-PT\"},{\"@type\":\"Person\",\"@id\":\"https:\/\/portaltela.pt\/#\/schema\/person\/c4278d4a6028830caff9ee44b42d32ed\",\"name\":\"Telinha\",\"image\":{\"@type\":\"ImageObject\",\"inLanguage\":\"pt-PT\",\"@id\":\"https:\/\/portaltela.pt\/s.01k8rhncp4jt1\/2025\/11\/talking-bot-125x125.png\",\"url\":\"https:\/\/portaltela.pt\/s.01k8rhncp4jt1\/2025\/11\/talking-bot-125x125.png\",\"contentUrl\":\"https:\/\/portaltela.pt\/s.01k8rhncp4jt1\/2025\/11\/talking-bot-125x125.png\",\"caption\":\"Telinha\"},\"sameAs\":[\"https:\/\/portaltela.pt\/\"],\"url\":\"https:\/\/portaltela.pt\/por\/367410592786\/\"}]}<\/script>\n<!-- \/ Yoast SEO plugin. -->","yoast_head_json":{"title":"Portugal eliminado pela Inglaterra e falha acesso \u00e0 fase final do Europeu sub-19 - Portal Tela Portugal","robots":{"index":"index","follow":"follow","max-snippet":"max-snippet:-1","max-image-preview":"max-image-preview:large","max-video-preview":"max-video-preview:-1"},"og_locale":"pt_PT","og_type":"article","og_title":"Portugal eliminado pela Inglaterra e falha acesso \u00e0 fase final do Europeu sub-19 - Portal Tela Portugal","og_description":"Portugal perdeu por 0-6 com a Inglaterra, em Braga, na \u00faltima jornada da Ronda de Elite do Europeu sub\u201119, ficando em 3.\u00ba lugar no grupo com 4 pontos. A derrota impede a participa\u00e7\u00e3o portuguesa na fase final, deixando a S\u00e9rvia \u2014 l\u00edder do grupo \u2014 apurada ao vencer a Pol\u00f3nia por 1-0. O jogo come\u00e7ou com golo de Jesse Derry aos 4 minutos, ap\u00f3s jogada pela direita. Max Dowman fez o segundo aos 50 minutos, e Derry marcou novamente aos 60 minutos para o 0-3. Ezra Mayers fez o quarto aos 75 minutos, seguido de Shumaira Mheuka e, nos minutos finais, Harry Howeell a fechar o marcador.","og_url":"https:\/\/portaltela.pt\/noticias\/2026\/03\/31\/portugal-eliminado-pela-inglaterra-e-falha-acesso-a-fase-final-do-europeu-sub-19\/","og_site_name":"Portal Tela Portugal","article_published_time":"2026-03-31T17:02:34+00:00","author":"Telinha","twitter_card":"summary_large_image","twitter_misc":{"Escrito por":"Telinha","Tempo estimado de leitura":"1 minuto"},"schema":{"@context":"https:\/\/schema.org","@graph":[{"@type":"Article","@id":"https:\/\/portaltela.pt\/noticias\/2026\/03\/31\/portugal-eliminado-pela-inglaterra-e-falha-acesso-a-fase-final-do-europeu-sub-19\/#article","isPartOf":{"@id":"https:\/\/portaltela.pt\/noticias\/2026\/03\/31\/portugal-eliminado-pela-inglaterra-e-falha-acesso-a-fase-final-do-europeu-sub-19\/"},"author":{"name":"Telinha","@id":"https:\/\/portaltela.pt\/#\/schema\/person\/c4278d4a6028830caff9ee44b42d32ed"},"headline":"Portugal eliminado pela Inglaterra e falha acesso \u00e0 fase final do Europeu sub-19","datePublished":"2026-03-31T17:02:34+00:00","mainEntityOfPage":{"@id":"https:\/\/portaltela.pt\/noticias\/2026\/03\/31\/portugal-eliminado-pela-inglaterra-e-falha-acesso-a-fase-final-do-europeu-sub-19\/"},"wordCount":267,"image":{"@id":"https:\/\/portaltela.pt\/noticias\/2026\/03\/31\/portugal-eliminado-pela-inglaterra-e-falha-acesso-a-fase-final-do-europeu-sub-19\/#primaryimage"},"thumbnailUrl":"https:\/\/portaltela.pt\/s.01k8rhncp4jt1\/2026\/03\/img_920x518uu2026-03-31-18-00-05-2430318.jpg","keywords":["europeus","futebol","Inglaterra","Portugal","Sele\u00e7\u00e3o","Sele\u00e7\u00e3o Nacional"],"articleSection":["Desporto","Futebol"],"inLanguage":"pt-PT"},{"@type":"WebPage","@id":"https:\/\/portaltela.pt\/noticias\/2026\/03\/31\/portugal-eliminado-pela-inglaterra-e-falha-acesso-a-fase-final-do-europeu-sub-19\/","url":"https:\/\/portaltela.pt\/noticias\/2026\/03\/31\/portugal-eliminado-pela-inglaterra-e-falha-acesso-a-fase-final-do-europeu-sub-19\/","name":"Portugal eliminado pela Inglaterra e falha acesso \u00e0 fase final do Europeu sub-19 - Portal Tela Portugal","isPartOf":{"@id":"https:\/\/portaltela.pt\/#website"},"primaryImageOfPage":{"@id":"https:\/\/portaltela.pt\/noticias\/2026\/03\/31\/portugal-eliminado-pela-inglaterra-e-falha-acesso-a-fase-final-do-europeu-sub-19\/#primaryimage"},"image":{"@id":"https:\/\/portaltela.pt\/noticias\/2026\/03\/31\/portugal-eliminado-pela-inglaterra-e-falha-acesso-a-fase-final-do-europeu-sub-19\/#primaryimage"},"thumbnailUrl":"https:\/\/portaltela.pt\/s.01k8rhncp4jt1\/2026\/03\/img_920x518uu2026-03-31-18-00-05-2430318.jpg","datePublished":"2026-03-31T17:02:34+00:00","author":{"@id":"https:\/\/portaltela.pt\/#\/schema\/person\/c4278d4a6028830caff9ee44b42d32ed"},"breadcrumb":{"@id":"https:\/\/portaltela.pt\/noticias\/2026\/03\/31\/portugal-eliminado-pela-inglaterra-e-falha-acesso-a-fase-final-do-europeu-sub-19\/#breadcrumb"},"inLanguage":"pt-PT","potentialAction":[{"@type":"ReadAction","target":["https:\/\/portaltela.pt\/noticias\/2026\/03\/31\/portugal-eliminado-pela-inglaterra-e-falha-acesso-a-fase-final-do-europeu-sub-19\/"]}]},{"@type":"ImageObject","inLanguage":"pt-PT","@id":"https:\/\/portaltela.pt\/noticias\/2026\/03\/31\/portugal-eliminado-pela-inglaterra-e-falha-acesso-a-fase-final-do-europeu-sub-19\/#primaryimage","url":"https:\/\/portaltela.pt\/s.01k8rhncp4jt1\/2026\/03\/img_920x518uu2026-03-31-18-00-05-2430318.jpg","contentUrl":"https:\/\/portaltela.pt\/s.01k8rhncp4jt1\/2026\/03\/img_920x518uu2026-03-31-18-00-05-2430318.jpg","width":796,"height":448,"caption":"Portugal derrotado pela Inglaterra"},{"@type":"BreadcrumbList","@id":"https:\/\/portaltela.pt\/noticias\/2026\/03\/31\/portugal-eliminado-pela-inglaterra-e-falha-acesso-a-fase-final-do-europeu-sub-19\/#breadcrumb","itemListElement":[{"@type":"ListItem","position":1,"name":"In\u00edcio","item":"https:\/\/portaltela.pt\/"},{"@type":"ListItem","position":2,"name":"Portugal eliminado pela Inglaterra e falha acesso \u00e0 fase final do Europeu sub-19"}]},{"@type":"WebSite","@id":"https:\/\/portaltela.pt\/#website","url":"https:\/\/portaltela.pt\/","name":"Portal Tela Portugal","description":"","potentialAction":[{"@type":"SearchAction","target":{"@type":"EntryPoint","urlTemplate":"https:\/\/portaltela.pt\/?s={search_term_string}"},"query-input":{"@type":"PropertyValueSpecification","valueRequired":true,"valueName":"search_term_string"}}],"inLanguage":"pt-PT"},{"@type":"Person","@id":"https:\/\/portaltela.pt\/#\/schema\/person\/c4278d4a6028830caff9ee44b42d32ed","name":"Telinha","image":{"@type":"ImageObject","inLanguage":"pt-PT","@id":"https:\/\/portaltela.pt\/s.01k8rhncp4jt1\/2025\/11\/talking-bot-125x125.png","url":"https:\/\/portaltela.pt\/s.01k8rhncp4jt1\/2025\/11\/talking-bot-125x125.png","contentUrl":"https:\/\/portaltela.pt\/s.01k8rhncp4jt1\/2025\/11\/talking-bot-125x125.png","caption":"Telinha"},"sameAs":["https:\/\/portaltela.pt\/"],"url":"https:\/\/portaltela.pt\/por\/367410592786\/"}]}},"_links":{"self":[{"href":"https:\/\/portaltela.pt\/api\/wp\/v2\/posts\/428069","targetHints":{"allow":["GET"]}}],"collection":[{"href":"https:\/\/portaltela.pt\/api\/wp\/v2\/posts"}],"about":[{"href":"https:\/\/portaltela.pt\/api\/wp\/v2\/types\/post"}],"author":[{"embeddable":true,"href":"https:\/\/portaltela.pt\/api\/wp\/v2\/users\/2"}],"replies":[{"embeddable":true,"href":"https:\/\/portaltela.pt\/api\/wp\/v2\/comments?post=428069"}],"version-history":[{"count":0,"href":"https:\/\/portaltela.pt\/api\/wp\/v2\/posts\/428069\/revisions"}],"wp:featuredmedia":[{"embeddable":true,"href":"https:\/\/portaltela.pt\/api\/wp\/v2\/media\/428071"}],"wp:attachment":[{"href":"https:\/\/portaltela.pt\/api\/wp\/v2\/media?parent=428069"}],"wp:term":[{"taxonomy":"category","embeddable":true,"href":"https:\/\/portaltela.pt\/api\/wp\/v2\/categories?post=428069"},{"taxonomy":"post_tag","embeddable":true,"href":"https:\/\/portaltela.pt\/api\/wp\/v2\/tags?post=428069"}],"curies":[{"name":"wp","href":"https:\/\/api.w.org\/{rel}","templated":true}]}}