{"id":428054,"date":"2026-03-31T14:02:18","date_gmt":"2026-03-31T17:02:18","guid":{"rendered":"https:\/\/portaltela.pt\/noticias\/2026\/03\/31\/descida-do-iva-dos-alimentos-e-capturada-por-produtores-diz-ministro\/"},"modified":"2026-03-31T14:02:18","modified_gmt":"2026-03-31T17:02:18","slug":"descida-do-iva-dos-alimentos-e-capturada-por-produtores-diz-ministro","status":"publish","type":"post","link":"https:\/\/portaltela.pt\/noticias\/economia\/2026\/03\/31\/descida-do-iva-dos-alimentos-e-capturada-por-produtores-diz-ministro\/","title":{"rendered":"Descida do IVA dos alimentos \u00e9 capturada por produtores, diz ministro"},"content":{"rendered":"<p>O ministro das Finan\u00e7as rejeitou hoje, em audi\u00e7\u00e3o no Parlamento, a possibilidade de descer o IVA dos bens alimentares. Joaquim Miranda Sarmento afirmou que o desagravamento seria absorvido pela cadeia de produ\u00e7\u00e3o e distribui\u00e7\u00e3o, n\u00e3o chegando aos consumidores. A declara\u00e7\u00e3o ocorreu na Comiss\u00e3o de Or\u00e7amento, Finan\u00e7as e Administra\u00e7\u00e3o P\u00fablica (COFAP).<\/p>\n<p>Durante a sess\u00e3o, o ministro explicou que descer o IVA de bens cujos pre\u00e7os n\u00e3o s\u00e3o regulados tende a beneficiar principalmente produtores e distribuidores, n\u00e3o os consumidores. A resposta surgiu ap\u00f3s questionamento do deputado Eduardo Teixeira (Chega) sobre o destino prov\u00e1vel dos recursos de um eventual desagravamento.<\/p>\n<p>Miranda Sarmento recusou ainda que o Estado esteja a tirar proveito fiscal com o aumento recente dos pre\u00e7os dos combust\u00edveis. Sustentou que a redu\u00e7\u00e3o no ISP compensa o aumento de IVA nos combust\u00edveis, resultando numa receita l\u00edquida est\u00e1vel para o Tesouro.<\/p>\n<h3>Despesas e apoios direcionados<\/h3>\n<p>O ministro afirmou que n\u00e3o haver\u00e1 fixa\u00e7\u00e3o administrativa de pre\u00e7os, apenas fiscaliza\u00e7\u00e3o para evitar abuso de posi\u00e7\u00e3o dominante. Questionado pelo deputado M\u00e1rio Amorim Lopes (IL), o tema da interven\u00e7\u00e3o p\u00fablica foi respondido com a inten\u00e7\u00e3o de n\u00e3o estabelecer tectos de pre\u00e7o.<\/p>\n<p>Alega-se que os apoios devem ser direcionados a fam\u00edlias de rendimentos mais baixos e a setores vulner\u00e1veis, evitando medidas gen\u00e9ricas. Miranda Sarmento lembrou ainda que o Governo j\u00e1 aplicou, em 2022, um mecanismo semelhante de redu\u00e7\u00e3o via ISP.<\/p>\n<h3>Contexto econ\u00f3mico e infla\u00e7\u00e3o<\/h3>\n<p>Em resposta a perguntas sobre dados do INE que indicam infla\u00e7\u00e3o de 2,7% em mar\u00e7o, o ministro vincou que o aumento resulta principalmente da subida dos combust\u00edveis. Refor\u00e7ou que as pol\u00edticas propostas visam moderar impactos sobre o consumo sem distorcer mercados.<\/p>\n","protected":false},"excerpt":{"rendered":"<ul>\n<li>O ministro das Finan\u00e7as, Joaquim Miranda Sarmento, afirmou no parlamento que n\u00e3o haver\u00e1 descida do IVA dos bens alimentares, porque o benef\u00edcio seria absorvido pela cadeia de produ\u00e7\u00e3o e distribui\u00e7\u00e3o e n\u00e3o pelos consumidores.<\/li>\n<li>Baseia-se na literatura econ\u00f3mica que descidas de IVA em bens com pre\u00e7os n\u00e3o regulados tendem a beneficiar quem produz e distribui, n\u00e3o o consumidor.<\/li>\n<li>Sobre os combust\u00edveis, o ministro disse que o Estado n\u00e3o ganha dinheiro com o IVA: o aumento do pre\u00e7o eleva o IVA, mas essa receita \u00e9 deduzida no ISP (Imposto sobre os Produtos Petrol\u00edferos).<\/li>\n<li>O governo n\u00e3o pretende fixar pre\u00e7os administrativamente e tem atuado na fiscaliza\u00e7\u00e3o para evitar abusos de mercado, mantendo apoios direcionados a fam\u00edlias de baixos rendimentos ou setores mais vulner\u00e1veis.<\/li>\n<li>Dados do Instituto Nacional de Estat\u00edstica indicam infla\u00e7\u00e3o de 2,7% em mar\u00e7o, sendo o aumento dos combust\u00edveis o principal contributo para o ascendente.<\/li>\n<\/ul>\n","protected":false},"author":2,"featured_media":428058,"comment_status":"closed","ping_status":"closed","sticky":false,"template":"","format":"standard","meta":{"footnotes":""},"categories":[2,6850],"tags":[6115,3613,1676,1769,2832,133],"class_list":["post-428054","post","type-post","status-publish","format-standard","has-post-thumbnail","hentry","category-economia","category-financas","tag-_economia","tag-impostos","tag-inflacao","tag-orcamento-territorio","tag-politica","tag-politicas-publicas"],"yoast_head":"<!-- This site is optimized with the Yoast SEO plugin v27.2 - https:\/\/yoast.com\/product\/yoast-seo-wordpress\/ -->\n<title>Descida do IVA dos alimentos \u00e9 capturada por produtores, diz ministro - Portal Tela Portugal<\/title>\n<meta name=\"robots\" content=\"index, follow, max-snippet:-1, max-image-preview:large, max-video-preview:-1\" \/>\n<meta property=\"og:locale\" content=\"pt_PT\" \/>\n<meta property=\"og:type\" content=\"article\" \/>\n<meta property=\"og:title\" content=\"Descida do IVA dos alimentos \u00e9 capturada por produtores, diz ministro - Portal Tela Portugal\" \/>\n<meta property=\"og:description\" content=\"O ministro das Finan\u00e7as, Joaquim Miranda Sarmento, afirmou no parlamento que n\u00e3o haver\u00e1 descida do IVA dos bens alimentares, porque o benef\u00edcio seria absorvido pela cadeia de produ\u00e7\u00e3o e distribui\u00e7\u00e3o e n\u00e3o pelos consumidores. Baseia-se na literatura econ\u00f3mica que descidas de IVA em bens com pre\u00e7os n\u00e3o regulados tendem a beneficiar quem produz e distribui, n\u00e3o o consumidor. Sobre os combust\u00edveis, o ministro disse que o Estado n\u00e3o ganha dinheiro com o IVA: o aumento do pre\u00e7o eleva o IVA, mas essa receita \u00e9 deduzida no ISP (Imposto sobre os Produtos Petrol\u00edferos). O governo n\u00e3o pretende fixar pre\u00e7os administrativamente e tem atuado na fiscaliza\u00e7\u00e3o para evitar abusos de mercado, mantendo apoios direcionados a fam\u00edlias de baixos rendimentos ou setores mais vulner\u00e1veis. Dados do Instituto Nacional de Estat\u00edstica indicam infla\u00e7\u00e3o de 2,7% em mar\u00e7o, sendo o aumento dos combust\u00edveis o principal contributo para o ascendente.\" \/>\n<meta property=\"og:url\" content=\"https:\/\/portaltela.pt\/noticias\/2026\/03\/31\/descida-do-iva-dos-alimentos-e-capturada-por-produtores-diz-ministro\/\" \/>\n<meta property=\"og:site_name\" content=\"Portal Tela Portugal\" \/>\n<meta property=\"article:published_time\" content=\"2026-03-31T17:02:18+00:00\" \/>\n<meta name=\"author\" content=\"Telinha\" \/>\n<meta name=\"twitter:card\" content=\"summary_large_image\" \/>\n<meta name=\"twitter:label1\" content=\"Escrito por\" \/>\n\t<meta name=\"twitter:data1\" content=\"Telinha\" \/>\n\t<meta name=\"twitter:label2\" content=\"Tempo estimado de leitura\" \/>\n\t<meta name=\"twitter:data2\" content=\"2 minutos\" \/>\n<script type=\"application\/ld+json\" class=\"yoast-schema-graph\">{\"@context\":\"https:\/\/schema.org\",\"@graph\":[{\"@type\":\"Article\",\"@id\":\"https:\/\/portaltela.pt\/noticias\/2026\/03\/31\/descida-do-iva-dos-alimentos-e-capturada-por-produtores-diz-ministro\/#article\",\"isPartOf\":{\"@id\":\"https:\/\/portaltela.pt\/noticias\/2026\/03\/31\/descida-do-iva-dos-alimentos-e-capturada-por-produtores-diz-ministro\/\"},\"author\":{\"name\":\"Telinha\",\"@id\":\"https:\/\/portaltela.pt\/#\/schema\/person\/c4278d4a6028830caff9ee44b42d32ed\"},\"headline\":\"Descida do IVA dos alimentos \u00e9 capturada por produtores, diz ministro\",\"datePublished\":\"2026-03-31T17:02:18+00:00\",\"mainEntityOfPage\":{\"@id\":\"https:\/\/portaltela.pt\/noticias\/2026\/03\/31\/descida-do-iva-dos-alimentos-e-capturada-por-produtores-diz-ministro\/\"},\"wordCount\":320,\"image\":{\"@id\":\"https:\/\/portaltela.pt\/noticias\/2026\/03\/31\/descida-do-iva-dos-alimentos-e-capturada-por-produtores-diz-ministro\/#primaryimage\"},\"thumbnailUrl\":\"https:\/\/portaltela.pt\/s.01k8rhncp4jt1\/2026\/03\/2078295.jpg\",\"keywords\":[\"_economia\",\"impostos\",\"infla\u00e7\u00e3o\",\"Or\u00e7amento\/Territ\u00f3rio\",\"pol\u00edtica\",\"pol\u00edticas p\u00fablicas\"],\"articleSection\":[\"Economia\",\"Finan\u00e7as\"],\"inLanguage\":\"pt-PT\"},{\"@type\":\"WebPage\",\"@id\":\"https:\/\/portaltela.pt\/noticias\/2026\/03\/31\/descida-do-iva-dos-alimentos-e-capturada-por-produtores-diz-ministro\/\",\"url\":\"https:\/\/portaltela.pt\/noticias\/2026\/03\/31\/descida-do-iva-dos-alimentos-e-capturada-por-produtores-diz-ministro\/\",\"name\":\"Descida do IVA dos alimentos \u00e9 capturada por produtores, diz ministro - Portal Tela Portugal\",\"isPartOf\":{\"@id\":\"https:\/\/portaltela.pt\/#website\"},\"primaryImageOfPage\":{\"@id\":\"https:\/\/portaltela.pt\/noticias\/2026\/03\/31\/descida-do-iva-dos-alimentos-e-capturada-por-produtores-diz-ministro\/#primaryimage\"},\"image\":{\"@id\":\"https:\/\/portaltela.pt\/noticias\/2026\/03\/31\/descida-do-iva-dos-alimentos-e-capturada-por-produtores-diz-ministro\/#primaryimage\"},\"thumbnailUrl\":\"https:\/\/portaltela.pt\/s.01k8rhncp4jt1\/2026\/03\/2078295.jpg\",\"datePublished\":\"2026-03-31T17:02:18+00:00\",\"author\":{\"@id\":\"https:\/\/portaltela.pt\/#\/schema\/person\/c4278d4a6028830caff9ee44b42d32ed\"},\"breadcrumb\":{\"@id\":\"https:\/\/portaltela.pt\/noticias\/2026\/03\/31\/descida-do-iva-dos-alimentos-e-capturada-por-produtores-diz-ministro\/#breadcrumb\"},\"inLanguage\":\"pt-PT\",\"potentialAction\":[{\"@type\":\"ReadAction\",\"target\":[\"https:\/\/portaltela.pt\/noticias\/2026\/03\/31\/descida-do-iva-dos-alimentos-e-capturada-por-produtores-diz-ministro\/\"]}]},{\"@type\":\"ImageObject\",\"inLanguage\":\"pt-PT\",\"@id\":\"https:\/\/portaltela.pt\/noticias\/2026\/03\/31\/descida-do-iva-dos-alimentos-e-capturada-por-produtores-diz-ministro\/#primaryimage\",\"url\":\"https:\/\/portaltela.pt\/s.01k8rhncp4jt1\/2026\/03\/2078295.jpg\",\"contentUrl\":\"https:\/\/portaltela.pt\/s.01k8rhncp4jt1\/2026\/03\/2078295.jpg\",\"width\":796,\"height\":448,\"caption\":\"Joaquim Miranda Sarmento, ministro de Estado e das Finan\u00e7as\"},{\"@type\":\"BreadcrumbList\",\"@id\":\"https:\/\/portaltela.pt\/noticias\/2026\/03\/31\/descida-do-iva-dos-alimentos-e-capturada-por-produtores-diz-ministro\/#breadcrumb\",\"itemListElement\":[{\"@type\":\"ListItem\",\"position\":1,\"name\":\"In\u00edcio\",\"item\":\"https:\/\/portaltela.pt\/\"},{\"@type\":\"ListItem\",\"position\":2,\"name\":\"Descida do IVA dos alimentos \u00e9 capturada por produtores, diz ministro\"}]},{\"@type\":\"WebSite\",\"@id\":\"https:\/\/portaltela.pt\/#website\",\"url\":\"https:\/\/portaltela.pt\/\",\"name\":\"Portal Tela Portugal\",\"description\":\"\",\"potentialAction\":[{\"@type\":\"SearchAction\",\"target\":{\"@type\":\"EntryPoint\",\"urlTemplate\":\"https:\/\/portaltela.pt\/?s={search_term_string}\"},\"query-input\":{\"@type\":\"PropertyValueSpecification\",\"valueRequired\":true,\"valueName\":\"search_term_string\"}}],\"inLanguage\":\"pt-PT\"},{\"@type\":\"Person\",\"@id\":\"https:\/\/portaltela.pt\/#\/schema\/person\/c4278d4a6028830caff9ee44b42d32ed\",\"name\":\"Telinha\",\"image\":{\"@type\":\"ImageObject\",\"inLanguage\":\"pt-PT\",\"@id\":\"https:\/\/portaltela.pt\/s.01k8rhncp4jt1\/2025\/11\/talking-bot-125x125.png\",\"url\":\"https:\/\/portaltela.pt\/s.01k8rhncp4jt1\/2025\/11\/talking-bot-125x125.png\",\"contentUrl\":\"https:\/\/portaltela.pt\/s.01k8rhncp4jt1\/2025\/11\/talking-bot-125x125.png\",\"caption\":\"Telinha\"},\"sameAs\":[\"https:\/\/portaltela.pt\/\"],\"url\":\"https:\/\/portaltela.pt\/por\/367410592786\/\"}]}<\/script>\n<!-- \/ Yoast SEO plugin. -->","yoast_head_json":{"title":"Descida do IVA dos alimentos \u00e9 capturada por produtores, diz ministro - Portal Tela Portugal","robots":{"index":"index","follow":"follow","max-snippet":"max-snippet:-1","max-image-preview":"max-image-preview:large","max-video-preview":"max-video-preview:-1"},"og_locale":"pt_PT","og_type":"article","og_title":"Descida do IVA dos alimentos \u00e9 capturada por produtores, diz ministro - Portal Tela Portugal","og_description":"O ministro das Finan\u00e7as, Joaquim Miranda Sarmento, afirmou no parlamento que n\u00e3o haver\u00e1 descida do IVA dos bens alimentares, porque o benef\u00edcio seria absorvido pela cadeia de produ\u00e7\u00e3o e distribui\u00e7\u00e3o e n\u00e3o pelos consumidores. Baseia-se na literatura econ\u00f3mica que descidas de IVA em bens com pre\u00e7os n\u00e3o regulados tendem a beneficiar quem produz e distribui, n\u00e3o o consumidor. Sobre os combust\u00edveis, o ministro disse que o Estado n\u00e3o ganha dinheiro com o IVA: o aumento do pre\u00e7o eleva o IVA, mas essa receita \u00e9 deduzida no ISP (Imposto sobre os Produtos Petrol\u00edferos). O governo n\u00e3o pretende fixar pre\u00e7os administrativamente e tem atuado na fiscaliza\u00e7\u00e3o para evitar abusos de mercado, mantendo apoios direcionados a fam\u00edlias de baixos rendimentos ou setores mais vulner\u00e1veis. Dados do Instituto Nacional de Estat\u00edstica indicam infla\u00e7\u00e3o de 2,7% em mar\u00e7o, sendo o aumento dos combust\u00edveis o principal contributo para o ascendente.","og_url":"https:\/\/portaltela.pt\/noticias\/2026\/03\/31\/descida-do-iva-dos-alimentos-e-capturada-por-produtores-diz-ministro\/","og_site_name":"Portal Tela Portugal","article_published_time":"2026-03-31T17:02:18+00:00","author":"Telinha","twitter_card":"summary_large_image","twitter_misc":{"Escrito por":"Telinha","Tempo estimado de leitura":"2 minutos"},"schema":{"@context":"https:\/\/schema.org","@graph":[{"@type":"Article","@id":"https:\/\/portaltela.pt\/noticias\/2026\/03\/31\/descida-do-iva-dos-alimentos-e-capturada-por-produtores-diz-ministro\/#article","isPartOf":{"@id":"https:\/\/portaltela.pt\/noticias\/2026\/03\/31\/descida-do-iva-dos-alimentos-e-capturada-por-produtores-diz-ministro\/"},"author":{"name":"Telinha","@id":"https:\/\/portaltela.pt\/#\/schema\/person\/c4278d4a6028830caff9ee44b42d32ed"},"headline":"Descida do IVA dos alimentos \u00e9 capturada por produtores, diz ministro","datePublished":"2026-03-31T17:02:18+00:00","mainEntityOfPage":{"@id":"https:\/\/portaltela.pt\/noticias\/2026\/03\/31\/descida-do-iva-dos-alimentos-e-capturada-por-produtores-diz-ministro\/"},"wordCount":320,"image":{"@id":"https:\/\/portaltela.pt\/noticias\/2026\/03\/31\/descida-do-iva-dos-alimentos-e-capturada-por-produtores-diz-ministro\/#primaryimage"},"thumbnailUrl":"https:\/\/portaltela.pt\/s.01k8rhncp4jt1\/2026\/03\/2078295.jpg","keywords":["_economia","impostos","infla\u00e7\u00e3o","Or\u00e7amento\/Territ\u00f3rio","pol\u00edtica","pol\u00edticas p\u00fablicas"],"articleSection":["Economia","Finan\u00e7as"],"inLanguage":"pt-PT"},{"@type":"WebPage","@id":"https:\/\/portaltela.pt\/noticias\/2026\/03\/31\/descida-do-iva-dos-alimentos-e-capturada-por-produtores-diz-ministro\/","url":"https:\/\/portaltela.pt\/noticias\/2026\/03\/31\/descida-do-iva-dos-alimentos-e-capturada-por-produtores-diz-ministro\/","name":"Descida do IVA dos alimentos \u00e9 capturada por produtores, diz ministro - Portal Tela Portugal","isPartOf":{"@id":"https:\/\/portaltela.pt\/#website"},"primaryImageOfPage":{"@id":"https:\/\/portaltela.pt\/noticias\/2026\/03\/31\/descida-do-iva-dos-alimentos-e-capturada-por-produtores-diz-ministro\/#primaryimage"},"image":{"@id":"https:\/\/portaltela.pt\/noticias\/2026\/03\/31\/descida-do-iva-dos-alimentos-e-capturada-por-produtores-diz-ministro\/#primaryimage"},"thumbnailUrl":"https:\/\/portaltela.pt\/s.01k8rhncp4jt1\/2026\/03\/2078295.jpg","datePublished":"2026-03-31T17:02:18+00:00","author":{"@id":"https:\/\/portaltela.pt\/#\/schema\/person\/c4278d4a6028830caff9ee44b42d32ed"},"breadcrumb":{"@id":"https:\/\/portaltela.pt\/noticias\/2026\/03\/31\/descida-do-iva-dos-alimentos-e-capturada-por-produtores-diz-ministro\/#breadcrumb"},"inLanguage":"pt-PT","potentialAction":[{"@type":"ReadAction","target":["https:\/\/portaltela.pt\/noticias\/2026\/03\/31\/descida-do-iva-dos-alimentos-e-capturada-por-produtores-diz-ministro\/"]}]},{"@type":"ImageObject","inLanguage":"pt-PT","@id":"https:\/\/portaltela.pt\/noticias\/2026\/03\/31\/descida-do-iva-dos-alimentos-e-capturada-por-produtores-diz-ministro\/#primaryimage","url":"https:\/\/portaltela.pt\/s.01k8rhncp4jt1\/2026\/03\/2078295.jpg","contentUrl":"https:\/\/portaltela.pt\/s.01k8rhncp4jt1\/2026\/03\/2078295.jpg","width":796,"height":448,"caption":"Joaquim Miranda Sarmento, ministro de Estado e das Finan\u00e7as"},{"@type":"BreadcrumbList","@id":"https:\/\/portaltela.pt\/noticias\/2026\/03\/31\/descida-do-iva-dos-alimentos-e-capturada-por-produtores-diz-ministro\/#breadcrumb","itemListElement":[{"@type":"ListItem","position":1,"name":"In\u00edcio","item":"https:\/\/portaltela.pt\/"},{"@type":"ListItem","position":2,"name":"Descida do IVA dos alimentos \u00e9 capturada por produtores, diz ministro"}]},{"@type":"WebSite","@id":"https:\/\/portaltela.pt\/#website","url":"https:\/\/portaltela.pt\/","name":"Portal Tela Portugal","description":"","potentialAction":[{"@type":"SearchAction","target":{"@type":"EntryPoint","urlTemplate":"https:\/\/portaltela.pt\/?s={search_term_string}"},"query-input":{"@type":"PropertyValueSpecification","valueRequired":true,"valueName":"search_term_string"}}],"inLanguage":"pt-PT"},{"@type":"Person","@id":"https:\/\/portaltela.pt\/#\/schema\/person\/c4278d4a6028830caff9ee44b42d32ed","name":"Telinha","image":{"@type":"ImageObject","inLanguage":"pt-PT","@id":"https:\/\/portaltela.pt\/s.01k8rhncp4jt1\/2025\/11\/talking-bot-125x125.png","url":"https:\/\/portaltela.pt\/s.01k8rhncp4jt1\/2025\/11\/talking-bot-125x125.png","contentUrl":"https:\/\/portaltela.pt\/s.01k8rhncp4jt1\/2025\/11\/talking-bot-125x125.png","caption":"Telinha"},"sameAs":["https:\/\/portaltela.pt\/"],"url":"https:\/\/portaltela.pt\/por\/367410592786\/"}]}},"_links":{"self":[{"href":"https:\/\/portaltela.pt\/api\/wp\/v2\/posts\/428054","targetHints":{"allow":["GET"]}}],"collection":[{"href":"https:\/\/portaltela.pt\/api\/wp\/v2\/posts"}],"about":[{"href":"https:\/\/portaltela.pt\/api\/wp\/v2\/types\/post"}],"author":[{"embeddable":true,"href":"https:\/\/portaltela.pt\/api\/wp\/v2\/users\/2"}],"replies":[{"embeddable":true,"href":"https:\/\/portaltela.pt\/api\/wp\/v2\/comments?post=428054"}],"version-history":[{"count":0,"href":"https:\/\/portaltela.pt\/api\/wp\/v2\/posts\/428054\/revisions"}],"wp:featuredmedia":[{"embeddable":true,"href":"https:\/\/portaltela.pt\/api\/wp\/v2\/media\/428058"}],"wp:attachment":[{"href":"https:\/\/portaltela.pt\/api\/wp\/v2\/media?parent=428054"}],"wp:term":[{"taxonomy":"category","embeddable":true,"href":"https:\/\/portaltela.pt\/api\/wp\/v2\/categories?post=428054"},{"taxonomy":"post_tag","embeddable":true,"href":"https:\/\/portaltela.pt\/api\/wp\/v2\/tags?post=428054"}],"curies":[{"name":"wp","href":"https:\/\/api.w.org\/{rel}","templated":true}]}}