{"id":428051,"date":"2026-03-31T14:02:15","date_gmt":"2026-03-31T17:02:15","guid":{"rendered":"https:\/\/portaltela.pt\/noticias\/2026\/03\/31\/ex-presidentes-do-tc-defendem-pluralidade-e-sao-contra-revisao-constitucional\/"},"modified":"2026-03-31T14:02:15","modified_gmt":"2026-03-31T17:02:15","slug":"ex-presidentes-do-tc-defendem-pluralidade-e-sao-contra-revisao-constitucional","status":"publish","type":"post","link":"https:\/\/portaltela.pt\/noticias\/2026\/03\/31\/ex-presidentes-do-tc-defendem-pluralidade-e-sao-contra-revisao-constitucional\/","title":{"rendered":"Ex-presidentes do TC defendem pluralidade e s\u00e3o contra revis\u00e3o constitucional"},"content":{"rendered":"<p>Em v\u00e9speras da celebra\u00e7\u00e3o dos 50 anos da Constitui\u00e7\u00e3o, ex-presidentes do Tribunal Constitucional defendem cautela relativamente a uma revis\u00e3o da Lei Fundamental.<\/p>\n<p>Jos\u00e9 Manuel Cardoso da Costa, Jo\u00e3o Caupers e Joaquim Sousa Ribeiro sustentam que n\u00e3o h\u00e1 urg\u00eancia em alterar a Constitui\u00e7\u00e3o. O objetivo, dizem, \u00e9 manter o equil\u00edbrio e o consenso que j\u00e1 fundamentam o texto.<\/p>\n<p>Os ex-l\u00edderes do TC afirmam que, se houver ajustes, estes devem servir para ampliar o consenso constitucional, n\u00e3o para reduzir a aceita\u00e7\u00e3o j\u00e1 alcan\u00e7ada. A pluralidade \u00e9 apresentada como a \u201cregra de ouro\u201d do Tribunal.<\/p>\n<p>O trio aponta ainda que mudan\u00e7as substanciais podem trazer instabilidade institucional. O foco permanece na preserva\u00e7\u00e3o de princ\u00edpios democr\u00e1ticos e na garantia de direitos, sem alterar o esp\u00edrito fundacional.<\/p>\n<p>A posi\u00e7\u00e3o \u00e9 partilhada na altura em que Portugal se prepara para marcar cinco d\u00e9cadas de uma Constitui\u00e7\u00e3o que orienta o funcionamento do Estado.<\/p>\n","protected":false},"excerpt":{"rendered":"<ul>\n<li>Ex-presidentes do Tribunal Constitucional, Jos\u00e9 Manuel Cardoso da Costa, Jo\u00e3o Caupers e Joaquim Sousa Ribeiro, dizem n\u00e3o ver urg\u00eancia na revis\u00e3o da Constitui\u00e7\u00e3o.<\/li>\n<li>Defendem que eventuais ajustes devem servir para alargar o consenso constitucional.<\/li>\n<li>A pluralidade \u00e9 apresentada como a \u201cregra de ouro\u201d do Tribunal.<\/li>\n<li>As declara\u00e7\u00f5es chegam na v\u00e9spera dos cinquenta anos da Constitui\u00e7\u00e3o.<\/li>\n<li>Afirmam que altera\u00e7\u00f5es n\u00e3o devem diminuir o consenso j\u00e1 alcan\u00e7ado.<\/li>\n<\/ul>\n","protected":false},"author":2,"featured_media":428055,"comment_status":"closed","ping_status":"closed","sticky":false,"template":"","format":"standard","meta":{"footnotes":""},"categories":[6815,1],"tags":[3254,4057,2795,6373,6996,1144],"class_list":["post-428051","post","type-post","status-publish","format-standard","has-post-thumbnail","hentry","category-justica","category-noticias","tag-constitucionalistas","tag-constituicao","tag-democracia","tag-direitos","tag-estabilidade-institucional","tag-instituicoes"],"yoast_head":"<!-- This site is optimized with the Yoast SEO plugin v27.2 - https:\/\/yoast.com\/product\/yoast-seo-wordpress\/ -->\n<title>Ex-presidentes do TC defendem pluralidade e s\u00e3o contra revis\u00e3o constitucional - Portal Tela Portugal<\/title>\n<meta name=\"robots\" content=\"index, follow, max-snippet:-1, max-image-preview:large, max-video-preview:-1\" \/>\n<meta property=\"og:locale\" content=\"pt_PT\" \/>\n<meta property=\"og:type\" content=\"article\" \/>\n<meta property=\"og:title\" content=\"Ex-presidentes do TC defendem pluralidade e s\u00e3o contra revis\u00e3o constitucional - Portal Tela Portugal\" \/>\n<meta property=\"og:description\" content=\"Ex-presidentes do Tribunal Constitucional, Jos\u00e9 Manuel Cardoso da Costa, Jo\u00e3o Caupers e Joaquim Sousa Ribeiro, dizem n\u00e3o ver urg\u00eancia na revis\u00e3o da Constitui\u00e7\u00e3o. Defendem que eventuais ajustes devem servir para alargar o consenso constitucional. A pluralidade \u00e9 apresentada como a \u201cregra de ouro\u201d do Tribunal. As declara\u00e7\u00f5es chegam na v\u00e9spera dos cinquenta anos da Constitui\u00e7\u00e3o. Afirmam que altera\u00e7\u00f5es n\u00e3o devem diminuir o consenso j\u00e1 alcan\u00e7ado.\" \/>\n<meta property=\"og:url\" content=\"https:\/\/portaltela.pt\/noticias\/2026\/03\/31\/ex-presidentes-do-tc-defendem-pluralidade-e-sao-contra-revisao-constitucional\/\" \/>\n<meta property=\"og:site_name\" content=\"Portal Tela Portugal\" \/>\n<meta property=\"article:published_time\" content=\"2026-03-31T17:02:15+00:00\" \/>\n<meta name=\"author\" content=\"Telinha\" \/>\n<meta name=\"twitter:card\" content=\"summary_large_image\" \/>\n<meta name=\"twitter:label1\" content=\"Escrito por\" \/>\n\t<meta name=\"twitter:data1\" content=\"Telinha\" \/>\n\t<meta name=\"twitter:label2\" content=\"Tempo estimado de leitura\" \/>\n\t<meta name=\"twitter:data2\" content=\"1 minuto\" \/>\n<script type=\"application\/ld+json\" class=\"yoast-schema-graph\">{\"@context\":\"https:\/\/schema.org\",\"@graph\":[{\"@type\":\"Article\",\"@id\":\"https:\/\/portaltela.pt\/noticias\/2026\/03\/31\/ex-presidentes-do-tc-defendem-pluralidade-e-sao-contra-revisao-constitucional\/#article\",\"isPartOf\":{\"@id\":\"https:\/\/portaltela.pt\/noticias\/2026\/03\/31\/ex-presidentes-do-tc-defendem-pluralidade-e-sao-contra-revisao-constitucional\/\"},\"author\":{\"name\":\"Telinha\",\"@id\":\"https:\/\/portaltela.pt\/#\/schema\/person\/c4278d4a6028830caff9ee44b42d32ed\"},\"headline\":\"Ex-presidentes do TC defendem pluralidade e s\u00e3o contra revis\u00e3o constitucional\",\"datePublished\":\"2026-03-31T17:02:15+00:00\",\"mainEntityOfPage\":{\"@id\":\"https:\/\/portaltela.pt\/noticias\/2026\/03\/31\/ex-presidentes-do-tc-defendem-pluralidade-e-sao-contra-revisao-constitucional\/\"},\"wordCount\":174,\"image\":{\"@id\":\"https:\/\/portaltela.pt\/noticias\/2026\/03\/31\/ex-presidentes-do-tc-defendem-pluralidade-e-sao-contra-revisao-constitucional\/#primaryimage\"},\"thumbnailUrl\":\"https:\/\/portaltela.pt\/s.01k8rhncp4jt1\/2026\/03\/2078291.jpg\",\"keywords\":[\"Constitucionalistas\",\"constitui\u00e7\u00e3o\",\"democracia\",\"direitos\",\"estabilidade institucional\",\"institui\u00e7\u00f5es\"],\"articleSection\":[\"Justi\u00e7a\",\"Not\u00edcias\"],\"inLanguage\":\"pt-PT\"},{\"@type\":\"WebPage\",\"@id\":\"https:\/\/portaltela.pt\/noticias\/2026\/03\/31\/ex-presidentes-do-tc-defendem-pluralidade-e-sao-contra-revisao-constitucional\/\",\"url\":\"https:\/\/portaltela.pt\/noticias\/2026\/03\/31\/ex-presidentes-do-tc-defendem-pluralidade-e-sao-contra-revisao-constitucional\/\",\"name\":\"Ex-presidentes do TC defendem pluralidade e s\u00e3o contra revis\u00e3o constitucional - Portal Tela Portugal\",\"isPartOf\":{\"@id\":\"https:\/\/portaltela.pt\/#website\"},\"primaryImageOfPage\":{\"@id\":\"https:\/\/portaltela.pt\/noticias\/2026\/03\/31\/ex-presidentes-do-tc-defendem-pluralidade-e-sao-contra-revisao-constitucional\/#primaryimage\"},\"image\":{\"@id\":\"https:\/\/portaltela.pt\/noticias\/2026\/03\/31\/ex-presidentes-do-tc-defendem-pluralidade-e-sao-contra-revisao-constitucional\/#primaryimage\"},\"thumbnailUrl\":\"https:\/\/portaltela.pt\/s.01k8rhncp4jt1\/2026\/03\/2078291.jpg\",\"datePublished\":\"2026-03-31T17:02:15+00:00\",\"author\":{\"@id\":\"https:\/\/portaltela.pt\/#\/schema\/person\/c4278d4a6028830caff9ee44b42d32ed\"},\"breadcrumb\":{\"@id\":\"https:\/\/portaltela.pt\/noticias\/2026\/03\/31\/ex-presidentes-do-tc-defendem-pluralidade-e-sao-contra-revisao-constitucional\/#breadcrumb\"},\"inLanguage\":\"pt-PT\",\"potentialAction\":[{\"@type\":\"ReadAction\",\"target\":[\"https:\/\/portaltela.pt\/noticias\/2026\/03\/31\/ex-presidentes-do-tc-defendem-pluralidade-e-sao-contra-revisao-constitucional\/\"]}]},{\"@type\":\"ImageObject\",\"inLanguage\":\"pt-PT\",\"@id\":\"https:\/\/portaltela.pt\/noticias\/2026\/03\/31\/ex-presidentes-do-tc-defendem-pluralidade-e-sao-contra-revisao-constitucional\/#primaryimage\",\"url\":\"https:\/\/portaltela.pt\/s.01k8rhncp4jt1\/2026\/03\/2078291.jpg\",\"contentUrl\":\"https:\/\/portaltela.pt\/s.01k8rhncp4jt1\/2026\/03\/2078291.jpg\",\"width\":796,\"height\":448,\"caption\":\"Constitui\u00e7\u00e3o faz cinquenta anos na quinta-feira\"},{\"@type\":\"BreadcrumbList\",\"@id\":\"https:\/\/portaltela.pt\/noticias\/2026\/03\/31\/ex-presidentes-do-tc-defendem-pluralidade-e-sao-contra-revisao-constitucional\/#breadcrumb\",\"itemListElement\":[{\"@type\":\"ListItem\",\"position\":1,\"name\":\"In\u00edcio\",\"item\":\"https:\/\/portaltela.pt\/\"},{\"@type\":\"ListItem\",\"position\":2,\"name\":\"Ex-presidentes do TC defendem pluralidade e s\u00e3o contra revis\u00e3o constitucional\"}]},{\"@type\":\"WebSite\",\"@id\":\"https:\/\/portaltela.pt\/#website\",\"url\":\"https:\/\/portaltela.pt\/\",\"name\":\"Portal Tela Portugal\",\"description\":\"\",\"potentialAction\":[{\"@type\":\"SearchAction\",\"target\":{\"@type\":\"EntryPoint\",\"urlTemplate\":\"https:\/\/portaltela.pt\/?s={search_term_string}\"},\"query-input\":{\"@type\":\"PropertyValueSpecification\",\"valueRequired\":true,\"valueName\":\"search_term_string\"}}],\"inLanguage\":\"pt-PT\"},{\"@type\":\"Person\",\"@id\":\"https:\/\/portaltela.pt\/#\/schema\/person\/c4278d4a6028830caff9ee44b42d32ed\",\"name\":\"Telinha\",\"image\":{\"@type\":\"ImageObject\",\"inLanguage\":\"pt-PT\",\"@id\":\"https:\/\/portaltela.pt\/s.01k8rhncp4jt1\/2025\/11\/talking-bot-125x125.png\",\"url\":\"https:\/\/portaltela.pt\/s.01k8rhncp4jt1\/2025\/11\/talking-bot-125x125.png\",\"contentUrl\":\"https:\/\/portaltela.pt\/s.01k8rhncp4jt1\/2025\/11\/talking-bot-125x125.png\",\"caption\":\"Telinha\"},\"sameAs\":[\"https:\/\/portaltela.pt\/\"],\"url\":\"https:\/\/portaltela.pt\/por\/367410592786\/\"}]}<\/script>\n<!-- \/ Yoast SEO plugin. -->","yoast_head_json":{"title":"Ex-presidentes do TC defendem pluralidade e s\u00e3o contra revis\u00e3o constitucional - Portal Tela Portugal","robots":{"index":"index","follow":"follow","max-snippet":"max-snippet:-1","max-image-preview":"max-image-preview:large","max-video-preview":"max-video-preview:-1"},"og_locale":"pt_PT","og_type":"article","og_title":"Ex-presidentes do TC defendem pluralidade e s\u00e3o contra revis\u00e3o constitucional - Portal Tela Portugal","og_description":"Ex-presidentes do Tribunal Constitucional, Jos\u00e9 Manuel Cardoso da Costa, Jo\u00e3o Caupers e Joaquim Sousa Ribeiro, dizem n\u00e3o ver urg\u00eancia na revis\u00e3o da Constitui\u00e7\u00e3o. Defendem que eventuais ajustes devem servir para alargar o consenso constitucional. A pluralidade \u00e9 apresentada como a \u201cregra de ouro\u201d do Tribunal. As declara\u00e7\u00f5es chegam na v\u00e9spera dos cinquenta anos da Constitui\u00e7\u00e3o. Afirmam que altera\u00e7\u00f5es n\u00e3o devem diminuir o consenso j\u00e1 alcan\u00e7ado.","og_url":"https:\/\/portaltela.pt\/noticias\/2026\/03\/31\/ex-presidentes-do-tc-defendem-pluralidade-e-sao-contra-revisao-constitucional\/","og_site_name":"Portal Tela Portugal","article_published_time":"2026-03-31T17:02:15+00:00","author":"Telinha","twitter_card":"summary_large_image","twitter_misc":{"Escrito por":"Telinha","Tempo estimado de leitura":"1 minuto"},"schema":{"@context":"https:\/\/schema.org","@graph":[{"@type":"Article","@id":"https:\/\/portaltela.pt\/noticias\/2026\/03\/31\/ex-presidentes-do-tc-defendem-pluralidade-e-sao-contra-revisao-constitucional\/#article","isPartOf":{"@id":"https:\/\/portaltela.pt\/noticias\/2026\/03\/31\/ex-presidentes-do-tc-defendem-pluralidade-e-sao-contra-revisao-constitucional\/"},"author":{"name":"Telinha","@id":"https:\/\/portaltela.pt\/#\/schema\/person\/c4278d4a6028830caff9ee44b42d32ed"},"headline":"Ex-presidentes do TC defendem pluralidade e s\u00e3o contra revis\u00e3o constitucional","datePublished":"2026-03-31T17:02:15+00:00","mainEntityOfPage":{"@id":"https:\/\/portaltela.pt\/noticias\/2026\/03\/31\/ex-presidentes-do-tc-defendem-pluralidade-e-sao-contra-revisao-constitucional\/"},"wordCount":174,"image":{"@id":"https:\/\/portaltela.pt\/noticias\/2026\/03\/31\/ex-presidentes-do-tc-defendem-pluralidade-e-sao-contra-revisao-constitucional\/#primaryimage"},"thumbnailUrl":"https:\/\/portaltela.pt\/s.01k8rhncp4jt1\/2026\/03\/2078291.jpg","keywords":["Constitucionalistas","constitui\u00e7\u00e3o","democracia","direitos","estabilidade institucional","institui\u00e7\u00f5es"],"articleSection":["Justi\u00e7a","Not\u00edcias"],"inLanguage":"pt-PT"},{"@type":"WebPage","@id":"https:\/\/portaltela.pt\/noticias\/2026\/03\/31\/ex-presidentes-do-tc-defendem-pluralidade-e-sao-contra-revisao-constitucional\/","url":"https:\/\/portaltela.pt\/noticias\/2026\/03\/31\/ex-presidentes-do-tc-defendem-pluralidade-e-sao-contra-revisao-constitucional\/","name":"Ex-presidentes do TC defendem pluralidade e s\u00e3o contra revis\u00e3o constitucional - Portal Tela Portugal","isPartOf":{"@id":"https:\/\/portaltela.pt\/#website"},"primaryImageOfPage":{"@id":"https:\/\/portaltela.pt\/noticias\/2026\/03\/31\/ex-presidentes-do-tc-defendem-pluralidade-e-sao-contra-revisao-constitucional\/#primaryimage"},"image":{"@id":"https:\/\/portaltela.pt\/noticias\/2026\/03\/31\/ex-presidentes-do-tc-defendem-pluralidade-e-sao-contra-revisao-constitucional\/#primaryimage"},"thumbnailUrl":"https:\/\/portaltela.pt\/s.01k8rhncp4jt1\/2026\/03\/2078291.jpg","datePublished":"2026-03-31T17:02:15+00:00","author":{"@id":"https:\/\/portaltela.pt\/#\/schema\/person\/c4278d4a6028830caff9ee44b42d32ed"},"breadcrumb":{"@id":"https:\/\/portaltela.pt\/noticias\/2026\/03\/31\/ex-presidentes-do-tc-defendem-pluralidade-e-sao-contra-revisao-constitucional\/#breadcrumb"},"inLanguage":"pt-PT","potentialAction":[{"@type":"ReadAction","target":["https:\/\/portaltela.pt\/noticias\/2026\/03\/31\/ex-presidentes-do-tc-defendem-pluralidade-e-sao-contra-revisao-constitucional\/"]}]},{"@type":"ImageObject","inLanguage":"pt-PT","@id":"https:\/\/portaltela.pt\/noticias\/2026\/03\/31\/ex-presidentes-do-tc-defendem-pluralidade-e-sao-contra-revisao-constitucional\/#primaryimage","url":"https:\/\/portaltela.pt\/s.01k8rhncp4jt1\/2026\/03\/2078291.jpg","contentUrl":"https:\/\/portaltela.pt\/s.01k8rhncp4jt1\/2026\/03\/2078291.jpg","width":796,"height":448,"caption":"Constitui\u00e7\u00e3o faz cinquenta anos na quinta-feira"},{"@type":"BreadcrumbList","@id":"https:\/\/portaltela.pt\/noticias\/2026\/03\/31\/ex-presidentes-do-tc-defendem-pluralidade-e-sao-contra-revisao-constitucional\/#breadcrumb","itemListElement":[{"@type":"ListItem","position":1,"name":"In\u00edcio","item":"https:\/\/portaltela.pt\/"},{"@type":"ListItem","position":2,"name":"Ex-presidentes do TC defendem pluralidade e s\u00e3o contra revis\u00e3o constitucional"}]},{"@type":"WebSite","@id":"https:\/\/portaltela.pt\/#website","url":"https:\/\/portaltela.pt\/","name":"Portal Tela Portugal","description":"","potentialAction":[{"@type":"SearchAction","target":{"@type":"EntryPoint","urlTemplate":"https:\/\/portaltela.pt\/?s={search_term_string}"},"query-input":{"@type":"PropertyValueSpecification","valueRequired":true,"valueName":"search_term_string"}}],"inLanguage":"pt-PT"},{"@type":"Person","@id":"https:\/\/portaltela.pt\/#\/schema\/person\/c4278d4a6028830caff9ee44b42d32ed","name":"Telinha","image":{"@type":"ImageObject","inLanguage":"pt-PT","@id":"https:\/\/portaltela.pt\/s.01k8rhncp4jt1\/2025\/11\/talking-bot-125x125.png","url":"https:\/\/portaltela.pt\/s.01k8rhncp4jt1\/2025\/11\/talking-bot-125x125.png","contentUrl":"https:\/\/portaltela.pt\/s.01k8rhncp4jt1\/2025\/11\/talking-bot-125x125.png","caption":"Telinha"},"sameAs":["https:\/\/portaltela.pt\/"],"url":"https:\/\/portaltela.pt\/por\/367410592786\/"}]}},"_links":{"self":[{"href":"https:\/\/portaltela.pt\/api\/wp\/v2\/posts\/428051","targetHints":{"allow":["GET"]}}],"collection":[{"href":"https:\/\/portaltela.pt\/api\/wp\/v2\/posts"}],"about":[{"href":"https:\/\/portaltela.pt\/api\/wp\/v2\/types\/post"}],"author":[{"embeddable":true,"href":"https:\/\/portaltela.pt\/api\/wp\/v2\/users\/2"}],"replies":[{"embeddable":true,"href":"https:\/\/portaltela.pt\/api\/wp\/v2\/comments?post=428051"}],"version-history":[{"count":0,"href":"https:\/\/portaltela.pt\/api\/wp\/v2\/posts\/428051\/revisions"}],"wp:featuredmedia":[{"embeddable":true,"href":"https:\/\/portaltela.pt\/api\/wp\/v2\/media\/428055"}],"wp:attachment":[{"href":"https:\/\/portaltela.pt\/api\/wp\/v2\/media?parent=428051"}],"wp:term":[{"taxonomy":"category","embeddable":true,"href":"https:\/\/portaltela.pt\/api\/wp\/v2\/categories?post=428051"},{"taxonomy":"post_tag","embeddable":true,"href":"https:\/\/portaltela.pt\/api\/wp\/v2\/tags?post=428051"}],"curies":[{"name":"wp","href":"https:\/\/api.w.org\/{rel}","templated":true}]}}