{"id":428039,"date":"2026-03-31T13:47:05","date_gmt":"2026-03-31T16:47:05","guid":{"rendered":"https:\/\/portaltela.pt\/noticias\/2026\/03\/31\/governo-de-macau-quer-escolas-como-centros-de-aprendizagem-para-idosos\/"},"modified":"2026-03-31T13:47:05","modified_gmt":"2026-03-31T16:47:05","slug":"governo-de-macau-quer-escolas-como-centros-de-aprendizagem-para-idosos","status":"publish","type":"post","link":"https:\/\/portaltela.pt\/sociedade\/2026\/03\/31\/governo-de-macau-quer-escolas-como-centros-de-aprendizagem-para-idosos\/","title":{"rendered":"Governo de Macau quer escolas como centros de aprendizagem para idosos"},"content":{"rendered":"<p>O Governo de Macau planeia transformar escolas em centros de aprendizagem para idosos, como parte de uma estrat\u00e9gia de educa\u00e7\u00e3o ao longo da vida. A medida visa ampliar o acesso de pessoas mais velhas a atividades educativas dentro da rede escolar existente.<\/p>\n<p>A anunciada iniciativa pretende oferecer oportunidades de forma\u00e7\u00e3o, alfabetiza\u00e7\u00e3o digital e participa\u00e7\u00e3o c\u00edvica para a popula\u00e7\u00e3o s\u00e9nior. O objetivo \u00e9 facilitar a integra\u00e7\u00e3o social e a melhoria da qualidade de vida atrav\u00e9s da educa\u00e7\u00e3o permanente.<\/p>\n<p>N\u00e3o foram divulgados detalhes sobre prazos, financiamento ou crit\u00e9rios de implementa\u00e7\u00e3o. Tamb\u00e9m n\u00e3o h\u00e1 informa\u00e7\u00f5es dispon\u00edveis sobre quem ficar\u00e1 respons\u00e1vel pela gest\u00e3o dos centros ou como ser\u00e3o avaliados os resultados desta pol\u00edtica.<\/p>\n","protected":false},"excerpt":{"rendered":"<ul>\n<li>O governo de Macau quer que as escolas se tornem centros de aprendizagem para idosos.<\/li>\n<li>A proposta pretende criar espa\u00e7os educativos dedicados \u00e0 popula\u00e7\u00e3o s\u00e9nior.<\/li>\n<li>A ideia foi apresentada pela administra\u00e7\u00e3o de Macau, segundo a not\u00edcia.<\/li>\n<li>O conte\u00fado completo est\u00e1 dispon\u00edvel apenas para subscritores.<\/li>\n<\/ul>\n","protected":false},"author":2,"featured_media":428041,"comment_status":"closed","ping_status":"closed","sticky":false,"template":"","format":"standard","meta":{"footnotes":""},"categories":[6745,6871],"tags":[370,163,2917,2443,2736,5386],"class_list":["post-428039","post","type-post","status-publish","format-standard","has-post-thumbnail","hentry","category-saude","category-sociedade","tag-cidadania","tag-educacao","tag-educacao-digital","tag-educacao-publica","tag-idosos","tag-macau"],"yoast_head":"<!-- This site is optimized with the Yoast SEO plugin v27.2 - https:\/\/yoast.com\/product\/yoast-seo-wordpress\/ -->\n<title>Governo de Macau quer escolas como centros de aprendizagem para idosos - Portal Tela Portugal<\/title>\n<meta name=\"robots\" content=\"index, follow, max-snippet:-1, max-image-preview:large, max-video-preview:-1\" \/>\n<meta property=\"og:locale\" content=\"pt_PT\" \/>\n<meta property=\"og:type\" content=\"article\" \/>\n<meta property=\"og:title\" content=\"Governo de Macau quer escolas como centros de aprendizagem para idosos - Portal Tela Portugal\" \/>\n<meta property=\"og:description\" content=\"O governo de Macau quer que as escolas se tornem centros de aprendizagem para idosos. A proposta pretende criar espa\u00e7os educativos dedicados \u00e0 popula\u00e7\u00e3o s\u00e9nior. A ideia foi apresentada pela administra\u00e7\u00e3o de Macau, segundo a not\u00edcia. O conte\u00fado completo est\u00e1 dispon\u00edvel apenas para subscritores.\" \/>\n<meta property=\"og:url\" content=\"https:\/\/portaltela.pt\/noticias\/2026\/03\/31\/governo-de-macau-quer-escolas-como-centros-de-aprendizagem-para-idosos\/\" \/>\n<meta property=\"og:site_name\" content=\"Portal Tela Portugal\" \/>\n<meta property=\"article:published_time\" content=\"2026-03-31T16:47:05+00:00\" \/>\n<meta name=\"author\" content=\"Telinha\" \/>\n<meta name=\"twitter:card\" content=\"summary_large_image\" \/>\n<meta name=\"twitter:label1\" content=\"Escrito por\" \/>\n\t<meta name=\"twitter:data1\" content=\"Telinha\" \/>\n\t<meta name=\"twitter:label2\" content=\"Tempo estimado de leitura\" \/>\n\t<meta name=\"twitter:data2\" content=\"1 minuto\" \/>\n<script type=\"application\/ld+json\" class=\"yoast-schema-graph\">{\"@context\":\"https:\/\/schema.org\",\"@graph\":[{\"@type\":\"Article\",\"@id\":\"https:\/\/portaltela.pt\/noticias\/2026\/03\/31\/governo-de-macau-quer-escolas-como-centros-de-aprendizagem-para-idosos\/#article\",\"isPartOf\":{\"@id\":\"https:\/\/portaltela.pt\/noticias\/2026\/03\/31\/governo-de-macau-quer-escolas-como-centros-de-aprendizagem-para-idosos\/\"},\"author\":{\"name\":\"Telinha\",\"@id\":\"https:\/\/portaltela.pt\/#\/schema\/person\/c4278d4a6028830caff9ee44b42d32ed\"},\"headline\":\"Governo de Macau quer escolas como centros de aprendizagem para idosos\",\"datePublished\":\"2026-03-31T16:47:05+00:00\",\"mainEntityOfPage\":{\"@id\":\"https:\/\/portaltela.pt\/noticias\/2026\/03\/31\/governo-de-macau-quer-escolas-como-centros-de-aprendizagem-para-idosos\/\"},\"wordCount\":141,\"image\":{\"@id\":\"https:\/\/portaltela.pt\/noticias\/2026\/03\/31\/governo-de-macau-quer-escolas-como-centros-de-aprendizagem-para-idosos\/#primaryimage\"},\"thumbnailUrl\":\"https:\/\/portaltela.pt\/s.01k8rhncp4jt1\/2026\/03\/CACHE_780X1200_ANALOG_WATERMARKED_15561079_1164892_10042019042947.jpg\",\"keywords\":[\"cidadania\",\"educa\u00e7\u00e3o\",\"educa\u00e7\u00e3o digital\",\"educa\u00e7\u00e3o p\u00fablica\",\"idosos\",\"Macau\"],\"articleSection\":[\"Sa\u00fade\",\"Sociedade\"],\"inLanguage\":\"pt-PT\"},{\"@type\":\"WebPage\",\"@id\":\"https:\/\/portaltela.pt\/noticias\/2026\/03\/31\/governo-de-macau-quer-escolas-como-centros-de-aprendizagem-para-idosos\/\",\"url\":\"https:\/\/portaltela.pt\/noticias\/2026\/03\/31\/governo-de-macau-quer-escolas-como-centros-de-aprendizagem-para-idosos\/\",\"name\":\"Governo de Macau quer escolas como centros de aprendizagem para idosos - Portal Tela Portugal\",\"isPartOf\":{\"@id\":\"https:\/\/portaltela.pt\/#website\"},\"primaryImageOfPage\":{\"@id\":\"https:\/\/portaltela.pt\/noticias\/2026\/03\/31\/governo-de-macau-quer-escolas-como-centros-de-aprendizagem-para-idosos\/#primaryimage\"},\"image\":{\"@id\":\"https:\/\/portaltela.pt\/noticias\/2026\/03\/31\/governo-de-macau-quer-escolas-como-centros-de-aprendizagem-para-idosos\/#primaryimage\"},\"thumbnailUrl\":\"https:\/\/portaltela.pt\/s.01k8rhncp4jt1\/2026\/03\/CACHE_780X1200_ANALOG_WATERMARKED_15561079_1164892_10042019042947.jpg\",\"datePublished\":\"2026-03-31T16:47:05+00:00\",\"author\":{\"@id\":\"https:\/\/portaltela.pt\/#\/schema\/person\/c4278d4a6028830caff9ee44b42d32ed\"},\"breadcrumb\":{\"@id\":\"https:\/\/portaltela.pt\/noticias\/2026\/03\/31\/governo-de-macau-quer-escolas-como-centros-de-aprendizagem-para-idosos\/#breadcrumb\"},\"inLanguage\":\"pt-PT\",\"potentialAction\":[{\"@type\":\"ReadAction\",\"target\":[\"https:\/\/portaltela.pt\/noticias\/2026\/03\/31\/governo-de-macau-quer-escolas-como-centros-de-aprendizagem-para-idosos\/\"]}]},{\"@type\":\"ImageObject\",\"inLanguage\":\"pt-PT\",\"@id\":\"https:\/\/portaltela.pt\/noticias\/2026\/03\/31\/governo-de-macau-quer-escolas-como-centros-de-aprendizagem-para-idosos\/#primaryimage\",\"url\":\"https:\/\/portaltela.pt\/s.01k8rhncp4jt1\/2026\/03\/CACHE_780X1200_ANALOG_WATERMARKED_15561079_1164892_10042019042947.jpg\",\"contentUrl\":\"https:\/\/portaltela.pt\/s.01k8rhncp4jt1\/2026\/03\/CACHE_780X1200_ANALOG_WATERMARKED_15561079_1164892_10042019042947.jpg\",\"width\":796,\"height\":448,\"caption\":\"Governo de Macau quer que escolas se tornem centros de aprendizagem para idosos\"},{\"@type\":\"BreadcrumbList\",\"@id\":\"https:\/\/portaltela.pt\/noticias\/2026\/03\/31\/governo-de-macau-quer-escolas-como-centros-de-aprendizagem-para-idosos\/#breadcrumb\",\"itemListElement\":[{\"@type\":\"ListItem\",\"position\":1,\"name\":\"In\u00edcio\",\"item\":\"https:\/\/portaltela.pt\/\"},{\"@type\":\"ListItem\",\"position\":2,\"name\":\"Governo de Macau quer escolas como centros de aprendizagem para idosos\"}]},{\"@type\":\"WebSite\",\"@id\":\"https:\/\/portaltela.pt\/#website\",\"url\":\"https:\/\/portaltela.pt\/\",\"name\":\"Portal Tela Portugal\",\"description\":\"\",\"potentialAction\":[{\"@type\":\"SearchAction\",\"target\":{\"@type\":\"EntryPoint\",\"urlTemplate\":\"https:\/\/portaltela.pt\/?s={search_term_string}\"},\"query-input\":{\"@type\":\"PropertyValueSpecification\",\"valueRequired\":true,\"valueName\":\"search_term_string\"}}],\"inLanguage\":\"pt-PT\"},{\"@type\":\"Person\",\"@id\":\"https:\/\/portaltela.pt\/#\/schema\/person\/c4278d4a6028830caff9ee44b42d32ed\",\"name\":\"Telinha\",\"image\":{\"@type\":\"ImageObject\",\"inLanguage\":\"pt-PT\",\"@id\":\"https:\/\/portaltela.pt\/s.01k8rhncp4jt1\/2025\/11\/talking-bot-125x125.png\",\"url\":\"https:\/\/portaltela.pt\/s.01k8rhncp4jt1\/2025\/11\/talking-bot-125x125.png\",\"contentUrl\":\"https:\/\/portaltela.pt\/s.01k8rhncp4jt1\/2025\/11\/talking-bot-125x125.png\",\"caption\":\"Telinha\"},\"sameAs\":[\"https:\/\/portaltela.pt\/\"],\"url\":\"https:\/\/portaltela.pt\/por\/367410592786\/\"}]}<\/script>\n<!-- \/ Yoast SEO plugin. -->","yoast_head_json":{"title":"Governo de Macau quer escolas como centros de aprendizagem para idosos - Portal Tela Portugal","robots":{"index":"index","follow":"follow","max-snippet":"max-snippet:-1","max-image-preview":"max-image-preview:large","max-video-preview":"max-video-preview:-1"},"og_locale":"pt_PT","og_type":"article","og_title":"Governo de Macau quer escolas como centros de aprendizagem para idosos - Portal Tela Portugal","og_description":"O governo de Macau quer que as escolas se tornem centros de aprendizagem para idosos. A proposta pretende criar espa\u00e7os educativos dedicados \u00e0 popula\u00e7\u00e3o s\u00e9nior. A ideia foi apresentada pela administra\u00e7\u00e3o de Macau, segundo a not\u00edcia. O conte\u00fado completo est\u00e1 dispon\u00edvel apenas para subscritores.","og_url":"https:\/\/portaltela.pt\/noticias\/2026\/03\/31\/governo-de-macau-quer-escolas-como-centros-de-aprendizagem-para-idosos\/","og_site_name":"Portal Tela Portugal","article_published_time":"2026-03-31T16:47:05+00:00","author":"Telinha","twitter_card":"summary_large_image","twitter_misc":{"Escrito por":"Telinha","Tempo estimado de leitura":"1 minuto"},"schema":{"@context":"https:\/\/schema.org","@graph":[{"@type":"Article","@id":"https:\/\/portaltela.pt\/noticias\/2026\/03\/31\/governo-de-macau-quer-escolas-como-centros-de-aprendizagem-para-idosos\/#article","isPartOf":{"@id":"https:\/\/portaltela.pt\/noticias\/2026\/03\/31\/governo-de-macau-quer-escolas-como-centros-de-aprendizagem-para-idosos\/"},"author":{"name":"Telinha","@id":"https:\/\/portaltela.pt\/#\/schema\/person\/c4278d4a6028830caff9ee44b42d32ed"},"headline":"Governo de Macau quer escolas como centros de aprendizagem para idosos","datePublished":"2026-03-31T16:47:05+00:00","mainEntityOfPage":{"@id":"https:\/\/portaltela.pt\/noticias\/2026\/03\/31\/governo-de-macau-quer-escolas-como-centros-de-aprendizagem-para-idosos\/"},"wordCount":141,"image":{"@id":"https:\/\/portaltela.pt\/noticias\/2026\/03\/31\/governo-de-macau-quer-escolas-como-centros-de-aprendizagem-para-idosos\/#primaryimage"},"thumbnailUrl":"https:\/\/portaltela.pt\/s.01k8rhncp4jt1\/2026\/03\/CACHE_780X1200_ANALOG_WATERMARKED_15561079_1164892_10042019042947.jpg","keywords":["cidadania","educa\u00e7\u00e3o","educa\u00e7\u00e3o digital","educa\u00e7\u00e3o p\u00fablica","idosos","Macau"],"articleSection":["Sa\u00fade","Sociedade"],"inLanguage":"pt-PT"},{"@type":"WebPage","@id":"https:\/\/portaltela.pt\/noticias\/2026\/03\/31\/governo-de-macau-quer-escolas-como-centros-de-aprendizagem-para-idosos\/","url":"https:\/\/portaltela.pt\/noticias\/2026\/03\/31\/governo-de-macau-quer-escolas-como-centros-de-aprendizagem-para-idosos\/","name":"Governo de Macau quer escolas como centros de aprendizagem para idosos - Portal Tela Portugal","isPartOf":{"@id":"https:\/\/portaltela.pt\/#website"},"primaryImageOfPage":{"@id":"https:\/\/portaltela.pt\/noticias\/2026\/03\/31\/governo-de-macau-quer-escolas-como-centros-de-aprendizagem-para-idosos\/#primaryimage"},"image":{"@id":"https:\/\/portaltela.pt\/noticias\/2026\/03\/31\/governo-de-macau-quer-escolas-como-centros-de-aprendizagem-para-idosos\/#primaryimage"},"thumbnailUrl":"https:\/\/portaltela.pt\/s.01k8rhncp4jt1\/2026\/03\/CACHE_780X1200_ANALOG_WATERMARKED_15561079_1164892_10042019042947.jpg","datePublished":"2026-03-31T16:47:05+00:00","author":{"@id":"https:\/\/portaltela.pt\/#\/schema\/person\/c4278d4a6028830caff9ee44b42d32ed"},"breadcrumb":{"@id":"https:\/\/portaltela.pt\/noticias\/2026\/03\/31\/governo-de-macau-quer-escolas-como-centros-de-aprendizagem-para-idosos\/#breadcrumb"},"inLanguage":"pt-PT","potentialAction":[{"@type":"ReadAction","target":["https:\/\/portaltela.pt\/noticias\/2026\/03\/31\/governo-de-macau-quer-escolas-como-centros-de-aprendizagem-para-idosos\/"]}]},{"@type":"ImageObject","inLanguage":"pt-PT","@id":"https:\/\/portaltela.pt\/noticias\/2026\/03\/31\/governo-de-macau-quer-escolas-como-centros-de-aprendizagem-para-idosos\/#primaryimage","url":"https:\/\/portaltela.pt\/s.01k8rhncp4jt1\/2026\/03\/CACHE_780X1200_ANALOG_WATERMARKED_15561079_1164892_10042019042947.jpg","contentUrl":"https:\/\/portaltela.pt\/s.01k8rhncp4jt1\/2026\/03\/CACHE_780X1200_ANALOG_WATERMARKED_15561079_1164892_10042019042947.jpg","width":796,"height":448,"caption":"Governo de Macau quer que escolas se tornem centros de aprendizagem para idosos"},{"@type":"BreadcrumbList","@id":"https:\/\/portaltela.pt\/noticias\/2026\/03\/31\/governo-de-macau-quer-escolas-como-centros-de-aprendizagem-para-idosos\/#breadcrumb","itemListElement":[{"@type":"ListItem","position":1,"name":"In\u00edcio","item":"https:\/\/portaltela.pt\/"},{"@type":"ListItem","position":2,"name":"Governo de Macau quer escolas como centros de aprendizagem para idosos"}]},{"@type":"WebSite","@id":"https:\/\/portaltela.pt\/#website","url":"https:\/\/portaltela.pt\/","name":"Portal Tela Portugal","description":"","potentialAction":[{"@type":"SearchAction","target":{"@type":"EntryPoint","urlTemplate":"https:\/\/portaltela.pt\/?s={search_term_string}"},"query-input":{"@type":"PropertyValueSpecification","valueRequired":true,"valueName":"search_term_string"}}],"inLanguage":"pt-PT"},{"@type":"Person","@id":"https:\/\/portaltela.pt\/#\/schema\/person\/c4278d4a6028830caff9ee44b42d32ed","name":"Telinha","image":{"@type":"ImageObject","inLanguage":"pt-PT","@id":"https:\/\/portaltela.pt\/s.01k8rhncp4jt1\/2025\/11\/talking-bot-125x125.png","url":"https:\/\/portaltela.pt\/s.01k8rhncp4jt1\/2025\/11\/talking-bot-125x125.png","contentUrl":"https:\/\/portaltela.pt\/s.01k8rhncp4jt1\/2025\/11\/talking-bot-125x125.png","caption":"Telinha"},"sameAs":["https:\/\/portaltela.pt\/"],"url":"https:\/\/portaltela.pt\/por\/367410592786\/"}]}},"_links":{"self":[{"href":"https:\/\/portaltela.pt\/api\/wp\/v2\/posts\/428039","targetHints":{"allow":["GET"]}}],"collection":[{"href":"https:\/\/portaltela.pt\/api\/wp\/v2\/posts"}],"about":[{"href":"https:\/\/portaltela.pt\/api\/wp\/v2\/types\/post"}],"author":[{"embeddable":true,"href":"https:\/\/portaltela.pt\/api\/wp\/v2\/users\/2"}],"replies":[{"embeddable":true,"href":"https:\/\/portaltela.pt\/api\/wp\/v2\/comments?post=428039"}],"version-history":[{"count":0,"href":"https:\/\/portaltela.pt\/api\/wp\/v2\/posts\/428039\/revisions"}],"wp:featuredmedia":[{"embeddable":true,"href":"https:\/\/portaltela.pt\/api\/wp\/v2\/media\/428041"}],"wp:attachment":[{"href":"https:\/\/portaltela.pt\/api\/wp\/v2\/media?parent=428039"}],"wp:term":[{"taxonomy":"category","embeddable":true,"href":"https:\/\/portaltela.pt\/api\/wp\/v2\/categories?post=428039"},{"taxonomy":"post_tag","embeddable":true,"href":"https:\/\/portaltela.pt\/api\/wp\/v2\/tags?post=428039"}],"curies":[{"name":"wp","href":"https:\/\/api.w.org\/{rel}","templated":true}]}}