{"id":428032,"date":"2026-03-31T12:47:00","date_gmt":"2026-03-31T15:47:00","guid":{"rendered":"https:\/\/portaltela.pt\/noticias\/2026\/03\/31\/a1-cortada-entre-albergaria-e-aveiro-em-ambos-os-sentidos-por-incendio\/"},"modified":"2026-03-31T12:47:00","modified_gmt":"2026-03-31T15:47:00","slug":"a1-cortada-entre-albergaria-e-aveiro-em-ambos-os-sentidos-por-incendio","status":"publish","type":"post","link":"https:\/\/portaltela.pt\/acidentes\/2026\/03\/31\/a1-cortada-entre-albergaria-e-aveiro-em-ambos-os-sentidos-por-incendio\/","title":{"rendered":"A1 cortada entre Albergaria e Aveiro em ambos os sentidos por inc\u00eandio"},"content":{"rendered":"<p>A Autoestrada 1 (A1) est\u00e1 cortada entre Albergaria e Aveiro Sul, nos dois sentidos, devido a um inc\u00eandio em curso. Operacionais indicam fortes medidas de conten\u00e7\u00e3o, com 150 bombeiros no terreno e quatro helic\u00f3pteros envolvidos no combate.<\/p>\n<p>As autoridades envolvidas s\u00e3o a Brisa, concession\u00e1ria da autoestrada, a Guarda Nacional Republicana (GNR) de Aveiro e o Comando Sub-Regional da Regi\u00e3o de Aveiro. O objetivo \u00e9 controlar o fogo e assegurar a seguran\u00e7a dos utilizadores.<\/p>\n<p>Segundo a Brisa, o tr\u00e2nsito est\u00e1 interrompido no quil\u00f3metro 232, com desvio ativo no n\u00f3 de Aveiro Sul. A GNR alerta os condutores para evitar a zona e recorrer a rotas alternativas.<\/p>\n<h3>Desvios e recomenda\u00e7\u00f5es<\/h3>\n<p>Condutores devem usar A17\/A25 ou EN235 como vias de substitui\u00e7\u00e3o. Circularem com prud\u00eancia e seguirem as indica\u00e7\u00f5es das autoridades. A situa\u00e7\u00e3o permanece em avalia\u00e7\u00e3o pelas entidades competentes.<\/p>\n","protected":false},"excerpt":{"rendered":"<ul>\n<li>A Autoestrada 1 (A1) est\u00e1 cortada nos dois sentidos entre Albergaria e Aveiro Sul devido a um inc\u00eandio.<\/li>\n<li>O fogo mobiliza 150 operacionais e quatro helic\u00f3pteros, segundo fontes da Brisa, da GNR e do Comando Sub-Regional da Regi\u00e3o de Aveiro.<\/li>\n<li>A GNR de Aveiro alertou na p\u00e1gina de Facebook que a circula\u00e7\u00e3o est\u00e1 interrompida e pediu aos condutores que evitem a zona e usem rotas alternativas (A17\/A25 ou EN235).<\/li>\n<li>A Brisa indica que o tr\u00e2nsito est\u00e1 cortado ao Km 232, com desvio no n\u00f3 de Aveiro Sul.<\/li>\n<li>As autoridades solicitam circula\u00e7\u00e3o com prud\u00eancia e que se sigam as indica\u00e7\u00f5es no local.<\/li>\n<\/ul>\n","protected":false},"author":2,"featured_media":428038,"comment_status":"closed","ping_status":"closed","sticky":false,"template":"","format":"standard","meta":{"footnotes":""},"categories":[6849],"tags":[1791,1059,971,1083,1380,1438],"class_list":["post-428032","post","type-post","status-publish","format-standard","has-post-thumbnail","hentry","category-acidentes","tag-albergaria","tag-aveiro","tag-bombeiros","tag-estradas","tag-gnr","tag-incendio"],"yoast_head":"<!-- This site is optimized with the Yoast SEO plugin v27.2 - https:\/\/yoast.com\/product\/yoast-seo-wordpress\/ -->\n<title>A1 cortada entre Albergaria e Aveiro em ambos os sentidos por inc\u00eandio - Portal Tela Portugal<\/title>\n<meta name=\"robots\" content=\"index, follow, max-snippet:-1, max-image-preview:large, max-video-preview:-1\" \/>\n<meta property=\"og:locale\" content=\"pt_PT\" \/>\n<meta property=\"og:type\" content=\"article\" \/>\n<meta property=\"og:title\" content=\"A1 cortada entre Albergaria e Aveiro em ambos os sentidos por inc\u00eandio - Portal Tela Portugal\" \/>\n<meta property=\"og:description\" content=\"A Autoestrada 1 (A1) est\u00e1 cortada nos dois sentidos entre Albergaria e Aveiro Sul devido a um inc\u00eandio. O fogo mobiliza 150 operacionais e quatro helic\u00f3pteros, segundo fontes da Brisa, da GNR e do Comando Sub-Regional da Regi\u00e3o de Aveiro. A GNR de Aveiro alertou na p\u00e1gina de Facebook que a circula\u00e7\u00e3o est\u00e1 interrompida e pediu aos condutores que evitem a zona e usem rotas alternativas (A17\/A25 ou EN235). A Brisa indica que o tr\u00e2nsito est\u00e1 cortado ao Km 232, com desvio no n\u00f3 de Aveiro Sul. As autoridades solicitam circula\u00e7\u00e3o com prud\u00eancia e que se sigam as indica\u00e7\u00f5es no local.\" \/>\n<meta property=\"og:url\" content=\"https:\/\/portaltela.pt\/noticias\/2026\/03\/31\/a1-cortada-entre-albergaria-e-aveiro-em-ambos-os-sentidos-por-incendio\/\" \/>\n<meta property=\"og:site_name\" content=\"Portal Tela Portugal\" \/>\n<meta property=\"article:published_time\" content=\"2026-03-31T15:47:00+00:00\" \/>\n<meta name=\"author\" content=\"Telinha\" \/>\n<meta name=\"twitter:card\" content=\"summary_large_image\" \/>\n<meta name=\"twitter:label1\" content=\"Escrito por\" \/>\n\t<meta name=\"twitter:data1\" content=\"Telinha\" \/>\n\t<meta name=\"twitter:label2\" content=\"Tempo estimado de leitura\" \/>\n\t<meta name=\"twitter:data2\" content=\"1 minuto\" \/>\n<script type=\"application\/ld+json\" class=\"yoast-schema-graph\">{\"@context\":\"https:\/\/schema.org\",\"@graph\":[{\"@type\":\"Article\",\"@id\":\"https:\/\/portaltela.pt\/noticias\/2026\/03\/31\/a1-cortada-entre-albergaria-e-aveiro-em-ambos-os-sentidos-por-incendio\/#article\",\"isPartOf\":{\"@id\":\"https:\/\/portaltela.pt\/noticias\/2026\/03\/31\/a1-cortada-entre-albergaria-e-aveiro-em-ambos-os-sentidos-por-incendio\/\"},\"author\":{\"name\":\"Telinha\",\"@id\":\"https:\/\/portaltela.pt\/#\/schema\/person\/c4278d4a6028830caff9ee44b42d32ed\"},\"headline\":\"A1 cortada entre Albergaria e Aveiro em ambos os sentidos por inc\u00eandio\",\"datePublished\":\"2026-03-31T15:47:00+00:00\",\"mainEntityOfPage\":{\"@id\":\"https:\/\/portaltela.pt\/noticias\/2026\/03\/31\/a1-cortada-entre-albergaria-e-aveiro-em-ambos-os-sentidos-por-incendio\/\"},\"wordCount\":160,\"image\":{\"@id\":\"https:\/\/portaltela.pt\/noticias\/2026\/03\/31\/a1-cortada-entre-albergaria-e-aveiro-em-ambos-os-sentidos-por-incendio\/#primaryimage\"},\"thumbnailUrl\":\"https:\/\/portaltela.pt\/s.01k8rhncp4jt1\/2026\/03\/image-1879.jpg\",\"keywords\":[\"Albergaria\",\"Aveiro\",\"bombeiros\",\"estradas\",\"GNR\",\"inc\u00eandio\"],\"articleSection\":[\"Acidentes\"],\"inLanguage\":\"pt-PT\"},{\"@type\":\"WebPage\",\"@id\":\"https:\/\/portaltela.pt\/noticias\/2026\/03\/31\/a1-cortada-entre-albergaria-e-aveiro-em-ambos-os-sentidos-por-incendio\/\",\"url\":\"https:\/\/portaltela.pt\/noticias\/2026\/03\/31\/a1-cortada-entre-albergaria-e-aveiro-em-ambos-os-sentidos-por-incendio\/\",\"name\":\"A1 cortada entre Albergaria e Aveiro em ambos os sentidos por inc\u00eandio - Portal Tela Portugal\",\"isPartOf\":{\"@id\":\"https:\/\/portaltela.pt\/#website\"},\"primaryImageOfPage\":{\"@id\":\"https:\/\/portaltela.pt\/noticias\/2026\/03\/31\/a1-cortada-entre-albergaria-e-aveiro-em-ambos-os-sentidos-por-incendio\/#primaryimage\"},\"image\":{\"@id\":\"https:\/\/portaltela.pt\/noticias\/2026\/03\/31\/a1-cortada-entre-albergaria-e-aveiro-em-ambos-os-sentidos-por-incendio\/#primaryimage\"},\"thumbnailUrl\":\"https:\/\/portaltela.pt\/s.01k8rhncp4jt1\/2026\/03\/image-1879.jpg\",\"datePublished\":\"2026-03-31T15:47:00+00:00\",\"author\":{\"@id\":\"https:\/\/portaltela.pt\/#\/schema\/person\/c4278d4a6028830caff9ee44b42d32ed\"},\"breadcrumb\":{\"@id\":\"https:\/\/portaltela.pt\/noticias\/2026\/03\/31\/a1-cortada-entre-albergaria-e-aveiro-em-ambos-os-sentidos-por-incendio\/#breadcrumb\"},\"inLanguage\":\"pt-PT\",\"potentialAction\":[{\"@type\":\"ReadAction\",\"target\":[\"https:\/\/portaltela.pt\/noticias\/2026\/03\/31\/a1-cortada-entre-albergaria-e-aveiro-em-ambos-os-sentidos-por-incendio\/\"]}]},{\"@type\":\"ImageObject\",\"inLanguage\":\"pt-PT\",\"@id\":\"https:\/\/portaltela.pt\/noticias\/2026\/03\/31\/a1-cortada-entre-albergaria-e-aveiro-em-ambos-os-sentidos-por-incendio\/#primaryimage\",\"url\":\"https:\/\/portaltela.pt\/s.01k8rhncp4jt1\/2026\/03\/image-1879.jpg\",\"contentUrl\":\"https:\/\/portaltela.pt\/s.01k8rhncp4jt1\/2026\/03\/image-1879.jpg\",\"width\":796,\"height\":448,\"caption\":\"Estrada interrompida nos dois sentidos\"},{\"@type\":\"BreadcrumbList\",\"@id\":\"https:\/\/portaltela.pt\/noticias\/2026\/03\/31\/a1-cortada-entre-albergaria-e-aveiro-em-ambos-os-sentidos-por-incendio\/#breadcrumb\",\"itemListElement\":[{\"@type\":\"ListItem\",\"position\":1,\"name\":\"In\u00edcio\",\"item\":\"https:\/\/portaltela.pt\/\"},{\"@type\":\"ListItem\",\"position\":2,\"name\":\"A1 cortada entre Albergaria e Aveiro em ambos os sentidos por inc\u00eandio\"}]},{\"@type\":\"WebSite\",\"@id\":\"https:\/\/portaltela.pt\/#website\",\"url\":\"https:\/\/portaltela.pt\/\",\"name\":\"Portal Tela Portugal\",\"description\":\"\",\"potentialAction\":[{\"@type\":\"SearchAction\",\"target\":{\"@type\":\"EntryPoint\",\"urlTemplate\":\"https:\/\/portaltela.pt\/?s={search_term_string}\"},\"query-input\":{\"@type\":\"PropertyValueSpecification\",\"valueRequired\":true,\"valueName\":\"search_term_string\"}}],\"inLanguage\":\"pt-PT\"},{\"@type\":\"Person\",\"@id\":\"https:\/\/portaltela.pt\/#\/schema\/person\/c4278d4a6028830caff9ee44b42d32ed\",\"name\":\"Telinha\",\"image\":{\"@type\":\"ImageObject\",\"inLanguage\":\"pt-PT\",\"@id\":\"https:\/\/portaltela.pt\/s.01k8rhncp4jt1\/2025\/11\/talking-bot-125x125.png\",\"url\":\"https:\/\/portaltela.pt\/s.01k8rhncp4jt1\/2025\/11\/talking-bot-125x125.png\",\"contentUrl\":\"https:\/\/portaltela.pt\/s.01k8rhncp4jt1\/2025\/11\/talking-bot-125x125.png\",\"caption\":\"Telinha\"},\"sameAs\":[\"https:\/\/portaltela.pt\/\"],\"url\":\"https:\/\/portaltela.pt\/por\/367410592786\/\"}]}<\/script>\n<!-- \/ Yoast SEO plugin. -->","yoast_head_json":{"title":"A1 cortada entre Albergaria e Aveiro em ambos os sentidos por inc\u00eandio - Portal Tela Portugal","robots":{"index":"index","follow":"follow","max-snippet":"max-snippet:-1","max-image-preview":"max-image-preview:large","max-video-preview":"max-video-preview:-1"},"og_locale":"pt_PT","og_type":"article","og_title":"A1 cortada entre Albergaria e Aveiro em ambos os sentidos por inc\u00eandio - Portal Tela Portugal","og_description":"A Autoestrada 1 (A1) est\u00e1 cortada nos dois sentidos entre Albergaria e Aveiro Sul devido a um inc\u00eandio. O fogo mobiliza 150 operacionais e quatro helic\u00f3pteros, segundo fontes da Brisa, da GNR e do Comando Sub-Regional da Regi\u00e3o de Aveiro. A GNR de Aveiro alertou na p\u00e1gina de Facebook que a circula\u00e7\u00e3o est\u00e1 interrompida e pediu aos condutores que evitem a zona e usem rotas alternativas (A17\/A25 ou EN235). A Brisa indica que o tr\u00e2nsito est\u00e1 cortado ao Km 232, com desvio no n\u00f3 de Aveiro Sul. As autoridades solicitam circula\u00e7\u00e3o com prud\u00eancia e que se sigam as indica\u00e7\u00f5es no local.","og_url":"https:\/\/portaltela.pt\/noticias\/2026\/03\/31\/a1-cortada-entre-albergaria-e-aveiro-em-ambos-os-sentidos-por-incendio\/","og_site_name":"Portal Tela Portugal","article_published_time":"2026-03-31T15:47:00+00:00","author":"Telinha","twitter_card":"summary_large_image","twitter_misc":{"Escrito por":"Telinha","Tempo estimado de leitura":"1 minuto"},"schema":{"@context":"https:\/\/schema.org","@graph":[{"@type":"Article","@id":"https:\/\/portaltela.pt\/noticias\/2026\/03\/31\/a1-cortada-entre-albergaria-e-aveiro-em-ambos-os-sentidos-por-incendio\/#article","isPartOf":{"@id":"https:\/\/portaltela.pt\/noticias\/2026\/03\/31\/a1-cortada-entre-albergaria-e-aveiro-em-ambos-os-sentidos-por-incendio\/"},"author":{"name":"Telinha","@id":"https:\/\/portaltela.pt\/#\/schema\/person\/c4278d4a6028830caff9ee44b42d32ed"},"headline":"A1 cortada entre Albergaria e Aveiro em ambos os sentidos por inc\u00eandio","datePublished":"2026-03-31T15:47:00+00:00","mainEntityOfPage":{"@id":"https:\/\/portaltela.pt\/noticias\/2026\/03\/31\/a1-cortada-entre-albergaria-e-aveiro-em-ambos-os-sentidos-por-incendio\/"},"wordCount":160,"image":{"@id":"https:\/\/portaltela.pt\/noticias\/2026\/03\/31\/a1-cortada-entre-albergaria-e-aveiro-em-ambos-os-sentidos-por-incendio\/#primaryimage"},"thumbnailUrl":"https:\/\/portaltela.pt\/s.01k8rhncp4jt1\/2026\/03\/image-1879.jpg","keywords":["Albergaria","Aveiro","bombeiros","estradas","GNR","inc\u00eandio"],"articleSection":["Acidentes"],"inLanguage":"pt-PT"},{"@type":"WebPage","@id":"https:\/\/portaltela.pt\/noticias\/2026\/03\/31\/a1-cortada-entre-albergaria-e-aveiro-em-ambos-os-sentidos-por-incendio\/","url":"https:\/\/portaltela.pt\/noticias\/2026\/03\/31\/a1-cortada-entre-albergaria-e-aveiro-em-ambos-os-sentidos-por-incendio\/","name":"A1 cortada entre Albergaria e Aveiro em ambos os sentidos por inc\u00eandio - Portal Tela Portugal","isPartOf":{"@id":"https:\/\/portaltela.pt\/#website"},"primaryImageOfPage":{"@id":"https:\/\/portaltela.pt\/noticias\/2026\/03\/31\/a1-cortada-entre-albergaria-e-aveiro-em-ambos-os-sentidos-por-incendio\/#primaryimage"},"image":{"@id":"https:\/\/portaltela.pt\/noticias\/2026\/03\/31\/a1-cortada-entre-albergaria-e-aveiro-em-ambos-os-sentidos-por-incendio\/#primaryimage"},"thumbnailUrl":"https:\/\/portaltela.pt\/s.01k8rhncp4jt1\/2026\/03\/image-1879.jpg","datePublished":"2026-03-31T15:47:00+00:00","author":{"@id":"https:\/\/portaltela.pt\/#\/schema\/person\/c4278d4a6028830caff9ee44b42d32ed"},"breadcrumb":{"@id":"https:\/\/portaltela.pt\/noticias\/2026\/03\/31\/a1-cortada-entre-albergaria-e-aveiro-em-ambos-os-sentidos-por-incendio\/#breadcrumb"},"inLanguage":"pt-PT","potentialAction":[{"@type":"ReadAction","target":["https:\/\/portaltela.pt\/noticias\/2026\/03\/31\/a1-cortada-entre-albergaria-e-aveiro-em-ambos-os-sentidos-por-incendio\/"]}]},{"@type":"ImageObject","inLanguage":"pt-PT","@id":"https:\/\/portaltela.pt\/noticias\/2026\/03\/31\/a1-cortada-entre-albergaria-e-aveiro-em-ambos-os-sentidos-por-incendio\/#primaryimage","url":"https:\/\/portaltela.pt\/s.01k8rhncp4jt1\/2026\/03\/image-1879.jpg","contentUrl":"https:\/\/portaltela.pt\/s.01k8rhncp4jt1\/2026\/03\/image-1879.jpg","width":796,"height":448,"caption":"Estrada interrompida nos dois sentidos"},{"@type":"BreadcrumbList","@id":"https:\/\/portaltela.pt\/noticias\/2026\/03\/31\/a1-cortada-entre-albergaria-e-aveiro-em-ambos-os-sentidos-por-incendio\/#breadcrumb","itemListElement":[{"@type":"ListItem","position":1,"name":"In\u00edcio","item":"https:\/\/portaltela.pt\/"},{"@type":"ListItem","position":2,"name":"A1 cortada entre Albergaria e Aveiro em ambos os sentidos por inc\u00eandio"}]},{"@type":"WebSite","@id":"https:\/\/portaltela.pt\/#website","url":"https:\/\/portaltela.pt\/","name":"Portal Tela Portugal","description":"","potentialAction":[{"@type":"SearchAction","target":{"@type":"EntryPoint","urlTemplate":"https:\/\/portaltela.pt\/?s={search_term_string}"},"query-input":{"@type":"PropertyValueSpecification","valueRequired":true,"valueName":"search_term_string"}}],"inLanguage":"pt-PT"},{"@type":"Person","@id":"https:\/\/portaltela.pt\/#\/schema\/person\/c4278d4a6028830caff9ee44b42d32ed","name":"Telinha","image":{"@type":"ImageObject","inLanguage":"pt-PT","@id":"https:\/\/portaltela.pt\/s.01k8rhncp4jt1\/2025\/11\/talking-bot-125x125.png","url":"https:\/\/portaltela.pt\/s.01k8rhncp4jt1\/2025\/11\/talking-bot-125x125.png","contentUrl":"https:\/\/portaltela.pt\/s.01k8rhncp4jt1\/2025\/11\/talking-bot-125x125.png","caption":"Telinha"},"sameAs":["https:\/\/portaltela.pt\/"],"url":"https:\/\/portaltela.pt\/por\/367410592786\/"}]}},"_links":{"self":[{"href":"https:\/\/portaltela.pt\/api\/wp\/v2\/posts\/428032","targetHints":{"allow":["GET"]}}],"collection":[{"href":"https:\/\/portaltela.pt\/api\/wp\/v2\/posts"}],"about":[{"href":"https:\/\/portaltela.pt\/api\/wp\/v2\/types\/post"}],"author":[{"embeddable":true,"href":"https:\/\/portaltela.pt\/api\/wp\/v2\/users\/2"}],"replies":[{"embeddable":true,"href":"https:\/\/portaltela.pt\/api\/wp\/v2\/comments?post=428032"}],"version-history":[{"count":0,"href":"https:\/\/portaltela.pt\/api\/wp\/v2\/posts\/428032\/revisions"}],"wp:featuredmedia":[{"embeddable":true,"href":"https:\/\/portaltela.pt\/api\/wp\/v2\/media\/428038"}],"wp:attachment":[{"href":"https:\/\/portaltela.pt\/api\/wp\/v2\/media?parent=428032"}],"wp:term":[{"taxonomy":"category","embeddable":true,"href":"https:\/\/portaltela.pt\/api\/wp\/v2\/categories?post=428032"},{"taxonomy":"post_tag","embeddable":true,"href":"https:\/\/portaltela.pt\/api\/wp\/v2\/tags?post=428032"}],"curies":[{"name":"wp","href":"https:\/\/api.w.org\/{rel}","templated":true}]}}