{"id":428030,"date":"2026-03-31T13:46:52","date_gmt":"2026-03-31T16:46:52","guid":{"rendered":"https:\/\/portaltela.pt\/noticias\/2026\/03\/31\/recuperacao-de-diques-no-mondego-avanca-em-varias-frentes\/"},"modified":"2026-03-31T13:46:52","modified_gmt":"2026-03-31T16:46:52","slug":"recuperacao-de-diques-no-mondego-avanca-em-varias-frentes","status":"publish","type":"post","link":"https:\/\/portaltela.pt\/meio-ambiente\/2026\/03\/31\/recuperacao-de-diques-no-mondego-avanca-em-varias-frentes\/","title":{"rendered":"Recupera\u00e7\u00e3o de diques no Mondego avan\u00e7a em v\u00e1rias frentes"},"content":{"rendered":"<p>A Ag\u00eancia Portuguesa do Ambiente (APA) avan\u00e7a com a recupera\u00e7\u00e3o de diques danificados junto ao rio Mondego, em Coimbra. O objetivo \u00e9 reparar estruturas danificadas ap\u00f3s o elevado caudal ter provocada a rutura de um dique e o colapso de um tro\u00e7o da A1 em fevereiro. O investimento total envolve 20 milh\u00f5es de euros at\u00e9 2027.<\/p>\n<p>As obras visam restabelecer o canal de rega e reduzir os impactos da intrus\u00e3o de \u00e1gua no terreno agr\u00edcola e nas margens. Al\u00e9m da montagem de pe\u00e7as pr\u00e9-fabricadas, est\u00e3o a ser efectuados trabalhos de aterro para preencher o rombo existente e a reparar o canal at\u00e9 ao Choupal.<\/p>\n<p>A interven\u00e7\u00e3o \u00e9 coordenada pela APA, com recurso a t\u00e9cnicas de engenharia para garantir a estabiliza\u00e7\u00e3o das estruturas. O tunelamento e os procedimentos de homologa\u00e7\u00e3o devem permitir a reabertura segura de vias adjacentes, mantendo o controlo de cheias no futuro.<\/p>\n<h3>Progresso das obras<\/h3>\n<p>No arranque das a\u00e7\u00f5es, foram instaladas solu\u00e7\u00f5es tempor\u00e1rias para mitigar a passagem de \u00e1gua enquanto permanecem os trabalhos estruturais. A prioridade \u00e9 proteger zonas agr\u00edcolas e reduzir riscos de novas roturas em per\u00edodos de cheias.<\/p>\n","protected":false},"excerpt":{"rendered":"<ul>\n<li>A Ag\u00eancia Portuguesa do Ambiente est\u00e1 a reparar estruturas danificadas junto ao rio Mondego, em Coimbra, ap\u00f3s as cheias de fevereiro.<\/li>\n<li>O investimento global \u00e9 de 20 milh\u00f5es de euros at\u00e9 2027.<\/li>\n<li>Em fevereiro o caudal foi superior a dois mil metros c\u00fabicos por segundo, o que provocou a rutura de um dique e o colapso de um tro\u00e7o da Autoestrada 1, j\u00e1 reaberto.<\/li>\n<li>Nesta fase, procede-se \u00e0 montagem de pe\u00e7as pr\u00e9-fabricadas no canal de rega e aos trabalhos de aterro do rombo e repara\u00e7\u00e3o do canal at\u00e9 ao Choupal.<\/li>\n<\/ul>\n","protected":false},"author":2,"featured_media":428035,"comment_status":"closed","ping_status":"closed","sticky":false,"template":"","format":"standard","meta":{"footnotes":""},"categories":[6725],"tags":[1090,167,1070,4880,3147,258],"class_list":["post-428030","post","type-post","status-publish","format-standard","has-post-thumbnail","hentry","category-meio-ambiente","tag-agua","tag-ambiente","tag-coimbra","tag-conservacao-ambiental","tag-gestao-de-recursos-hidricos","tag-infraestruturas"],"yoast_head":"<!-- This site is optimized with the Yoast SEO plugin v27.2 - https:\/\/yoast.com\/product\/yoast-seo-wordpress\/ -->\n<title>Recupera\u00e7\u00e3o de diques no Mondego avan\u00e7a em v\u00e1rias frentes - Portal Tela Portugal<\/title>\n<meta name=\"robots\" content=\"index, follow, max-snippet:-1, max-image-preview:large, max-video-preview:-1\" \/>\n<meta property=\"og:locale\" content=\"pt_PT\" \/>\n<meta property=\"og:type\" content=\"article\" \/>\n<meta property=\"og:title\" content=\"Recupera\u00e7\u00e3o de diques no Mondego avan\u00e7a em v\u00e1rias frentes - Portal Tela Portugal\" \/>\n<meta property=\"og:description\" content=\"A Ag\u00eancia Portuguesa do Ambiente est\u00e1 a reparar estruturas danificadas junto ao rio Mondego, em Coimbra, ap\u00f3s as cheias de fevereiro. O investimento global \u00e9 de 20 milh\u00f5es de euros at\u00e9 2027. Em fevereiro o caudal foi superior a dois mil metros c\u00fabicos por segundo, o que provocou a rutura de um dique e o colapso de um tro\u00e7o da Autoestrada 1, j\u00e1 reaberto. Nesta fase, procede-se \u00e0 montagem de pe\u00e7as pr\u00e9-fabricadas no canal de rega e aos trabalhos de aterro do rombo e repara\u00e7\u00e3o do canal at\u00e9 ao Choupal.\" \/>\n<meta property=\"og:url\" content=\"https:\/\/portaltela.pt\/noticias\/2026\/03\/31\/recuperacao-de-diques-no-mondego-avanca-em-varias-frentes\/\" \/>\n<meta property=\"og:site_name\" content=\"Portal Tela Portugal\" \/>\n<meta property=\"article:published_time\" content=\"2026-03-31T16:46:52+00:00\" \/>\n<meta name=\"author\" content=\"Telinha\" \/>\n<meta name=\"twitter:card\" content=\"summary_large_image\" \/>\n<meta name=\"twitter:label1\" content=\"Escrito por\" \/>\n\t<meta name=\"twitter:data1\" content=\"Telinha\" \/>\n\t<meta name=\"twitter:label2\" content=\"Tempo estimado de leitura\" \/>\n\t<meta name=\"twitter:data2\" content=\"1 minuto\" \/>\n<script type=\"application\/ld+json\" class=\"yoast-schema-graph\">{\"@context\":\"https:\/\/schema.org\",\"@graph\":[{\"@type\":\"Article\",\"@id\":\"https:\/\/portaltela.pt\/noticias\/2026\/03\/31\/recuperacao-de-diques-no-mondego-avanca-em-varias-frentes\/#article\",\"isPartOf\":{\"@id\":\"https:\/\/portaltela.pt\/noticias\/2026\/03\/31\/recuperacao-de-diques-no-mondego-avanca-em-varias-frentes\/\"},\"author\":{\"name\":\"Telinha\",\"@id\":\"https:\/\/portaltela.pt\/#\/schema\/person\/c4278d4a6028830caff9ee44b42d32ed\"},\"headline\":\"Recupera\u00e7\u00e3o de diques no Mondego avan\u00e7a em v\u00e1rias frentes\",\"datePublished\":\"2026-03-31T16:46:52+00:00\",\"mainEntityOfPage\":{\"@id\":\"https:\/\/portaltela.pt\/noticias\/2026\/03\/31\/recuperacao-de-diques-no-mondego-avanca-em-varias-frentes\/\"},\"wordCount\":210,\"image\":{\"@id\":\"https:\/\/portaltela.pt\/noticias\/2026\/03\/31\/recuperacao-de-diques-no-mondego-avanca-em-varias-frentes\/#primaryimage\"},\"thumbnailUrl\":\"https:\/\/portaltela.pt\/s.01k8rhncp4jt1\/2026\/03\/image-1878.jpg\",\"keywords\":[\"\u00e1gua\",\"ambiente\",\"Coimbra\",\"conserva\u00e7\u00e3o ambiental\",\"Gest\u00e3o de Recursos H\u00eddricos\",\"infraestruturas\"],\"articleSection\":[\"Meio Ambiente\"],\"inLanguage\":\"pt-PT\"},{\"@type\":\"WebPage\",\"@id\":\"https:\/\/portaltela.pt\/noticias\/2026\/03\/31\/recuperacao-de-diques-no-mondego-avanca-em-varias-frentes\/\",\"url\":\"https:\/\/portaltela.pt\/noticias\/2026\/03\/31\/recuperacao-de-diques-no-mondego-avanca-em-varias-frentes\/\",\"name\":\"Recupera\u00e7\u00e3o de diques no Mondego avan\u00e7a em v\u00e1rias frentes - Portal Tela Portugal\",\"isPartOf\":{\"@id\":\"https:\/\/portaltela.pt\/#website\"},\"primaryImageOfPage\":{\"@id\":\"https:\/\/portaltela.pt\/noticias\/2026\/03\/31\/recuperacao-de-diques-no-mondego-avanca-em-varias-frentes\/#primaryimage\"},\"image\":{\"@id\":\"https:\/\/portaltela.pt\/noticias\/2026\/03\/31\/recuperacao-de-diques-no-mondego-avanca-em-varias-frentes\/#primaryimage\"},\"thumbnailUrl\":\"https:\/\/portaltela.pt\/s.01k8rhncp4jt1\/2026\/03\/image-1878.jpg\",\"datePublished\":\"2026-03-31T16:46:52+00:00\",\"author\":{\"@id\":\"https:\/\/portaltela.pt\/#\/schema\/person\/c4278d4a6028830caff9ee44b42d32ed\"},\"breadcrumb\":{\"@id\":\"https:\/\/portaltela.pt\/noticias\/2026\/03\/31\/recuperacao-de-diques-no-mondego-avanca-em-varias-frentes\/#breadcrumb\"},\"inLanguage\":\"pt-PT\",\"potentialAction\":[{\"@type\":\"ReadAction\",\"target\":[\"https:\/\/portaltela.pt\/noticias\/2026\/03\/31\/recuperacao-de-diques-no-mondego-avanca-em-varias-frentes\/\"]}]},{\"@type\":\"ImageObject\",\"inLanguage\":\"pt-PT\",\"@id\":\"https:\/\/portaltela.pt\/noticias\/2026\/03\/31\/recuperacao-de-diques-no-mondego-avanca-em-varias-frentes\/#primaryimage\",\"url\":\"https:\/\/portaltela.pt\/s.01k8rhncp4jt1\/2026\/03\/image-1878.jpg\",\"contentUrl\":\"https:\/\/portaltela.pt\/s.01k8rhncp4jt1\/2026\/03\/image-1878.jpg\",\"width\":796,\"height\":448,\"caption\":\"Trabalhos sob o viaduto da A1 que colapsou na zona de Coimbra\"},{\"@type\":\"BreadcrumbList\",\"@id\":\"https:\/\/portaltela.pt\/noticias\/2026\/03\/31\/recuperacao-de-diques-no-mondego-avanca-em-varias-frentes\/#breadcrumb\",\"itemListElement\":[{\"@type\":\"ListItem\",\"position\":1,\"name\":\"In\u00edcio\",\"item\":\"https:\/\/portaltela.pt\/\"},{\"@type\":\"ListItem\",\"position\":2,\"name\":\"Recupera\u00e7\u00e3o de diques no Mondego avan\u00e7a em v\u00e1rias frentes\"}]},{\"@type\":\"WebSite\",\"@id\":\"https:\/\/portaltela.pt\/#website\",\"url\":\"https:\/\/portaltela.pt\/\",\"name\":\"Portal Tela Portugal\",\"description\":\"\",\"potentialAction\":[{\"@type\":\"SearchAction\",\"target\":{\"@type\":\"EntryPoint\",\"urlTemplate\":\"https:\/\/portaltela.pt\/?s={search_term_string}\"},\"query-input\":{\"@type\":\"PropertyValueSpecification\",\"valueRequired\":true,\"valueName\":\"search_term_string\"}}],\"inLanguage\":\"pt-PT\"},{\"@type\":\"Person\",\"@id\":\"https:\/\/portaltela.pt\/#\/schema\/person\/c4278d4a6028830caff9ee44b42d32ed\",\"name\":\"Telinha\",\"image\":{\"@type\":\"ImageObject\",\"inLanguage\":\"pt-PT\",\"@id\":\"https:\/\/portaltela.pt\/s.01k8rhncp4jt1\/2025\/11\/talking-bot-125x125.png\",\"url\":\"https:\/\/portaltela.pt\/s.01k8rhncp4jt1\/2025\/11\/talking-bot-125x125.png\",\"contentUrl\":\"https:\/\/portaltela.pt\/s.01k8rhncp4jt1\/2025\/11\/talking-bot-125x125.png\",\"caption\":\"Telinha\"},\"sameAs\":[\"https:\/\/portaltela.pt\/\"],\"url\":\"https:\/\/portaltela.pt\/por\/367410592786\/\"}]}<\/script>\n<!-- \/ Yoast SEO plugin. -->","yoast_head_json":{"title":"Recupera\u00e7\u00e3o de diques no Mondego avan\u00e7a em v\u00e1rias frentes - Portal Tela Portugal","robots":{"index":"index","follow":"follow","max-snippet":"max-snippet:-1","max-image-preview":"max-image-preview:large","max-video-preview":"max-video-preview:-1"},"og_locale":"pt_PT","og_type":"article","og_title":"Recupera\u00e7\u00e3o de diques no Mondego avan\u00e7a em v\u00e1rias frentes - Portal Tela Portugal","og_description":"A Ag\u00eancia Portuguesa do Ambiente est\u00e1 a reparar estruturas danificadas junto ao rio Mondego, em Coimbra, ap\u00f3s as cheias de fevereiro. O investimento global \u00e9 de 20 milh\u00f5es de euros at\u00e9 2027. Em fevereiro o caudal foi superior a dois mil metros c\u00fabicos por segundo, o que provocou a rutura de um dique e o colapso de um tro\u00e7o da Autoestrada 1, j\u00e1 reaberto. Nesta fase, procede-se \u00e0 montagem de pe\u00e7as pr\u00e9-fabricadas no canal de rega e aos trabalhos de aterro do rombo e repara\u00e7\u00e3o do canal at\u00e9 ao Choupal.","og_url":"https:\/\/portaltela.pt\/noticias\/2026\/03\/31\/recuperacao-de-diques-no-mondego-avanca-em-varias-frentes\/","og_site_name":"Portal Tela Portugal","article_published_time":"2026-03-31T16:46:52+00:00","author":"Telinha","twitter_card":"summary_large_image","twitter_misc":{"Escrito por":"Telinha","Tempo estimado de leitura":"1 minuto"},"schema":{"@context":"https:\/\/schema.org","@graph":[{"@type":"Article","@id":"https:\/\/portaltela.pt\/noticias\/2026\/03\/31\/recuperacao-de-diques-no-mondego-avanca-em-varias-frentes\/#article","isPartOf":{"@id":"https:\/\/portaltela.pt\/noticias\/2026\/03\/31\/recuperacao-de-diques-no-mondego-avanca-em-varias-frentes\/"},"author":{"name":"Telinha","@id":"https:\/\/portaltela.pt\/#\/schema\/person\/c4278d4a6028830caff9ee44b42d32ed"},"headline":"Recupera\u00e7\u00e3o de diques no Mondego avan\u00e7a em v\u00e1rias frentes","datePublished":"2026-03-31T16:46:52+00:00","mainEntityOfPage":{"@id":"https:\/\/portaltela.pt\/noticias\/2026\/03\/31\/recuperacao-de-diques-no-mondego-avanca-em-varias-frentes\/"},"wordCount":210,"image":{"@id":"https:\/\/portaltela.pt\/noticias\/2026\/03\/31\/recuperacao-de-diques-no-mondego-avanca-em-varias-frentes\/#primaryimage"},"thumbnailUrl":"https:\/\/portaltela.pt\/s.01k8rhncp4jt1\/2026\/03\/image-1878.jpg","keywords":["\u00e1gua","ambiente","Coimbra","conserva\u00e7\u00e3o ambiental","Gest\u00e3o de Recursos H\u00eddricos","infraestruturas"],"articleSection":["Meio Ambiente"],"inLanguage":"pt-PT"},{"@type":"WebPage","@id":"https:\/\/portaltela.pt\/noticias\/2026\/03\/31\/recuperacao-de-diques-no-mondego-avanca-em-varias-frentes\/","url":"https:\/\/portaltela.pt\/noticias\/2026\/03\/31\/recuperacao-de-diques-no-mondego-avanca-em-varias-frentes\/","name":"Recupera\u00e7\u00e3o de diques no Mondego avan\u00e7a em v\u00e1rias frentes - Portal Tela Portugal","isPartOf":{"@id":"https:\/\/portaltela.pt\/#website"},"primaryImageOfPage":{"@id":"https:\/\/portaltela.pt\/noticias\/2026\/03\/31\/recuperacao-de-diques-no-mondego-avanca-em-varias-frentes\/#primaryimage"},"image":{"@id":"https:\/\/portaltela.pt\/noticias\/2026\/03\/31\/recuperacao-de-diques-no-mondego-avanca-em-varias-frentes\/#primaryimage"},"thumbnailUrl":"https:\/\/portaltela.pt\/s.01k8rhncp4jt1\/2026\/03\/image-1878.jpg","datePublished":"2026-03-31T16:46:52+00:00","author":{"@id":"https:\/\/portaltela.pt\/#\/schema\/person\/c4278d4a6028830caff9ee44b42d32ed"},"breadcrumb":{"@id":"https:\/\/portaltela.pt\/noticias\/2026\/03\/31\/recuperacao-de-diques-no-mondego-avanca-em-varias-frentes\/#breadcrumb"},"inLanguage":"pt-PT","potentialAction":[{"@type":"ReadAction","target":["https:\/\/portaltela.pt\/noticias\/2026\/03\/31\/recuperacao-de-diques-no-mondego-avanca-em-varias-frentes\/"]}]},{"@type":"ImageObject","inLanguage":"pt-PT","@id":"https:\/\/portaltela.pt\/noticias\/2026\/03\/31\/recuperacao-de-diques-no-mondego-avanca-em-varias-frentes\/#primaryimage","url":"https:\/\/portaltela.pt\/s.01k8rhncp4jt1\/2026\/03\/image-1878.jpg","contentUrl":"https:\/\/portaltela.pt\/s.01k8rhncp4jt1\/2026\/03\/image-1878.jpg","width":796,"height":448,"caption":"Trabalhos sob o viaduto da A1 que colapsou na zona de Coimbra"},{"@type":"BreadcrumbList","@id":"https:\/\/portaltela.pt\/noticias\/2026\/03\/31\/recuperacao-de-diques-no-mondego-avanca-em-varias-frentes\/#breadcrumb","itemListElement":[{"@type":"ListItem","position":1,"name":"In\u00edcio","item":"https:\/\/portaltela.pt\/"},{"@type":"ListItem","position":2,"name":"Recupera\u00e7\u00e3o de diques no Mondego avan\u00e7a em v\u00e1rias frentes"}]},{"@type":"WebSite","@id":"https:\/\/portaltela.pt\/#website","url":"https:\/\/portaltela.pt\/","name":"Portal Tela Portugal","description":"","potentialAction":[{"@type":"SearchAction","target":{"@type":"EntryPoint","urlTemplate":"https:\/\/portaltela.pt\/?s={search_term_string}"},"query-input":{"@type":"PropertyValueSpecification","valueRequired":true,"valueName":"search_term_string"}}],"inLanguage":"pt-PT"},{"@type":"Person","@id":"https:\/\/portaltela.pt\/#\/schema\/person\/c4278d4a6028830caff9ee44b42d32ed","name":"Telinha","image":{"@type":"ImageObject","inLanguage":"pt-PT","@id":"https:\/\/portaltela.pt\/s.01k8rhncp4jt1\/2025\/11\/talking-bot-125x125.png","url":"https:\/\/portaltela.pt\/s.01k8rhncp4jt1\/2025\/11\/talking-bot-125x125.png","contentUrl":"https:\/\/portaltela.pt\/s.01k8rhncp4jt1\/2025\/11\/talking-bot-125x125.png","caption":"Telinha"},"sameAs":["https:\/\/portaltela.pt\/"],"url":"https:\/\/portaltela.pt\/por\/367410592786\/"}]}},"_links":{"self":[{"href":"https:\/\/portaltela.pt\/api\/wp\/v2\/posts\/428030","targetHints":{"allow":["GET"]}}],"collection":[{"href":"https:\/\/portaltela.pt\/api\/wp\/v2\/posts"}],"about":[{"href":"https:\/\/portaltela.pt\/api\/wp\/v2\/types\/post"}],"author":[{"embeddable":true,"href":"https:\/\/portaltela.pt\/api\/wp\/v2\/users\/2"}],"replies":[{"embeddable":true,"href":"https:\/\/portaltela.pt\/api\/wp\/v2\/comments?post=428030"}],"version-history":[{"count":0,"href":"https:\/\/portaltela.pt\/api\/wp\/v2\/posts\/428030\/revisions"}],"wp:featuredmedia":[{"embeddable":true,"href":"https:\/\/portaltela.pt\/api\/wp\/v2\/media\/428035"}],"wp:attachment":[{"href":"https:\/\/portaltela.pt\/api\/wp\/v2\/media?parent=428030"}],"wp:term":[{"taxonomy":"category","embeddable":true,"href":"https:\/\/portaltela.pt\/api\/wp\/v2\/categories?post=428030"},{"taxonomy":"post_tag","embeddable":true,"href":"https:\/\/portaltela.pt\/api\/wp\/v2\/tags?post=428030"}],"curies":[{"name":"wp","href":"https:\/\/api.w.org\/{rel}","templated":true}]}}